{"id":18875,"date":"2016-02-12T20:22:37","date_gmt":"2016-02-12T20:22:37","guid":{"rendered":"http:\/\/copealcoi.es\/new\/?p=18875"},"modified":"2016-03-05T09:47:44","modified_gmt":"2016-03-05T09:47:44","slug":"joan-gadea-nos-invita-a-un-fin-de-semana-matant-el-temps","status":"publish","type":"post","link":"https:\/\/www.copealcoy.es\/es\/joan-gadea-nos-invita-a-un-fin-de-semana-matant-el-temps\/","title":{"rendered":"Joan Gadea nos invita a un fin de semana &#8220;Matant el Temps&#8221;"},"content":{"rendered":"<p style=\"text-align: justify;\">El Teatro Principal de Alcoy acoge este fin de semana en dos sesiones la representaci\u00f3n de la obra &#8220;Matant el Temps&#8221;, bajo la direcci\u00f3n de Pepa Miralles, a cargo de la compa\u00f1\u00eda local La Dependent y con un protagonismo destacado del actor alcoyano Joan Gadea. El propio protagonista ha explicado este viernes en La Ma\u00f1ana de Cope Alcoy que en el espect\u00e1culo su personaje compartir\u00e1 con el p\u00fablico sus fobias y preocupaciones sin olvidar las risas &#8220;estamos ante una traves\u00eda hacia la nostalgia y la esperanza pero tambi\u00e9n una reivindicaci\u00f3n de la comedia y las ganas de compartir con los amigos la fiesta de la vida&#8221;, detalla. \u00a0Adem\u00e1s recuerda que el p\u00fablico que asista se encontrar\u00e1 con muchas sorpresas &#8220;Pasqual Alapont no quer\u00eda hacer un mon\u00f3logo al estilo del Club de la Comedia&#8221;. La cita con\u00a0&#8220;Matant el Temps&#8221; ser\u00e1 este s\u00e1bado a las ocho de la tarde y el domingo a las siete en el Teatro Principal.<\/p>\n<p style=\"text-align: justify;\">\n<p><iframe loading=\"lazy\" title=\"Clip Matant el temps\" width=\"1200\" height=\"675\" src=\"https:\/\/www.youtube.com\/embed\/N00CxPh31lI?feature=oembed\" frameborder=\"0\" allow=\"accelerometer; autoplay; encrypted-media; gyroscope; picture-in-picture\" allowfullscreen><\/iframe><\/p>\n<p>&nbsp;<\/p>\n<p>&nbsp;<\/p>\n","protected":false},"excerpt":{"rendered":"<p>El Teatro Principal de Alcoy acoge este fin de semana en dos sesiones la representaci\u00f3n de la obra &#8220;Matant el&#8230;<\/p>\n","protected":false},"author":1,"featured_media":18876,"comment_status":"open","ping_status":"open","sticky":false,"template":"","format":"standard","meta":{"footnotes":""},"categories":[97,78,75],"tags":[414,1854,1853,1400],"class_list":["post-18875","post","type-post","status-publish","format-standard","has-post-thumbnail","hentry","category-alcoy","category-fiestaycultura","category-noticias","tag-cultura","tag-joan-gadea","tag-matant-el-temps","tag-teatre-principal"],"yoast_head":"<!-- This site is optimized with the Yoast SEO plugin v27.3 - https:\/\/yoast.com\/product\/yoast-seo-wordpress\/ -->\n<title>Joan Gadea nos invita a un fin de semana &quot;Matant el Temps&quot; - COPE Alcoy<\/title>\n<meta name=\"robots\" content=\"index, follow, max-snippet:-1, max-image-preview:large, max-video-preview:-1\" \/>\n<link rel=\"canonical\" href=\"https:\/\/www.copealcoy.es\/es\/joan-gadea-nos-invita-a-un-fin-de-semana-matant-el-temps\/\" \/>\n<meta property=\"og:locale\" content=\"es_ES\" \/>\n<meta property=\"og:type\" content=\"article\" \/>\n<meta property=\"og:title\" content=\"Joan Gadea nos invita a un fin de semana &quot;Matant el Temps&quot; - COPE Alcoy\" \/>\n<meta property=\"og:description\" content=\"El Teatro Principal de Alcoy acoge este fin de semana en dos sesiones la representaci\u00f3n de la obra &#8220;Matant el...\" \/>\n<meta property=\"og:url\" content=\"https:\/\/www.copealcoy.es\/es\/joan-gadea-nos-invita-a-un-fin-de-semana-matant-el-temps\/\" \/>\n<meta property=\"og:site_name\" content=\"COPE Alcoy\" \/>\n<meta property=\"article:published_time\" content=\"2016-02-12T20:22:37+00:00\" \/>\n<meta property=\"article:modified_time\" content=\"2016-03-05T09:47:44+00:00\" \/>\n<meta property=\"og:image\" content=\"https:\/\/www.copealcoy.es\/wp-content\/uploads\/2016\/02\/1453495068_12487199_431772187022385_125704595786232312_o.jpg\" \/>\n\t<meta property=\"og:image:width\" content=\"720\" \/>\n\t<meta property=\"og:image:height\" content=\"478\" \/>\n\t<meta property=\"og:image:type\" content=\"image\/jpeg\" \/>\n<meta name=\"author\" content=\"Cope Alcoy\" \/>\n<meta name=\"twitter:label1\" content=\"Escrito por\" \/>\n\t<meta name=\"twitter:data1\" content=\"Cope Alcoy\" \/>\n\t<meta name=\"twitter:label2\" content=\"Tiempo de lectura\" \/>\n\t<meta name=\"twitter:data2\" content=\"1 minuto\" \/>\n<script type=\"application\/ld+json\" class=\"yoast-schema-graph\">{\"@context\":\"https:\\\/\\\/schema.org\",\"@graph\":[{\"@type\":\"Article\",\"@id\":\"https:\\\/\\\/www.copealcoy.es\\\/es\\\/joan-gadea-nos-invita-a-un-fin-de-semana-matant-el-temps\\\/#article\",\"isPartOf\":{\"@id\":\"https:\\\/\\\/www.copealcoy.es\\\/es\\\/joan-gadea-nos-invita-a-un-fin-de-semana-matant-el-temps\\\/\"},\"author\":{\"name\":\"Cope Alcoy\",\"@id\":\"https:\\\/\\\/www.copealcoy.es\\\/es\\\/#\\\/schema\\\/person\\\/e777c87fa024e57d40170af9df39882c\"},\"headline\":\"Joan Gadea nos invita a un fin de semana &#8220;Matant el Temps&#8221;\",\"datePublished\":\"2016-02-12T20:22:37+00:00\",\"dateModified\":\"2016-03-05T09:47:44+00:00\",\"mainEntityOfPage\":{\"@id\":\"https:\\\/\\\/www.copealcoy.es\\\/es\\\/joan-gadea-nos-invita-a-un-fin-de-semana-matant-el-temps\\\/\"},\"wordCount\":198,\"commentCount\":0,\"image\":{\"@id\":\"https:\\\/\\\/www.copealcoy.es\\\/es\\\/joan-gadea-nos-invita-a-un-fin-de-semana-matant-el-temps\\\/#primaryimage\"},\"thumbnailUrl\":\"https:\\\/\\\/www.copealcoy.es\\\/wp-content\\\/uploads\\\/2016\\\/02\\\/1453495068_12487199_431772187022385_125704595786232312_o.jpg\",\"keywords\":[\"Cultura\",\"Joan Gadea\",\"Matant el Temps\",\"Teatre Principal\"],\"articleSection\":[\"Alcoy\",\"Fiesta y Cultura\",\"Noticias\"],\"inLanguage\":\"es\"},{\"@type\":\"WebPage\",\"@id\":\"https:\\\/\\\/www.copealcoy.es\\\/es\\\/joan-gadea-nos-invita-a-un-fin-de-semana-matant-el-temps\\\/\",\"url\":\"https:\\\/\\\/www.copealcoy.es\\\/es\\\/joan-gadea-nos-invita-a-un-fin-de-semana-matant-el-temps\\\/\",\"name\":\"Joan Gadea nos invita a un fin de semana \\\"Matant el Temps\\\" - COPE Alcoy\",\"isPartOf\":{\"@id\":\"https:\\\/\\\/www.copealcoy.es\\\/es\\\/#website\"},\"primaryImageOfPage\":{\"@id\":\"https:\\\/\\\/www.copealcoy.es\\\/es\\\/joan-gadea-nos-invita-a-un-fin-de-semana-matant-el-temps\\\/#primaryimage\"},\"image\":{\"@id\":\"https:\\\/\\\/www.copealcoy.es\\\/es\\\/joan-gadea-nos-invita-a-un-fin-de-semana-matant-el-temps\\\/#primaryimage\"},\"thumbnailUrl\":\"https:\\\/\\\/www.copealcoy.es\\\/wp-content\\\/uploads\\\/2016\\\/02\\\/1453495068_12487199_431772187022385_125704595786232312_o.jpg\",\"datePublished\":\"2016-02-12T20:22:37+00:00\",\"dateModified\":\"2016-03-05T09:47:44+00:00\",\"author\":{\"@id\":\"https:\\\/\\\/www.copealcoy.es\\\/es\\\/#\\\/schema\\\/person\\\/e777c87fa024e57d40170af9df39882c\"},\"breadcrumb\":{\"@id\":\"https:\\\/\\\/www.copealcoy.es\\\/es\\\/joan-gadea-nos-invita-a-un-fin-de-semana-matant-el-temps\\\/#breadcrumb\"},\"inLanguage\":\"es\",\"potentialAction\":[{\"@type\":\"ReadAction\",\"target\":[\"https:\\\/\\\/www.copealcoy.es\\\/es\\\/joan-gadea-nos-invita-a-un-fin-de-semana-matant-el-temps\\\/\"]}]},{\"@type\":\"ImageObject\",\"inLanguage\":\"es\",\"@id\":\"https:\\\/\\\/www.copealcoy.es\\\/es\\\/joan-gadea-nos-invita-a-un-fin-de-semana-matant-el-temps\\\/#primaryimage\",\"url\":\"https:\\\/\\\/www.copealcoy.es\\\/wp-content\\\/uploads\\\/2016\\\/02\\\/1453495068_12487199_431772187022385_125704595786232312_o.jpg\",\"contentUrl\":\"https:\\\/\\\/www.copealcoy.es\\\/wp-content\\\/uploads\\\/2016\\\/02\\\/1453495068_12487199_431772187022385_125704595786232312_o.jpg\",\"width\":720,\"height\":478,\"caption\":\"Joan Gadea protagoniza en el Teatro Principal Matant el Temps\"},{\"@type\":\"BreadcrumbList\",\"@id\":\"https:\\\/\\\/www.copealcoy.es\\\/es\\\/joan-gadea-nos-invita-a-un-fin-de-semana-matant-el-temps\\\/#breadcrumb\",\"itemListElement\":[{\"@type\":\"ListItem\",\"position\":1,\"name\":\"Portada\",\"item\":\"https:\\\/\\\/www.copealcoy.es\\\/es\\\/\"},{\"@type\":\"ListItem\",\"position\":2,\"name\":\"Joan Gadea nos invita a un fin de semana &#8220;Matant el Temps&#8221;\"}]},{\"@type\":\"WebSite\",\"@id\":\"https:\\\/\\\/www.copealcoy.es\\\/es\\\/#website\",\"url\":\"https:\\\/\\\/www.copealcoy.es\\\/es\\\/\",\"name\":\"COPE Alcoy\",\"description\":\"Emisora COPE de radio local con emisi\u00f3n online. Pont de Sant Jordi 8-10 03803 Alcoy\",\"potentialAction\":[{\"@type\":\"SearchAction\",\"target\":{\"@type\":\"EntryPoint\",\"urlTemplate\":\"https:\\\/\\\/www.copealcoy.es\\\/es\\\/?s={search_term_string}\"},\"query-input\":{\"@type\":\"PropertyValueSpecification\",\"valueRequired\":true,\"valueName\":\"search_term_string\"}}],\"inLanguage\":\"es\"},{\"@type\":\"Person\",\"@id\":\"https:\\\/\\\/www.copealcoy.es\\\/es\\\/#\\\/schema\\\/person\\\/e777c87fa024e57d40170af9df39882c\",\"name\":\"Cope Alcoy\",\"image\":{\"@type\":\"ImageObject\",\"inLanguage\":\"es\",\"@id\":\"https:\\\/\\\/secure.gravatar.com\\\/avatar\\\/bb65d0283347e303893ba14f0692005417c1e0e690a325a4c5d8bb2b3943ee14?s=96&d=mm&r=g\",\"url\":\"https:\\\/\\\/secure.gravatar.com\\\/avatar\\\/bb65d0283347e303893ba14f0692005417c1e0e690a325a4c5d8bb2b3943ee14?s=96&d=mm&r=g\",\"contentUrl\":\"https:\\\/\\\/secure.gravatar.com\\\/avatar\\\/bb65d0283347e303893ba14f0692005417c1e0e690a325a4c5d8bb2b3943ee14?s=96&d=mm&r=g\",\"caption\":\"Cope Alcoy\"}}]}<\/script>\n<!-- \/ Yoast SEO plugin. -->","yoast_head_json":{"title":"Joan Gadea nos invita a un fin de semana \"Matant el Temps\" - COPE Alcoy","robots":{"index":"index","follow":"follow","max-snippet":"max-snippet:-1","max-image-preview":"max-image-preview:large","max-video-preview":"max-video-preview:-1"},"canonical":"https:\/\/www.copealcoy.es\/es\/joan-gadea-nos-invita-a-un-fin-de-semana-matant-el-temps\/","og_locale":"es_ES","og_type":"article","og_title":"Joan Gadea nos invita a un fin de semana \"Matant el Temps\" - COPE Alcoy","og_description":"El Teatro Principal de Alcoy acoge este fin de semana en dos sesiones la representaci\u00f3n de la obra &#8220;Matant el...","og_url":"https:\/\/www.copealcoy.es\/es\/joan-gadea-nos-invita-a-un-fin-de-semana-matant-el-temps\/","og_site_name":"COPE Alcoy","article_published_time":"2016-02-12T20:22:37+00:00","article_modified_time":"2016-03-05T09:47:44+00:00","og_image":[{"width":720,"height":478,"url":"https:\/\/www.copealcoy.es\/wp-content\/uploads\/2016\/02\/1453495068_12487199_431772187022385_125704595786232312_o.jpg","type":"image\/jpeg"}],"author":"Cope Alcoy","twitter_misc":{"Escrito por":"Cope Alcoy","Tiempo de lectura":"1 minuto"},"schema":{"@context":"https:\/\/schema.org","@graph":[{"@type":"Article","@id":"https:\/\/www.copealcoy.es\/es\/joan-gadea-nos-invita-a-un-fin-de-semana-matant-el-temps\/#article","isPartOf":{"@id":"https:\/\/www.copealcoy.es\/es\/joan-gadea-nos-invita-a-un-fin-de-semana-matant-el-temps\/"},"author":{"name":"Cope Alcoy","@id":"https:\/\/www.copealcoy.es\/es\/#\/schema\/person\/e777c87fa024e57d40170af9df39882c"},"headline":"Joan Gadea nos invita a un fin de semana &#8220;Matant el Temps&#8221;","datePublished":"2016-02-12T20:22:37+00:00","dateModified":"2016-03-05T09:47:44+00:00","mainEntityOfPage":{"@id":"https:\/\/www.copealcoy.es\/es\/joan-gadea-nos-invita-a-un-fin-de-semana-matant-el-temps\/"},"wordCount":198,"commentCount":0,"image":{"@id":"https:\/\/www.copealcoy.es\/es\/joan-gadea-nos-invita-a-un-fin-de-semana-matant-el-temps\/#primaryimage"},"thumbnailUrl":"https:\/\/www.copealcoy.es\/wp-content\/uploads\/2016\/02\/1453495068_12487199_431772187022385_125704595786232312_o.jpg","keywords":["Cultura","Joan Gadea","Matant el Temps","Teatre Principal"],"articleSection":["Alcoy","Fiesta y Cultura","Noticias"],"inLanguage":"es"},{"@type":"WebPage","@id":"https:\/\/www.copealcoy.es\/es\/joan-gadea-nos-invita-a-un-fin-de-semana-matant-el-temps\/","url":"https:\/\/www.copealcoy.es\/es\/joan-gadea-nos-invita-a-un-fin-de-semana-matant-el-temps\/","name":"Joan Gadea nos invita a un fin de semana \"Matant el Temps\" - COPE Alcoy","isPartOf":{"@id":"https:\/\/www.copealcoy.es\/es\/#website"},"primaryImageOfPage":{"@id":"https:\/\/www.copealcoy.es\/es\/joan-gadea-nos-invita-a-un-fin-de-semana-matant-el-temps\/#primaryimage"},"image":{"@id":"https:\/\/www.copealcoy.es\/es\/joan-gadea-nos-invita-a-un-fin-de-semana-matant-el-temps\/#primaryimage"},"thumbnailUrl":"https:\/\/www.copealcoy.es\/wp-content\/uploads\/2016\/02\/1453495068_12487199_431772187022385_125704595786232312_o.jpg","datePublished":"2016-02-12T20:22:37+00:00","dateModified":"2016-03-05T09:47:44+00:00","author":{"@id":"https:\/\/www.copealcoy.es\/es\/#\/schema\/person\/e777c87fa024e57d40170af9df39882c"},"breadcrumb":{"@id":"https:\/\/www.copealcoy.es\/es\/joan-gadea-nos-invita-a-un-fin-de-semana-matant-el-temps\/#breadcrumb"},"inLanguage":"es","potentialAction":[{"@type":"ReadAction","target":["https:\/\/www.copealcoy.es\/es\/joan-gadea-nos-invita-a-un-fin-de-semana-matant-el-temps\/"]}]},{"@type":"ImageObject","inLanguage":"es","@id":"https:\/\/www.copealcoy.es\/es\/joan-gadea-nos-invita-a-un-fin-de-semana-matant-el-temps\/#primaryimage","url":"https:\/\/www.copealcoy.es\/wp-content\/uploads\/2016\/02\/1453495068_12487199_431772187022385_125704595786232312_o.jpg","contentUrl":"https:\/\/www.copealcoy.es\/wp-content\/uploads\/2016\/02\/1453495068_12487199_431772187022385_125704595786232312_o.jpg","width":720,"height":478,"caption":"Joan Gadea protagoniza en el Teatro Principal Matant el Temps"},{"@type":"BreadcrumbList","@id":"https:\/\/www.copealcoy.es\/es\/joan-gadea-nos-invita-a-un-fin-de-semana-matant-el-temps\/#breadcrumb","itemListElement":[{"@type":"ListItem","position":1,"name":"Portada","item":"https:\/\/www.copealcoy.es\/es\/"},{"@type":"ListItem","position":2,"name":"Joan Gadea nos invita a un fin de semana &#8220;Matant el Temps&#8221;"}]},{"@type":"WebSite","@id":"https:\/\/www.copealcoy.es\/es\/#website","url":"https:\/\/www.copealcoy.es\/es\/","name":"COPE Alcoy","description":"Emisora COPE de radio local con emisi\u00f3n online. Pont de Sant Jordi 8-10 03803 Alcoy","potentialAction":[{"@type":"SearchAction","target":{"@type":"EntryPoint","urlTemplate":"https:\/\/www.copealcoy.es\/es\/?s={search_term_string}"},"query-input":{"@type":"PropertyValueSpecification","valueRequired":true,"valueName":"search_term_string"}}],"inLanguage":"es"},{"@type":"Person","@id":"https:\/\/www.copealcoy.es\/es\/#\/schema\/person\/e777c87fa024e57d40170af9df39882c","name":"Cope Alcoy","image":{"@type":"ImageObject","inLanguage":"es","@id":"https:\/\/secure.gravatar.com\/avatar\/bb65d0283347e303893ba14f0692005417c1e0e690a325a4c5d8bb2b3943ee14?s=96&d=mm&r=g","url":"https:\/\/secure.gravatar.com\/avatar\/bb65d0283347e303893ba14f0692005417c1e0e690a325a4c5d8bb2b3943ee14?s=96&d=mm&r=g","contentUrl":"https:\/\/secure.gravatar.com\/avatar\/bb65d0283347e303893ba14f0692005417c1e0e690a325a4c5d8bb2b3943ee14?s=96&d=mm&r=g","caption":"Cope Alcoy"}}]}},"_links":{"self":[{"href":"https:\/\/www.copealcoy.es\/es\/wp-json\/wp\/v2\/posts\/18875","targetHints":{"allow":["GET"]}}],"collection":[{"href":"https:\/\/www.copealcoy.es\/es\/wp-json\/wp\/v2\/posts"}],"about":[{"href":"https:\/\/www.copealcoy.es\/es\/wp-json\/wp\/v2\/types\/post"}],"author":[{"embeddable":true,"href":"https:\/\/www.copealcoy.es\/es\/wp-json\/wp\/v2\/users\/1"}],"replies":[{"embeddable":true,"href":"https:\/\/www.copealcoy.es\/es\/wp-json\/wp\/v2\/comments?post=18875"}],"version-history":[{"count":0,"href":"https:\/\/www.copealcoy.es\/es\/wp-json\/wp\/v2\/posts\/18875\/revisions"}],"wp:featuredmedia":[{"embeddable":true,"href":"https:\/\/www.copealcoy.es\/es\/wp-json\/wp\/v2\/media\/18876"}],"wp:attachment":[{"href":"https:\/\/www.copealcoy.es\/es\/wp-json\/wp\/v2\/media?parent=18875"}],"wp:term":[{"taxonomy":"category","embeddable":true,"href":"https:\/\/www.copealcoy.es\/es\/wp-json\/wp\/v2\/categories?post=18875"},{"taxonomy":"post_tag","embeddable":true,"href":"https:\/\/www.copealcoy.es\/es\/wp-json\/wp\/v2\/tags?post=18875"}],"curies":[{"name":"wp","href":"https:\/\/api.w.org\/{rel}","templated":true}]}}