{"id":18856,"date":"2016-02-11T16:33:10","date_gmt":"2016-02-11T16:33:10","guid":{"rendered":"http:\/\/copealcoi.es\/new\/?p=18856"},"modified":"2016-02-11T16:33:10","modified_gmt":"2016-02-11T16:33:10","slug":"acuerdo-para-que-el-comercio-cierre-en-la-trilogia-festera","status":"publish","type":"post","link":"https:\/\/www.copealcoy.es\/es\/acuerdo-para-que-el-comercio-cierre-en-la-trilogia-festera\/","title":{"rendered":"Acuerdo para que el comercio cierre en la trilog\u00eda festera"},"content":{"rendered":"<p style=\"text-align: justify;\">El comercio local de Alcoy permanecer\u00e1 cerrado durante los tres d\u00edas de la trilog\u00eda festera en el pr\u00f3ximo mes de abril despu\u00e9s de que ninguna gran superficie haya solicitado la apertura el domingo 24, jornada en la que se celebrar\u00e1 el Alardo. Hay que recordar que la normativa de la Generalitat Valenciana\u00a0permite abrir cuando coincidan tres festivos seguidos, algo que ocurre\u00a0este a\u00f1o al ser 22 y 23 festivos locales, antes del domingo. En este sentido las\u00a0grandes superficies junto a la Federaci\u00f3n Alcoy Comercial, ACECA y la C\u00e1mara han acordado con el Ayuntamiento no abrir el D\u00eda del Alardo, lo cual permitir\u00e1 que todos los trabajadores puedan disfrutar de las fiestas de moros y cristianos.<\/p>\n<p style=\"text-align: justify;\">La edil de Comercio, Vanessa Molt\u00f3, ha valorado positivamente este acuerdo y ha recordado que el Gobierno Municipal ya advirti\u00f3 meses atr\u00e1s que no autorizar\u00eda las aperturas en domingo al declarar el s\u00e1bado 23 de abril, San Jorge, como festivo &#8220;hay que agradecer el esfuerzo de todas las partes implicadas porque entre todos se ha conseguido que tanto el peque\u00f1o comercio como los grandes establecimientos pudiendo abrir no lo hagan para\u00a0facilitar que todos puedan disfrutar de los festejos&#8221;, explica.<\/p>\n<p style=\"text-align: justify;\">\n","protected":false},"excerpt":{"rendered":"<p>El comercio local de Alcoy permanecer\u00e1 cerrado durante los tres d\u00edas de la trilog\u00eda festera en el pr\u00f3ximo mes de&#8230;<\/p>\n","protected":false},"author":1,"featured_media":12494,"comment_status":"open","ping_status":"open","sticky":false,"template":"","format":"standard","meta":{"footnotes":""},"categories":[97,75,79],"tags":[608,1494,467,390,609],"class_list":["post-18856","post","type-post","status-publish","format-standard","has-post-thumbnail","hentry","category-alcoy","category-noticias","category-politicayeconomia","tag-alardo","tag-alcoy","tag-comercio","tag-economia","tag-moros-y-cristianos"],"yoast_head":"<!-- This site is optimized with the Yoast SEO plugin v27.3 - https:\/\/yoast.com\/product\/yoast-seo-wordpress\/ -->\n<title>Acuerdo para que el comercio cierre en la trilog\u00eda festera - COPE Alcoy<\/title>\n<meta name=\"robots\" content=\"index, follow, max-snippet:-1, max-image-preview:large, max-video-preview:-1\" \/>\n<link rel=\"canonical\" href=\"https:\/\/www.copealcoy.es\/es\/acuerdo-para-que-el-comercio-cierre-en-la-trilogia-festera\/\" \/>\n<meta property=\"og:locale\" content=\"es_ES\" \/>\n<meta property=\"og:type\" content=\"article\" \/>\n<meta property=\"og:title\" content=\"Acuerdo para que el comercio cierre en la trilog\u00eda festera - COPE Alcoy\" \/>\n<meta property=\"og:description\" content=\"El comercio local de Alcoy permanecer\u00e1 cerrado durante los tres d\u00edas de la trilog\u00eda festera en el pr\u00f3ximo mes de...\" \/>\n<meta property=\"og:url\" content=\"https:\/\/www.copealcoy.es\/es\/acuerdo-para-que-el-comercio-cierre-en-la-trilogia-festera\/\" \/>\n<meta property=\"og:site_name\" content=\"COPE Alcoy\" \/>\n<meta property=\"article:published_time\" content=\"2016-02-11T16:33:10+00:00\" \/>\n<meta property=\"og:image\" content=\"https:\/\/www.copealcoy.es\/wp-content\/uploads\/2015\/04\/fiesta5.jpg\" \/>\n\t<meta property=\"og:image:width\" content=\"646\" \/>\n\t<meta property=\"og:image:height\" content=\"424\" \/>\n\t<meta property=\"og:image:type\" content=\"image\/jpeg\" \/>\n<meta name=\"author\" content=\"Cope Alcoy\" \/>\n<meta name=\"twitter:label1\" content=\"Escrito por\" \/>\n\t<meta name=\"twitter:data1\" content=\"Cope Alcoy\" \/>\n\t<meta name=\"twitter:label2\" content=\"Tiempo de lectura\" \/>\n\t<meta name=\"twitter:data2\" content=\"1 minuto\" \/>\n<script type=\"application\/ld+json\" class=\"yoast-schema-graph\">{\"@context\":\"https:\\\/\\\/schema.org\",\"@graph\":[{\"@type\":\"Article\",\"@id\":\"https:\\\/\\\/www.copealcoy.es\\\/es\\\/acuerdo-para-que-el-comercio-cierre-en-la-trilogia-festera\\\/#article\",\"isPartOf\":{\"@id\":\"https:\\\/\\\/www.copealcoy.es\\\/es\\\/acuerdo-para-que-el-comercio-cierre-en-la-trilogia-festera\\\/\"},\"author\":{\"name\":\"Cope Alcoy\",\"@id\":\"https:\\\/\\\/www.copealcoy.es\\\/es\\\/#\\\/schema\\\/person\\\/e777c87fa024e57d40170af9df39882c\"},\"headline\":\"Acuerdo para que el comercio cierre en la trilog\u00eda festera\",\"datePublished\":\"2016-02-11T16:33:10+00:00\",\"mainEntityOfPage\":{\"@id\":\"https:\\\/\\\/www.copealcoy.es\\\/es\\\/acuerdo-para-que-el-comercio-cierre-en-la-trilogia-festera\\\/\"},\"wordCount\":216,\"commentCount\":0,\"image\":{\"@id\":\"https:\\\/\\\/www.copealcoy.es\\\/es\\\/acuerdo-para-que-el-comercio-cierre-en-la-trilogia-festera\\\/#primaryimage\"},\"thumbnailUrl\":\"https:\\\/\\\/www.copealcoy.es\\\/wp-content\\\/uploads\\\/2015\\\/04\\\/fiesta5.jpg\",\"keywords\":[\"Alardo\",\"Alcoy\",\"Comercio\",\"Econom\u00eda\",\"Moros Y Cristianos\"],\"articleSection\":[\"Alcoy\",\"Noticias\",\"Pol\u00edtica y Econom\u00eda\"],\"inLanguage\":\"es\"},{\"@type\":\"WebPage\",\"@id\":\"https:\\\/\\\/www.copealcoy.es\\\/es\\\/acuerdo-para-que-el-comercio-cierre-en-la-trilogia-festera\\\/\",\"url\":\"https:\\\/\\\/www.copealcoy.es\\\/es\\\/acuerdo-para-que-el-comercio-cierre-en-la-trilogia-festera\\\/\",\"name\":\"Acuerdo para que el comercio cierre en la trilog\u00eda festera - COPE Alcoy\",\"isPartOf\":{\"@id\":\"https:\\\/\\\/www.copealcoy.es\\\/es\\\/#website\"},\"primaryImageOfPage\":{\"@id\":\"https:\\\/\\\/www.copealcoy.es\\\/es\\\/acuerdo-para-que-el-comercio-cierre-en-la-trilogia-festera\\\/#primaryimage\"},\"image\":{\"@id\":\"https:\\\/\\\/www.copealcoy.es\\\/es\\\/acuerdo-para-que-el-comercio-cierre-en-la-trilogia-festera\\\/#primaryimage\"},\"thumbnailUrl\":\"https:\\\/\\\/www.copealcoy.es\\\/wp-content\\\/uploads\\\/2015\\\/04\\\/fiesta5.jpg\",\"datePublished\":\"2016-02-11T16:33:10+00:00\",\"author\":{\"@id\":\"https:\\\/\\\/www.copealcoy.es\\\/es\\\/#\\\/schema\\\/person\\\/e777c87fa024e57d40170af9df39882c\"},\"breadcrumb\":{\"@id\":\"https:\\\/\\\/www.copealcoy.es\\\/es\\\/acuerdo-para-que-el-comercio-cierre-en-la-trilogia-festera\\\/#breadcrumb\"},\"inLanguage\":\"es\",\"potentialAction\":[{\"@type\":\"ReadAction\",\"target\":[\"https:\\\/\\\/www.copealcoy.es\\\/es\\\/acuerdo-para-que-el-comercio-cierre-en-la-trilogia-festera\\\/\"]}]},{\"@type\":\"ImageObject\",\"inLanguage\":\"es\",\"@id\":\"https:\\\/\\\/www.copealcoy.es\\\/es\\\/acuerdo-para-que-el-comercio-cierre-en-la-trilogia-festera\\\/#primaryimage\",\"url\":\"https:\\\/\\\/www.copealcoy.es\\\/wp-content\\\/uploads\\\/2015\\\/04\\\/fiesta5.jpg\",\"contentUrl\":\"https:\\\/\\\/www.copealcoy.es\\\/wp-content\\\/uploads\\\/2015\\\/04\\\/fiesta5.jpg\",\"width\":646,\"height\":424,\"caption\":\"El Alardo es uno de los actos m\u00e1s espectaculares de las fiestas\"},{\"@type\":\"BreadcrumbList\",\"@id\":\"https:\\\/\\\/www.copealcoy.es\\\/es\\\/acuerdo-para-que-el-comercio-cierre-en-la-trilogia-festera\\\/#breadcrumb\",\"itemListElement\":[{\"@type\":\"ListItem\",\"position\":1,\"name\":\"Portada\",\"item\":\"https:\\\/\\\/www.copealcoy.es\\\/es\\\/\"},{\"@type\":\"ListItem\",\"position\":2,\"name\":\"Acuerdo para que el comercio cierre en la trilog\u00eda festera\"}]},{\"@type\":\"WebSite\",\"@id\":\"https:\\\/\\\/www.copealcoy.es\\\/es\\\/#website\",\"url\":\"https:\\\/\\\/www.copealcoy.es\\\/es\\\/\",\"name\":\"COPE Alcoy\",\"description\":\"Emisora COPE de radio local con emisi\u00f3n online. Pont de Sant Jordi 8-10 03803 Alcoy\",\"potentialAction\":[{\"@type\":\"SearchAction\",\"target\":{\"@type\":\"EntryPoint\",\"urlTemplate\":\"https:\\\/\\\/www.copealcoy.es\\\/es\\\/?s={search_term_string}\"},\"query-input\":{\"@type\":\"PropertyValueSpecification\",\"valueRequired\":true,\"valueName\":\"search_term_string\"}}],\"inLanguage\":\"es\"},{\"@type\":\"Person\",\"@id\":\"https:\\\/\\\/www.copealcoy.es\\\/es\\\/#\\\/schema\\\/person\\\/e777c87fa024e57d40170af9df39882c\",\"name\":\"Cope Alcoy\",\"image\":{\"@type\":\"ImageObject\",\"inLanguage\":\"es\",\"@id\":\"https:\\\/\\\/secure.gravatar.com\\\/avatar\\\/bb65d0283347e303893ba14f0692005417c1e0e690a325a4c5d8bb2b3943ee14?s=96&d=mm&r=g\",\"url\":\"https:\\\/\\\/secure.gravatar.com\\\/avatar\\\/bb65d0283347e303893ba14f0692005417c1e0e690a325a4c5d8bb2b3943ee14?s=96&d=mm&r=g\",\"contentUrl\":\"https:\\\/\\\/secure.gravatar.com\\\/avatar\\\/bb65d0283347e303893ba14f0692005417c1e0e690a325a4c5d8bb2b3943ee14?s=96&d=mm&r=g\",\"caption\":\"Cope Alcoy\"}}]}<\/script>\n<!-- \/ Yoast SEO plugin. -->","yoast_head_json":{"title":"Acuerdo para que el comercio cierre en la trilog\u00eda festera - COPE Alcoy","robots":{"index":"index","follow":"follow","max-snippet":"max-snippet:-1","max-image-preview":"max-image-preview:large","max-video-preview":"max-video-preview:-1"},"canonical":"https:\/\/www.copealcoy.es\/es\/acuerdo-para-que-el-comercio-cierre-en-la-trilogia-festera\/","og_locale":"es_ES","og_type":"article","og_title":"Acuerdo para que el comercio cierre en la trilog\u00eda festera - COPE Alcoy","og_description":"El comercio local de Alcoy permanecer\u00e1 cerrado durante los tres d\u00edas de la trilog\u00eda festera en el pr\u00f3ximo mes de...","og_url":"https:\/\/www.copealcoy.es\/es\/acuerdo-para-que-el-comercio-cierre-en-la-trilogia-festera\/","og_site_name":"COPE Alcoy","article_published_time":"2016-02-11T16:33:10+00:00","og_image":[{"width":646,"height":424,"url":"https:\/\/www.copealcoy.es\/wp-content\/uploads\/2015\/04\/fiesta5.jpg","type":"image\/jpeg"}],"author":"Cope Alcoy","twitter_misc":{"Escrito por":"Cope Alcoy","Tiempo de lectura":"1 minuto"},"schema":{"@context":"https:\/\/schema.org","@graph":[{"@type":"Article","@id":"https:\/\/www.copealcoy.es\/es\/acuerdo-para-que-el-comercio-cierre-en-la-trilogia-festera\/#article","isPartOf":{"@id":"https:\/\/www.copealcoy.es\/es\/acuerdo-para-que-el-comercio-cierre-en-la-trilogia-festera\/"},"author":{"name":"Cope Alcoy","@id":"https:\/\/www.copealcoy.es\/es\/#\/schema\/person\/e777c87fa024e57d40170af9df39882c"},"headline":"Acuerdo para que el comercio cierre en la trilog\u00eda festera","datePublished":"2016-02-11T16:33:10+00:00","mainEntityOfPage":{"@id":"https:\/\/www.copealcoy.es\/es\/acuerdo-para-que-el-comercio-cierre-en-la-trilogia-festera\/"},"wordCount":216,"commentCount":0,"image":{"@id":"https:\/\/www.copealcoy.es\/es\/acuerdo-para-que-el-comercio-cierre-en-la-trilogia-festera\/#primaryimage"},"thumbnailUrl":"https:\/\/www.copealcoy.es\/wp-content\/uploads\/2015\/04\/fiesta5.jpg","keywords":["Alardo","Alcoy","Comercio","Econom\u00eda","Moros Y Cristianos"],"articleSection":["Alcoy","Noticias","Pol\u00edtica y Econom\u00eda"],"inLanguage":"es"},{"@type":"WebPage","@id":"https:\/\/www.copealcoy.es\/es\/acuerdo-para-que-el-comercio-cierre-en-la-trilogia-festera\/","url":"https:\/\/www.copealcoy.es\/es\/acuerdo-para-que-el-comercio-cierre-en-la-trilogia-festera\/","name":"Acuerdo para que el comercio cierre en la trilog\u00eda festera - COPE Alcoy","isPartOf":{"@id":"https:\/\/www.copealcoy.es\/es\/#website"},"primaryImageOfPage":{"@id":"https:\/\/www.copealcoy.es\/es\/acuerdo-para-que-el-comercio-cierre-en-la-trilogia-festera\/#primaryimage"},"image":{"@id":"https:\/\/www.copealcoy.es\/es\/acuerdo-para-que-el-comercio-cierre-en-la-trilogia-festera\/#primaryimage"},"thumbnailUrl":"https:\/\/www.copealcoy.es\/wp-content\/uploads\/2015\/04\/fiesta5.jpg","datePublished":"2016-02-11T16:33:10+00:00","author":{"@id":"https:\/\/www.copealcoy.es\/es\/#\/schema\/person\/e777c87fa024e57d40170af9df39882c"},"breadcrumb":{"@id":"https:\/\/www.copealcoy.es\/es\/acuerdo-para-que-el-comercio-cierre-en-la-trilogia-festera\/#breadcrumb"},"inLanguage":"es","potentialAction":[{"@type":"ReadAction","target":["https:\/\/www.copealcoy.es\/es\/acuerdo-para-que-el-comercio-cierre-en-la-trilogia-festera\/"]}]},{"@type":"ImageObject","inLanguage":"es","@id":"https:\/\/www.copealcoy.es\/es\/acuerdo-para-que-el-comercio-cierre-en-la-trilogia-festera\/#primaryimage","url":"https:\/\/www.copealcoy.es\/wp-content\/uploads\/2015\/04\/fiesta5.jpg","contentUrl":"https:\/\/www.copealcoy.es\/wp-content\/uploads\/2015\/04\/fiesta5.jpg","width":646,"height":424,"caption":"El Alardo es uno de los actos m\u00e1s espectaculares de las fiestas"},{"@type":"BreadcrumbList","@id":"https:\/\/www.copealcoy.es\/es\/acuerdo-para-que-el-comercio-cierre-en-la-trilogia-festera\/#breadcrumb","itemListElement":[{"@type":"ListItem","position":1,"name":"Portada","item":"https:\/\/www.copealcoy.es\/es\/"},{"@type":"ListItem","position":2,"name":"Acuerdo para que el comercio cierre en la trilog\u00eda festera"}]},{"@type":"WebSite","@id":"https:\/\/www.copealcoy.es\/es\/#website","url":"https:\/\/www.copealcoy.es\/es\/","name":"COPE Alcoy","description":"Emisora COPE de radio local con emisi\u00f3n online. Pont de Sant Jordi 8-10 03803 Alcoy","potentialAction":[{"@type":"SearchAction","target":{"@type":"EntryPoint","urlTemplate":"https:\/\/www.copealcoy.es\/es\/?s={search_term_string}"},"query-input":{"@type":"PropertyValueSpecification","valueRequired":true,"valueName":"search_term_string"}}],"inLanguage":"es"},{"@type":"Person","@id":"https:\/\/www.copealcoy.es\/es\/#\/schema\/person\/e777c87fa024e57d40170af9df39882c","name":"Cope Alcoy","image":{"@type":"ImageObject","inLanguage":"es","@id":"https:\/\/secure.gravatar.com\/avatar\/bb65d0283347e303893ba14f0692005417c1e0e690a325a4c5d8bb2b3943ee14?s=96&d=mm&r=g","url":"https:\/\/secure.gravatar.com\/avatar\/bb65d0283347e303893ba14f0692005417c1e0e690a325a4c5d8bb2b3943ee14?s=96&d=mm&r=g","contentUrl":"https:\/\/secure.gravatar.com\/avatar\/bb65d0283347e303893ba14f0692005417c1e0e690a325a4c5d8bb2b3943ee14?s=96&d=mm&r=g","caption":"Cope Alcoy"}}]}},"_links":{"self":[{"href":"https:\/\/www.copealcoy.es\/es\/wp-json\/wp\/v2\/posts\/18856","targetHints":{"allow":["GET"]}}],"collection":[{"href":"https:\/\/www.copealcoy.es\/es\/wp-json\/wp\/v2\/posts"}],"about":[{"href":"https:\/\/www.copealcoy.es\/es\/wp-json\/wp\/v2\/types\/post"}],"author":[{"embeddable":true,"href":"https:\/\/www.copealcoy.es\/es\/wp-json\/wp\/v2\/users\/1"}],"replies":[{"embeddable":true,"href":"https:\/\/www.copealcoy.es\/es\/wp-json\/wp\/v2\/comments?post=18856"}],"version-history":[{"count":0,"href":"https:\/\/www.copealcoy.es\/es\/wp-json\/wp\/v2\/posts\/18856\/revisions"}],"wp:featuredmedia":[{"embeddable":true,"href":"https:\/\/www.copealcoy.es\/es\/wp-json\/wp\/v2\/media\/12494"}],"wp:attachment":[{"href":"https:\/\/www.copealcoy.es\/es\/wp-json\/wp\/v2\/media?parent=18856"}],"wp:term":[{"taxonomy":"category","embeddable":true,"href":"https:\/\/www.copealcoy.es\/es\/wp-json\/wp\/v2\/categories?post=18856"},{"taxonomy":"post_tag","embeddable":true,"href":"https:\/\/www.copealcoy.es\/es\/wp-json\/wp\/v2\/tags?post=18856"}],"curies":[{"name":"wp","href":"https:\/\/api.w.org\/{rel}","templated":true}]}}