{"id":18813,"date":"2016-02-10T17:20:06","date_gmt":"2016-02-10T17:20:06","guid":{"rendered":"http:\/\/copealcoi.es\/new\/?p=18813"},"modified":"2016-02-10T17:20:06","modified_gmt":"2016-02-10T17:20:06","slug":"ibi-acoge-la-primera-reunion-de-la-diputacion-abierta-al-publico","status":"publish","type":"post","link":"https:\/\/www.copealcoy.es\/es\/ibi-acoge-la-primera-reunion-de-la-diputacion-abierta-al-publico\/","title":{"rendered":"Ibi acoge la primera reuni\u00f3n de la Diputaci\u00f3n abierta al p\u00fablico"},"content":{"rendered":"<p style=\"text-align: justify;\">El presidente de la Diputaci\u00f3n de Alicante,\u00a0C\u00e9sar S\u00e1nchez, ha visitado esta mi\u00e9rcoles\u00a0la ciudad\u00a0de\u00a0Ibi\u00a0donde ha presidido\u00a0la primera reuni\u00f3n itinerante del Gobierno Provincial,<b>\u00a0<\/b>una\u00a0pionera iniciativa\u00a0que por primera vez se celebra fuera de la instituci\u00f3n. A la misma han asistido, adem\u00e1s de los diputados provinciales,\u00a0m\u00e1s de una veintena de alcaldes\u00a0y asociaciones vecinales as\u00ed como el equipo de gobierno municipal de Ibi. El encuentro\u00a0ha sido de los primeros\u00a0que se realizar\u00e1n en los pr\u00f3ximos meses por todo el territorio con el fin de\u00a0acercar la gesti\u00f3n institucional a la ciudadan\u00eda &#8220;la Diputaci\u00f3n es de los Pueblos, porque se preocupa por el bienestar de las personas, especialmente por seguir generando puestos de trabajo y por potenciar la igualdad de oportunidades en todos los municipios, que es la mayor responsabilidad que tenemos quienes ostentamos cargos en las instituciones p\u00fablicas&#8221;,\u00a0ha detallado S\u00e1nchez.<\/p>\n<p style=\"text-align: justify;\">Tras la reuni\u00f3n\u00a0el presidente ha visitado junto al alcalde de Ibi, Rafael Serralta, las obras de adecuaci\u00f3n del Complejo Deportivo Estadio Climent que empezaron\u00a0hace unas semanas y que cuentan con un presupuesto total de\u00a0530.630 euros<b>,<\/b>\u00a0de los que la instituci\u00f3n provincial sufragar\u00e1 el 65%. El proyecto consiste\u00a0en la instalaci\u00f3n de c\u00e9sped artificial en el campo de f\u00fatbol que actualmente es de tierra y en la colocaci\u00f3n de\u00a0se\u00f1alizaci\u00f3n transversal\u00a0en dos estadios de f\u00fatbol 7 reglamentarios. Tambi\u00e9n se contempla\u00a0la construcci\u00f3n de un nuevo m\u00f3dulo de vestuarios, cuatro para equipos y uno para \u00e1rbitros, y de un cuarto de instalaciones de 187 metros cuadrados, as\u00ed como la adecuaci\u00f3n de los aseos existentes, y de los antiguos vestuarios en almac\u00e9n, sede y botiqu\u00edn. Sobre esta\u00a0inversi\u00f3n C\u00e9sar S\u00e1nchez ha destacado la intervenci\u00f3n era m\u00e1s que necesaria &#8220;esta actuaci\u00f3n permitir\u00e1 dotar el complejo de una infraestructura m\u00e1s adecuada y que cumpla la normativa vigente, ayudando as\u00ed al incentivo de la pr\u00e1ctica deportiva, especialmente entre los m\u00e1s j\u00f3venes del municipio y de otras localidades cercanas&#8221;.<\/p>\n<div>\u00a0Recordar que la Diputaci\u00f3n de Alicante ha llevado a cabo en el \u00faltimo a\u00f1o diversas actuaciones en la Villa Juguetera\u00a0 cuyo importe asciende a cerca de\u00a0<b>290.000 euros<\/b>. Entre ellas destaca\u00a0la renovaci\u00f3n de la red de alcantarillado en la calle Les Eres y de la ejecuci\u00f3n de una rotonda de cruce en\u00a0la misma v\u00eda.<\/div>\n","protected":false},"excerpt":{"rendered":"<p>El presidente de la Diputaci\u00f3n de Alicante,\u00a0C\u00e9sar S\u00e1nchez, ha visitado esta mi\u00e9rcoles\u00a0la ciudad\u00a0de\u00a0Ibi\u00a0donde ha presidido\u00a0la primera reuni\u00f3n itinerante del Gobierno&#8230;<\/p>\n","protected":false},"author":1,"featured_media":18814,"comment_status":"open","ping_status":"open","sticky":false,"template":"","format":"standard","meta":{"footnotes":""},"categories":[98,75],"tags":[1759,947,474],"class_list":["post-18813","post","type-post","status-publish","format-standard","has-post-thumbnail","hentry","category-comarcas","category-noticias","tag-cesar-sanchez","tag-diputacion-de-alicante","tag-ibi"],"yoast_head":"<!-- This site is optimized with the Yoast SEO plugin v27.3 - https:\/\/yoast.com\/product\/yoast-seo-wordpress\/ -->\n<title>Ibi acoge la primera reuni\u00f3n de la Diputaci\u00f3n abierta al p\u00fablico - COPE Alcoy<\/title>\n<meta name=\"robots\" content=\"index, follow, max-snippet:-1, max-image-preview:large, max-video-preview:-1\" \/>\n<link rel=\"canonical\" href=\"https:\/\/www.copealcoy.es\/es\/ibi-acoge-la-primera-reunion-de-la-diputacion-abierta-al-publico\/\" \/>\n<meta property=\"og:locale\" content=\"es_ES\" \/>\n<meta property=\"og:type\" content=\"article\" \/>\n<meta property=\"og:title\" content=\"Ibi acoge la primera reuni\u00f3n de la Diputaci\u00f3n abierta al p\u00fablico - COPE Alcoy\" \/>\n<meta property=\"og:description\" content=\"El presidente de la Diputaci\u00f3n de Alicante,\u00a0C\u00e9sar S\u00e1nchez, ha visitado esta mi\u00e9rcoles\u00a0la ciudad\u00a0de\u00a0Ibi\u00a0donde ha presidido\u00a0la primera reuni\u00f3n itinerante del Gobierno...\" \/>\n<meta property=\"og:url\" content=\"https:\/\/www.copealcoy.es\/es\/ibi-acoge-la-primera-reunion-de-la-diputacion-abierta-al-publico\/\" \/>\n<meta property=\"og:site_name\" content=\"COPE Alcoy\" \/>\n<meta property=\"article:published_time\" content=\"2016-02-10T17:20:06+00:00\" \/>\n<meta property=\"og:image\" content=\"https:\/\/www.copealcoy.es\/wp-content\/uploads\/2016\/02\/021016-Reunion-itinerante-del-Gobierno-Provincial-web.jpg\" \/>\n\t<meta property=\"og:image:width\" content=\"510\" \/>\n\t<meta property=\"og:image:height\" content=\"340\" \/>\n\t<meta property=\"og:image:type\" content=\"image\/jpeg\" \/>\n<meta name=\"author\" content=\"Cope Alcoy\" \/>\n<meta name=\"twitter:label1\" content=\"Escrito por\" \/>\n\t<meta name=\"twitter:data1\" content=\"Cope Alcoy\" \/>\n\t<meta name=\"twitter:label2\" content=\"Tiempo de lectura\" \/>\n\t<meta name=\"twitter:data2\" content=\"2 minutos\" \/>\n<script type=\"application\/ld+json\" class=\"yoast-schema-graph\">{\"@context\":\"https:\\\/\\\/schema.org\",\"@graph\":[{\"@type\":\"Article\",\"@id\":\"https:\\\/\\\/www.copealcoy.es\\\/es\\\/ibi-acoge-la-primera-reunion-de-la-diputacion-abierta-al-publico\\\/#article\",\"isPartOf\":{\"@id\":\"https:\\\/\\\/www.copealcoy.es\\\/es\\\/ibi-acoge-la-primera-reunion-de-la-diputacion-abierta-al-publico\\\/\"},\"author\":{\"name\":\"Cope Alcoy\",\"@id\":\"https:\\\/\\\/www.copealcoy.es\\\/es\\\/#\\\/schema\\\/person\\\/e777c87fa024e57d40170af9df39882c\"},\"headline\":\"Ibi acoge la primera reuni\u00f3n de la Diputaci\u00f3n abierta al p\u00fablico\",\"datePublished\":\"2016-02-10T17:20:06+00:00\",\"mainEntityOfPage\":{\"@id\":\"https:\\\/\\\/www.copealcoy.es\\\/es\\\/ibi-acoge-la-primera-reunion-de-la-diputacion-abierta-al-publico\\\/\"},\"wordCount\":434,\"commentCount\":0,\"image\":{\"@id\":\"https:\\\/\\\/www.copealcoy.es\\\/es\\\/ibi-acoge-la-primera-reunion-de-la-diputacion-abierta-al-publico\\\/#primaryimage\"},\"thumbnailUrl\":\"https:\\\/\\\/www.copealcoy.es\\\/wp-content\\\/uploads\\\/2016\\\/02\\\/021016-Reunion-itinerante-del-Gobierno-Provincial-web.jpg\",\"keywords\":[\"C\u00e9sar S\u00e1nchez\",\"Diputaci\u00f3n de Alicante\",\"Ibi\"],\"articleSection\":[\"Comarcas\",\"Noticias\"],\"inLanguage\":\"es\"},{\"@type\":\"WebPage\",\"@id\":\"https:\\\/\\\/www.copealcoy.es\\\/es\\\/ibi-acoge-la-primera-reunion-de-la-diputacion-abierta-al-publico\\\/\",\"url\":\"https:\\\/\\\/www.copealcoy.es\\\/es\\\/ibi-acoge-la-primera-reunion-de-la-diputacion-abierta-al-publico\\\/\",\"name\":\"Ibi acoge la primera reuni\u00f3n de la Diputaci\u00f3n abierta al p\u00fablico - COPE Alcoy\",\"isPartOf\":{\"@id\":\"https:\\\/\\\/www.copealcoy.es\\\/es\\\/#website\"},\"primaryImageOfPage\":{\"@id\":\"https:\\\/\\\/www.copealcoy.es\\\/es\\\/ibi-acoge-la-primera-reunion-de-la-diputacion-abierta-al-publico\\\/#primaryimage\"},\"image\":{\"@id\":\"https:\\\/\\\/www.copealcoy.es\\\/es\\\/ibi-acoge-la-primera-reunion-de-la-diputacion-abierta-al-publico\\\/#primaryimage\"},\"thumbnailUrl\":\"https:\\\/\\\/www.copealcoy.es\\\/wp-content\\\/uploads\\\/2016\\\/02\\\/021016-Reunion-itinerante-del-Gobierno-Provincial-web.jpg\",\"datePublished\":\"2016-02-10T17:20:06+00:00\",\"author\":{\"@id\":\"https:\\\/\\\/www.copealcoy.es\\\/es\\\/#\\\/schema\\\/person\\\/e777c87fa024e57d40170af9df39882c\"},\"breadcrumb\":{\"@id\":\"https:\\\/\\\/www.copealcoy.es\\\/es\\\/ibi-acoge-la-primera-reunion-de-la-diputacion-abierta-al-publico\\\/#breadcrumb\"},\"inLanguage\":\"es\",\"potentialAction\":[{\"@type\":\"ReadAction\",\"target\":[\"https:\\\/\\\/www.copealcoy.es\\\/es\\\/ibi-acoge-la-primera-reunion-de-la-diputacion-abierta-al-publico\\\/\"]}]},{\"@type\":\"ImageObject\",\"inLanguage\":\"es\",\"@id\":\"https:\\\/\\\/www.copealcoy.es\\\/es\\\/ibi-acoge-la-primera-reunion-de-la-diputacion-abierta-al-publico\\\/#primaryimage\",\"url\":\"https:\\\/\\\/www.copealcoy.es\\\/wp-content\\\/uploads\\\/2016\\\/02\\\/021016-Reunion-itinerante-del-Gobierno-Provincial-web.jpg\",\"contentUrl\":\"https:\\\/\\\/www.copealcoy.es\\\/wp-content\\\/uploads\\\/2016\\\/02\\\/021016-Reunion-itinerante-del-Gobierno-Provincial-web.jpg\",\"width\":510,\"height\":340,\"caption\":\"El Presidente de la Diputaci\u00f3n en la reuni\u00f3n mantenida en Ibi\"},{\"@type\":\"BreadcrumbList\",\"@id\":\"https:\\\/\\\/www.copealcoy.es\\\/es\\\/ibi-acoge-la-primera-reunion-de-la-diputacion-abierta-al-publico\\\/#breadcrumb\",\"itemListElement\":[{\"@type\":\"ListItem\",\"position\":1,\"name\":\"Portada\",\"item\":\"https:\\\/\\\/www.copealcoy.es\\\/es\\\/\"},{\"@type\":\"ListItem\",\"position\":2,\"name\":\"Ibi acoge la primera reuni\u00f3n de la Diputaci\u00f3n abierta al p\u00fablico\"}]},{\"@type\":\"WebSite\",\"@id\":\"https:\\\/\\\/www.copealcoy.es\\\/es\\\/#website\",\"url\":\"https:\\\/\\\/www.copealcoy.es\\\/es\\\/\",\"name\":\"COPE Alcoy\",\"description\":\"Emisora COPE de radio local con emisi\u00f3n online. Pont de Sant Jordi 8-10 03803 Alcoy\",\"potentialAction\":[{\"@type\":\"SearchAction\",\"target\":{\"@type\":\"EntryPoint\",\"urlTemplate\":\"https:\\\/\\\/www.copealcoy.es\\\/es\\\/?s={search_term_string}\"},\"query-input\":{\"@type\":\"PropertyValueSpecification\",\"valueRequired\":true,\"valueName\":\"search_term_string\"}}],\"inLanguage\":\"es\"},{\"@type\":\"Person\",\"@id\":\"https:\\\/\\\/www.copealcoy.es\\\/es\\\/#\\\/schema\\\/person\\\/e777c87fa024e57d40170af9df39882c\",\"name\":\"Cope Alcoy\",\"image\":{\"@type\":\"ImageObject\",\"inLanguage\":\"es\",\"@id\":\"https:\\\/\\\/secure.gravatar.com\\\/avatar\\\/bb65d0283347e303893ba14f0692005417c1e0e690a325a4c5d8bb2b3943ee14?s=96&d=mm&r=g\",\"url\":\"https:\\\/\\\/secure.gravatar.com\\\/avatar\\\/bb65d0283347e303893ba14f0692005417c1e0e690a325a4c5d8bb2b3943ee14?s=96&d=mm&r=g\",\"contentUrl\":\"https:\\\/\\\/secure.gravatar.com\\\/avatar\\\/bb65d0283347e303893ba14f0692005417c1e0e690a325a4c5d8bb2b3943ee14?s=96&d=mm&r=g\",\"caption\":\"Cope Alcoy\"}}]}<\/script>\n<!-- \/ Yoast SEO plugin. -->","yoast_head_json":{"title":"Ibi acoge la primera reuni\u00f3n de la Diputaci\u00f3n abierta al p\u00fablico - COPE Alcoy","robots":{"index":"index","follow":"follow","max-snippet":"max-snippet:-1","max-image-preview":"max-image-preview:large","max-video-preview":"max-video-preview:-1"},"canonical":"https:\/\/www.copealcoy.es\/es\/ibi-acoge-la-primera-reunion-de-la-diputacion-abierta-al-publico\/","og_locale":"es_ES","og_type":"article","og_title":"Ibi acoge la primera reuni\u00f3n de la Diputaci\u00f3n abierta al p\u00fablico - COPE Alcoy","og_description":"El presidente de la Diputaci\u00f3n de Alicante,\u00a0C\u00e9sar S\u00e1nchez, ha visitado esta mi\u00e9rcoles\u00a0la ciudad\u00a0de\u00a0Ibi\u00a0donde ha presidido\u00a0la primera reuni\u00f3n itinerante del Gobierno...","og_url":"https:\/\/www.copealcoy.es\/es\/ibi-acoge-la-primera-reunion-de-la-diputacion-abierta-al-publico\/","og_site_name":"COPE Alcoy","article_published_time":"2016-02-10T17:20:06+00:00","og_image":[{"width":510,"height":340,"url":"https:\/\/www.copealcoy.es\/wp-content\/uploads\/2016\/02\/021016-Reunion-itinerante-del-Gobierno-Provincial-web.jpg","type":"image\/jpeg"}],"author":"Cope Alcoy","twitter_misc":{"Escrito por":"Cope Alcoy","Tiempo de lectura":"2 minutos"},"schema":{"@context":"https:\/\/schema.org","@graph":[{"@type":"Article","@id":"https:\/\/www.copealcoy.es\/es\/ibi-acoge-la-primera-reunion-de-la-diputacion-abierta-al-publico\/#article","isPartOf":{"@id":"https:\/\/www.copealcoy.es\/es\/ibi-acoge-la-primera-reunion-de-la-diputacion-abierta-al-publico\/"},"author":{"name":"Cope Alcoy","@id":"https:\/\/www.copealcoy.es\/es\/#\/schema\/person\/e777c87fa024e57d40170af9df39882c"},"headline":"Ibi acoge la primera reuni\u00f3n de la Diputaci\u00f3n abierta al p\u00fablico","datePublished":"2016-02-10T17:20:06+00:00","mainEntityOfPage":{"@id":"https:\/\/www.copealcoy.es\/es\/ibi-acoge-la-primera-reunion-de-la-diputacion-abierta-al-publico\/"},"wordCount":434,"commentCount":0,"image":{"@id":"https:\/\/www.copealcoy.es\/es\/ibi-acoge-la-primera-reunion-de-la-diputacion-abierta-al-publico\/#primaryimage"},"thumbnailUrl":"https:\/\/www.copealcoy.es\/wp-content\/uploads\/2016\/02\/021016-Reunion-itinerante-del-Gobierno-Provincial-web.jpg","keywords":["C\u00e9sar S\u00e1nchez","Diputaci\u00f3n de Alicante","Ibi"],"articleSection":["Comarcas","Noticias"],"inLanguage":"es"},{"@type":"WebPage","@id":"https:\/\/www.copealcoy.es\/es\/ibi-acoge-la-primera-reunion-de-la-diputacion-abierta-al-publico\/","url":"https:\/\/www.copealcoy.es\/es\/ibi-acoge-la-primera-reunion-de-la-diputacion-abierta-al-publico\/","name":"Ibi acoge la primera reuni\u00f3n de la Diputaci\u00f3n abierta al p\u00fablico - COPE Alcoy","isPartOf":{"@id":"https:\/\/www.copealcoy.es\/es\/#website"},"primaryImageOfPage":{"@id":"https:\/\/www.copealcoy.es\/es\/ibi-acoge-la-primera-reunion-de-la-diputacion-abierta-al-publico\/#primaryimage"},"image":{"@id":"https:\/\/www.copealcoy.es\/es\/ibi-acoge-la-primera-reunion-de-la-diputacion-abierta-al-publico\/#primaryimage"},"thumbnailUrl":"https:\/\/www.copealcoy.es\/wp-content\/uploads\/2016\/02\/021016-Reunion-itinerante-del-Gobierno-Provincial-web.jpg","datePublished":"2016-02-10T17:20:06+00:00","author":{"@id":"https:\/\/www.copealcoy.es\/es\/#\/schema\/person\/e777c87fa024e57d40170af9df39882c"},"breadcrumb":{"@id":"https:\/\/www.copealcoy.es\/es\/ibi-acoge-la-primera-reunion-de-la-diputacion-abierta-al-publico\/#breadcrumb"},"inLanguage":"es","potentialAction":[{"@type":"ReadAction","target":["https:\/\/www.copealcoy.es\/es\/ibi-acoge-la-primera-reunion-de-la-diputacion-abierta-al-publico\/"]}]},{"@type":"ImageObject","inLanguage":"es","@id":"https:\/\/www.copealcoy.es\/es\/ibi-acoge-la-primera-reunion-de-la-diputacion-abierta-al-publico\/#primaryimage","url":"https:\/\/www.copealcoy.es\/wp-content\/uploads\/2016\/02\/021016-Reunion-itinerante-del-Gobierno-Provincial-web.jpg","contentUrl":"https:\/\/www.copealcoy.es\/wp-content\/uploads\/2016\/02\/021016-Reunion-itinerante-del-Gobierno-Provincial-web.jpg","width":510,"height":340,"caption":"El Presidente de la Diputaci\u00f3n en la reuni\u00f3n mantenida en Ibi"},{"@type":"BreadcrumbList","@id":"https:\/\/www.copealcoy.es\/es\/ibi-acoge-la-primera-reunion-de-la-diputacion-abierta-al-publico\/#breadcrumb","itemListElement":[{"@type":"ListItem","position":1,"name":"Portada","item":"https:\/\/www.copealcoy.es\/es\/"},{"@type":"ListItem","position":2,"name":"Ibi acoge la primera reuni\u00f3n de la Diputaci\u00f3n abierta al p\u00fablico"}]},{"@type":"WebSite","@id":"https:\/\/www.copealcoy.es\/es\/#website","url":"https:\/\/www.copealcoy.es\/es\/","name":"COPE Alcoy","description":"Emisora COPE de radio local con emisi\u00f3n online. Pont de Sant Jordi 8-10 03803 Alcoy","potentialAction":[{"@type":"SearchAction","target":{"@type":"EntryPoint","urlTemplate":"https:\/\/www.copealcoy.es\/es\/?s={search_term_string}"},"query-input":{"@type":"PropertyValueSpecification","valueRequired":true,"valueName":"search_term_string"}}],"inLanguage":"es"},{"@type":"Person","@id":"https:\/\/www.copealcoy.es\/es\/#\/schema\/person\/e777c87fa024e57d40170af9df39882c","name":"Cope Alcoy","image":{"@type":"ImageObject","inLanguage":"es","@id":"https:\/\/secure.gravatar.com\/avatar\/bb65d0283347e303893ba14f0692005417c1e0e690a325a4c5d8bb2b3943ee14?s=96&d=mm&r=g","url":"https:\/\/secure.gravatar.com\/avatar\/bb65d0283347e303893ba14f0692005417c1e0e690a325a4c5d8bb2b3943ee14?s=96&d=mm&r=g","contentUrl":"https:\/\/secure.gravatar.com\/avatar\/bb65d0283347e303893ba14f0692005417c1e0e690a325a4c5d8bb2b3943ee14?s=96&d=mm&r=g","caption":"Cope Alcoy"}}]}},"_links":{"self":[{"href":"https:\/\/www.copealcoy.es\/es\/wp-json\/wp\/v2\/posts\/18813","targetHints":{"allow":["GET"]}}],"collection":[{"href":"https:\/\/www.copealcoy.es\/es\/wp-json\/wp\/v2\/posts"}],"about":[{"href":"https:\/\/www.copealcoy.es\/es\/wp-json\/wp\/v2\/types\/post"}],"author":[{"embeddable":true,"href":"https:\/\/www.copealcoy.es\/es\/wp-json\/wp\/v2\/users\/1"}],"replies":[{"embeddable":true,"href":"https:\/\/www.copealcoy.es\/es\/wp-json\/wp\/v2\/comments?post=18813"}],"version-history":[{"count":0,"href":"https:\/\/www.copealcoy.es\/es\/wp-json\/wp\/v2\/posts\/18813\/revisions"}],"wp:featuredmedia":[{"embeddable":true,"href":"https:\/\/www.copealcoy.es\/es\/wp-json\/wp\/v2\/media\/18814"}],"wp:attachment":[{"href":"https:\/\/www.copealcoy.es\/es\/wp-json\/wp\/v2\/media?parent=18813"}],"wp:term":[{"taxonomy":"category","embeddable":true,"href":"https:\/\/www.copealcoy.es\/es\/wp-json\/wp\/v2\/categories?post=18813"},{"taxonomy":"post_tag","embeddable":true,"href":"https:\/\/www.copealcoy.es\/es\/wp-json\/wp\/v2\/tags?post=18813"}],"curies":[{"name":"wp","href":"https:\/\/api.w.org\/{rel}","templated":true}]}}