{"id":18808,"date":"2016-02-10T16:50:05","date_gmt":"2016-02-10T16:50:05","guid":{"rendered":"http:\/\/copealcoi.es\/new\/?p=18808"},"modified":"2016-02-10T16:50:05","modified_gmt":"2016-02-10T16:50:05","slug":"col%c2%b7lectiu-03820-compromis-pide-controles-para-la-procesionaria","status":"publish","type":"post","link":"https:\/\/www.copealcoy.es\/es\/col%c2%b7lectiu-03820-compromis-pide-controles-para-la-procesionaria\/","title":{"rendered":"Col\u00b7lectiu 03820-Comprom\u00eds pide controles para la procesionaria"},"content":{"rendered":"<p style=\"text-align: justify;\">El Grupo Municipal de\u00a0Col\u00b7lectiu 03820-Comprom\u00eds de Cocentaina ha pedido que se intensifiquen los controles para frenar el avance de la procesionaria del pino en la Villa Condal. Desde la coalici\u00f3n han explicado que estos gusanos son un importante enemigo para los pinares al mismo tiempo que han advertido del peligro sanitario que supone su proliferaci\u00f3n para las zonas urbanas. En este sentido tambi\u00e9n inciden en remarcar los efectivos nocivos que pueden tener para animales, plantas y especialmente las personas.<\/p>\n<p style=\"text-align: justify;\">\n<p style=\"text-align: justify;\">El portavoz del\u00a0Col\u00b7lectiu 03820-Comprom\u00eds, Xavi Anduix, ha indicado al respecto que las elevadas temperaturas de este invierno junto a la falta de lluvias han provocado un mayor desarrollo de la plaga de la procesionaria &#8220;es necesario que se establezca una colaboraci\u00f3n ciudadana con la concejal\u00eda de Medio Ambiente para impulsar medidas que permitan eliminar las orugas de los terrenos p\u00fablicos y zonas municipales. Ser\u00eda conveniente una actuaci\u00f3n inmediata especialmente en los parques, caminos rurales y las zonas pr\u00f3ximas a los colegios&#8221;, concluye.<\/p>\n<p>&nbsp;<\/p>\n","protected":false},"excerpt":{"rendered":"<p>El Grupo Municipal de\u00a0Col\u00b7lectiu 03820-Comprom\u00eds de Cocentaina ha pedido que se intensifiquen los controles para frenar el avance de la&#8230;<\/p>\n","protected":false},"author":1,"featured_media":18809,"comment_status":"open","ping_status":"open","sticky":false,"template":"","format":"standard","meta":{"footnotes":""},"categories":[98,75],"tags":[132,610,152,1781,1790],"class_list":["post-18808","post","type-post","status-publish","format-standard","has-post-thumbnail","hentry","category-comarcas","category-noticias","tag-cocentaina","tag-col-lectiu-03820","tag-compromis","tag-procesionaria","tag-xavi-anduix"],"yoast_head":"<!-- This site is optimized with the Yoast SEO plugin v27.3 - https:\/\/yoast.com\/product\/yoast-seo-wordpress\/ -->\n<title>Col\u00b7lectiu 03820-Comprom\u00eds pide controles para la procesionaria - COPE Alcoy<\/title>\n<meta name=\"robots\" content=\"index, follow, max-snippet:-1, max-image-preview:large, max-video-preview:-1\" \/>\n<link rel=\"canonical\" href=\"https:\/\/www.copealcoy.es\/es\/col%c2%b7lectiu-03820-compromis-pide-controles-para-la-procesionaria\/\" \/>\n<meta property=\"og:locale\" content=\"es_ES\" \/>\n<meta property=\"og:type\" content=\"article\" \/>\n<meta property=\"og:title\" content=\"Col\u00b7lectiu 03820-Comprom\u00eds pide controles para la procesionaria - COPE Alcoy\" \/>\n<meta property=\"og:description\" content=\"El Grupo Municipal de\u00a0Col\u00b7lectiu 03820-Comprom\u00eds de Cocentaina ha pedido que se intensifiquen los controles para frenar el avance de la...\" \/>\n<meta property=\"og:url\" content=\"https:\/\/www.copealcoy.es\/es\/col%c2%b7lectiu-03820-compromis-pide-controles-para-la-procesionaria\/\" \/>\n<meta property=\"og:site_name\" content=\"COPE Alcoy\" \/>\n<meta property=\"article:published_time\" content=\"2016-02-10T16:50:05+00:00\" \/>\n<meta property=\"og:image\" content=\"https:\/\/www.copealcoy.es\/wp-content\/uploads\/2016\/02\/10337735_782792061864281_7371707109787674168_n-e1455122976896.jpg\" \/>\n\t<meta property=\"og:image:width\" content=\"720\" \/>\n\t<meta property=\"og:image:height\" content=\"420\" \/>\n\t<meta property=\"og:image:type\" content=\"image\/jpeg\" \/>\n<meta name=\"author\" content=\"Cope Alcoy\" \/>\n<meta name=\"twitter:label1\" content=\"Escrito por\" \/>\n\t<meta name=\"twitter:data1\" content=\"Cope Alcoy\" \/>\n\t<meta name=\"twitter:label2\" content=\"Tiempo de lectura\" \/>\n\t<meta name=\"twitter:data2\" content=\"1 minuto\" \/>\n<script type=\"application\/ld+json\" class=\"yoast-schema-graph\">{\"@context\":\"https:\\\/\\\/schema.org\",\"@graph\":[{\"@type\":\"Article\",\"@id\":\"https:\\\/\\\/www.copealcoy.es\\\/es\\\/col%c2%b7lectiu-03820-compromis-pide-controles-para-la-procesionaria\\\/#article\",\"isPartOf\":{\"@id\":\"https:\\\/\\\/www.copealcoy.es\\\/es\\\/col%c2%b7lectiu-03820-compromis-pide-controles-para-la-procesionaria\\\/\"},\"author\":{\"name\":\"Cope Alcoy\",\"@id\":\"https:\\\/\\\/www.copealcoy.es\\\/es\\\/#\\\/schema\\\/person\\\/e777c87fa024e57d40170af9df39882c\"},\"headline\":\"Col\u00b7lectiu 03820-Comprom\u00eds pide controles para la procesionaria\",\"datePublished\":\"2016-02-10T16:50:05+00:00\",\"mainEntityOfPage\":{\"@id\":\"https:\\\/\\\/www.copealcoy.es\\\/es\\\/col%c2%b7lectiu-03820-compromis-pide-controles-para-la-procesionaria\\\/\"},\"wordCount\":186,\"commentCount\":0,\"image\":{\"@id\":\"https:\\\/\\\/www.copealcoy.es\\\/es\\\/col%c2%b7lectiu-03820-compromis-pide-controles-para-la-procesionaria\\\/#primaryimage\"},\"thumbnailUrl\":\"https:\\\/\\\/www.copealcoy.es\\\/wp-content\\\/uploads\\\/2016\\\/02\\\/10337735_782792061864281_7371707109787674168_n-e1455122976896.jpg\",\"keywords\":[\"Cocentaina\",\"Col.lectiu 03820\",\"Comprom\u00eds\",\"procesionaria\",\"Xavi Anduix\"],\"articleSection\":[\"Comarcas\",\"Noticias\"],\"inLanguage\":\"es\"},{\"@type\":\"WebPage\",\"@id\":\"https:\\\/\\\/www.copealcoy.es\\\/es\\\/col%c2%b7lectiu-03820-compromis-pide-controles-para-la-procesionaria\\\/\",\"url\":\"https:\\\/\\\/www.copealcoy.es\\\/es\\\/col%c2%b7lectiu-03820-compromis-pide-controles-para-la-procesionaria\\\/\",\"name\":\"Col\u00b7lectiu 03820-Comprom\u00eds pide controles para la procesionaria - COPE Alcoy\",\"isPartOf\":{\"@id\":\"https:\\\/\\\/www.copealcoy.es\\\/es\\\/#website\"},\"primaryImageOfPage\":{\"@id\":\"https:\\\/\\\/www.copealcoy.es\\\/es\\\/col%c2%b7lectiu-03820-compromis-pide-controles-para-la-procesionaria\\\/#primaryimage\"},\"image\":{\"@id\":\"https:\\\/\\\/www.copealcoy.es\\\/es\\\/col%c2%b7lectiu-03820-compromis-pide-controles-para-la-procesionaria\\\/#primaryimage\"},\"thumbnailUrl\":\"https:\\\/\\\/www.copealcoy.es\\\/wp-content\\\/uploads\\\/2016\\\/02\\\/10337735_782792061864281_7371707109787674168_n-e1455122976896.jpg\",\"datePublished\":\"2016-02-10T16:50:05+00:00\",\"author\":{\"@id\":\"https:\\\/\\\/www.copealcoy.es\\\/es\\\/#\\\/schema\\\/person\\\/e777c87fa024e57d40170af9df39882c\"},\"breadcrumb\":{\"@id\":\"https:\\\/\\\/www.copealcoy.es\\\/es\\\/col%c2%b7lectiu-03820-compromis-pide-controles-para-la-procesionaria\\\/#breadcrumb\"},\"inLanguage\":\"es\",\"potentialAction\":[{\"@type\":\"ReadAction\",\"target\":[\"https:\\\/\\\/www.copealcoy.es\\\/es\\\/col%c2%b7lectiu-03820-compromis-pide-controles-para-la-procesionaria\\\/\"]}]},{\"@type\":\"ImageObject\",\"inLanguage\":\"es\",\"@id\":\"https:\\\/\\\/www.copealcoy.es\\\/es\\\/col%c2%b7lectiu-03820-compromis-pide-controles-para-la-procesionaria\\\/#primaryimage\",\"url\":\"https:\\\/\\\/www.copealcoy.es\\\/wp-content\\\/uploads\\\/2016\\\/02\\\/10337735_782792061864281_7371707109787674168_n-e1455122976896.jpg\",\"contentUrl\":\"https:\\\/\\\/www.copealcoy.es\\\/wp-content\\\/uploads\\\/2016\\\/02\\\/10337735_782792061864281_7371707109787674168_n-e1455122976896.jpg\",\"width\":720,\"height\":420,\"caption\":\"La procesionaria ha proliferado en los \u00faltimos d\u00edas en varios municipios\"},{\"@type\":\"BreadcrumbList\",\"@id\":\"https:\\\/\\\/www.copealcoy.es\\\/es\\\/col%c2%b7lectiu-03820-compromis-pide-controles-para-la-procesionaria\\\/#breadcrumb\",\"itemListElement\":[{\"@type\":\"ListItem\",\"position\":1,\"name\":\"Portada\",\"item\":\"https:\\\/\\\/www.copealcoy.es\\\/es\\\/\"},{\"@type\":\"ListItem\",\"position\":2,\"name\":\"Col\u00b7lectiu 03820-Comprom\u00eds pide controles para la procesionaria\"}]},{\"@type\":\"WebSite\",\"@id\":\"https:\\\/\\\/www.copealcoy.es\\\/es\\\/#website\",\"url\":\"https:\\\/\\\/www.copealcoy.es\\\/es\\\/\",\"name\":\"COPE Alcoy\",\"description\":\"Emisora COPE de radio local con emisi\u00f3n online. Pont de Sant Jordi 8-10 03803 Alcoy\",\"potentialAction\":[{\"@type\":\"SearchAction\",\"target\":{\"@type\":\"EntryPoint\",\"urlTemplate\":\"https:\\\/\\\/www.copealcoy.es\\\/es\\\/?s={search_term_string}\"},\"query-input\":{\"@type\":\"PropertyValueSpecification\",\"valueRequired\":true,\"valueName\":\"search_term_string\"}}],\"inLanguage\":\"es\"},{\"@type\":\"Person\",\"@id\":\"https:\\\/\\\/www.copealcoy.es\\\/es\\\/#\\\/schema\\\/person\\\/e777c87fa024e57d40170af9df39882c\",\"name\":\"Cope Alcoy\",\"image\":{\"@type\":\"ImageObject\",\"inLanguage\":\"es\",\"@id\":\"https:\\\/\\\/secure.gravatar.com\\\/avatar\\\/bb65d0283347e303893ba14f0692005417c1e0e690a325a4c5d8bb2b3943ee14?s=96&d=mm&r=g\",\"url\":\"https:\\\/\\\/secure.gravatar.com\\\/avatar\\\/bb65d0283347e303893ba14f0692005417c1e0e690a325a4c5d8bb2b3943ee14?s=96&d=mm&r=g\",\"contentUrl\":\"https:\\\/\\\/secure.gravatar.com\\\/avatar\\\/bb65d0283347e303893ba14f0692005417c1e0e690a325a4c5d8bb2b3943ee14?s=96&d=mm&r=g\",\"caption\":\"Cope Alcoy\"}}]}<\/script>\n<!-- \/ Yoast SEO plugin. -->","yoast_head_json":{"title":"Col\u00b7lectiu 03820-Comprom\u00eds pide controles para la procesionaria - COPE Alcoy","robots":{"index":"index","follow":"follow","max-snippet":"max-snippet:-1","max-image-preview":"max-image-preview:large","max-video-preview":"max-video-preview:-1"},"canonical":"https:\/\/www.copealcoy.es\/es\/col%c2%b7lectiu-03820-compromis-pide-controles-para-la-procesionaria\/","og_locale":"es_ES","og_type":"article","og_title":"Col\u00b7lectiu 03820-Comprom\u00eds pide controles para la procesionaria - COPE Alcoy","og_description":"El Grupo Municipal de\u00a0Col\u00b7lectiu 03820-Comprom\u00eds de Cocentaina ha pedido que se intensifiquen los controles para frenar el avance de la...","og_url":"https:\/\/www.copealcoy.es\/es\/col%c2%b7lectiu-03820-compromis-pide-controles-para-la-procesionaria\/","og_site_name":"COPE Alcoy","article_published_time":"2016-02-10T16:50:05+00:00","og_image":[{"width":720,"height":420,"url":"https:\/\/www.copealcoy.es\/wp-content\/uploads\/2016\/02\/10337735_782792061864281_7371707109787674168_n-e1455122976896.jpg","type":"image\/jpeg"}],"author":"Cope Alcoy","twitter_misc":{"Escrito por":"Cope Alcoy","Tiempo de lectura":"1 minuto"},"schema":{"@context":"https:\/\/schema.org","@graph":[{"@type":"Article","@id":"https:\/\/www.copealcoy.es\/es\/col%c2%b7lectiu-03820-compromis-pide-controles-para-la-procesionaria\/#article","isPartOf":{"@id":"https:\/\/www.copealcoy.es\/es\/col%c2%b7lectiu-03820-compromis-pide-controles-para-la-procesionaria\/"},"author":{"name":"Cope Alcoy","@id":"https:\/\/www.copealcoy.es\/es\/#\/schema\/person\/e777c87fa024e57d40170af9df39882c"},"headline":"Col\u00b7lectiu 03820-Comprom\u00eds pide controles para la procesionaria","datePublished":"2016-02-10T16:50:05+00:00","mainEntityOfPage":{"@id":"https:\/\/www.copealcoy.es\/es\/col%c2%b7lectiu-03820-compromis-pide-controles-para-la-procesionaria\/"},"wordCount":186,"commentCount":0,"image":{"@id":"https:\/\/www.copealcoy.es\/es\/col%c2%b7lectiu-03820-compromis-pide-controles-para-la-procesionaria\/#primaryimage"},"thumbnailUrl":"https:\/\/www.copealcoy.es\/wp-content\/uploads\/2016\/02\/10337735_782792061864281_7371707109787674168_n-e1455122976896.jpg","keywords":["Cocentaina","Col.lectiu 03820","Comprom\u00eds","procesionaria","Xavi Anduix"],"articleSection":["Comarcas","Noticias"],"inLanguage":"es"},{"@type":"WebPage","@id":"https:\/\/www.copealcoy.es\/es\/col%c2%b7lectiu-03820-compromis-pide-controles-para-la-procesionaria\/","url":"https:\/\/www.copealcoy.es\/es\/col%c2%b7lectiu-03820-compromis-pide-controles-para-la-procesionaria\/","name":"Col\u00b7lectiu 03820-Comprom\u00eds pide controles para la procesionaria - COPE Alcoy","isPartOf":{"@id":"https:\/\/www.copealcoy.es\/es\/#website"},"primaryImageOfPage":{"@id":"https:\/\/www.copealcoy.es\/es\/col%c2%b7lectiu-03820-compromis-pide-controles-para-la-procesionaria\/#primaryimage"},"image":{"@id":"https:\/\/www.copealcoy.es\/es\/col%c2%b7lectiu-03820-compromis-pide-controles-para-la-procesionaria\/#primaryimage"},"thumbnailUrl":"https:\/\/www.copealcoy.es\/wp-content\/uploads\/2016\/02\/10337735_782792061864281_7371707109787674168_n-e1455122976896.jpg","datePublished":"2016-02-10T16:50:05+00:00","author":{"@id":"https:\/\/www.copealcoy.es\/es\/#\/schema\/person\/e777c87fa024e57d40170af9df39882c"},"breadcrumb":{"@id":"https:\/\/www.copealcoy.es\/es\/col%c2%b7lectiu-03820-compromis-pide-controles-para-la-procesionaria\/#breadcrumb"},"inLanguage":"es","potentialAction":[{"@type":"ReadAction","target":["https:\/\/www.copealcoy.es\/es\/col%c2%b7lectiu-03820-compromis-pide-controles-para-la-procesionaria\/"]}]},{"@type":"ImageObject","inLanguage":"es","@id":"https:\/\/www.copealcoy.es\/es\/col%c2%b7lectiu-03820-compromis-pide-controles-para-la-procesionaria\/#primaryimage","url":"https:\/\/www.copealcoy.es\/wp-content\/uploads\/2016\/02\/10337735_782792061864281_7371707109787674168_n-e1455122976896.jpg","contentUrl":"https:\/\/www.copealcoy.es\/wp-content\/uploads\/2016\/02\/10337735_782792061864281_7371707109787674168_n-e1455122976896.jpg","width":720,"height":420,"caption":"La procesionaria ha proliferado en los \u00faltimos d\u00edas en varios municipios"},{"@type":"BreadcrumbList","@id":"https:\/\/www.copealcoy.es\/es\/col%c2%b7lectiu-03820-compromis-pide-controles-para-la-procesionaria\/#breadcrumb","itemListElement":[{"@type":"ListItem","position":1,"name":"Portada","item":"https:\/\/www.copealcoy.es\/es\/"},{"@type":"ListItem","position":2,"name":"Col\u00b7lectiu 03820-Comprom\u00eds pide controles para la procesionaria"}]},{"@type":"WebSite","@id":"https:\/\/www.copealcoy.es\/es\/#website","url":"https:\/\/www.copealcoy.es\/es\/","name":"COPE Alcoy","description":"Emisora COPE de radio local con emisi\u00f3n online. Pont de Sant Jordi 8-10 03803 Alcoy","potentialAction":[{"@type":"SearchAction","target":{"@type":"EntryPoint","urlTemplate":"https:\/\/www.copealcoy.es\/es\/?s={search_term_string}"},"query-input":{"@type":"PropertyValueSpecification","valueRequired":true,"valueName":"search_term_string"}}],"inLanguage":"es"},{"@type":"Person","@id":"https:\/\/www.copealcoy.es\/es\/#\/schema\/person\/e777c87fa024e57d40170af9df39882c","name":"Cope Alcoy","image":{"@type":"ImageObject","inLanguage":"es","@id":"https:\/\/secure.gravatar.com\/avatar\/bb65d0283347e303893ba14f0692005417c1e0e690a325a4c5d8bb2b3943ee14?s=96&d=mm&r=g","url":"https:\/\/secure.gravatar.com\/avatar\/bb65d0283347e303893ba14f0692005417c1e0e690a325a4c5d8bb2b3943ee14?s=96&d=mm&r=g","contentUrl":"https:\/\/secure.gravatar.com\/avatar\/bb65d0283347e303893ba14f0692005417c1e0e690a325a4c5d8bb2b3943ee14?s=96&d=mm&r=g","caption":"Cope Alcoy"}}]}},"_links":{"self":[{"href":"https:\/\/www.copealcoy.es\/es\/wp-json\/wp\/v2\/posts\/18808","targetHints":{"allow":["GET"]}}],"collection":[{"href":"https:\/\/www.copealcoy.es\/es\/wp-json\/wp\/v2\/posts"}],"about":[{"href":"https:\/\/www.copealcoy.es\/es\/wp-json\/wp\/v2\/types\/post"}],"author":[{"embeddable":true,"href":"https:\/\/www.copealcoy.es\/es\/wp-json\/wp\/v2\/users\/1"}],"replies":[{"embeddable":true,"href":"https:\/\/www.copealcoy.es\/es\/wp-json\/wp\/v2\/comments?post=18808"}],"version-history":[{"count":0,"href":"https:\/\/www.copealcoy.es\/es\/wp-json\/wp\/v2\/posts\/18808\/revisions"}],"wp:featuredmedia":[{"embeddable":true,"href":"https:\/\/www.copealcoy.es\/es\/wp-json\/wp\/v2\/media\/18809"}],"wp:attachment":[{"href":"https:\/\/www.copealcoy.es\/es\/wp-json\/wp\/v2\/media?parent=18808"}],"wp:term":[{"taxonomy":"category","embeddable":true,"href":"https:\/\/www.copealcoy.es\/es\/wp-json\/wp\/v2\/categories?post=18808"},{"taxonomy":"post_tag","embeddable":true,"href":"https:\/\/www.copealcoy.es\/es\/wp-json\/wp\/v2\/tags?post=18808"}],"curies":[{"name":"wp","href":"https:\/\/api.w.org\/{rel}","templated":true}]}}