{"id":18799,"date":"2016-02-10T17:26:30","date_gmt":"2016-02-10T17:26:30","guid":{"rendered":"http:\/\/copealcoi.es\/new\/?p=18799"},"modified":"2016-02-10T17:27:39","modified_gmt":"2016-02-10T17:27:39","slug":"el-pac-adecuara-la-calle-mossen-torregrosa","status":"publish","type":"post","link":"https:\/\/www.copealcoy.es\/es\/el-pac-adecuara-la-calle-mossen-torregrosa\/","title":{"rendered":"El PAC adecuar\u00e1 la Calle Moss\u00e9n Torregrosa"},"content":{"rendered":"<p style=\"text-align: justify;\">El Plan de Acci\u00f3n Comercial (PAC) actuar\u00e1 en la calle Moss\u00e9n Torregrosa gracias a la inversi\u00f3n de 50.000 euros que la concejal\u00eda de Comercio destinar\u00e1 para tal fin. Esta partida presupuestaria tambi\u00e9n pretende acabar de desarrollar el &#8216;Portal del Comerciante&#8217; &#8211; por\u00a0el que ya se lleva trabajando a\u00f1os atr\u00e1s- y la peatonalizaci\u00f3n de la calle\u00a0del Centro Comercial de Alzamora. \u00a0Esta decisi\u00f3n fue tomada despu\u00e9s de una reuni\u00f3n en la que se lleg\u00f3 a un acuerdo entre la Asociaci\u00f3 Comercial de Empresarios del Comercio de Alcoy (ACECA),\u00a0\u00a0la Concejala de Comercio, la Federaci\u00f3n de Comercio, C\u00e1mara de Comercio y los grupos pol\u00edticos de la oposici\u00f3n, antes de cerrar el presupuesto.<\/p>\n<p style=\"text-align: justify;\">La edil de Comercio, Vanessa Molt\u00f3, ha destacado que tras estas inversiones llegar\u00e1n m\u00e1s medidas para adecuar las zonas comerciales de Alcoy: &#8220;aparte de las actuaciones propias de la partida del PAC 2016, este a\u00f1o, tambi\u00e9n se llevar\u00e1 a cabo la adecuaci\u00f3n de la calle Enten\u00e7a&#8221;. Este proyecto era una de las l\u00edneas destacadas del Plan, que se ha reclamado a lo largo de todos los a\u00f1os en la comisi\u00f3n, pero que debido a su elevado coste lo\u00a0hab\u00eda hecho inviable. En relaci\u00f3n a\u00a0ello, Molt\u00f3 a\u00f1ade:\u00a0\u00abEste viernes tendr\u00e1 lugar la mesa para la clasificaci\u00f3n de las empresas por el proyecto de Enten\u00e7a as\u00ed que, este a\u00f1o, dos barrios diferentes tendr\u00e1n actuaciones que mejorar\u00e1n comercio de Alcoy\u00bb, ha concluido.<\/p>\n","protected":false},"excerpt":{"rendered":"<p>El Plan de Acci\u00f3n Comercial (PAC) actuar\u00e1 en la calle Moss\u00e9n Torregrosa gracias a la inversi\u00f3n de 50.000 euros que&#8230;<\/p>\n","protected":false},"author":1,"featured_media":10977,"comment_status":"open","ping_status":"open","sticky":false,"template":"","format":"standard","meta":{"footnotes":""},"categories":[97,75,79],"tags":[467,321,371],"class_list":["post-18799","post","type-post","status-publish","format-standard","has-post-thumbnail","hentry","category-alcoy","category-noticias","category-politicayeconomia","tag-comercio","tag-comercio-local","tag-psoe"],"yoast_head":"<!-- This site is optimized with the Yoast SEO plugin v27.3 - https:\/\/yoast.com\/product\/yoast-seo-wordpress\/ -->\n<title>El PAC adecuar\u00e1 la Calle Moss\u00e9n Torregrosa - COPE Alcoy<\/title>\n<meta name=\"robots\" content=\"index, follow, max-snippet:-1, max-image-preview:large, max-video-preview:-1\" \/>\n<link rel=\"canonical\" href=\"https:\/\/www.copealcoy.es\/es\/el-pac-adecuara-la-calle-mossen-torregrosa\/\" \/>\n<meta property=\"og:locale\" content=\"es_ES\" \/>\n<meta property=\"og:type\" content=\"article\" \/>\n<meta property=\"og:title\" content=\"El PAC adecuar\u00e1 la Calle Moss\u00e9n Torregrosa - COPE Alcoy\" \/>\n<meta property=\"og:description\" content=\"El Plan de Acci\u00f3n Comercial (PAC) actuar\u00e1 en la calle Moss\u00e9n Torregrosa gracias a la inversi\u00f3n de 50.000 euros que...\" \/>\n<meta property=\"og:url\" content=\"https:\/\/www.copealcoy.es\/es\/el-pac-adecuara-la-calle-mossen-torregrosa\/\" \/>\n<meta property=\"og:site_name\" content=\"COPE Alcoy\" \/>\n<meta property=\"article:published_time\" content=\"2016-02-10T17:26:30+00:00\" \/>\n<meta property=\"article:modified_time\" content=\"2016-02-10T17:27:39+00:00\" \/>\n<meta property=\"og:image\" content=\"https:\/\/www.copealcoy.es\/wp-content\/uploads\/2015\/03\/image4.jpg\" \/>\n\t<meta property=\"og:image:width\" content=\"460\" \/>\n\t<meta property=\"og:image:height\" content=\"345\" \/>\n\t<meta property=\"og:image:type\" content=\"image\/jpeg\" \/>\n<meta name=\"author\" content=\"Cope Alcoy\" \/>\n<meta name=\"twitter:label1\" content=\"Escrito por\" \/>\n\t<meta name=\"twitter:data1\" content=\"Cope Alcoy\" \/>\n\t<meta name=\"twitter:label2\" content=\"Tiempo de lectura\" \/>\n\t<meta name=\"twitter:data2\" content=\"1 minuto\" \/>\n<script type=\"application\/ld+json\" class=\"yoast-schema-graph\">{\"@context\":\"https:\\\/\\\/schema.org\",\"@graph\":[{\"@type\":\"Article\",\"@id\":\"https:\\\/\\\/www.copealcoy.es\\\/es\\\/el-pac-adecuara-la-calle-mossen-torregrosa\\\/#article\",\"isPartOf\":{\"@id\":\"https:\\\/\\\/www.copealcoy.es\\\/es\\\/el-pac-adecuara-la-calle-mossen-torregrosa\\\/\"},\"author\":{\"name\":\"Cope Alcoy\",\"@id\":\"https:\\\/\\\/www.copealcoy.es\\\/es\\\/#\\\/schema\\\/person\\\/e777c87fa024e57d40170af9df39882c\"},\"headline\":\"El PAC adecuar\u00e1 la Calle Moss\u00e9n Torregrosa\",\"datePublished\":\"2016-02-10T17:26:30+00:00\",\"dateModified\":\"2016-02-10T17:27:39+00:00\",\"mainEntityOfPage\":{\"@id\":\"https:\\\/\\\/www.copealcoy.es\\\/es\\\/el-pac-adecuara-la-calle-mossen-torregrosa\\\/\"},\"wordCount\":269,\"commentCount\":0,\"image\":{\"@id\":\"https:\\\/\\\/www.copealcoy.es\\\/es\\\/el-pac-adecuara-la-calle-mossen-torregrosa\\\/#primaryimage\"},\"thumbnailUrl\":\"https:\\\/\\\/www.copealcoy.es\\\/wp-content\\\/uploads\\\/2015\\\/03\\\/image4.jpg\",\"keywords\":[\"Comercio\",\"Comercio Local\",\"PSOE\"],\"articleSection\":[\"Alcoy\",\"Noticias\",\"Pol\u00edtica y Econom\u00eda\"],\"inLanguage\":\"es\"},{\"@type\":\"WebPage\",\"@id\":\"https:\\\/\\\/www.copealcoy.es\\\/es\\\/el-pac-adecuara-la-calle-mossen-torregrosa\\\/\",\"url\":\"https:\\\/\\\/www.copealcoy.es\\\/es\\\/el-pac-adecuara-la-calle-mossen-torregrosa\\\/\",\"name\":\"El PAC adecuar\u00e1 la Calle Moss\u00e9n Torregrosa - COPE Alcoy\",\"isPartOf\":{\"@id\":\"https:\\\/\\\/www.copealcoy.es\\\/es\\\/#website\"},\"primaryImageOfPage\":{\"@id\":\"https:\\\/\\\/www.copealcoy.es\\\/es\\\/el-pac-adecuara-la-calle-mossen-torregrosa\\\/#primaryimage\"},\"image\":{\"@id\":\"https:\\\/\\\/www.copealcoy.es\\\/es\\\/el-pac-adecuara-la-calle-mossen-torregrosa\\\/#primaryimage\"},\"thumbnailUrl\":\"https:\\\/\\\/www.copealcoy.es\\\/wp-content\\\/uploads\\\/2015\\\/03\\\/image4.jpg\",\"datePublished\":\"2016-02-10T17:26:30+00:00\",\"dateModified\":\"2016-02-10T17:27:39+00:00\",\"author\":{\"@id\":\"https:\\\/\\\/www.copealcoy.es\\\/es\\\/#\\\/schema\\\/person\\\/e777c87fa024e57d40170af9df39882c\"},\"breadcrumb\":{\"@id\":\"https:\\\/\\\/www.copealcoy.es\\\/es\\\/el-pac-adecuara-la-calle-mossen-torregrosa\\\/#breadcrumb\"},\"inLanguage\":\"es\",\"potentialAction\":[{\"@type\":\"ReadAction\",\"target\":[\"https:\\\/\\\/www.copealcoy.es\\\/es\\\/el-pac-adecuara-la-calle-mossen-torregrosa\\\/\"]}]},{\"@type\":\"ImageObject\",\"inLanguage\":\"es\",\"@id\":\"https:\\\/\\\/www.copealcoy.es\\\/es\\\/el-pac-adecuara-la-calle-mossen-torregrosa\\\/#primaryimage\",\"url\":\"https:\\\/\\\/www.copealcoy.es\\\/wp-content\\\/uploads\\\/2015\\\/03\\\/image4.jpg\",\"contentUrl\":\"https:\\\/\\\/www.copealcoy.es\\\/wp-content\\\/uploads\\\/2015\\\/03\\\/image4.jpg\",\"width\":460,\"height\":345,\"caption\":\"El Centro es una de las zonas con locales m\u00e1s vac\u00edos\"},{\"@type\":\"BreadcrumbList\",\"@id\":\"https:\\\/\\\/www.copealcoy.es\\\/es\\\/el-pac-adecuara-la-calle-mossen-torregrosa\\\/#breadcrumb\",\"itemListElement\":[{\"@type\":\"ListItem\",\"position\":1,\"name\":\"Portada\",\"item\":\"https:\\\/\\\/www.copealcoy.es\\\/es\\\/\"},{\"@type\":\"ListItem\",\"position\":2,\"name\":\"El PAC adecuar\u00e1 la Calle Moss\u00e9n Torregrosa\"}]},{\"@type\":\"WebSite\",\"@id\":\"https:\\\/\\\/www.copealcoy.es\\\/es\\\/#website\",\"url\":\"https:\\\/\\\/www.copealcoy.es\\\/es\\\/\",\"name\":\"COPE Alcoy\",\"description\":\"Emisora COPE de radio local con emisi\u00f3n online. Pont de Sant Jordi 8-10 03803 Alcoy\",\"potentialAction\":[{\"@type\":\"SearchAction\",\"target\":{\"@type\":\"EntryPoint\",\"urlTemplate\":\"https:\\\/\\\/www.copealcoy.es\\\/es\\\/?s={search_term_string}\"},\"query-input\":{\"@type\":\"PropertyValueSpecification\",\"valueRequired\":true,\"valueName\":\"search_term_string\"}}],\"inLanguage\":\"es\"},{\"@type\":\"Person\",\"@id\":\"https:\\\/\\\/www.copealcoy.es\\\/es\\\/#\\\/schema\\\/person\\\/e777c87fa024e57d40170af9df39882c\",\"name\":\"Cope Alcoy\",\"image\":{\"@type\":\"ImageObject\",\"inLanguage\":\"es\",\"@id\":\"https:\\\/\\\/secure.gravatar.com\\\/avatar\\\/bb65d0283347e303893ba14f0692005417c1e0e690a325a4c5d8bb2b3943ee14?s=96&d=mm&r=g\",\"url\":\"https:\\\/\\\/secure.gravatar.com\\\/avatar\\\/bb65d0283347e303893ba14f0692005417c1e0e690a325a4c5d8bb2b3943ee14?s=96&d=mm&r=g\",\"contentUrl\":\"https:\\\/\\\/secure.gravatar.com\\\/avatar\\\/bb65d0283347e303893ba14f0692005417c1e0e690a325a4c5d8bb2b3943ee14?s=96&d=mm&r=g\",\"caption\":\"Cope Alcoy\"}}]}<\/script>\n<!-- \/ Yoast SEO plugin. -->","yoast_head_json":{"title":"El PAC adecuar\u00e1 la Calle Moss\u00e9n Torregrosa - COPE Alcoy","robots":{"index":"index","follow":"follow","max-snippet":"max-snippet:-1","max-image-preview":"max-image-preview:large","max-video-preview":"max-video-preview:-1"},"canonical":"https:\/\/www.copealcoy.es\/es\/el-pac-adecuara-la-calle-mossen-torregrosa\/","og_locale":"es_ES","og_type":"article","og_title":"El PAC adecuar\u00e1 la Calle Moss\u00e9n Torregrosa - COPE Alcoy","og_description":"El Plan de Acci\u00f3n Comercial (PAC) actuar\u00e1 en la calle Moss\u00e9n Torregrosa gracias a la inversi\u00f3n de 50.000 euros que...","og_url":"https:\/\/www.copealcoy.es\/es\/el-pac-adecuara-la-calle-mossen-torregrosa\/","og_site_name":"COPE Alcoy","article_published_time":"2016-02-10T17:26:30+00:00","article_modified_time":"2016-02-10T17:27:39+00:00","og_image":[{"width":460,"height":345,"url":"https:\/\/www.copealcoy.es\/wp-content\/uploads\/2015\/03\/image4.jpg","type":"image\/jpeg"}],"author":"Cope Alcoy","twitter_misc":{"Escrito por":"Cope Alcoy","Tiempo de lectura":"1 minuto"},"schema":{"@context":"https:\/\/schema.org","@graph":[{"@type":"Article","@id":"https:\/\/www.copealcoy.es\/es\/el-pac-adecuara-la-calle-mossen-torregrosa\/#article","isPartOf":{"@id":"https:\/\/www.copealcoy.es\/es\/el-pac-adecuara-la-calle-mossen-torregrosa\/"},"author":{"name":"Cope Alcoy","@id":"https:\/\/www.copealcoy.es\/es\/#\/schema\/person\/e777c87fa024e57d40170af9df39882c"},"headline":"El PAC adecuar\u00e1 la Calle Moss\u00e9n Torregrosa","datePublished":"2016-02-10T17:26:30+00:00","dateModified":"2016-02-10T17:27:39+00:00","mainEntityOfPage":{"@id":"https:\/\/www.copealcoy.es\/es\/el-pac-adecuara-la-calle-mossen-torregrosa\/"},"wordCount":269,"commentCount":0,"image":{"@id":"https:\/\/www.copealcoy.es\/es\/el-pac-adecuara-la-calle-mossen-torregrosa\/#primaryimage"},"thumbnailUrl":"https:\/\/www.copealcoy.es\/wp-content\/uploads\/2015\/03\/image4.jpg","keywords":["Comercio","Comercio Local","PSOE"],"articleSection":["Alcoy","Noticias","Pol\u00edtica y Econom\u00eda"],"inLanguage":"es"},{"@type":"WebPage","@id":"https:\/\/www.copealcoy.es\/es\/el-pac-adecuara-la-calle-mossen-torregrosa\/","url":"https:\/\/www.copealcoy.es\/es\/el-pac-adecuara-la-calle-mossen-torregrosa\/","name":"El PAC adecuar\u00e1 la Calle Moss\u00e9n Torregrosa - COPE Alcoy","isPartOf":{"@id":"https:\/\/www.copealcoy.es\/es\/#website"},"primaryImageOfPage":{"@id":"https:\/\/www.copealcoy.es\/es\/el-pac-adecuara-la-calle-mossen-torregrosa\/#primaryimage"},"image":{"@id":"https:\/\/www.copealcoy.es\/es\/el-pac-adecuara-la-calle-mossen-torregrosa\/#primaryimage"},"thumbnailUrl":"https:\/\/www.copealcoy.es\/wp-content\/uploads\/2015\/03\/image4.jpg","datePublished":"2016-02-10T17:26:30+00:00","dateModified":"2016-02-10T17:27:39+00:00","author":{"@id":"https:\/\/www.copealcoy.es\/es\/#\/schema\/person\/e777c87fa024e57d40170af9df39882c"},"breadcrumb":{"@id":"https:\/\/www.copealcoy.es\/es\/el-pac-adecuara-la-calle-mossen-torregrosa\/#breadcrumb"},"inLanguage":"es","potentialAction":[{"@type":"ReadAction","target":["https:\/\/www.copealcoy.es\/es\/el-pac-adecuara-la-calle-mossen-torregrosa\/"]}]},{"@type":"ImageObject","inLanguage":"es","@id":"https:\/\/www.copealcoy.es\/es\/el-pac-adecuara-la-calle-mossen-torregrosa\/#primaryimage","url":"https:\/\/www.copealcoy.es\/wp-content\/uploads\/2015\/03\/image4.jpg","contentUrl":"https:\/\/www.copealcoy.es\/wp-content\/uploads\/2015\/03\/image4.jpg","width":460,"height":345,"caption":"El Centro es una de las zonas con locales m\u00e1s vac\u00edos"},{"@type":"BreadcrumbList","@id":"https:\/\/www.copealcoy.es\/es\/el-pac-adecuara-la-calle-mossen-torregrosa\/#breadcrumb","itemListElement":[{"@type":"ListItem","position":1,"name":"Portada","item":"https:\/\/www.copealcoy.es\/es\/"},{"@type":"ListItem","position":2,"name":"El PAC adecuar\u00e1 la Calle Moss\u00e9n Torregrosa"}]},{"@type":"WebSite","@id":"https:\/\/www.copealcoy.es\/es\/#website","url":"https:\/\/www.copealcoy.es\/es\/","name":"COPE Alcoy","description":"Emisora COPE de radio local con emisi\u00f3n online. Pont de Sant Jordi 8-10 03803 Alcoy","potentialAction":[{"@type":"SearchAction","target":{"@type":"EntryPoint","urlTemplate":"https:\/\/www.copealcoy.es\/es\/?s={search_term_string}"},"query-input":{"@type":"PropertyValueSpecification","valueRequired":true,"valueName":"search_term_string"}}],"inLanguage":"es"},{"@type":"Person","@id":"https:\/\/www.copealcoy.es\/es\/#\/schema\/person\/e777c87fa024e57d40170af9df39882c","name":"Cope Alcoy","image":{"@type":"ImageObject","inLanguage":"es","@id":"https:\/\/secure.gravatar.com\/avatar\/bb65d0283347e303893ba14f0692005417c1e0e690a325a4c5d8bb2b3943ee14?s=96&d=mm&r=g","url":"https:\/\/secure.gravatar.com\/avatar\/bb65d0283347e303893ba14f0692005417c1e0e690a325a4c5d8bb2b3943ee14?s=96&d=mm&r=g","contentUrl":"https:\/\/secure.gravatar.com\/avatar\/bb65d0283347e303893ba14f0692005417c1e0e690a325a4c5d8bb2b3943ee14?s=96&d=mm&r=g","caption":"Cope Alcoy"}}]}},"_links":{"self":[{"href":"https:\/\/www.copealcoy.es\/es\/wp-json\/wp\/v2\/posts\/18799","targetHints":{"allow":["GET"]}}],"collection":[{"href":"https:\/\/www.copealcoy.es\/es\/wp-json\/wp\/v2\/posts"}],"about":[{"href":"https:\/\/www.copealcoy.es\/es\/wp-json\/wp\/v2\/types\/post"}],"author":[{"embeddable":true,"href":"https:\/\/www.copealcoy.es\/es\/wp-json\/wp\/v2\/users\/1"}],"replies":[{"embeddable":true,"href":"https:\/\/www.copealcoy.es\/es\/wp-json\/wp\/v2\/comments?post=18799"}],"version-history":[{"count":0,"href":"https:\/\/www.copealcoy.es\/es\/wp-json\/wp\/v2\/posts\/18799\/revisions"}],"wp:featuredmedia":[{"embeddable":true,"href":"https:\/\/www.copealcoy.es\/es\/wp-json\/wp\/v2\/media\/10977"}],"wp:attachment":[{"href":"https:\/\/www.copealcoy.es\/es\/wp-json\/wp\/v2\/media?parent=18799"}],"wp:term":[{"taxonomy":"category","embeddable":true,"href":"https:\/\/www.copealcoy.es\/es\/wp-json\/wp\/v2\/categories?post=18799"},{"taxonomy":"post_tag","embeddable":true,"href":"https:\/\/www.copealcoy.es\/es\/wp-json\/wp\/v2\/tags?post=18799"}],"curies":[{"name":"wp","href":"https:\/\/api.w.org\/{rel}","templated":true}]}}