{"id":18788,"date":"2016-02-10T08:22:29","date_gmt":"2016-02-10T08:22:29","guid":{"rendered":"http:\/\/copealcoi.es\/new\/?p=18788"},"modified":"2016-02-10T08:26:26","modified_gmt":"2016-02-10T08:26:26","slug":"un-completo-programa-para-la-semana-santa-contestana","status":"publish","type":"post","link":"https:\/\/www.copealcoy.es\/es\/un-completo-programa-para-la-semana-santa-contestana\/","title":{"rendered":"Un completo programa para la Semana Santa Contestana"},"content":{"rendered":"<p style=\"text-align: justify;\">La Junta Central de Cofrad\u00edas de Cocentaina, que este a\u00f1o preside la Cofrad\u00eda de Jes\u00fas del Huerto, ha dado a conocer coincidiendo con el mi\u00e9rcoles de ceniza el programa de actos de la Semana Santa de este a\u00f1o as\u00ed como tambi\u00e9n las actividades que se llevar\u00e1n a cabo durante la Cuaresma.<\/p>\n<p style=\"text-align: justify;\">Durante las pr\u00f3ximas semanas\u00a0se realizar\u00e1n varias oraciones cuaresmales ante las im\u00e1genes de los pasos en los diferentes templos de la localidad as\u00ed como el rezo del V\u00eda Crucis, charlas, celebraciones de la penitencia, eucarist\u00edas a intenci\u00f3n de los difuntos de las cofrad\u00edas o la exposici\u00f3n del Sant\u00edsimo. Adem\u00e1s el s\u00e1bado 12 de marzo arrancar\u00e1 en la parroquia de El Salvador el Septenario en honor a la Dolorosa mientras que a las ocho de la tarde se presentar\u00e1 el cartel de la Semana Santa en la Parroquia de Santa Mar\u00eda que este a\u00f1o ha realizado Pau Vela Valls. Tambi\u00e9n en esta jornada se efectuar\u00e1 el preg\u00f3n a cargo de Don Jos\u00e9 Reig Armi\u00f1ana.<\/p>\n<p style=\"text-align: justify;\">Los actos centrales comenzar\u00e1n el s\u00e1bado 19 de marzo, d\u00eda de San Jos\u00e9, con la escenificaci\u00f3n por tercer a\u00f1o consecutivo de la Pasi\u00f3n por las calles contestanas partiendo desde El Pla de La Font. Al d\u00eda siguiente con car\u00e1cter interparroquial se llevar\u00e1 a cabo el Domingo de Ramos y por la tarde la procesi\u00f3n de la Dolorosa mientras que los d\u00edas siguientes est\u00e1n reservados para\u00a0la Oraci\u00f3n de Getseman\u00ed en el Convento de los Padres Franciscanos, el triduo al Nazareno o la procesi\u00f3n con esta \u00faltima imagen en la noche del Mi\u00e9rcoles Santo.<\/p>\n<p style=\"text-align: justify;\">El Jueves Santo las iglesias acoger\u00e1n las habituales celebraciones mientras que por la noche partir\u00e1 desde Santa Mar\u00eda la Procesi\u00f3n del Silencio con el\u00a0<em>Crist dels Llauradors.\u00a0<\/em>Al d\u00eda siguiente, Viernes Santo, tras la experiencia del a\u00f1o pasado se volver\u00e1 a realizar el V\u00eda Crucis interparroquial con la imagen del Nazareno desde el Monasterio de la Virgen del Milagro hasta el Calvario de los Franciscanos y ya, a partir de las 20:30h, participar\u00e1n todas las cofrad\u00edas en la Procesi\u00f3n del Santo Entierro. Como novedad todas las im\u00e1genes esperar\u00e1n al Santo Sepulcro en la plaza de la iglesia mientras en el interior se adorar\u00e1 el\u00a0<em>Lignum Crucis.\u00a0<\/em>El S\u00e1bado Santo est\u00e1 reservado para la Vigilia Pascual en cada templo y ya el Domingo de Pascua, a las 9:30, culminar\u00e1 la Semana Santa con el Encuentro Glorioso en el Pla entre la Virgen, El Resucitado y San Juan.<\/p>\n<p style=\"text-align: justify;\">Todos los actos se pueden consultar en folletos que se han repartido por las iglesias de Cocentaina as\u00ed como por Internet a trav\u00e9s de un C\u00f3digo QR creado para tal efecto con el fin de dar difusi\u00f3n a trav\u00e9s de las muevas tecnolog\u00edas.<\/p>\n","protected":false},"excerpt":{"rendered":"<p>La Junta Central de Cofrad\u00edas de Cocentaina, que este a\u00f1o preside la Cofrad\u00eda de Jes\u00fas del Huerto, ha dado a&#8230;<\/p>\n","protected":false},"author":1,"featured_media":11890,"comment_status":"open","ping_status":"open","sticky":false,"template":"","format":"standard","meta":{"footnotes":""},"categories":[98,75],"tags":[132,237,745,447],"class_list":["post-18788","post","type-post","status-publish","format-standard","has-post-thumbnail","hentry","category-comarcas","category-noticias","tag-cocentaina","tag-comtat","tag-semana-santa","tag-tradiciones"],"yoast_head":"<!-- This site is optimized with the Yoast SEO plugin v27.3 - https:\/\/yoast.com\/product\/yoast-seo-wordpress\/ -->\n<title>Un completo programa para la Semana Santa Contestana - COPE Alcoy<\/title>\n<meta name=\"robots\" content=\"index, follow, max-snippet:-1, max-image-preview:large, max-video-preview:-1\" \/>\n<link rel=\"canonical\" href=\"https:\/\/www.copealcoy.es\/es\/un-completo-programa-para-la-semana-santa-contestana\/\" \/>\n<meta property=\"og:locale\" content=\"es_ES\" \/>\n<meta property=\"og:type\" content=\"article\" \/>\n<meta property=\"og:title\" content=\"Un completo programa para la Semana Santa Contestana - COPE Alcoy\" \/>\n<meta property=\"og:description\" content=\"La Junta Central de Cofrad\u00edas de Cocentaina, que este a\u00f1o preside la Cofrad\u00eda de Jes\u00fas del Huerto, ha dado a...\" \/>\n<meta property=\"og:url\" content=\"https:\/\/www.copealcoy.es\/es\/un-completo-programa-para-la-semana-santa-contestana\/\" \/>\n<meta property=\"og:site_name\" content=\"COPE Alcoy\" \/>\n<meta property=\"article:published_time\" content=\"2016-02-10T08:22:29+00:00\" \/>\n<meta property=\"article:modified_time\" content=\"2016-02-10T08:26:26+00:00\" \/>\n<meta property=\"og:image\" content=\"https:\/\/www.copealcoy.es\/wp-content\/uploads\/2015\/04\/DSC08954.jpg\" \/>\n\t<meta property=\"og:image:width\" content=\"640\" \/>\n\t<meta property=\"og:image:height\" content=\"480\" \/>\n\t<meta property=\"og:image:type\" content=\"image\/jpeg\" \/>\n<meta name=\"author\" content=\"Cope Alcoy\" \/>\n<meta name=\"twitter:label1\" content=\"Escrito por\" \/>\n\t<meta name=\"twitter:data1\" content=\"Cope Alcoy\" \/>\n\t<meta name=\"twitter:label2\" content=\"Tiempo de lectura\" \/>\n\t<meta name=\"twitter:data2\" content=\"2 minutos\" \/>\n<script type=\"application\/ld+json\" class=\"yoast-schema-graph\">{\"@context\":\"https:\\\/\\\/schema.org\",\"@graph\":[{\"@type\":\"Article\",\"@id\":\"https:\\\/\\\/www.copealcoy.es\\\/es\\\/un-completo-programa-para-la-semana-santa-contestana\\\/#article\",\"isPartOf\":{\"@id\":\"https:\\\/\\\/www.copealcoy.es\\\/es\\\/un-completo-programa-para-la-semana-santa-contestana\\\/\"},\"author\":{\"name\":\"Cope Alcoy\",\"@id\":\"https:\\\/\\\/www.copealcoy.es\\\/es\\\/#\\\/schema\\\/person\\\/e777c87fa024e57d40170af9df39882c\"},\"headline\":\"Un completo programa para la Semana Santa Contestana\",\"datePublished\":\"2016-02-10T08:22:29+00:00\",\"dateModified\":\"2016-02-10T08:26:26+00:00\",\"mainEntityOfPage\":{\"@id\":\"https:\\\/\\\/www.copealcoy.es\\\/es\\\/un-completo-programa-para-la-semana-santa-contestana\\\/\"},\"wordCount\":506,\"commentCount\":0,\"image\":{\"@id\":\"https:\\\/\\\/www.copealcoy.es\\\/es\\\/un-completo-programa-para-la-semana-santa-contestana\\\/#primaryimage\"},\"thumbnailUrl\":\"https:\\\/\\\/www.copealcoy.es\\\/wp-content\\\/uploads\\\/2015\\\/04\\\/DSC08954.jpg\",\"keywords\":[\"Cocentaina\",\"Comtat\",\"Semana Santa\",\"Tradiciones\"],\"articleSection\":[\"Comarcas\",\"Noticias\"],\"inLanguage\":\"es\"},{\"@type\":\"WebPage\",\"@id\":\"https:\\\/\\\/www.copealcoy.es\\\/es\\\/un-completo-programa-para-la-semana-santa-contestana\\\/\",\"url\":\"https:\\\/\\\/www.copealcoy.es\\\/es\\\/un-completo-programa-para-la-semana-santa-contestana\\\/\",\"name\":\"Un completo programa para la Semana Santa Contestana - COPE Alcoy\",\"isPartOf\":{\"@id\":\"https:\\\/\\\/www.copealcoy.es\\\/es\\\/#website\"},\"primaryImageOfPage\":{\"@id\":\"https:\\\/\\\/www.copealcoy.es\\\/es\\\/un-completo-programa-para-la-semana-santa-contestana\\\/#primaryimage\"},\"image\":{\"@id\":\"https:\\\/\\\/www.copealcoy.es\\\/es\\\/un-completo-programa-para-la-semana-santa-contestana\\\/#primaryimage\"},\"thumbnailUrl\":\"https:\\\/\\\/www.copealcoy.es\\\/wp-content\\\/uploads\\\/2015\\\/04\\\/DSC08954.jpg\",\"datePublished\":\"2016-02-10T08:22:29+00:00\",\"dateModified\":\"2016-02-10T08:26:26+00:00\",\"author\":{\"@id\":\"https:\\\/\\\/www.copealcoy.es\\\/es\\\/#\\\/schema\\\/person\\\/e777c87fa024e57d40170af9df39882c\"},\"breadcrumb\":{\"@id\":\"https:\\\/\\\/www.copealcoy.es\\\/es\\\/un-completo-programa-para-la-semana-santa-contestana\\\/#breadcrumb\"},\"inLanguage\":\"es\",\"potentialAction\":[{\"@type\":\"ReadAction\",\"target\":[\"https:\\\/\\\/www.copealcoy.es\\\/es\\\/un-completo-programa-para-la-semana-santa-contestana\\\/\"]}]},{\"@type\":\"ImageObject\",\"inLanguage\":\"es\",\"@id\":\"https:\\\/\\\/www.copealcoy.es\\\/es\\\/un-completo-programa-para-la-semana-santa-contestana\\\/#primaryimage\",\"url\":\"https:\\\/\\\/www.copealcoy.es\\\/wp-content\\\/uploads\\\/2015\\\/04\\\/DSC08954.jpg\",\"contentUrl\":\"https:\\\/\\\/www.copealcoy.es\\\/wp-content\\\/uploads\\\/2015\\\/04\\\/DSC08954.jpg\",\"width\":640,\"height\":480},{\"@type\":\"BreadcrumbList\",\"@id\":\"https:\\\/\\\/www.copealcoy.es\\\/es\\\/un-completo-programa-para-la-semana-santa-contestana\\\/#breadcrumb\",\"itemListElement\":[{\"@type\":\"ListItem\",\"position\":1,\"name\":\"Portada\",\"item\":\"https:\\\/\\\/www.copealcoy.es\\\/es\\\/\"},{\"@type\":\"ListItem\",\"position\":2,\"name\":\"Un completo programa para la Semana Santa Contestana\"}]},{\"@type\":\"WebSite\",\"@id\":\"https:\\\/\\\/www.copealcoy.es\\\/es\\\/#website\",\"url\":\"https:\\\/\\\/www.copealcoy.es\\\/es\\\/\",\"name\":\"COPE Alcoy\",\"description\":\"Emisora COPE de radio local con emisi\u00f3n online. Pont de Sant Jordi 8-10 03803 Alcoy\",\"potentialAction\":[{\"@type\":\"SearchAction\",\"target\":{\"@type\":\"EntryPoint\",\"urlTemplate\":\"https:\\\/\\\/www.copealcoy.es\\\/es\\\/?s={search_term_string}\"},\"query-input\":{\"@type\":\"PropertyValueSpecification\",\"valueRequired\":true,\"valueName\":\"search_term_string\"}}],\"inLanguage\":\"es\"},{\"@type\":\"Person\",\"@id\":\"https:\\\/\\\/www.copealcoy.es\\\/es\\\/#\\\/schema\\\/person\\\/e777c87fa024e57d40170af9df39882c\",\"name\":\"Cope Alcoy\",\"image\":{\"@type\":\"ImageObject\",\"inLanguage\":\"es\",\"@id\":\"https:\\\/\\\/secure.gravatar.com\\\/avatar\\\/bb65d0283347e303893ba14f0692005417c1e0e690a325a4c5d8bb2b3943ee14?s=96&d=mm&r=g\",\"url\":\"https:\\\/\\\/secure.gravatar.com\\\/avatar\\\/bb65d0283347e303893ba14f0692005417c1e0e690a325a4c5d8bb2b3943ee14?s=96&d=mm&r=g\",\"contentUrl\":\"https:\\\/\\\/secure.gravatar.com\\\/avatar\\\/bb65d0283347e303893ba14f0692005417c1e0e690a325a4c5d8bb2b3943ee14?s=96&d=mm&r=g\",\"caption\":\"Cope Alcoy\"}}]}<\/script>\n<!-- \/ Yoast SEO plugin. -->","yoast_head_json":{"title":"Un completo programa para la Semana Santa Contestana - COPE Alcoy","robots":{"index":"index","follow":"follow","max-snippet":"max-snippet:-1","max-image-preview":"max-image-preview:large","max-video-preview":"max-video-preview:-1"},"canonical":"https:\/\/www.copealcoy.es\/es\/un-completo-programa-para-la-semana-santa-contestana\/","og_locale":"es_ES","og_type":"article","og_title":"Un completo programa para la Semana Santa Contestana - COPE Alcoy","og_description":"La Junta Central de Cofrad\u00edas de Cocentaina, que este a\u00f1o preside la Cofrad\u00eda de Jes\u00fas del Huerto, ha dado a...","og_url":"https:\/\/www.copealcoy.es\/es\/un-completo-programa-para-la-semana-santa-contestana\/","og_site_name":"COPE Alcoy","article_published_time":"2016-02-10T08:22:29+00:00","article_modified_time":"2016-02-10T08:26:26+00:00","og_image":[{"width":640,"height":480,"url":"https:\/\/www.copealcoy.es\/wp-content\/uploads\/2015\/04\/DSC08954.jpg","type":"image\/jpeg"}],"author":"Cope Alcoy","twitter_misc":{"Escrito por":"Cope Alcoy","Tiempo de lectura":"2 minutos"},"schema":{"@context":"https:\/\/schema.org","@graph":[{"@type":"Article","@id":"https:\/\/www.copealcoy.es\/es\/un-completo-programa-para-la-semana-santa-contestana\/#article","isPartOf":{"@id":"https:\/\/www.copealcoy.es\/es\/un-completo-programa-para-la-semana-santa-contestana\/"},"author":{"name":"Cope Alcoy","@id":"https:\/\/www.copealcoy.es\/es\/#\/schema\/person\/e777c87fa024e57d40170af9df39882c"},"headline":"Un completo programa para la Semana Santa Contestana","datePublished":"2016-02-10T08:22:29+00:00","dateModified":"2016-02-10T08:26:26+00:00","mainEntityOfPage":{"@id":"https:\/\/www.copealcoy.es\/es\/un-completo-programa-para-la-semana-santa-contestana\/"},"wordCount":506,"commentCount":0,"image":{"@id":"https:\/\/www.copealcoy.es\/es\/un-completo-programa-para-la-semana-santa-contestana\/#primaryimage"},"thumbnailUrl":"https:\/\/www.copealcoy.es\/wp-content\/uploads\/2015\/04\/DSC08954.jpg","keywords":["Cocentaina","Comtat","Semana Santa","Tradiciones"],"articleSection":["Comarcas","Noticias"],"inLanguage":"es"},{"@type":"WebPage","@id":"https:\/\/www.copealcoy.es\/es\/un-completo-programa-para-la-semana-santa-contestana\/","url":"https:\/\/www.copealcoy.es\/es\/un-completo-programa-para-la-semana-santa-contestana\/","name":"Un completo programa para la Semana Santa Contestana - COPE Alcoy","isPartOf":{"@id":"https:\/\/www.copealcoy.es\/es\/#website"},"primaryImageOfPage":{"@id":"https:\/\/www.copealcoy.es\/es\/un-completo-programa-para-la-semana-santa-contestana\/#primaryimage"},"image":{"@id":"https:\/\/www.copealcoy.es\/es\/un-completo-programa-para-la-semana-santa-contestana\/#primaryimage"},"thumbnailUrl":"https:\/\/www.copealcoy.es\/wp-content\/uploads\/2015\/04\/DSC08954.jpg","datePublished":"2016-02-10T08:22:29+00:00","dateModified":"2016-02-10T08:26:26+00:00","author":{"@id":"https:\/\/www.copealcoy.es\/es\/#\/schema\/person\/e777c87fa024e57d40170af9df39882c"},"breadcrumb":{"@id":"https:\/\/www.copealcoy.es\/es\/un-completo-programa-para-la-semana-santa-contestana\/#breadcrumb"},"inLanguage":"es","potentialAction":[{"@type":"ReadAction","target":["https:\/\/www.copealcoy.es\/es\/un-completo-programa-para-la-semana-santa-contestana\/"]}]},{"@type":"ImageObject","inLanguage":"es","@id":"https:\/\/www.copealcoy.es\/es\/un-completo-programa-para-la-semana-santa-contestana\/#primaryimage","url":"https:\/\/www.copealcoy.es\/wp-content\/uploads\/2015\/04\/DSC08954.jpg","contentUrl":"https:\/\/www.copealcoy.es\/wp-content\/uploads\/2015\/04\/DSC08954.jpg","width":640,"height":480},{"@type":"BreadcrumbList","@id":"https:\/\/www.copealcoy.es\/es\/un-completo-programa-para-la-semana-santa-contestana\/#breadcrumb","itemListElement":[{"@type":"ListItem","position":1,"name":"Portada","item":"https:\/\/www.copealcoy.es\/es\/"},{"@type":"ListItem","position":2,"name":"Un completo programa para la Semana Santa Contestana"}]},{"@type":"WebSite","@id":"https:\/\/www.copealcoy.es\/es\/#website","url":"https:\/\/www.copealcoy.es\/es\/","name":"COPE Alcoy","description":"Emisora COPE de radio local con emisi\u00f3n online. Pont de Sant Jordi 8-10 03803 Alcoy","potentialAction":[{"@type":"SearchAction","target":{"@type":"EntryPoint","urlTemplate":"https:\/\/www.copealcoy.es\/es\/?s={search_term_string}"},"query-input":{"@type":"PropertyValueSpecification","valueRequired":true,"valueName":"search_term_string"}}],"inLanguage":"es"},{"@type":"Person","@id":"https:\/\/www.copealcoy.es\/es\/#\/schema\/person\/e777c87fa024e57d40170af9df39882c","name":"Cope Alcoy","image":{"@type":"ImageObject","inLanguage":"es","@id":"https:\/\/secure.gravatar.com\/avatar\/bb65d0283347e303893ba14f0692005417c1e0e690a325a4c5d8bb2b3943ee14?s=96&d=mm&r=g","url":"https:\/\/secure.gravatar.com\/avatar\/bb65d0283347e303893ba14f0692005417c1e0e690a325a4c5d8bb2b3943ee14?s=96&d=mm&r=g","contentUrl":"https:\/\/secure.gravatar.com\/avatar\/bb65d0283347e303893ba14f0692005417c1e0e690a325a4c5d8bb2b3943ee14?s=96&d=mm&r=g","caption":"Cope Alcoy"}}]}},"_links":{"self":[{"href":"https:\/\/www.copealcoy.es\/es\/wp-json\/wp\/v2\/posts\/18788","targetHints":{"allow":["GET"]}}],"collection":[{"href":"https:\/\/www.copealcoy.es\/es\/wp-json\/wp\/v2\/posts"}],"about":[{"href":"https:\/\/www.copealcoy.es\/es\/wp-json\/wp\/v2\/types\/post"}],"author":[{"embeddable":true,"href":"https:\/\/www.copealcoy.es\/es\/wp-json\/wp\/v2\/users\/1"}],"replies":[{"embeddable":true,"href":"https:\/\/www.copealcoy.es\/es\/wp-json\/wp\/v2\/comments?post=18788"}],"version-history":[{"count":0,"href":"https:\/\/www.copealcoy.es\/es\/wp-json\/wp\/v2\/posts\/18788\/revisions"}],"wp:featuredmedia":[{"embeddable":true,"href":"https:\/\/www.copealcoy.es\/es\/wp-json\/wp\/v2\/media\/11890"}],"wp:attachment":[{"href":"https:\/\/www.copealcoy.es\/es\/wp-json\/wp\/v2\/media?parent=18788"}],"wp:term":[{"taxonomy":"category","embeddable":true,"href":"https:\/\/www.copealcoy.es\/es\/wp-json\/wp\/v2\/categories?post=18788"},{"taxonomy":"post_tag","embeddable":true,"href":"https:\/\/www.copealcoy.es\/es\/wp-json\/wp\/v2\/tags?post=18788"}],"curies":[{"name":"wp","href":"https:\/\/api.w.org\/{rel}","templated":true}]}}