{"id":18755,"date":"2016-02-08T22:54:37","date_gmt":"2016-02-08T22:54:37","guid":{"rendered":"http:\/\/copealcoi.es\/new\/?p=18755"},"modified":"2016-02-08T22:54:37","modified_gmt":"2016-02-08T22:54:37","slug":"el-tsj-considera-que-parte-de-la-construccion-de-mcdonalds-es-ilegal","status":"publish","type":"post","link":"https:\/\/www.copealcoy.es\/es\/el-tsj-considera-que-parte-de-la-construccion-de-mcdonalds-es-ilegal\/","title":{"rendered":"El TSJ considera que parte de la construcci\u00f3n de McDonald\u2019s es ilegal"},"content":{"rendered":"<p style=\"text-align: justify;\">El Tribunal Superior de Justicia ha estimado el recurso de apelaci\u00f3n que el grupo ecologista \u2018La Carrasca de Alcoy\u2019 interpuso contra la Junta de Gobierno Local del Ayuntamiento en 2009 por la concesi\u00f3n del McDonald\u2019s.\u00a0El fallo declara ilegales la zona de aparcamientos y las \u00e1reas exteriores de este complejo destinado a la restauraci\u00f3n, ubicado en la Zona Norte, al considerar que ocupa una superficie cinco veces superior a la que la ley autorizaba. Desde La Carrasca, adem\u00e1s,\u00a0 exigen ahora al Gobierno actual investigar y depurar todas las responsabilidades, incluyendo las penales si as\u00ed lo viera necesario &#8220;hay que aclarar si ha habido negligencias graves de los t\u00e9cnicos, si fueron los cargos pol\u00edticos los que presionaron para que se incumpliera la legalidad o si estamos ante un caso de corrupci\u00f3n&#8221;, detallan\u00a0en un\u00a0comunicado.<\/p>\n<p style=\"text-align: justify;\">El grupo ecologista\u00a0denuncia tambi\u00e9n\u00a0que el pliego de condiciones se realiz\u00f3 en su momento a medida de la multinacional y aseguran que obtuvo un trato de favor al disponer de\u00a0terrenos de titularidad municipal\u00a0muy accesibles al menor precio\u00a0. Desde La Carrasca finalmente instan a la creaci\u00f3n de\u00a0una comisi\u00f3n de investigaci\u00f3n municipal que aclare la acumulaci\u00f3n de\u00a0casos\u00a0de ilegalidades urban\u00edsticas durante la etapa de Jorge Sedano al frente del consistorio &#8220;es imprescindible llegar hasta el final para impedir que los costes derivados de estas ilegalidades recaigan en las arcas municipales y para evitar tambi\u00e9n que hechos como estos puedan volver a producirse&#8221;, afirman.<\/p>\n","protected":false},"excerpt":{"rendered":"<p>El Tribunal Superior de Justicia ha estimado el recurso de apelaci\u00f3n que el grupo ecologista \u2018La Carrasca de Alcoy\u2019 interpuso&#8230;<\/p>\n","protected":false},"author":1,"featured_media":18756,"comment_status":"open","ping_status":"open","sticky":false,"template":"","format":"standard","meta":{"footnotes":""},"categories":[97,75,125],"tags":[825,656,1839,658],"class_list":["post-18755","post","type-post","status-publish","format-standard","has-post-thumbnail","hentry","category-alcoy","category-noticias","category-portada","tag-jorge-sedano","tag-la-carrasca","tag-mcdonalds","tag-tsj"],"yoast_head":"<!-- This site is optimized with the Yoast SEO plugin v27.3 - https:\/\/yoast.com\/product\/yoast-seo-wordpress\/ -->\n<title>El TSJ considera que parte de la construcci\u00f3n de McDonald\u2019s es ilegal - COPE Alcoy<\/title>\n<meta name=\"robots\" content=\"index, follow, max-snippet:-1, max-image-preview:large, max-video-preview:-1\" \/>\n<link rel=\"canonical\" href=\"https:\/\/www.copealcoy.es\/es\/el-tsj-considera-que-parte-de-la-construccion-de-mcdonalds-es-ilegal\/\" \/>\n<meta property=\"og:locale\" content=\"es_ES\" \/>\n<meta property=\"og:type\" content=\"article\" \/>\n<meta property=\"og:title\" content=\"El TSJ considera que parte de la construcci\u00f3n de McDonald\u2019s es ilegal - COPE Alcoy\" \/>\n<meta property=\"og:description\" content=\"El Tribunal Superior de Justicia ha estimado el recurso de apelaci\u00f3n que el grupo ecologista \u2018La Carrasca de Alcoy\u2019 interpuso...\" \/>\n<meta property=\"og:url\" content=\"https:\/\/www.copealcoy.es\/es\/el-tsj-considera-que-parte-de-la-construccion-de-mcdonalds-es-ilegal\/\" \/>\n<meta property=\"og:site_name\" content=\"COPE Alcoy\" \/>\n<meta property=\"article:published_time\" content=\"2016-02-08T22:54:37+00:00\" \/>\n<meta property=\"og:image\" content=\"https:\/\/www.copealcoy.es\/wp-content\/uploads\/2016\/02\/12665787_10208463939896714_579807504_n-e1454972039459.jpg\" \/>\n\t<meta property=\"og:image:width\" content=\"931\" \/>\n\t<meta property=\"og:image:height\" content=\"506\" \/>\n\t<meta property=\"og:image:type\" content=\"image\/jpeg\" \/>\n<meta name=\"author\" content=\"Cope Alcoy\" \/>\n<meta name=\"twitter:label1\" content=\"Escrito por\" \/>\n\t<meta name=\"twitter:data1\" content=\"Cope Alcoy\" \/>\n\t<meta name=\"twitter:label2\" content=\"Tiempo de lectura\" \/>\n\t<meta name=\"twitter:data2\" content=\"1 minuto\" \/>\n<script type=\"application\/ld+json\" class=\"yoast-schema-graph\">{\"@context\":\"https:\\\/\\\/schema.org\",\"@graph\":[{\"@type\":\"Article\",\"@id\":\"https:\\\/\\\/www.copealcoy.es\\\/es\\\/el-tsj-considera-que-parte-de-la-construccion-de-mcdonalds-es-ilegal\\\/#article\",\"isPartOf\":{\"@id\":\"https:\\\/\\\/www.copealcoy.es\\\/es\\\/el-tsj-considera-que-parte-de-la-construccion-de-mcdonalds-es-ilegal\\\/\"},\"author\":{\"name\":\"Cope Alcoy\",\"@id\":\"https:\\\/\\\/www.copealcoy.es\\\/es\\\/#\\\/schema\\\/person\\\/e777c87fa024e57d40170af9df39882c\"},\"headline\":\"El TSJ considera que parte de la construcci\u00f3n de McDonald\u2019s es ilegal\",\"datePublished\":\"2016-02-08T22:54:37+00:00\",\"mainEntityOfPage\":{\"@id\":\"https:\\\/\\\/www.copealcoy.es\\\/es\\\/el-tsj-considera-que-parte-de-la-construccion-de-mcdonalds-es-ilegal\\\/\"},\"wordCount\":268,\"commentCount\":0,\"image\":{\"@id\":\"https:\\\/\\\/www.copealcoy.es\\\/es\\\/el-tsj-considera-que-parte-de-la-construccion-de-mcdonalds-es-ilegal\\\/#primaryimage\"},\"thumbnailUrl\":\"https:\\\/\\\/www.copealcoy.es\\\/wp-content\\\/uploads\\\/2016\\\/02\\\/12665787_10208463939896714_579807504_n-e1454972039459.jpg\",\"keywords\":[\"Jorge Sedano\",\"La Carrasca\",\"McDonald\u2019s\",\"TSJ\"],\"articleSection\":[\"Alcoy\",\"Noticias\",\"Portada\"],\"inLanguage\":\"es\"},{\"@type\":\"WebPage\",\"@id\":\"https:\\\/\\\/www.copealcoy.es\\\/es\\\/el-tsj-considera-que-parte-de-la-construccion-de-mcdonalds-es-ilegal\\\/\",\"url\":\"https:\\\/\\\/www.copealcoy.es\\\/es\\\/el-tsj-considera-que-parte-de-la-construccion-de-mcdonalds-es-ilegal\\\/\",\"name\":\"El TSJ considera que parte de la construcci\u00f3n de McDonald\u2019s es ilegal - COPE Alcoy\",\"isPartOf\":{\"@id\":\"https:\\\/\\\/www.copealcoy.es\\\/es\\\/#website\"},\"primaryImageOfPage\":{\"@id\":\"https:\\\/\\\/www.copealcoy.es\\\/es\\\/el-tsj-considera-que-parte-de-la-construccion-de-mcdonalds-es-ilegal\\\/#primaryimage\"},\"image\":{\"@id\":\"https:\\\/\\\/www.copealcoy.es\\\/es\\\/el-tsj-considera-que-parte-de-la-construccion-de-mcdonalds-es-ilegal\\\/#primaryimage\"},\"thumbnailUrl\":\"https:\\\/\\\/www.copealcoy.es\\\/wp-content\\\/uploads\\\/2016\\\/02\\\/12665787_10208463939896714_579807504_n-e1454972039459.jpg\",\"datePublished\":\"2016-02-08T22:54:37+00:00\",\"author\":{\"@id\":\"https:\\\/\\\/www.copealcoy.es\\\/es\\\/#\\\/schema\\\/person\\\/e777c87fa024e57d40170af9df39882c\"},\"breadcrumb\":{\"@id\":\"https:\\\/\\\/www.copealcoy.es\\\/es\\\/el-tsj-considera-que-parte-de-la-construccion-de-mcdonalds-es-ilegal\\\/#breadcrumb\"},\"inLanguage\":\"es\",\"potentialAction\":[{\"@type\":\"ReadAction\",\"target\":[\"https:\\\/\\\/www.copealcoy.es\\\/es\\\/el-tsj-considera-que-parte-de-la-construccion-de-mcdonalds-es-ilegal\\\/\"]}]},{\"@type\":\"ImageObject\",\"inLanguage\":\"es\",\"@id\":\"https:\\\/\\\/www.copealcoy.es\\\/es\\\/el-tsj-considera-que-parte-de-la-construccion-de-mcdonalds-es-ilegal\\\/#primaryimage\",\"url\":\"https:\\\/\\\/www.copealcoy.es\\\/wp-content\\\/uploads\\\/2016\\\/02\\\/12665787_10208463939896714_579807504_n-e1454972039459.jpg\",\"contentUrl\":\"https:\\\/\\\/www.copealcoy.es\\\/wp-content\\\/uploads\\\/2016\\\/02\\\/12665787_10208463939896714_579807504_n-e1454972039459.jpg\",\"width\":931,\"height\":506,\"caption\":\"Exterior del McDonald\u2019s en Alcoy\"},{\"@type\":\"BreadcrumbList\",\"@id\":\"https:\\\/\\\/www.copealcoy.es\\\/es\\\/el-tsj-considera-que-parte-de-la-construccion-de-mcdonalds-es-ilegal\\\/#breadcrumb\",\"itemListElement\":[{\"@type\":\"ListItem\",\"position\":1,\"name\":\"Portada\",\"item\":\"https:\\\/\\\/www.copealcoy.es\\\/es\\\/\"},{\"@type\":\"ListItem\",\"position\":2,\"name\":\"El TSJ considera que parte de la construcci\u00f3n de McDonald\u2019s es ilegal\"}]},{\"@type\":\"WebSite\",\"@id\":\"https:\\\/\\\/www.copealcoy.es\\\/es\\\/#website\",\"url\":\"https:\\\/\\\/www.copealcoy.es\\\/es\\\/\",\"name\":\"COPE Alcoy\",\"description\":\"Emisora COPE de radio local con emisi\u00f3n online. Pont de Sant Jordi 8-10 03803 Alcoy\",\"potentialAction\":[{\"@type\":\"SearchAction\",\"target\":{\"@type\":\"EntryPoint\",\"urlTemplate\":\"https:\\\/\\\/www.copealcoy.es\\\/es\\\/?s={search_term_string}\"},\"query-input\":{\"@type\":\"PropertyValueSpecification\",\"valueRequired\":true,\"valueName\":\"search_term_string\"}}],\"inLanguage\":\"es\"},{\"@type\":\"Person\",\"@id\":\"https:\\\/\\\/www.copealcoy.es\\\/es\\\/#\\\/schema\\\/person\\\/e777c87fa024e57d40170af9df39882c\",\"name\":\"Cope Alcoy\",\"image\":{\"@type\":\"ImageObject\",\"inLanguage\":\"es\",\"@id\":\"https:\\\/\\\/secure.gravatar.com\\\/avatar\\\/bb65d0283347e303893ba14f0692005417c1e0e690a325a4c5d8bb2b3943ee14?s=96&d=mm&r=g\",\"url\":\"https:\\\/\\\/secure.gravatar.com\\\/avatar\\\/bb65d0283347e303893ba14f0692005417c1e0e690a325a4c5d8bb2b3943ee14?s=96&d=mm&r=g\",\"contentUrl\":\"https:\\\/\\\/secure.gravatar.com\\\/avatar\\\/bb65d0283347e303893ba14f0692005417c1e0e690a325a4c5d8bb2b3943ee14?s=96&d=mm&r=g\",\"caption\":\"Cope Alcoy\"}}]}<\/script>\n<!-- \/ Yoast SEO plugin. -->","yoast_head_json":{"title":"El TSJ considera que parte de la construcci\u00f3n de McDonald\u2019s es ilegal - COPE Alcoy","robots":{"index":"index","follow":"follow","max-snippet":"max-snippet:-1","max-image-preview":"max-image-preview:large","max-video-preview":"max-video-preview:-1"},"canonical":"https:\/\/www.copealcoy.es\/es\/el-tsj-considera-que-parte-de-la-construccion-de-mcdonalds-es-ilegal\/","og_locale":"es_ES","og_type":"article","og_title":"El TSJ considera que parte de la construcci\u00f3n de McDonald\u2019s es ilegal - COPE Alcoy","og_description":"El Tribunal Superior de Justicia ha estimado el recurso de apelaci\u00f3n que el grupo ecologista \u2018La Carrasca de Alcoy\u2019 interpuso...","og_url":"https:\/\/www.copealcoy.es\/es\/el-tsj-considera-que-parte-de-la-construccion-de-mcdonalds-es-ilegal\/","og_site_name":"COPE Alcoy","article_published_time":"2016-02-08T22:54:37+00:00","og_image":[{"width":931,"height":506,"url":"https:\/\/www.copealcoy.es\/wp-content\/uploads\/2016\/02\/12665787_10208463939896714_579807504_n-e1454972039459.jpg","type":"image\/jpeg"}],"author":"Cope Alcoy","twitter_misc":{"Escrito por":"Cope Alcoy","Tiempo de lectura":"1 minuto"},"schema":{"@context":"https:\/\/schema.org","@graph":[{"@type":"Article","@id":"https:\/\/www.copealcoy.es\/es\/el-tsj-considera-que-parte-de-la-construccion-de-mcdonalds-es-ilegal\/#article","isPartOf":{"@id":"https:\/\/www.copealcoy.es\/es\/el-tsj-considera-que-parte-de-la-construccion-de-mcdonalds-es-ilegal\/"},"author":{"name":"Cope Alcoy","@id":"https:\/\/www.copealcoy.es\/es\/#\/schema\/person\/e777c87fa024e57d40170af9df39882c"},"headline":"El TSJ considera que parte de la construcci\u00f3n de McDonald\u2019s es ilegal","datePublished":"2016-02-08T22:54:37+00:00","mainEntityOfPage":{"@id":"https:\/\/www.copealcoy.es\/es\/el-tsj-considera-que-parte-de-la-construccion-de-mcdonalds-es-ilegal\/"},"wordCount":268,"commentCount":0,"image":{"@id":"https:\/\/www.copealcoy.es\/es\/el-tsj-considera-que-parte-de-la-construccion-de-mcdonalds-es-ilegal\/#primaryimage"},"thumbnailUrl":"https:\/\/www.copealcoy.es\/wp-content\/uploads\/2016\/02\/12665787_10208463939896714_579807504_n-e1454972039459.jpg","keywords":["Jorge Sedano","La Carrasca","McDonald\u2019s","TSJ"],"articleSection":["Alcoy","Noticias","Portada"],"inLanguage":"es"},{"@type":"WebPage","@id":"https:\/\/www.copealcoy.es\/es\/el-tsj-considera-que-parte-de-la-construccion-de-mcdonalds-es-ilegal\/","url":"https:\/\/www.copealcoy.es\/es\/el-tsj-considera-que-parte-de-la-construccion-de-mcdonalds-es-ilegal\/","name":"El TSJ considera que parte de la construcci\u00f3n de McDonald\u2019s es ilegal - COPE Alcoy","isPartOf":{"@id":"https:\/\/www.copealcoy.es\/es\/#website"},"primaryImageOfPage":{"@id":"https:\/\/www.copealcoy.es\/es\/el-tsj-considera-que-parte-de-la-construccion-de-mcdonalds-es-ilegal\/#primaryimage"},"image":{"@id":"https:\/\/www.copealcoy.es\/es\/el-tsj-considera-que-parte-de-la-construccion-de-mcdonalds-es-ilegal\/#primaryimage"},"thumbnailUrl":"https:\/\/www.copealcoy.es\/wp-content\/uploads\/2016\/02\/12665787_10208463939896714_579807504_n-e1454972039459.jpg","datePublished":"2016-02-08T22:54:37+00:00","author":{"@id":"https:\/\/www.copealcoy.es\/es\/#\/schema\/person\/e777c87fa024e57d40170af9df39882c"},"breadcrumb":{"@id":"https:\/\/www.copealcoy.es\/es\/el-tsj-considera-que-parte-de-la-construccion-de-mcdonalds-es-ilegal\/#breadcrumb"},"inLanguage":"es","potentialAction":[{"@type":"ReadAction","target":["https:\/\/www.copealcoy.es\/es\/el-tsj-considera-que-parte-de-la-construccion-de-mcdonalds-es-ilegal\/"]}]},{"@type":"ImageObject","inLanguage":"es","@id":"https:\/\/www.copealcoy.es\/es\/el-tsj-considera-que-parte-de-la-construccion-de-mcdonalds-es-ilegal\/#primaryimage","url":"https:\/\/www.copealcoy.es\/wp-content\/uploads\/2016\/02\/12665787_10208463939896714_579807504_n-e1454972039459.jpg","contentUrl":"https:\/\/www.copealcoy.es\/wp-content\/uploads\/2016\/02\/12665787_10208463939896714_579807504_n-e1454972039459.jpg","width":931,"height":506,"caption":"Exterior del McDonald\u2019s en Alcoy"},{"@type":"BreadcrumbList","@id":"https:\/\/www.copealcoy.es\/es\/el-tsj-considera-que-parte-de-la-construccion-de-mcdonalds-es-ilegal\/#breadcrumb","itemListElement":[{"@type":"ListItem","position":1,"name":"Portada","item":"https:\/\/www.copealcoy.es\/es\/"},{"@type":"ListItem","position":2,"name":"El TSJ considera que parte de la construcci\u00f3n de McDonald\u2019s es ilegal"}]},{"@type":"WebSite","@id":"https:\/\/www.copealcoy.es\/es\/#website","url":"https:\/\/www.copealcoy.es\/es\/","name":"COPE Alcoy","description":"Emisora COPE de radio local con emisi\u00f3n online. Pont de Sant Jordi 8-10 03803 Alcoy","potentialAction":[{"@type":"SearchAction","target":{"@type":"EntryPoint","urlTemplate":"https:\/\/www.copealcoy.es\/es\/?s={search_term_string}"},"query-input":{"@type":"PropertyValueSpecification","valueRequired":true,"valueName":"search_term_string"}}],"inLanguage":"es"},{"@type":"Person","@id":"https:\/\/www.copealcoy.es\/es\/#\/schema\/person\/e777c87fa024e57d40170af9df39882c","name":"Cope Alcoy","image":{"@type":"ImageObject","inLanguage":"es","@id":"https:\/\/secure.gravatar.com\/avatar\/bb65d0283347e303893ba14f0692005417c1e0e690a325a4c5d8bb2b3943ee14?s=96&d=mm&r=g","url":"https:\/\/secure.gravatar.com\/avatar\/bb65d0283347e303893ba14f0692005417c1e0e690a325a4c5d8bb2b3943ee14?s=96&d=mm&r=g","contentUrl":"https:\/\/secure.gravatar.com\/avatar\/bb65d0283347e303893ba14f0692005417c1e0e690a325a4c5d8bb2b3943ee14?s=96&d=mm&r=g","caption":"Cope Alcoy"}}]}},"_links":{"self":[{"href":"https:\/\/www.copealcoy.es\/es\/wp-json\/wp\/v2\/posts\/18755","targetHints":{"allow":["GET"]}}],"collection":[{"href":"https:\/\/www.copealcoy.es\/es\/wp-json\/wp\/v2\/posts"}],"about":[{"href":"https:\/\/www.copealcoy.es\/es\/wp-json\/wp\/v2\/types\/post"}],"author":[{"embeddable":true,"href":"https:\/\/www.copealcoy.es\/es\/wp-json\/wp\/v2\/users\/1"}],"replies":[{"embeddable":true,"href":"https:\/\/www.copealcoy.es\/es\/wp-json\/wp\/v2\/comments?post=18755"}],"version-history":[{"count":0,"href":"https:\/\/www.copealcoy.es\/es\/wp-json\/wp\/v2\/posts\/18755\/revisions"}],"wp:featuredmedia":[{"embeddable":true,"href":"https:\/\/www.copealcoy.es\/es\/wp-json\/wp\/v2\/media\/18756"}],"wp:attachment":[{"href":"https:\/\/www.copealcoy.es\/es\/wp-json\/wp\/v2\/media?parent=18755"}],"wp:term":[{"taxonomy":"category","embeddable":true,"href":"https:\/\/www.copealcoy.es\/es\/wp-json\/wp\/v2\/categories?post=18755"},{"taxonomy":"post_tag","embeddable":true,"href":"https:\/\/www.copealcoy.es\/es\/wp-json\/wp\/v2\/tags?post=18755"}],"curies":[{"name":"wp","href":"https:\/\/api.w.org\/{rel}","templated":true}]}}