{"id":18743,"date":"2016-02-08T21:41:14","date_gmt":"2016-02-08T21:41:14","guid":{"rendered":"http:\/\/copealcoi.es\/new\/?p=18743"},"modified":"2016-02-08T21:41:14","modified_gmt":"2016-02-08T21:41:14","slug":"la-diputacion-invertira-en-consolidar-el-patrimonio-arquitectonico-de-la-provincia","status":"publish","type":"post","link":"https:\/\/www.copealcoy.es\/es\/la-diputacion-invertira-en-consolidar-el-patrimonio-arquitectonico-de-la-provincia\/","title":{"rendered":"La Diputaci\u00f3n invertir\u00e1 en consolidar el patrimonio arquitect\u00f3nico de la provincia"},"content":{"rendered":"<p style=\"text-align: justify;\">La Diputaci\u00f3n de Alicante destinar\u00e1 m\u00e1s de un mill\u00f3n de euros en la consolidaci\u00f3n del patrimonio arquitect\u00f3nico de la provincia. Entre los beneficiados de este plan, que persigue conolidar los enclaves estrat\u00e9gicos y de gran valor natural, se encuentran municipios\u00a0de las comarcas de l\u2019Alcoi\u00e0 y el Comtat como Onil, Benifallim, Pen\u00e1guila, Beniarr\u00e9s y l\u2019Alqueria d\u2019Asnar.<\/p>\n<p style=\"text-align: justify;\">Hay que significar que Benifallim\u00a0consolidar\u00e1 y musealizar\u00e1 su\u00a0castillo\u00a0con una aportaci\u00f3n de 60.000 euros. Esta misma cantidad dispondr\u00e1 la localidad de L\u2019Alqueria d\u2019Asnar para adecuar el\u00a0antiguo Ayuntamiento como espacio expositivo mientras que\u00a0Onil consolidar\u00e1 y musealizar\u00e1 el \u2018Pou de la Neu\u2019\u00a0con una asignaci\u00f3n provincial de 50.000 euros y Pen\u00e1guila, con la misma cifra, har\u00e1 lo propio con la \u2018Torre Vernet\u2019. Por \u00faltimo Beniarr\u00e9s contar\u00e1 con 25.000 euros har\u00e1 lo propio con \u2018La Cova d\u2019Or\u2019.<\/p>\n<p style=\"text-align: justify;\">El presidente de la Diputaci\u00f3n, C\u00e9sar S\u00e1nchez, ha destacado la importancia que para la instituci\u00f3n alicantina\u00a0constituye \u201cla defensa, recuperaci\u00f3n y conservaci\u00f3n\u00a0de nuestro territorio, a trav\u00e9s de una estrategia de potenciaci\u00f3n de nuestro legado, que pasa tambi\u00e9n por impulsar un plan de promoci\u00f3n tur\u00edstica del interior de la Costa Blanca\u201d. Adem\u00e1s S\u00e1nchez ha a\u00f1adido al respecto\u00a0que \u201cel \u00e1rea de Arquitectura de la instituci\u00f3n llevar\u00e1 a cabo estos trabajos con los que se revaloriza el entorno y se pone de manifiesto el capital natural, la historia y las costumbres de nuestros antepasados, un legado que debemos proteger, acondicionar, optimizar y dar a conocer\u201d.<\/p>\n","protected":false},"excerpt":{"rendered":"<p>La Diputaci\u00f3n de Alicante destinar\u00e1 m\u00e1s de un mill\u00f3n de euros en la consolidaci\u00f3n del patrimonio arquitect\u00f3nico de la provincia&#8230;.<\/p>\n","protected":false},"author":1,"featured_media":18744,"comment_status":"open","ping_status":"open","sticky":false,"template":"","format":"standard","meta":{"footnotes":""},"categories":[98,75],"tags":[482,1759,237,234,176],"class_list":["post-18743","post","type-post","status-publish","format-standard","has-post-thumbnail","hentry","category-comarcas","category-noticias","tag-alcoia","tag-cesar-sanchez","tag-comtat","tag-diputacion","tag-patrimonio"],"yoast_head":"<!-- This site is optimized with the Yoast SEO plugin v27.3 - https:\/\/yoast.com\/product\/yoast-seo-wordpress\/ -->\n<title>La Diputaci\u00f3n invertir\u00e1 en consolidar el patrimonio arquitect\u00f3nico de la provincia - COPE Alcoy<\/title>\n<meta name=\"robots\" content=\"index, follow, max-snippet:-1, max-image-preview:large, max-video-preview:-1\" \/>\n<link rel=\"canonical\" href=\"https:\/\/www.copealcoy.es\/es\/la-diputacion-invertira-en-consolidar-el-patrimonio-arquitectonico-de-la-provincia\/\" \/>\n<meta property=\"og:locale\" content=\"es_ES\" \/>\n<meta property=\"og:type\" content=\"article\" \/>\n<meta property=\"og:title\" content=\"La Diputaci\u00f3n invertir\u00e1 en consolidar el patrimonio arquitect\u00f3nico de la provincia - COPE Alcoy\" \/>\n<meta property=\"og:description\" content=\"La Diputaci\u00f3n de Alicante destinar\u00e1 m\u00e1s de un mill\u00f3n de euros en la consolidaci\u00f3n del patrimonio arquitect\u00f3nico de la provincia....\" \/>\n<meta property=\"og:url\" content=\"https:\/\/www.copealcoy.es\/es\/la-diputacion-invertira-en-consolidar-el-patrimonio-arquitectonico-de-la-provincia\/\" \/>\n<meta property=\"og:site_name\" content=\"COPE Alcoy\" \/>\n<meta property=\"article:published_time\" content=\"2016-02-08T21:41:14+00:00\" \/>\n<meta property=\"og:image\" content=\"https:\/\/www.copealcoy.es\/wp-content\/uploads\/2016\/02\/costa-blanca-sierra-mariola-alqueria-dasnar-vista-del-pueblo-500x320.jpg\" \/>\n\t<meta property=\"og:image:width\" content=\"500\" \/>\n\t<meta property=\"og:image:height\" content=\"320\" \/>\n\t<meta property=\"og:image:type\" content=\"image\/jpeg\" \/>\n<meta name=\"author\" content=\"Cope Alcoy\" \/>\n<meta name=\"twitter:label1\" content=\"Escrito por\" \/>\n\t<meta name=\"twitter:data1\" content=\"Cope Alcoy\" \/>\n\t<meta name=\"twitter:label2\" content=\"Tiempo de lectura\" \/>\n\t<meta name=\"twitter:data2\" content=\"1 minuto\" \/>\n<script type=\"application\/ld+json\" class=\"yoast-schema-graph\">{\"@context\":\"https:\\\/\\\/schema.org\",\"@graph\":[{\"@type\":\"Article\",\"@id\":\"https:\\\/\\\/www.copealcoy.es\\\/es\\\/la-diputacion-invertira-en-consolidar-el-patrimonio-arquitectonico-de-la-provincia\\\/#article\",\"isPartOf\":{\"@id\":\"https:\\\/\\\/www.copealcoy.es\\\/es\\\/la-diputacion-invertira-en-consolidar-el-patrimonio-arquitectonico-de-la-provincia\\\/\"},\"author\":{\"name\":\"Cope Alcoy\",\"@id\":\"https:\\\/\\\/www.copealcoy.es\\\/es\\\/#\\\/schema\\\/person\\\/e777c87fa024e57d40170af9df39882c\"},\"headline\":\"La Diputaci\u00f3n invertir\u00e1 en consolidar el patrimonio arquitect\u00f3nico de la provincia\",\"datePublished\":\"2016-02-08T21:41:14+00:00\",\"mainEntityOfPage\":{\"@id\":\"https:\\\/\\\/www.copealcoy.es\\\/es\\\/la-diputacion-invertira-en-consolidar-el-patrimonio-arquitectonico-de-la-provincia\\\/\"},\"wordCount\":281,\"commentCount\":0,\"image\":{\"@id\":\"https:\\\/\\\/www.copealcoy.es\\\/es\\\/la-diputacion-invertira-en-consolidar-el-patrimonio-arquitectonico-de-la-provincia\\\/#primaryimage\"},\"thumbnailUrl\":\"https:\\\/\\\/www.copealcoy.es\\\/wp-content\\\/uploads\\\/2016\\\/02\\\/costa-blanca-sierra-mariola-alqueria-dasnar-vista-del-pueblo-500x320.jpg\",\"keywords\":[\"Alcoi\u00e0\",\"C\u00e9sar S\u00e1nchez\",\"Comtat\",\"Diputaci\u00f3n\",\"Patrimonio\"],\"articleSection\":[\"Comarcas\",\"Noticias\"],\"inLanguage\":\"es\"},{\"@type\":\"WebPage\",\"@id\":\"https:\\\/\\\/www.copealcoy.es\\\/es\\\/la-diputacion-invertira-en-consolidar-el-patrimonio-arquitectonico-de-la-provincia\\\/\",\"url\":\"https:\\\/\\\/www.copealcoy.es\\\/es\\\/la-diputacion-invertira-en-consolidar-el-patrimonio-arquitectonico-de-la-provincia\\\/\",\"name\":\"La Diputaci\u00f3n invertir\u00e1 en consolidar el patrimonio arquitect\u00f3nico de la provincia - COPE Alcoy\",\"isPartOf\":{\"@id\":\"https:\\\/\\\/www.copealcoy.es\\\/es\\\/#website\"},\"primaryImageOfPage\":{\"@id\":\"https:\\\/\\\/www.copealcoy.es\\\/es\\\/la-diputacion-invertira-en-consolidar-el-patrimonio-arquitectonico-de-la-provincia\\\/#primaryimage\"},\"image\":{\"@id\":\"https:\\\/\\\/www.copealcoy.es\\\/es\\\/la-diputacion-invertira-en-consolidar-el-patrimonio-arquitectonico-de-la-provincia\\\/#primaryimage\"},\"thumbnailUrl\":\"https:\\\/\\\/www.copealcoy.es\\\/wp-content\\\/uploads\\\/2016\\\/02\\\/costa-blanca-sierra-mariola-alqueria-dasnar-vista-del-pueblo-500x320.jpg\",\"datePublished\":\"2016-02-08T21:41:14+00:00\",\"author\":{\"@id\":\"https:\\\/\\\/www.copealcoy.es\\\/es\\\/#\\\/schema\\\/person\\\/e777c87fa024e57d40170af9df39882c\"},\"breadcrumb\":{\"@id\":\"https:\\\/\\\/www.copealcoy.es\\\/es\\\/la-diputacion-invertira-en-consolidar-el-patrimonio-arquitectonico-de-la-provincia\\\/#breadcrumb\"},\"inLanguage\":\"es\",\"potentialAction\":[{\"@type\":\"ReadAction\",\"target\":[\"https:\\\/\\\/www.copealcoy.es\\\/es\\\/la-diputacion-invertira-en-consolidar-el-patrimonio-arquitectonico-de-la-provincia\\\/\"]}]},{\"@type\":\"ImageObject\",\"inLanguage\":\"es\",\"@id\":\"https:\\\/\\\/www.copealcoy.es\\\/es\\\/la-diputacion-invertira-en-consolidar-el-patrimonio-arquitectonico-de-la-provincia\\\/#primaryimage\",\"url\":\"https:\\\/\\\/www.copealcoy.es\\\/wp-content\\\/uploads\\\/2016\\\/02\\\/costa-blanca-sierra-mariola-alqueria-dasnar-vista-del-pueblo-500x320.jpg\",\"contentUrl\":\"https:\\\/\\\/www.copealcoy.es\\\/wp-content\\\/uploads\\\/2016\\\/02\\\/costa-blanca-sierra-mariola-alqueria-dasnar-vista-del-pueblo-500x320.jpg\",\"width\":500,\"height\":320},{\"@type\":\"BreadcrumbList\",\"@id\":\"https:\\\/\\\/www.copealcoy.es\\\/es\\\/la-diputacion-invertira-en-consolidar-el-patrimonio-arquitectonico-de-la-provincia\\\/#breadcrumb\",\"itemListElement\":[{\"@type\":\"ListItem\",\"position\":1,\"name\":\"Portada\",\"item\":\"https:\\\/\\\/www.copealcoy.es\\\/es\\\/\"},{\"@type\":\"ListItem\",\"position\":2,\"name\":\"La Diputaci\u00f3n invertir\u00e1 en consolidar el patrimonio arquitect\u00f3nico de la provincia\"}]},{\"@type\":\"WebSite\",\"@id\":\"https:\\\/\\\/www.copealcoy.es\\\/es\\\/#website\",\"url\":\"https:\\\/\\\/www.copealcoy.es\\\/es\\\/\",\"name\":\"COPE Alcoy\",\"description\":\"Emisora COPE de radio local con emisi\u00f3n online. Pont de Sant Jordi 8-10 03803 Alcoy\",\"potentialAction\":[{\"@type\":\"SearchAction\",\"target\":{\"@type\":\"EntryPoint\",\"urlTemplate\":\"https:\\\/\\\/www.copealcoy.es\\\/es\\\/?s={search_term_string}\"},\"query-input\":{\"@type\":\"PropertyValueSpecification\",\"valueRequired\":true,\"valueName\":\"search_term_string\"}}],\"inLanguage\":\"es\"},{\"@type\":\"Person\",\"@id\":\"https:\\\/\\\/www.copealcoy.es\\\/es\\\/#\\\/schema\\\/person\\\/e777c87fa024e57d40170af9df39882c\",\"name\":\"Cope Alcoy\",\"image\":{\"@type\":\"ImageObject\",\"inLanguage\":\"es\",\"@id\":\"https:\\\/\\\/secure.gravatar.com\\\/avatar\\\/bb65d0283347e303893ba14f0692005417c1e0e690a325a4c5d8bb2b3943ee14?s=96&d=mm&r=g\",\"url\":\"https:\\\/\\\/secure.gravatar.com\\\/avatar\\\/bb65d0283347e303893ba14f0692005417c1e0e690a325a4c5d8bb2b3943ee14?s=96&d=mm&r=g\",\"contentUrl\":\"https:\\\/\\\/secure.gravatar.com\\\/avatar\\\/bb65d0283347e303893ba14f0692005417c1e0e690a325a4c5d8bb2b3943ee14?s=96&d=mm&r=g\",\"caption\":\"Cope Alcoy\"}}]}<\/script>\n<!-- \/ Yoast SEO plugin. -->","yoast_head_json":{"title":"La Diputaci\u00f3n invertir\u00e1 en consolidar el patrimonio arquitect\u00f3nico de la provincia - COPE Alcoy","robots":{"index":"index","follow":"follow","max-snippet":"max-snippet:-1","max-image-preview":"max-image-preview:large","max-video-preview":"max-video-preview:-1"},"canonical":"https:\/\/www.copealcoy.es\/es\/la-diputacion-invertira-en-consolidar-el-patrimonio-arquitectonico-de-la-provincia\/","og_locale":"es_ES","og_type":"article","og_title":"La Diputaci\u00f3n invertir\u00e1 en consolidar el patrimonio arquitect\u00f3nico de la provincia - COPE Alcoy","og_description":"La Diputaci\u00f3n de Alicante destinar\u00e1 m\u00e1s de un mill\u00f3n de euros en la consolidaci\u00f3n del patrimonio arquitect\u00f3nico de la provincia....","og_url":"https:\/\/www.copealcoy.es\/es\/la-diputacion-invertira-en-consolidar-el-patrimonio-arquitectonico-de-la-provincia\/","og_site_name":"COPE Alcoy","article_published_time":"2016-02-08T21:41:14+00:00","og_image":[{"width":500,"height":320,"url":"https:\/\/www.copealcoy.es\/wp-content\/uploads\/2016\/02\/costa-blanca-sierra-mariola-alqueria-dasnar-vista-del-pueblo-500x320.jpg","type":"image\/jpeg"}],"author":"Cope Alcoy","twitter_misc":{"Escrito por":"Cope Alcoy","Tiempo de lectura":"1 minuto"},"schema":{"@context":"https:\/\/schema.org","@graph":[{"@type":"Article","@id":"https:\/\/www.copealcoy.es\/es\/la-diputacion-invertira-en-consolidar-el-patrimonio-arquitectonico-de-la-provincia\/#article","isPartOf":{"@id":"https:\/\/www.copealcoy.es\/es\/la-diputacion-invertira-en-consolidar-el-patrimonio-arquitectonico-de-la-provincia\/"},"author":{"name":"Cope Alcoy","@id":"https:\/\/www.copealcoy.es\/es\/#\/schema\/person\/e777c87fa024e57d40170af9df39882c"},"headline":"La Diputaci\u00f3n invertir\u00e1 en consolidar el patrimonio arquitect\u00f3nico de la provincia","datePublished":"2016-02-08T21:41:14+00:00","mainEntityOfPage":{"@id":"https:\/\/www.copealcoy.es\/es\/la-diputacion-invertira-en-consolidar-el-patrimonio-arquitectonico-de-la-provincia\/"},"wordCount":281,"commentCount":0,"image":{"@id":"https:\/\/www.copealcoy.es\/es\/la-diputacion-invertira-en-consolidar-el-patrimonio-arquitectonico-de-la-provincia\/#primaryimage"},"thumbnailUrl":"https:\/\/www.copealcoy.es\/wp-content\/uploads\/2016\/02\/costa-blanca-sierra-mariola-alqueria-dasnar-vista-del-pueblo-500x320.jpg","keywords":["Alcoi\u00e0","C\u00e9sar S\u00e1nchez","Comtat","Diputaci\u00f3n","Patrimonio"],"articleSection":["Comarcas","Noticias"],"inLanguage":"es"},{"@type":"WebPage","@id":"https:\/\/www.copealcoy.es\/es\/la-diputacion-invertira-en-consolidar-el-patrimonio-arquitectonico-de-la-provincia\/","url":"https:\/\/www.copealcoy.es\/es\/la-diputacion-invertira-en-consolidar-el-patrimonio-arquitectonico-de-la-provincia\/","name":"La Diputaci\u00f3n invertir\u00e1 en consolidar el patrimonio arquitect\u00f3nico de la provincia - COPE Alcoy","isPartOf":{"@id":"https:\/\/www.copealcoy.es\/es\/#website"},"primaryImageOfPage":{"@id":"https:\/\/www.copealcoy.es\/es\/la-diputacion-invertira-en-consolidar-el-patrimonio-arquitectonico-de-la-provincia\/#primaryimage"},"image":{"@id":"https:\/\/www.copealcoy.es\/es\/la-diputacion-invertira-en-consolidar-el-patrimonio-arquitectonico-de-la-provincia\/#primaryimage"},"thumbnailUrl":"https:\/\/www.copealcoy.es\/wp-content\/uploads\/2016\/02\/costa-blanca-sierra-mariola-alqueria-dasnar-vista-del-pueblo-500x320.jpg","datePublished":"2016-02-08T21:41:14+00:00","author":{"@id":"https:\/\/www.copealcoy.es\/es\/#\/schema\/person\/e777c87fa024e57d40170af9df39882c"},"breadcrumb":{"@id":"https:\/\/www.copealcoy.es\/es\/la-diputacion-invertira-en-consolidar-el-patrimonio-arquitectonico-de-la-provincia\/#breadcrumb"},"inLanguage":"es","potentialAction":[{"@type":"ReadAction","target":["https:\/\/www.copealcoy.es\/es\/la-diputacion-invertira-en-consolidar-el-patrimonio-arquitectonico-de-la-provincia\/"]}]},{"@type":"ImageObject","inLanguage":"es","@id":"https:\/\/www.copealcoy.es\/es\/la-diputacion-invertira-en-consolidar-el-patrimonio-arquitectonico-de-la-provincia\/#primaryimage","url":"https:\/\/www.copealcoy.es\/wp-content\/uploads\/2016\/02\/costa-blanca-sierra-mariola-alqueria-dasnar-vista-del-pueblo-500x320.jpg","contentUrl":"https:\/\/www.copealcoy.es\/wp-content\/uploads\/2016\/02\/costa-blanca-sierra-mariola-alqueria-dasnar-vista-del-pueblo-500x320.jpg","width":500,"height":320},{"@type":"BreadcrumbList","@id":"https:\/\/www.copealcoy.es\/es\/la-diputacion-invertira-en-consolidar-el-patrimonio-arquitectonico-de-la-provincia\/#breadcrumb","itemListElement":[{"@type":"ListItem","position":1,"name":"Portada","item":"https:\/\/www.copealcoy.es\/es\/"},{"@type":"ListItem","position":2,"name":"La Diputaci\u00f3n invertir\u00e1 en consolidar el patrimonio arquitect\u00f3nico de la provincia"}]},{"@type":"WebSite","@id":"https:\/\/www.copealcoy.es\/es\/#website","url":"https:\/\/www.copealcoy.es\/es\/","name":"COPE Alcoy","description":"Emisora COPE de radio local con emisi\u00f3n online. Pont de Sant Jordi 8-10 03803 Alcoy","potentialAction":[{"@type":"SearchAction","target":{"@type":"EntryPoint","urlTemplate":"https:\/\/www.copealcoy.es\/es\/?s={search_term_string}"},"query-input":{"@type":"PropertyValueSpecification","valueRequired":true,"valueName":"search_term_string"}}],"inLanguage":"es"},{"@type":"Person","@id":"https:\/\/www.copealcoy.es\/es\/#\/schema\/person\/e777c87fa024e57d40170af9df39882c","name":"Cope Alcoy","image":{"@type":"ImageObject","inLanguage":"es","@id":"https:\/\/secure.gravatar.com\/avatar\/bb65d0283347e303893ba14f0692005417c1e0e690a325a4c5d8bb2b3943ee14?s=96&d=mm&r=g","url":"https:\/\/secure.gravatar.com\/avatar\/bb65d0283347e303893ba14f0692005417c1e0e690a325a4c5d8bb2b3943ee14?s=96&d=mm&r=g","contentUrl":"https:\/\/secure.gravatar.com\/avatar\/bb65d0283347e303893ba14f0692005417c1e0e690a325a4c5d8bb2b3943ee14?s=96&d=mm&r=g","caption":"Cope Alcoy"}}]}},"_links":{"self":[{"href":"https:\/\/www.copealcoy.es\/es\/wp-json\/wp\/v2\/posts\/18743","targetHints":{"allow":["GET"]}}],"collection":[{"href":"https:\/\/www.copealcoy.es\/es\/wp-json\/wp\/v2\/posts"}],"about":[{"href":"https:\/\/www.copealcoy.es\/es\/wp-json\/wp\/v2\/types\/post"}],"author":[{"embeddable":true,"href":"https:\/\/www.copealcoy.es\/es\/wp-json\/wp\/v2\/users\/1"}],"replies":[{"embeddable":true,"href":"https:\/\/www.copealcoy.es\/es\/wp-json\/wp\/v2\/comments?post=18743"}],"version-history":[{"count":0,"href":"https:\/\/www.copealcoy.es\/es\/wp-json\/wp\/v2\/posts\/18743\/revisions"}],"wp:featuredmedia":[{"embeddable":true,"href":"https:\/\/www.copealcoy.es\/es\/wp-json\/wp\/v2\/media\/18744"}],"wp:attachment":[{"href":"https:\/\/www.copealcoy.es\/es\/wp-json\/wp\/v2\/media?parent=18743"}],"wp:term":[{"taxonomy":"category","embeddable":true,"href":"https:\/\/www.copealcoy.es\/es\/wp-json\/wp\/v2\/categories?post=18743"},{"taxonomy":"post_tag","embeddable":true,"href":"https:\/\/www.copealcoy.es\/es\/wp-json\/wp\/v2\/tags?post=18743"}],"curies":[{"name":"wp","href":"https:\/\/api.w.org\/{rel}","templated":true}]}}