{"id":18717,"date":"2016-02-08T06:00:10","date_gmt":"2016-02-08T06:00:10","guid":{"rendered":"http:\/\/copealcoi.es\/new\/?p=18717"},"modified":"2016-02-07T18:06:10","modified_gmt":"2016-02-07T18:06:10","slug":"mal-passet-renueva-su-junta-directiva","status":"publish","type":"post","link":"https:\/\/www.copealcoy.es\/es\/mal-passet-renueva-su-junta-directiva\/","title":{"rendered":"Mal Passet renueva su Junta Directiva"},"content":{"rendered":"<p style=\"text-align: justify;\">La Colla Mal Passet de Cocentaina ha renovado su Junta Directiva despu\u00e9s de la Asamblea Ordinaria que tuvo lugar el pasado 26 de enero. De esta forma la entidad cierra un periodo en el que\u00a0Jaume Dom\u00e9nech, que ha ocupado el cargo de presidente en los \u00faltimos siete a\u00f1os, ha trabajado junto a su equipo para impulsar la escuela de la Colla as\u00ed como mantener una intensa actividad de actuaciones musicales tanto de conciertos como de pasacalles y fiestas tradicionales. Entre los proyectos destacan iniciativas como el espect\u00e1culo\u00a0<em>Dol\u00e7 Nadal,\u00a0\u00a0la dol\u00e7aina m\u00e0gica <\/em>y\u00a0el recientemente estrenado\u00a0<em>Corella, cavaller d\u00b4amor i de paraules.\u00a0<\/em><\/p>\n<p style=\"text-align: justify;\">La nueva Junta Directiva combina experiencia y juventud y queda compuesta de la siguiente manera:<\/p>\n<p style=\"text-align: justify;\">Presidente: Gabriel Franc\u00e9s Reig<br \/>\nVicepresidente y archivo: Alfonso S\u00e1nchez Vicent<br \/>\nT\u00e9cnico Musical y Escuela: Hip\u00f2lit Agull\u00f3 Ferr\u00e1ndiz<br \/>\nSecretario: Mateo Barrachina Vidal<br \/>\nTesorero: Pau Anduix Fuentes<br \/>\nContratos: Vicent Agull\u00f3 Richart<br \/>\nVocal mantenimiento: Jaume Dom\u00e9nech Blanquer<br \/>\nVocal instrumentos: \u00c1lvaro Sell\u00e9s Jord\u00e1<br \/>\nVocal Socios: Hip\u00f2lit Soriano Benavent<br \/>\nAsesor art\u00edstico: Ernesto Ferr\u00e1ndiz Briva<br \/>\nDirector musical: Francisco Valor Llorens<\/p>\n<p style=\"text-align: justify;\">La Colla Mal Passet prepara ya la XIII edici\u00f3n de su tradicional Festival de Colles tras participar el viernes activamente en el Carnaval de Cocentaina. Adem\u00e1s durante el mes de marzo tomar\u00e1n parte en la tradicional Festa dels Nanos que se llevar\u00e1 a cabo en el barrio del Raval.<\/p>\n","protected":false},"excerpt":{"rendered":"<p>La Colla Mal Passet de Cocentaina ha renovado su Junta Directiva despu\u00e9s de la Asamblea Ordinaria que tuvo lugar el&#8230;<\/p>\n","protected":false},"author":1,"featured_media":11059,"comment_status":"open","ping_status":"open","sticky":false,"template":"","format":"standard","meta":{"footnotes":""},"categories":[98,75],"tags":[237,1838,1837,794],"class_list":["post-18717","post","type-post","status-publish","format-standard","has-post-thumbnail","hentry","category-comarcas","category-noticias","tag-comtat","tag-gabriel-frances","tag-junta-directiva","tag-mal-passet"],"yoast_head":"<!-- This site is optimized with the Yoast SEO plugin v27.3 - https:\/\/yoast.com\/product\/yoast-seo-wordpress\/ -->\n<title>Mal Passet renueva su Junta Directiva - COPE Alcoy<\/title>\n<meta name=\"robots\" content=\"index, follow, max-snippet:-1, max-image-preview:large, max-video-preview:-1\" \/>\n<link rel=\"canonical\" href=\"https:\/\/www.copealcoy.es\/es\/mal-passet-renueva-su-junta-directiva\/\" \/>\n<meta property=\"og:locale\" content=\"es_ES\" \/>\n<meta property=\"og:type\" content=\"article\" \/>\n<meta property=\"og:title\" content=\"Mal Passet renueva su Junta Directiva - COPE Alcoy\" \/>\n<meta property=\"og:description\" content=\"La Colla Mal Passet de Cocentaina ha renovado su Junta Directiva despu\u00e9s de la Asamblea Ordinaria que tuvo lugar el...\" \/>\n<meta property=\"og:url\" content=\"https:\/\/www.copealcoy.es\/es\/mal-passet-renueva-su-junta-directiva\/\" \/>\n<meta property=\"og:site_name\" content=\"COPE Alcoy\" \/>\n<meta property=\"article:published_time\" content=\"2016-02-08T06:00:10+00:00\" \/>\n<meta property=\"og:image\" content=\"https:\/\/www.copealcoy.es\/wp-content\/uploads\/2015\/03\/image14.jpg\" \/>\n\t<meta property=\"og:image:width\" content=\"2048\" \/>\n\t<meta property=\"og:image:height\" content=\"1362\" \/>\n\t<meta property=\"og:image:type\" content=\"image\/jpeg\" \/>\n<meta name=\"author\" content=\"Cope Alcoy\" \/>\n<meta name=\"twitter:label1\" content=\"Escrito por\" \/>\n\t<meta name=\"twitter:data1\" content=\"Cope Alcoy\" \/>\n\t<meta name=\"twitter:label2\" content=\"Tiempo de lectura\" \/>\n\t<meta name=\"twitter:data2\" content=\"1 minuto\" \/>\n<script type=\"application\/ld+json\" class=\"yoast-schema-graph\">{\"@context\":\"https:\\\/\\\/schema.org\",\"@graph\":[{\"@type\":\"Article\",\"@id\":\"https:\\\/\\\/www.copealcoy.es\\\/es\\\/mal-passet-renueva-su-junta-directiva\\\/#article\",\"isPartOf\":{\"@id\":\"https:\\\/\\\/www.copealcoy.es\\\/es\\\/mal-passet-renueva-su-junta-directiva\\\/\"},\"author\":{\"name\":\"Cope Alcoy\",\"@id\":\"https:\\\/\\\/www.copealcoy.es\\\/es\\\/#\\\/schema\\\/person\\\/e777c87fa024e57d40170af9df39882c\"},\"headline\":\"Mal Passet renueva su Junta Directiva\",\"datePublished\":\"2016-02-08T06:00:10+00:00\",\"mainEntityOfPage\":{\"@id\":\"https:\\\/\\\/www.copealcoy.es\\\/es\\\/mal-passet-renueva-su-junta-directiva\\\/\"},\"wordCount\":246,\"commentCount\":0,\"image\":{\"@id\":\"https:\\\/\\\/www.copealcoy.es\\\/es\\\/mal-passet-renueva-su-junta-directiva\\\/#primaryimage\"},\"thumbnailUrl\":\"https:\\\/\\\/www.copealcoy.es\\\/wp-content\\\/uploads\\\/2015\\\/03\\\/image14.jpg\",\"keywords\":[\"Comtat\",\"Gabriel Franc\u00e9s\",\"Junta Directiva\",\"Mal Passet\"],\"articleSection\":[\"Comarcas\",\"Noticias\"],\"inLanguage\":\"es\"},{\"@type\":\"WebPage\",\"@id\":\"https:\\\/\\\/www.copealcoy.es\\\/es\\\/mal-passet-renueva-su-junta-directiva\\\/\",\"url\":\"https:\\\/\\\/www.copealcoy.es\\\/es\\\/mal-passet-renueva-su-junta-directiva\\\/\",\"name\":\"Mal Passet renueva su Junta Directiva - COPE Alcoy\",\"isPartOf\":{\"@id\":\"https:\\\/\\\/www.copealcoy.es\\\/es\\\/#website\"},\"primaryImageOfPage\":{\"@id\":\"https:\\\/\\\/www.copealcoy.es\\\/es\\\/mal-passet-renueva-su-junta-directiva\\\/#primaryimage\"},\"image\":{\"@id\":\"https:\\\/\\\/www.copealcoy.es\\\/es\\\/mal-passet-renueva-su-junta-directiva\\\/#primaryimage\"},\"thumbnailUrl\":\"https:\\\/\\\/www.copealcoy.es\\\/wp-content\\\/uploads\\\/2015\\\/03\\\/image14.jpg\",\"datePublished\":\"2016-02-08T06:00:10+00:00\",\"author\":{\"@id\":\"https:\\\/\\\/www.copealcoy.es\\\/es\\\/#\\\/schema\\\/person\\\/e777c87fa024e57d40170af9df39882c\"},\"breadcrumb\":{\"@id\":\"https:\\\/\\\/www.copealcoy.es\\\/es\\\/mal-passet-renueva-su-junta-directiva\\\/#breadcrumb\"},\"inLanguage\":\"es\",\"potentialAction\":[{\"@type\":\"ReadAction\",\"target\":[\"https:\\\/\\\/www.copealcoy.es\\\/es\\\/mal-passet-renueva-su-junta-directiva\\\/\"]}]},{\"@type\":\"ImageObject\",\"inLanguage\":\"es\",\"@id\":\"https:\\\/\\\/www.copealcoy.es\\\/es\\\/mal-passet-renueva-su-junta-directiva\\\/#primaryimage\",\"url\":\"https:\\\/\\\/www.copealcoy.es\\\/wp-content\\\/uploads\\\/2015\\\/03\\\/image14.jpg\",\"contentUrl\":\"https:\\\/\\\/www.copealcoy.es\\\/wp-content\\\/uploads\\\/2015\\\/03\\\/image14.jpg\",\"width\":1624,\"height\":1080,\"caption\":\"El Festival de Colles del Mal Passet es una cita consolidada en Cocentaina\"},{\"@type\":\"BreadcrumbList\",\"@id\":\"https:\\\/\\\/www.copealcoy.es\\\/es\\\/mal-passet-renueva-su-junta-directiva\\\/#breadcrumb\",\"itemListElement\":[{\"@type\":\"ListItem\",\"position\":1,\"name\":\"Portada\",\"item\":\"https:\\\/\\\/www.copealcoy.es\\\/es\\\/\"},{\"@type\":\"ListItem\",\"position\":2,\"name\":\"Mal Passet renueva su Junta Directiva\"}]},{\"@type\":\"WebSite\",\"@id\":\"https:\\\/\\\/www.copealcoy.es\\\/es\\\/#website\",\"url\":\"https:\\\/\\\/www.copealcoy.es\\\/es\\\/\",\"name\":\"COPE Alcoy\",\"description\":\"Emisora COPE de radio local con emisi\u00f3n online. Pont de Sant Jordi 8-10 03803 Alcoy\",\"potentialAction\":[{\"@type\":\"SearchAction\",\"target\":{\"@type\":\"EntryPoint\",\"urlTemplate\":\"https:\\\/\\\/www.copealcoy.es\\\/es\\\/?s={search_term_string}\"},\"query-input\":{\"@type\":\"PropertyValueSpecification\",\"valueRequired\":true,\"valueName\":\"search_term_string\"}}],\"inLanguage\":\"es\"},{\"@type\":\"Person\",\"@id\":\"https:\\\/\\\/www.copealcoy.es\\\/es\\\/#\\\/schema\\\/person\\\/e777c87fa024e57d40170af9df39882c\",\"name\":\"Cope Alcoy\",\"image\":{\"@type\":\"ImageObject\",\"inLanguage\":\"es\",\"@id\":\"https:\\\/\\\/secure.gravatar.com\\\/avatar\\\/bb65d0283347e303893ba14f0692005417c1e0e690a325a4c5d8bb2b3943ee14?s=96&d=mm&r=g\",\"url\":\"https:\\\/\\\/secure.gravatar.com\\\/avatar\\\/bb65d0283347e303893ba14f0692005417c1e0e690a325a4c5d8bb2b3943ee14?s=96&d=mm&r=g\",\"contentUrl\":\"https:\\\/\\\/secure.gravatar.com\\\/avatar\\\/bb65d0283347e303893ba14f0692005417c1e0e690a325a4c5d8bb2b3943ee14?s=96&d=mm&r=g\",\"caption\":\"Cope Alcoy\"}}]}<\/script>\n<!-- \/ Yoast SEO plugin. -->","yoast_head_json":{"title":"Mal Passet renueva su Junta Directiva - COPE Alcoy","robots":{"index":"index","follow":"follow","max-snippet":"max-snippet:-1","max-image-preview":"max-image-preview:large","max-video-preview":"max-video-preview:-1"},"canonical":"https:\/\/www.copealcoy.es\/es\/mal-passet-renueva-su-junta-directiva\/","og_locale":"es_ES","og_type":"article","og_title":"Mal Passet renueva su Junta Directiva - COPE Alcoy","og_description":"La Colla Mal Passet de Cocentaina ha renovado su Junta Directiva despu\u00e9s de la Asamblea Ordinaria que tuvo lugar el...","og_url":"https:\/\/www.copealcoy.es\/es\/mal-passet-renueva-su-junta-directiva\/","og_site_name":"COPE Alcoy","article_published_time":"2016-02-08T06:00:10+00:00","og_image":[{"width":2048,"height":1362,"url":"https:\/\/www.copealcoy.es\/wp-content\/uploads\/2015\/03\/image14.jpg","type":"image\/jpeg"}],"author":"Cope Alcoy","twitter_misc":{"Escrito por":"Cope Alcoy","Tiempo de lectura":"1 minuto"},"schema":{"@context":"https:\/\/schema.org","@graph":[{"@type":"Article","@id":"https:\/\/www.copealcoy.es\/es\/mal-passet-renueva-su-junta-directiva\/#article","isPartOf":{"@id":"https:\/\/www.copealcoy.es\/es\/mal-passet-renueva-su-junta-directiva\/"},"author":{"name":"Cope Alcoy","@id":"https:\/\/www.copealcoy.es\/es\/#\/schema\/person\/e777c87fa024e57d40170af9df39882c"},"headline":"Mal Passet renueva su Junta Directiva","datePublished":"2016-02-08T06:00:10+00:00","mainEntityOfPage":{"@id":"https:\/\/www.copealcoy.es\/es\/mal-passet-renueva-su-junta-directiva\/"},"wordCount":246,"commentCount":0,"image":{"@id":"https:\/\/www.copealcoy.es\/es\/mal-passet-renueva-su-junta-directiva\/#primaryimage"},"thumbnailUrl":"https:\/\/www.copealcoy.es\/wp-content\/uploads\/2015\/03\/image14.jpg","keywords":["Comtat","Gabriel Franc\u00e9s","Junta Directiva","Mal Passet"],"articleSection":["Comarcas","Noticias"],"inLanguage":"es"},{"@type":"WebPage","@id":"https:\/\/www.copealcoy.es\/es\/mal-passet-renueva-su-junta-directiva\/","url":"https:\/\/www.copealcoy.es\/es\/mal-passet-renueva-su-junta-directiva\/","name":"Mal Passet renueva su Junta Directiva - COPE Alcoy","isPartOf":{"@id":"https:\/\/www.copealcoy.es\/es\/#website"},"primaryImageOfPage":{"@id":"https:\/\/www.copealcoy.es\/es\/mal-passet-renueva-su-junta-directiva\/#primaryimage"},"image":{"@id":"https:\/\/www.copealcoy.es\/es\/mal-passet-renueva-su-junta-directiva\/#primaryimage"},"thumbnailUrl":"https:\/\/www.copealcoy.es\/wp-content\/uploads\/2015\/03\/image14.jpg","datePublished":"2016-02-08T06:00:10+00:00","author":{"@id":"https:\/\/www.copealcoy.es\/es\/#\/schema\/person\/e777c87fa024e57d40170af9df39882c"},"breadcrumb":{"@id":"https:\/\/www.copealcoy.es\/es\/mal-passet-renueva-su-junta-directiva\/#breadcrumb"},"inLanguage":"es","potentialAction":[{"@type":"ReadAction","target":["https:\/\/www.copealcoy.es\/es\/mal-passet-renueva-su-junta-directiva\/"]}]},{"@type":"ImageObject","inLanguage":"es","@id":"https:\/\/www.copealcoy.es\/es\/mal-passet-renueva-su-junta-directiva\/#primaryimage","url":"https:\/\/www.copealcoy.es\/wp-content\/uploads\/2015\/03\/image14.jpg","contentUrl":"https:\/\/www.copealcoy.es\/wp-content\/uploads\/2015\/03\/image14.jpg","width":1624,"height":1080,"caption":"El Festival de Colles del Mal Passet es una cita consolidada en Cocentaina"},{"@type":"BreadcrumbList","@id":"https:\/\/www.copealcoy.es\/es\/mal-passet-renueva-su-junta-directiva\/#breadcrumb","itemListElement":[{"@type":"ListItem","position":1,"name":"Portada","item":"https:\/\/www.copealcoy.es\/es\/"},{"@type":"ListItem","position":2,"name":"Mal Passet renueva su Junta Directiva"}]},{"@type":"WebSite","@id":"https:\/\/www.copealcoy.es\/es\/#website","url":"https:\/\/www.copealcoy.es\/es\/","name":"COPE Alcoy","description":"Emisora COPE de radio local con emisi\u00f3n online. Pont de Sant Jordi 8-10 03803 Alcoy","potentialAction":[{"@type":"SearchAction","target":{"@type":"EntryPoint","urlTemplate":"https:\/\/www.copealcoy.es\/es\/?s={search_term_string}"},"query-input":{"@type":"PropertyValueSpecification","valueRequired":true,"valueName":"search_term_string"}}],"inLanguage":"es"},{"@type":"Person","@id":"https:\/\/www.copealcoy.es\/es\/#\/schema\/person\/e777c87fa024e57d40170af9df39882c","name":"Cope Alcoy","image":{"@type":"ImageObject","inLanguage":"es","@id":"https:\/\/secure.gravatar.com\/avatar\/bb65d0283347e303893ba14f0692005417c1e0e690a325a4c5d8bb2b3943ee14?s=96&d=mm&r=g","url":"https:\/\/secure.gravatar.com\/avatar\/bb65d0283347e303893ba14f0692005417c1e0e690a325a4c5d8bb2b3943ee14?s=96&d=mm&r=g","contentUrl":"https:\/\/secure.gravatar.com\/avatar\/bb65d0283347e303893ba14f0692005417c1e0e690a325a4c5d8bb2b3943ee14?s=96&d=mm&r=g","caption":"Cope Alcoy"}}]}},"_links":{"self":[{"href":"https:\/\/www.copealcoy.es\/es\/wp-json\/wp\/v2\/posts\/18717","targetHints":{"allow":["GET"]}}],"collection":[{"href":"https:\/\/www.copealcoy.es\/es\/wp-json\/wp\/v2\/posts"}],"about":[{"href":"https:\/\/www.copealcoy.es\/es\/wp-json\/wp\/v2\/types\/post"}],"author":[{"embeddable":true,"href":"https:\/\/www.copealcoy.es\/es\/wp-json\/wp\/v2\/users\/1"}],"replies":[{"embeddable":true,"href":"https:\/\/www.copealcoy.es\/es\/wp-json\/wp\/v2\/comments?post=18717"}],"version-history":[{"count":0,"href":"https:\/\/www.copealcoy.es\/es\/wp-json\/wp\/v2\/posts\/18717\/revisions"}],"wp:featuredmedia":[{"embeddable":true,"href":"https:\/\/www.copealcoy.es\/es\/wp-json\/wp\/v2\/media\/11059"}],"wp:attachment":[{"href":"https:\/\/www.copealcoy.es\/es\/wp-json\/wp\/v2\/media?parent=18717"}],"wp:term":[{"taxonomy":"category","embeddable":true,"href":"https:\/\/www.copealcoy.es\/es\/wp-json\/wp\/v2\/categories?post=18717"},{"taxonomy":"post_tag","embeddable":true,"href":"https:\/\/www.copealcoy.es\/es\/wp-json\/wp\/v2\/tags?post=18717"}],"curies":[{"name":"wp","href":"https:\/\/api.w.org\/{rel}","templated":true}]}}