{"id":18703,"date":"2016-02-07T12:40:14","date_gmt":"2016-02-07T12:40:14","guid":{"rendered":"http:\/\/copealcoi.es\/new\/?p=18703"},"modified":"2016-02-07T20:29:23","modified_gmt":"2016-02-07T20:29:23","slug":"detenciones-en-la-comarca-en-una-operacion-contra-el-terrorismo-yihadista","status":"publish","type":"post","link":"https:\/\/www.copealcoy.es\/es\/detenciones-en-la-comarca-en-una-operacion-contra-el-terrorismo-yihadista\/","title":{"rendered":"Detenciones en la comarca en una operaci\u00f3n contra el terrorismo yihadista"},"content":{"rendered":"<p style=\"text-align: justify;\">La Polic\u00eda Nacional ha llevado a cabo este domingo una operaci\u00f3n\u00a0contra el terrorismo\u00a0yihadista en las provincias de Alicante y Valencia as\u00ed como en Ceuta que se ha saldado con varias detenciones en la comarca del Comtat y la de l\u00b4Alcoi\u00e0. En concreto hay siete detenidos repartidos entre Alcoy, Muro y l\u00b4Alquer\u00eda d\u00b4Asnar junto a Crevillent y Alicante as\u00ed como Ontinyent. Los arrestados, seg\u00fan la informaci\u00f3n que ha facilitado el Ministerio del Interior, formaban parte de una c\u00e9lula islamista que adem\u00e1s del blanqueo de capitales compraba armamento y explosivos en el mercado negro para enviarlo a\u00a0a Siria e Iraq camuflado en\u00a0contenedores a trav\u00e9s de los principales puertos mar\u00edtimos espa\u00f1oles haci\u00e9ndolo pasar por ayuda humanitaria. De esta forma se les relaciona\u00a0por su presunta vinculaci\u00f3n con el DAESH (Estado Isl\u00e1mico) as\u00ed como con Jabhat al Nusra formando\u00a0parte del\u00a0aparato log\u00edstico\u00a0de estas organizaciones\u00a0facilitando\u00a0armas y material militar.\u00a0Indicar que los detenidos son personas de origen sirio, jordano y marroqu\u00ed, seg\u00fan ha informado la Polic\u00eda Nacional.<\/p>\n<p style=\"text-align: justify;\">La operaci\u00f3n se mantiene todav\u00eda abierta y\u00a0hasta el momento se han realizado m\u00e1s de veinte registros entre casas, locales comerciales y empresas tanto de Muro como de Alcoy, \u00a0l\u00b4Alquer\u00eda d\u00b4 Asnar o Cocentaina.<\/p>\n<p style=\"text-align: justify;\">\n","protected":false},"excerpt":{"rendered":"<p>La Polic\u00eda Nacional ha llevado a cabo este domingo una operaci\u00f3n\u00a0contra el terrorismo\u00a0yihadista en las provincias de Alicante y Valencia&#8230;<\/p>\n","protected":false},"author":1,"featured_media":18704,"comment_status":"open","ping_status":"open","sticky":false,"template":"","format":"standard","meta":{"footnotes":""},"categories":[75,125],"tags":[1494,237,135,1836,1835],"class_list":["post-18703","post","type-post","status-publish","format-standard","has-post-thumbnail","hentry","category-noticias","category-portada","tag-alcoy","tag-comtat","tag-muro","tag-policia-nacional","tag-terrorismo-yihadista"],"yoast_head":"<!-- This site is optimized with the Yoast SEO plugin v27.3 - https:\/\/yoast.com\/product\/yoast-seo-wordpress\/ -->\n<title>Detenciones en la comarca en una operaci\u00f3n contra el terrorismo yihadista - COPE Alcoy<\/title>\n<meta name=\"robots\" content=\"index, follow, max-snippet:-1, max-image-preview:large, max-video-preview:-1\" \/>\n<link rel=\"canonical\" href=\"https:\/\/www.copealcoy.es\/es\/detenciones-en-la-comarca-en-una-operacion-contra-el-terrorismo-yihadista\/\" \/>\n<meta property=\"og:locale\" content=\"es_ES\" \/>\n<meta property=\"og:type\" content=\"article\" \/>\n<meta property=\"og:title\" content=\"Detenciones en la comarca en una operaci\u00f3n contra el terrorismo yihadista - COPE Alcoy\" \/>\n<meta property=\"og:description\" content=\"La Polic\u00eda Nacional ha llevado a cabo este domingo una operaci\u00f3n\u00a0contra el terrorismo\u00a0yihadista en las provincias de Alicante y Valencia...\" \/>\n<meta property=\"og:url\" content=\"https:\/\/www.copealcoy.es\/es\/detenciones-en-la-comarca-en-una-operacion-contra-el-terrorismo-yihadista\/\" \/>\n<meta property=\"og:site_name\" content=\"COPE Alcoy\" \/>\n<meta property=\"article:published_time\" content=\"2016-02-07T12:40:14+00:00\" \/>\n<meta property=\"article:modified_time\" content=\"2016-02-07T20:29:23+00:00\" \/>\n<meta property=\"og:image\" content=\"https:\/\/www.copealcoy.es\/wp-content\/uploads\/2016\/02\/IMG_2488_20160207114549.jpg\" \/>\n\t<meta property=\"og:image:width\" content=\"900\" \/>\n\t<meta property=\"og:image:height\" content=\"651\" \/>\n\t<meta property=\"og:image:type\" content=\"image\/jpeg\" \/>\n<meta name=\"author\" content=\"Cope Alcoy\" \/>\n<meta name=\"twitter:label1\" content=\"Escrito por\" \/>\n\t<meta name=\"twitter:data1\" content=\"Cope Alcoy\" \/>\n\t<meta name=\"twitter:label2\" content=\"Tiempo de lectura\" \/>\n\t<meta name=\"twitter:data2\" content=\"1 minuto\" \/>\n<script type=\"application\/ld+json\" class=\"yoast-schema-graph\">{\"@context\":\"https:\\\/\\\/schema.org\",\"@graph\":[{\"@type\":\"Article\",\"@id\":\"https:\\\/\\\/www.copealcoy.es\\\/es\\\/detenciones-en-la-comarca-en-una-operacion-contra-el-terrorismo-yihadista\\\/#article\",\"isPartOf\":{\"@id\":\"https:\\\/\\\/www.copealcoy.es\\\/es\\\/detenciones-en-la-comarca-en-una-operacion-contra-el-terrorismo-yihadista\\\/\"},\"author\":{\"name\":\"Cope Alcoy\",\"@id\":\"https:\\\/\\\/www.copealcoy.es\\\/es\\\/#\\\/schema\\\/person\\\/e777c87fa024e57d40170af9df39882c\"},\"headline\":\"Detenciones en la comarca en una operaci\u00f3n contra el terrorismo yihadista\",\"datePublished\":\"2016-02-07T12:40:14+00:00\",\"dateModified\":\"2016-02-07T20:29:23+00:00\",\"mainEntityOfPage\":{\"@id\":\"https:\\\/\\\/www.copealcoy.es\\\/es\\\/detenciones-en-la-comarca-en-una-operacion-contra-el-terrorismo-yihadista\\\/\"},\"wordCount\":239,\"commentCount\":0,\"image\":{\"@id\":\"https:\\\/\\\/www.copealcoy.es\\\/es\\\/detenciones-en-la-comarca-en-una-operacion-contra-el-terrorismo-yihadista\\\/#primaryimage\"},\"thumbnailUrl\":\"https:\\\/\\\/www.copealcoy.es\\\/wp-content\\\/uploads\\\/2016\\\/02\\\/IMG_2488_20160207114549.jpg\",\"keywords\":[\"Alcoy\",\"Comtat\",\"Muro\",\"Polic\u00eda Nacional\",\"Terrorismo yihadista\"],\"articleSection\":[\"Noticias\",\"Portada\"],\"inLanguage\":\"es\"},{\"@type\":\"WebPage\",\"@id\":\"https:\\\/\\\/www.copealcoy.es\\\/es\\\/detenciones-en-la-comarca-en-una-operacion-contra-el-terrorismo-yihadista\\\/\",\"url\":\"https:\\\/\\\/www.copealcoy.es\\\/es\\\/detenciones-en-la-comarca-en-una-operacion-contra-el-terrorismo-yihadista\\\/\",\"name\":\"Detenciones en la comarca en una operaci\u00f3n contra el terrorismo yihadista - COPE Alcoy\",\"isPartOf\":{\"@id\":\"https:\\\/\\\/www.copealcoy.es\\\/es\\\/#website\"},\"primaryImageOfPage\":{\"@id\":\"https:\\\/\\\/www.copealcoy.es\\\/es\\\/detenciones-en-la-comarca-en-una-operacion-contra-el-terrorismo-yihadista\\\/#primaryimage\"},\"image\":{\"@id\":\"https:\\\/\\\/www.copealcoy.es\\\/es\\\/detenciones-en-la-comarca-en-una-operacion-contra-el-terrorismo-yihadista\\\/#primaryimage\"},\"thumbnailUrl\":\"https:\\\/\\\/www.copealcoy.es\\\/wp-content\\\/uploads\\\/2016\\\/02\\\/IMG_2488_20160207114549.jpg\",\"datePublished\":\"2016-02-07T12:40:14+00:00\",\"dateModified\":\"2016-02-07T20:29:23+00:00\",\"author\":{\"@id\":\"https:\\\/\\\/www.copealcoy.es\\\/es\\\/#\\\/schema\\\/person\\\/e777c87fa024e57d40170af9df39882c\"},\"breadcrumb\":{\"@id\":\"https:\\\/\\\/www.copealcoy.es\\\/es\\\/detenciones-en-la-comarca-en-una-operacion-contra-el-terrorismo-yihadista\\\/#breadcrumb\"},\"inLanguage\":\"es\",\"potentialAction\":[{\"@type\":\"ReadAction\",\"target\":[\"https:\\\/\\\/www.copealcoy.es\\\/es\\\/detenciones-en-la-comarca-en-una-operacion-contra-el-terrorismo-yihadista\\\/\"]}]},{\"@type\":\"ImageObject\",\"inLanguage\":\"es\",\"@id\":\"https:\\\/\\\/www.copealcoy.es\\\/es\\\/detenciones-en-la-comarca-en-una-operacion-contra-el-terrorismo-yihadista\\\/#primaryimage\",\"url\":\"https:\\\/\\\/www.copealcoy.es\\\/wp-content\\\/uploads\\\/2016\\\/02\\\/IMG_2488_20160207114549.jpg\",\"contentUrl\":\"https:\\\/\\\/www.copealcoy.es\\\/wp-content\\\/uploads\\\/2016\\\/02\\\/IMG_2488_20160207114549.jpg\",\"width\":900,\"height\":651,\"caption\":\"Registros llevados a cabo esta ma\u00f1ana en Muro\"},{\"@type\":\"BreadcrumbList\",\"@id\":\"https:\\\/\\\/www.copealcoy.es\\\/es\\\/detenciones-en-la-comarca-en-una-operacion-contra-el-terrorismo-yihadista\\\/#breadcrumb\",\"itemListElement\":[{\"@type\":\"ListItem\",\"position\":1,\"name\":\"Portada\",\"item\":\"https:\\\/\\\/www.copealcoy.es\\\/es\\\/\"},{\"@type\":\"ListItem\",\"position\":2,\"name\":\"Detenciones en la comarca en una operaci\u00f3n contra el terrorismo yihadista\"}]},{\"@type\":\"WebSite\",\"@id\":\"https:\\\/\\\/www.copealcoy.es\\\/es\\\/#website\",\"url\":\"https:\\\/\\\/www.copealcoy.es\\\/es\\\/\",\"name\":\"COPE Alcoy\",\"description\":\"Emisora COPE de radio local con emisi\u00f3n online. Pont de Sant Jordi 8-10 03803 Alcoy\",\"potentialAction\":[{\"@type\":\"SearchAction\",\"target\":{\"@type\":\"EntryPoint\",\"urlTemplate\":\"https:\\\/\\\/www.copealcoy.es\\\/es\\\/?s={search_term_string}\"},\"query-input\":{\"@type\":\"PropertyValueSpecification\",\"valueRequired\":true,\"valueName\":\"search_term_string\"}}],\"inLanguage\":\"es\"},{\"@type\":\"Person\",\"@id\":\"https:\\\/\\\/www.copealcoy.es\\\/es\\\/#\\\/schema\\\/person\\\/e777c87fa024e57d40170af9df39882c\",\"name\":\"Cope Alcoy\",\"image\":{\"@type\":\"ImageObject\",\"inLanguage\":\"es\",\"@id\":\"https:\\\/\\\/secure.gravatar.com\\\/avatar\\\/bb65d0283347e303893ba14f0692005417c1e0e690a325a4c5d8bb2b3943ee14?s=96&d=mm&r=g\",\"url\":\"https:\\\/\\\/secure.gravatar.com\\\/avatar\\\/bb65d0283347e303893ba14f0692005417c1e0e690a325a4c5d8bb2b3943ee14?s=96&d=mm&r=g\",\"contentUrl\":\"https:\\\/\\\/secure.gravatar.com\\\/avatar\\\/bb65d0283347e303893ba14f0692005417c1e0e690a325a4c5d8bb2b3943ee14?s=96&d=mm&r=g\",\"caption\":\"Cope Alcoy\"}}]}<\/script>\n<!-- \/ Yoast SEO plugin. -->","yoast_head_json":{"title":"Detenciones en la comarca en una operaci\u00f3n contra el terrorismo yihadista - COPE Alcoy","robots":{"index":"index","follow":"follow","max-snippet":"max-snippet:-1","max-image-preview":"max-image-preview:large","max-video-preview":"max-video-preview:-1"},"canonical":"https:\/\/www.copealcoy.es\/es\/detenciones-en-la-comarca-en-una-operacion-contra-el-terrorismo-yihadista\/","og_locale":"es_ES","og_type":"article","og_title":"Detenciones en la comarca en una operaci\u00f3n contra el terrorismo yihadista - COPE Alcoy","og_description":"La Polic\u00eda Nacional ha llevado a cabo este domingo una operaci\u00f3n\u00a0contra el terrorismo\u00a0yihadista en las provincias de Alicante y Valencia...","og_url":"https:\/\/www.copealcoy.es\/es\/detenciones-en-la-comarca-en-una-operacion-contra-el-terrorismo-yihadista\/","og_site_name":"COPE Alcoy","article_published_time":"2016-02-07T12:40:14+00:00","article_modified_time":"2016-02-07T20:29:23+00:00","og_image":[{"width":900,"height":651,"url":"https:\/\/www.copealcoy.es\/wp-content\/uploads\/2016\/02\/IMG_2488_20160207114549.jpg","type":"image\/jpeg"}],"author":"Cope Alcoy","twitter_misc":{"Escrito por":"Cope Alcoy","Tiempo de lectura":"1 minuto"},"schema":{"@context":"https:\/\/schema.org","@graph":[{"@type":"Article","@id":"https:\/\/www.copealcoy.es\/es\/detenciones-en-la-comarca-en-una-operacion-contra-el-terrorismo-yihadista\/#article","isPartOf":{"@id":"https:\/\/www.copealcoy.es\/es\/detenciones-en-la-comarca-en-una-operacion-contra-el-terrorismo-yihadista\/"},"author":{"name":"Cope Alcoy","@id":"https:\/\/www.copealcoy.es\/es\/#\/schema\/person\/e777c87fa024e57d40170af9df39882c"},"headline":"Detenciones en la comarca en una operaci\u00f3n contra el terrorismo yihadista","datePublished":"2016-02-07T12:40:14+00:00","dateModified":"2016-02-07T20:29:23+00:00","mainEntityOfPage":{"@id":"https:\/\/www.copealcoy.es\/es\/detenciones-en-la-comarca-en-una-operacion-contra-el-terrorismo-yihadista\/"},"wordCount":239,"commentCount":0,"image":{"@id":"https:\/\/www.copealcoy.es\/es\/detenciones-en-la-comarca-en-una-operacion-contra-el-terrorismo-yihadista\/#primaryimage"},"thumbnailUrl":"https:\/\/www.copealcoy.es\/wp-content\/uploads\/2016\/02\/IMG_2488_20160207114549.jpg","keywords":["Alcoy","Comtat","Muro","Polic\u00eda Nacional","Terrorismo yihadista"],"articleSection":["Noticias","Portada"],"inLanguage":"es"},{"@type":"WebPage","@id":"https:\/\/www.copealcoy.es\/es\/detenciones-en-la-comarca-en-una-operacion-contra-el-terrorismo-yihadista\/","url":"https:\/\/www.copealcoy.es\/es\/detenciones-en-la-comarca-en-una-operacion-contra-el-terrorismo-yihadista\/","name":"Detenciones en la comarca en una operaci\u00f3n contra el terrorismo yihadista - COPE Alcoy","isPartOf":{"@id":"https:\/\/www.copealcoy.es\/es\/#website"},"primaryImageOfPage":{"@id":"https:\/\/www.copealcoy.es\/es\/detenciones-en-la-comarca-en-una-operacion-contra-el-terrorismo-yihadista\/#primaryimage"},"image":{"@id":"https:\/\/www.copealcoy.es\/es\/detenciones-en-la-comarca-en-una-operacion-contra-el-terrorismo-yihadista\/#primaryimage"},"thumbnailUrl":"https:\/\/www.copealcoy.es\/wp-content\/uploads\/2016\/02\/IMG_2488_20160207114549.jpg","datePublished":"2016-02-07T12:40:14+00:00","dateModified":"2016-02-07T20:29:23+00:00","author":{"@id":"https:\/\/www.copealcoy.es\/es\/#\/schema\/person\/e777c87fa024e57d40170af9df39882c"},"breadcrumb":{"@id":"https:\/\/www.copealcoy.es\/es\/detenciones-en-la-comarca-en-una-operacion-contra-el-terrorismo-yihadista\/#breadcrumb"},"inLanguage":"es","potentialAction":[{"@type":"ReadAction","target":["https:\/\/www.copealcoy.es\/es\/detenciones-en-la-comarca-en-una-operacion-contra-el-terrorismo-yihadista\/"]}]},{"@type":"ImageObject","inLanguage":"es","@id":"https:\/\/www.copealcoy.es\/es\/detenciones-en-la-comarca-en-una-operacion-contra-el-terrorismo-yihadista\/#primaryimage","url":"https:\/\/www.copealcoy.es\/wp-content\/uploads\/2016\/02\/IMG_2488_20160207114549.jpg","contentUrl":"https:\/\/www.copealcoy.es\/wp-content\/uploads\/2016\/02\/IMG_2488_20160207114549.jpg","width":900,"height":651,"caption":"Registros llevados a cabo esta ma\u00f1ana en Muro"},{"@type":"BreadcrumbList","@id":"https:\/\/www.copealcoy.es\/es\/detenciones-en-la-comarca-en-una-operacion-contra-el-terrorismo-yihadista\/#breadcrumb","itemListElement":[{"@type":"ListItem","position":1,"name":"Portada","item":"https:\/\/www.copealcoy.es\/es\/"},{"@type":"ListItem","position":2,"name":"Detenciones en la comarca en una operaci\u00f3n contra el terrorismo yihadista"}]},{"@type":"WebSite","@id":"https:\/\/www.copealcoy.es\/es\/#website","url":"https:\/\/www.copealcoy.es\/es\/","name":"COPE Alcoy","description":"Emisora COPE de radio local con emisi\u00f3n online. Pont de Sant Jordi 8-10 03803 Alcoy","potentialAction":[{"@type":"SearchAction","target":{"@type":"EntryPoint","urlTemplate":"https:\/\/www.copealcoy.es\/es\/?s={search_term_string}"},"query-input":{"@type":"PropertyValueSpecification","valueRequired":true,"valueName":"search_term_string"}}],"inLanguage":"es"},{"@type":"Person","@id":"https:\/\/www.copealcoy.es\/es\/#\/schema\/person\/e777c87fa024e57d40170af9df39882c","name":"Cope Alcoy","image":{"@type":"ImageObject","inLanguage":"es","@id":"https:\/\/secure.gravatar.com\/avatar\/bb65d0283347e303893ba14f0692005417c1e0e690a325a4c5d8bb2b3943ee14?s=96&d=mm&r=g","url":"https:\/\/secure.gravatar.com\/avatar\/bb65d0283347e303893ba14f0692005417c1e0e690a325a4c5d8bb2b3943ee14?s=96&d=mm&r=g","contentUrl":"https:\/\/secure.gravatar.com\/avatar\/bb65d0283347e303893ba14f0692005417c1e0e690a325a4c5d8bb2b3943ee14?s=96&d=mm&r=g","caption":"Cope Alcoy"}}]}},"_links":{"self":[{"href":"https:\/\/www.copealcoy.es\/es\/wp-json\/wp\/v2\/posts\/18703","targetHints":{"allow":["GET"]}}],"collection":[{"href":"https:\/\/www.copealcoy.es\/es\/wp-json\/wp\/v2\/posts"}],"about":[{"href":"https:\/\/www.copealcoy.es\/es\/wp-json\/wp\/v2\/types\/post"}],"author":[{"embeddable":true,"href":"https:\/\/www.copealcoy.es\/es\/wp-json\/wp\/v2\/users\/1"}],"replies":[{"embeddable":true,"href":"https:\/\/www.copealcoy.es\/es\/wp-json\/wp\/v2\/comments?post=18703"}],"version-history":[{"count":0,"href":"https:\/\/www.copealcoy.es\/es\/wp-json\/wp\/v2\/posts\/18703\/revisions"}],"wp:featuredmedia":[{"embeddable":true,"href":"https:\/\/www.copealcoy.es\/es\/wp-json\/wp\/v2\/media\/18704"}],"wp:attachment":[{"href":"https:\/\/www.copealcoy.es\/es\/wp-json\/wp\/v2\/media?parent=18703"}],"wp:term":[{"taxonomy":"category","embeddable":true,"href":"https:\/\/www.copealcoy.es\/es\/wp-json\/wp\/v2\/categories?post=18703"},{"taxonomy":"post_tag","embeddable":true,"href":"https:\/\/www.copealcoy.es\/es\/wp-json\/wp\/v2\/tags?post=18703"}],"curies":[{"name":"wp","href":"https:\/\/api.w.org\/{rel}","templated":true}]}}