{"id":18638,"date":"2016-02-04T15:51:52","date_gmt":"2016-02-04T15:51:52","guid":{"rendered":"http:\/\/copealcoi.es\/new\/?p=18638"},"modified":"2016-02-04T15:55:33","modified_gmt":"2016-02-04T15:55:33","slug":"alcoy-mantendra-la-oficina-de-atencion-a-las-victimas-de-violencia-de-genero","status":"publish","type":"post","link":"https:\/\/www.copealcoy.es\/es\/alcoy-mantendra-la-oficina-de-atencion-a-las-victimas-de-violencia-de-genero\/","title":{"rendered":"Alcoy mantendr\u00e1 la oficina de atenci\u00f3n a las v\u00edctimas de violencia de g\u00e9nero"},"content":{"rendered":"<p style=\"text-align: justify;\">La oficina de atenci\u00f3n a las v\u00edctimas de violencia de g\u00e9nero se mantendr\u00e1 en la ciudad de Alcoy<strong>. <\/strong>As\u00ed lo comunic\u00f3 ayer\u00a0la directora general del Instituto Valenciano de las Mujeres y por la Igualdad, Anais Menguzzato, tras una reuni\u00f3n solicitada por la Mancomunidad de l\u00b4Alcoi\u00e0 &#8211; Comtat y en la que estuvo presente la concejala de Pol\u00edticas Sociales del Ayuntamiento de Alcoy, Aroa Mira, as\u00ed como la alcaldesa de Cocentaina, Mireia Estepa y la edil de la Villa Condal y Gerente de la Mancomunitat, Mariona Carbonell. Este anuncio llega despu\u00e9s de que se especulara hace unos meses con la centralizaci\u00f3n de este servicio a oficinas provinciales y, supone, una buena noticia para el colectivo ya que seg\u00fan asegur\u00f3 Menguzzato\u00a0el objetivo del Consell pasa por cumplir con el estatuto de la v\u00edctima\u00a0creando el servicio\u00a0a nivel provincial pero sin dejar de dotar de recursos a las oficinas que dan cobertura en el \u00e1mbito comarcal.<\/p>\n","protected":false},"excerpt":{"rendered":"<p>La oficina de atenci\u00f3n a las v\u00edctimas de violencia de g\u00e9nero se mantendr\u00e1 en la ciudad de Alcoy. As\u00ed lo&#8230;<\/p>\n","protected":false},"author":1,"featured_media":18639,"comment_status":"open","ping_status":"open","sticky":false,"template":"","format":"standard","meta":{"footnotes":""},"categories":[97,75,79],"tags":[1494,1823,1824,1821,1822],"class_list":["post-18638","post","type-post","status-publish","format-standard","has-post-thumbnail","hentry","category-alcoy","category-noticias","category-politicayeconomia","tag-alcoy","tag-aroa-mira","tag-mancomunitat-alcoia-comtat","tag-oficina-victimas","tag-violencia-de-genero"],"yoast_head":"<!-- This site is optimized with the Yoast SEO plugin v27.3 - https:\/\/yoast.com\/product\/yoast-seo-wordpress\/ -->\n<title>Alcoy mantendr\u00e1 la oficina de atenci\u00f3n a las v\u00edctimas de violencia de g\u00e9nero - COPE Alcoy<\/title>\n<meta name=\"robots\" content=\"index, follow, max-snippet:-1, max-image-preview:large, max-video-preview:-1\" \/>\n<link rel=\"canonical\" href=\"https:\/\/www.copealcoy.es\/es\/alcoy-mantendra-la-oficina-de-atencion-a-las-victimas-de-violencia-de-genero\/\" \/>\n<meta property=\"og:locale\" content=\"es_ES\" \/>\n<meta property=\"og:type\" content=\"article\" \/>\n<meta property=\"og:title\" content=\"Alcoy mantendr\u00e1 la oficina de atenci\u00f3n a las v\u00edctimas de violencia de g\u00e9nero - COPE Alcoy\" \/>\n<meta property=\"og:description\" content=\"La oficina de atenci\u00f3n a las v\u00edctimas de violencia de g\u00e9nero se mantendr\u00e1 en la ciudad de Alcoy. As\u00ed lo...\" \/>\n<meta property=\"og:url\" content=\"https:\/\/www.copealcoy.es\/es\/alcoy-mantendra-la-oficina-de-atencion-a-las-victimas-de-violencia-de-genero\/\" \/>\n<meta property=\"og:site_name\" content=\"COPE Alcoy\" \/>\n<meta property=\"article:published_time\" content=\"2016-02-04T15:51:52+00:00\" \/>\n<meta property=\"article:modified_time\" content=\"2016-02-04T15:55:33+00:00\" \/>\n<meta property=\"og:image\" content=\"https:\/\/www.copealcoy.es\/wp-content\/uploads\/2016\/02\/CaOEhc2W0AATCCr-e1454601308290.jpg\" \/>\n\t<meta property=\"og:image:width\" content=\"555\" \/>\n\t<meta property=\"og:image:height\" content=\"343\" \/>\n\t<meta property=\"og:image:type\" content=\"image\/jpeg\" \/>\n<meta name=\"author\" content=\"Cope Alcoy\" \/>\n<meta name=\"twitter:label1\" content=\"Escrito por\" \/>\n\t<meta name=\"twitter:data1\" content=\"Cope Alcoy\" \/>\n\t<meta name=\"twitter:label2\" content=\"Tiempo de lectura\" \/>\n\t<meta name=\"twitter:data2\" content=\"1 minuto\" \/>\n<script type=\"application\/ld+json\" class=\"yoast-schema-graph\">{\"@context\":\"https:\\\/\\\/schema.org\",\"@graph\":[{\"@type\":\"Article\",\"@id\":\"https:\\\/\\\/www.copealcoy.es\\\/es\\\/alcoy-mantendra-la-oficina-de-atencion-a-las-victimas-de-violencia-de-genero\\\/#article\",\"isPartOf\":{\"@id\":\"https:\\\/\\\/www.copealcoy.es\\\/es\\\/alcoy-mantendra-la-oficina-de-atencion-a-las-victimas-de-violencia-de-genero\\\/\"},\"author\":{\"name\":\"Cope Alcoy\",\"@id\":\"https:\\\/\\\/www.copealcoy.es\\\/es\\\/#\\\/schema\\\/person\\\/e777c87fa024e57d40170af9df39882c\"},\"headline\":\"Alcoy mantendr\u00e1 la oficina de atenci\u00f3n a las v\u00edctimas de violencia de g\u00e9nero\",\"datePublished\":\"2016-02-04T15:51:52+00:00\",\"dateModified\":\"2016-02-04T15:55:33+00:00\",\"mainEntityOfPage\":{\"@id\":\"https:\\\/\\\/www.copealcoy.es\\\/es\\\/alcoy-mantendra-la-oficina-de-atencion-a-las-victimas-de-violencia-de-genero\\\/\"},\"wordCount\":182,\"commentCount\":0,\"image\":{\"@id\":\"https:\\\/\\\/www.copealcoy.es\\\/es\\\/alcoy-mantendra-la-oficina-de-atencion-a-las-victimas-de-violencia-de-genero\\\/#primaryimage\"},\"thumbnailUrl\":\"https:\\\/\\\/www.copealcoy.es\\\/wp-content\\\/uploads\\\/2016\\\/02\\\/CaOEhc2W0AATCCr-e1454601308290.jpg\",\"keywords\":[\"Alcoy\",\"Aroa Mira\",\"Mancomunitat Alcoi\u00e0 - Comtat\",\"Oficina V\u00edctimas\",\"Violencia de G\u00e9nero\"],\"articleSection\":[\"Alcoy\",\"Noticias\",\"Pol\u00edtica y Econom\u00eda\"],\"inLanguage\":\"es\"},{\"@type\":\"WebPage\",\"@id\":\"https:\\\/\\\/www.copealcoy.es\\\/es\\\/alcoy-mantendra-la-oficina-de-atencion-a-las-victimas-de-violencia-de-genero\\\/\",\"url\":\"https:\\\/\\\/www.copealcoy.es\\\/es\\\/alcoy-mantendra-la-oficina-de-atencion-a-las-victimas-de-violencia-de-genero\\\/\",\"name\":\"Alcoy mantendr\u00e1 la oficina de atenci\u00f3n a las v\u00edctimas de violencia de g\u00e9nero - COPE Alcoy\",\"isPartOf\":{\"@id\":\"https:\\\/\\\/www.copealcoy.es\\\/es\\\/#website\"},\"primaryImageOfPage\":{\"@id\":\"https:\\\/\\\/www.copealcoy.es\\\/es\\\/alcoy-mantendra-la-oficina-de-atencion-a-las-victimas-de-violencia-de-genero\\\/#primaryimage\"},\"image\":{\"@id\":\"https:\\\/\\\/www.copealcoy.es\\\/es\\\/alcoy-mantendra-la-oficina-de-atencion-a-las-victimas-de-violencia-de-genero\\\/#primaryimage\"},\"thumbnailUrl\":\"https:\\\/\\\/www.copealcoy.es\\\/wp-content\\\/uploads\\\/2016\\\/02\\\/CaOEhc2W0AATCCr-e1454601308290.jpg\",\"datePublished\":\"2016-02-04T15:51:52+00:00\",\"dateModified\":\"2016-02-04T15:55:33+00:00\",\"author\":{\"@id\":\"https:\\\/\\\/www.copealcoy.es\\\/es\\\/#\\\/schema\\\/person\\\/e777c87fa024e57d40170af9df39882c\"},\"breadcrumb\":{\"@id\":\"https:\\\/\\\/www.copealcoy.es\\\/es\\\/alcoy-mantendra-la-oficina-de-atencion-a-las-victimas-de-violencia-de-genero\\\/#breadcrumb\"},\"inLanguage\":\"es\",\"potentialAction\":[{\"@type\":\"ReadAction\",\"target\":[\"https:\\\/\\\/www.copealcoy.es\\\/es\\\/alcoy-mantendra-la-oficina-de-atencion-a-las-victimas-de-violencia-de-genero\\\/\"]}]},{\"@type\":\"ImageObject\",\"inLanguage\":\"es\",\"@id\":\"https:\\\/\\\/www.copealcoy.es\\\/es\\\/alcoy-mantendra-la-oficina-de-atencion-a-las-victimas-de-violencia-de-genero\\\/#primaryimage\",\"url\":\"https:\\\/\\\/www.copealcoy.es\\\/wp-content\\\/uploads\\\/2016\\\/02\\\/CaOEhc2W0AATCCr-e1454601308290.jpg\",\"contentUrl\":\"https:\\\/\\\/www.copealcoy.es\\\/wp-content\\\/uploads\\\/2016\\\/02\\\/CaOEhc2W0AATCCr-e1454601308290.jpg\",\"width\":555,\"height\":343,\"caption\":\"Las representantes de la comarca junto a la directora general\"},{\"@type\":\"BreadcrumbList\",\"@id\":\"https:\\\/\\\/www.copealcoy.es\\\/es\\\/alcoy-mantendra-la-oficina-de-atencion-a-las-victimas-de-violencia-de-genero\\\/#breadcrumb\",\"itemListElement\":[{\"@type\":\"ListItem\",\"position\":1,\"name\":\"Portada\",\"item\":\"https:\\\/\\\/www.copealcoy.es\\\/es\\\/\"},{\"@type\":\"ListItem\",\"position\":2,\"name\":\"Alcoy mantendr\u00e1 la oficina de atenci\u00f3n a las v\u00edctimas de violencia de g\u00e9nero\"}]},{\"@type\":\"WebSite\",\"@id\":\"https:\\\/\\\/www.copealcoy.es\\\/es\\\/#website\",\"url\":\"https:\\\/\\\/www.copealcoy.es\\\/es\\\/\",\"name\":\"COPE Alcoy\",\"description\":\"Emisora COPE de radio local con emisi\u00f3n online. Pont de Sant Jordi 8-10 03803 Alcoy\",\"potentialAction\":[{\"@type\":\"SearchAction\",\"target\":{\"@type\":\"EntryPoint\",\"urlTemplate\":\"https:\\\/\\\/www.copealcoy.es\\\/es\\\/?s={search_term_string}\"},\"query-input\":{\"@type\":\"PropertyValueSpecification\",\"valueRequired\":true,\"valueName\":\"search_term_string\"}}],\"inLanguage\":\"es\"},{\"@type\":\"Person\",\"@id\":\"https:\\\/\\\/www.copealcoy.es\\\/es\\\/#\\\/schema\\\/person\\\/e777c87fa024e57d40170af9df39882c\",\"name\":\"Cope Alcoy\",\"image\":{\"@type\":\"ImageObject\",\"inLanguage\":\"es\",\"@id\":\"https:\\\/\\\/secure.gravatar.com\\\/avatar\\\/bb65d0283347e303893ba14f0692005417c1e0e690a325a4c5d8bb2b3943ee14?s=96&d=mm&r=g\",\"url\":\"https:\\\/\\\/secure.gravatar.com\\\/avatar\\\/bb65d0283347e303893ba14f0692005417c1e0e690a325a4c5d8bb2b3943ee14?s=96&d=mm&r=g\",\"contentUrl\":\"https:\\\/\\\/secure.gravatar.com\\\/avatar\\\/bb65d0283347e303893ba14f0692005417c1e0e690a325a4c5d8bb2b3943ee14?s=96&d=mm&r=g\",\"caption\":\"Cope Alcoy\"}}]}<\/script>\n<!-- \/ Yoast SEO plugin. -->","yoast_head_json":{"title":"Alcoy mantendr\u00e1 la oficina de atenci\u00f3n a las v\u00edctimas de violencia de g\u00e9nero - COPE Alcoy","robots":{"index":"index","follow":"follow","max-snippet":"max-snippet:-1","max-image-preview":"max-image-preview:large","max-video-preview":"max-video-preview:-1"},"canonical":"https:\/\/www.copealcoy.es\/es\/alcoy-mantendra-la-oficina-de-atencion-a-las-victimas-de-violencia-de-genero\/","og_locale":"es_ES","og_type":"article","og_title":"Alcoy mantendr\u00e1 la oficina de atenci\u00f3n a las v\u00edctimas de violencia de g\u00e9nero - COPE Alcoy","og_description":"La oficina de atenci\u00f3n a las v\u00edctimas de violencia de g\u00e9nero se mantendr\u00e1 en la ciudad de Alcoy. As\u00ed lo...","og_url":"https:\/\/www.copealcoy.es\/es\/alcoy-mantendra-la-oficina-de-atencion-a-las-victimas-de-violencia-de-genero\/","og_site_name":"COPE Alcoy","article_published_time":"2016-02-04T15:51:52+00:00","article_modified_time":"2016-02-04T15:55:33+00:00","og_image":[{"width":555,"height":343,"url":"https:\/\/www.copealcoy.es\/wp-content\/uploads\/2016\/02\/CaOEhc2W0AATCCr-e1454601308290.jpg","type":"image\/jpeg"}],"author":"Cope Alcoy","twitter_misc":{"Escrito por":"Cope Alcoy","Tiempo de lectura":"1 minuto"},"schema":{"@context":"https:\/\/schema.org","@graph":[{"@type":"Article","@id":"https:\/\/www.copealcoy.es\/es\/alcoy-mantendra-la-oficina-de-atencion-a-las-victimas-de-violencia-de-genero\/#article","isPartOf":{"@id":"https:\/\/www.copealcoy.es\/es\/alcoy-mantendra-la-oficina-de-atencion-a-las-victimas-de-violencia-de-genero\/"},"author":{"name":"Cope Alcoy","@id":"https:\/\/www.copealcoy.es\/es\/#\/schema\/person\/e777c87fa024e57d40170af9df39882c"},"headline":"Alcoy mantendr\u00e1 la oficina de atenci\u00f3n a las v\u00edctimas de violencia de g\u00e9nero","datePublished":"2016-02-04T15:51:52+00:00","dateModified":"2016-02-04T15:55:33+00:00","mainEntityOfPage":{"@id":"https:\/\/www.copealcoy.es\/es\/alcoy-mantendra-la-oficina-de-atencion-a-las-victimas-de-violencia-de-genero\/"},"wordCount":182,"commentCount":0,"image":{"@id":"https:\/\/www.copealcoy.es\/es\/alcoy-mantendra-la-oficina-de-atencion-a-las-victimas-de-violencia-de-genero\/#primaryimage"},"thumbnailUrl":"https:\/\/www.copealcoy.es\/wp-content\/uploads\/2016\/02\/CaOEhc2W0AATCCr-e1454601308290.jpg","keywords":["Alcoy","Aroa Mira","Mancomunitat Alcoi\u00e0 - Comtat","Oficina V\u00edctimas","Violencia de G\u00e9nero"],"articleSection":["Alcoy","Noticias","Pol\u00edtica y Econom\u00eda"],"inLanguage":"es"},{"@type":"WebPage","@id":"https:\/\/www.copealcoy.es\/es\/alcoy-mantendra-la-oficina-de-atencion-a-las-victimas-de-violencia-de-genero\/","url":"https:\/\/www.copealcoy.es\/es\/alcoy-mantendra-la-oficina-de-atencion-a-las-victimas-de-violencia-de-genero\/","name":"Alcoy mantendr\u00e1 la oficina de atenci\u00f3n a las v\u00edctimas de violencia de g\u00e9nero - COPE Alcoy","isPartOf":{"@id":"https:\/\/www.copealcoy.es\/es\/#website"},"primaryImageOfPage":{"@id":"https:\/\/www.copealcoy.es\/es\/alcoy-mantendra-la-oficina-de-atencion-a-las-victimas-de-violencia-de-genero\/#primaryimage"},"image":{"@id":"https:\/\/www.copealcoy.es\/es\/alcoy-mantendra-la-oficina-de-atencion-a-las-victimas-de-violencia-de-genero\/#primaryimage"},"thumbnailUrl":"https:\/\/www.copealcoy.es\/wp-content\/uploads\/2016\/02\/CaOEhc2W0AATCCr-e1454601308290.jpg","datePublished":"2016-02-04T15:51:52+00:00","dateModified":"2016-02-04T15:55:33+00:00","author":{"@id":"https:\/\/www.copealcoy.es\/es\/#\/schema\/person\/e777c87fa024e57d40170af9df39882c"},"breadcrumb":{"@id":"https:\/\/www.copealcoy.es\/es\/alcoy-mantendra-la-oficina-de-atencion-a-las-victimas-de-violencia-de-genero\/#breadcrumb"},"inLanguage":"es","potentialAction":[{"@type":"ReadAction","target":["https:\/\/www.copealcoy.es\/es\/alcoy-mantendra-la-oficina-de-atencion-a-las-victimas-de-violencia-de-genero\/"]}]},{"@type":"ImageObject","inLanguage":"es","@id":"https:\/\/www.copealcoy.es\/es\/alcoy-mantendra-la-oficina-de-atencion-a-las-victimas-de-violencia-de-genero\/#primaryimage","url":"https:\/\/www.copealcoy.es\/wp-content\/uploads\/2016\/02\/CaOEhc2W0AATCCr-e1454601308290.jpg","contentUrl":"https:\/\/www.copealcoy.es\/wp-content\/uploads\/2016\/02\/CaOEhc2W0AATCCr-e1454601308290.jpg","width":555,"height":343,"caption":"Las representantes de la comarca junto a la directora general"},{"@type":"BreadcrumbList","@id":"https:\/\/www.copealcoy.es\/es\/alcoy-mantendra-la-oficina-de-atencion-a-las-victimas-de-violencia-de-genero\/#breadcrumb","itemListElement":[{"@type":"ListItem","position":1,"name":"Portada","item":"https:\/\/www.copealcoy.es\/es\/"},{"@type":"ListItem","position":2,"name":"Alcoy mantendr\u00e1 la oficina de atenci\u00f3n a las v\u00edctimas de violencia de g\u00e9nero"}]},{"@type":"WebSite","@id":"https:\/\/www.copealcoy.es\/es\/#website","url":"https:\/\/www.copealcoy.es\/es\/","name":"COPE Alcoy","description":"Emisora COPE de radio local con emisi\u00f3n online. Pont de Sant Jordi 8-10 03803 Alcoy","potentialAction":[{"@type":"SearchAction","target":{"@type":"EntryPoint","urlTemplate":"https:\/\/www.copealcoy.es\/es\/?s={search_term_string}"},"query-input":{"@type":"PropertyValueSpecification","valueRequired":true,"valueName":"search_term_string"}}],"inLanguage":"es"},{"@type":"Person","@id":"https:\/\/www.copealcoy.es\/es\/#\/schema\/person\/e777c87fa024e57d40170af9df39882c","name":"Cope Alcoy","image":{"@type":"ImageObject","inLanguage":"es","@id":"https:\/\/secure.gravatar.com\/avatar\/bb65d0283347e303893ba14f0692005417c1e0e690a325a4c5d8bb2b3943ee14?s=96&d=mm&r=g","url":"https:\/\/secure.gravatar.com\/avatar\/bb65d0283347e303893ba14f0692005417c1e0e690a325a4c5d8bb2b3943ee14?s=96&d=mm&r=g","contentUrl":"https:\/\/secure.gravatar.com\/avatar\/bb65d0283347e303893ba14f0692005417c1e0e690a325a4c5d8bb2b3943ee14?s=96&d=mm&r=g","caption":"Cope Alcoy"}}]}},"_links":{"self":[{"href":"https:\/\/www.copealcoy.es\/es\/wp-json\/wp\/v2\/posts\/18638","targetHints":{"allow":["GET"]}}],"collection":[{"href":"https:\/\/www.copealcoy.es\/es\/wp-json\/wp\/v2\/posts"}],"about":[{"href":"https:\/\/www.copealcoy.es\/es\/wp-json\/wp\/v2\/types\/post"}],"author":[{"embeddable":true,"href":"https:\/\/www.copealcoy.es\/es\/wp-json\/wp\/v2\/users\/1"}],"replies":[{"embeddable":true,"href":"https:\/\/www.copealcoy.es\/es\/wp-json\/wp\/v2\/comments?post=18638"}],"version-history":[{"count":0,"href":"https:\/\/www.copealcoy.es\/es\/wp-json\/wp\/v2\/posts\/18638\/revisions"}],"wp:featuredmedia":[{"embeddable":true,"href":"https:\/\/www.copealcoy.es\/es\/wp-json\/wp\/v2\/media\/18639"}],"wp:attachment":[{"href":"https:\/\/www.copealcoy.es\/es\/wp-json\/wp\/v2\/media?parent=18638"}],"wp:term":[{"taxonomy":"category","embeddable":true,"href":"https:\/\/www.copealcoy.es\/es\/wp-json\/wp\/v2\/categories?post=18638"},{"taxonomy":"post_tag","embeddable":true,"href":"https:\/\/www.copealcoy.es\/es\/wp-json\/wp\/v2\/tags?post=18638"}],"curies":[{"name":"wp","href":"https:\/\/api.w.org\/{rel}","templated":true}]}}