{"id":18632,"date":"2016-02-04T15:28:14","date_gmt":"2016-02-04T15:28:14","guid":{"rendered":"http:\/\/copealcoi.es\/new\/?p=18632"},"modified":"2016-02-04T15:28:14","modified_gmt":"2016-02-04T15:28:14","slug":"banyeres-implanta-su-plan-de-movilidad","status":"publish","type":"post","link":"https:\/\/www.copealcoy.es\/es\/banyeres-implanta-su-plan-de-movilidad\/","title":{"rendered":"Banyeres implanta su Plan de Movilidad"},"content":{"rendered":"<p style=\"text-align: justify;\">El Ayuntamiento de Banyeres,\u00a0\u00a0a trav\u00e9s del \u00e1rea de Seguridad y Tr\u00e1nsito, ha habilitado un aparcamiento para descongestionar el tr\u00e1fico del centro hist\u00f3rico que se encuentra ubicado en el patio del antiguo colegio de la Malena. El objetivo, aseguran desde esta localidad de la Mariola, pasa por facilitar el acceso al n\u00facleo antiguo y la iniciativa se enmarca dentro de la segunda fase de la ejecuci\u00f3n del Plan de Movilidad del municipio. Indicar que tras el\u00a0reasfaltado y la instalaci\u00f3n de la se\u00f1alizaci\u00f3n vial, se han habilitado cincuenta plazas gratuitas para turismos, cinco para motocicletas y una para discapacitados.<\/p>\n<p style=\"text-align: justify;\">Finalmente apuntar que la siguiente y \u00faltima fase del programa buscar\u00e1 adecuar\u00a0los estacionamientos con limitaci\u00f3n horaria en la Plaza Mayor \u00a0con el fin de facilitar el\u00a0aparcamiento a las personas que lo necesiten\u00a0a la hora de realizar sus compras o gestiones administrativas en la zona centro.<\/p>\n","protected":false},"excerpt":{"rendered":"<p>El Ayuntamiento de Banyeres,\u00a0\u00a0a trav\u00e9s del \u00e1rea de Seguridad y Tr\u00e1nsito, ha habilitado un aparcamiento para descongestionar el tr\u00e1fico del&#8230;<\/p>\n","protected":false},"author":1,"featured_media":18633,"comment_status":"open","ping_status":"open","sticky":false,"template":"","format":"standard","meta":{"footnotes":""},"categories":[98,75],"tags":[482,146,425,1819,401],"class_list":["post-18632","post","type-post","status-publish","format-standard","has-post-thumbnail","hentry","category-comarcas","category-noticias","tag-alcoia","tag-aparcamiento","tag-banyeres","tag-plan-de-movilidad","tag-trafico"],"yoast_head":"<!-- This site is optimized with the Yoast SEO plugin v27.3 - https:\/\/yoast.com\/product\/yoast-seo-wordpress\/ -->\n<title>Banyeres implanta su Plan de Movilidad - COPE Alcoy<\/title>\n<meta name=\"robots\" content=\"index, follow, max-snippet:-1, max-image-preview:large, max-video-preview:-1\" \/>\n<link rel=\"canonical\" href=\"https:\/\/www.copealcoy.es\/es\/banyeres-implanta-su-plan-de-movilidad\/\" \/>\n<meta property=\"og:locale\" content=\"es_ES\" \/>\n<meta property=\"og:type\" content=\"article\" \/>\n<meta property=\"og:title\" content=\"Banyeres implanta su Plan de Movilidad - COPE Alcoy\" \/>\n<meta property=\"og:description\" content=\"El Ayuntamiento de Banyeres,\u00a0\u00a0a trav\u00e9s del \u00e1rea de Seguridad y Tr\u00e1nsito, ha habilitado un aparcamiento para descongestionar el tr\u00e1fico del...\" \/>\n<meta property=\"og:url\" content=\"https:\/\/www.copealcoy.es\/es\/banyeres-implanta-su-plan-de-movilidad\/\" \/>\n<meta property=\"og:site_name\" content=\"COPE Alcoy\" \/>\n<meta property=\"article:published_time\" content=\"2016-02-04T15:28:14+00:00\" \/>\n<meta property=\"og:image\" content=\"https:\/\/www.copealcoy.es\/wp-content\/uploads\/2016\/02\/12593657_765693996895157_4876534471231765690_o.jpg\" \/>\n\t<meta property=\"og:image:width\" content=\"1000\" \/>\n\t<meta property=\"og:image:height\" content=\"665\" \/>\n\t<meta property=\"og:image:type\" content=\"image\/jpeg\" \/>\n<meta name=\"author\" content=\"Cope Alcoy\" \/>\n<meta name=\"twitter:label1\" content=\"Escrito por\" \/>\n\t<meta name=\"twitter:data1\" content=\"Cope Alcoy\" \/>\n\t<meta name=\"twitter:label2\" content=\"Tiempo de lectura\" \/>\n\t<meta name=\"twitter:data2\" content=\"1 minuto\" \/>\n<script type=\"application\/ld+json\" class=\"yoast-schema-graph\">{\"@context\":\"https:\\\/\\\/schema.org\",\"@graph\":[{\"@type\":\"Article\",\"@id\":\"https:\\\/\\\/www.copealcoy.es\\\/es\\\/banyeres-implanta-su-plan-de-movilidad\\\/#article\",\"isPartOf\":{\"@id\":\"https:\\\/\\\/www.copealcoy.es\\\/es\\\/banyeres-implanta-su-plan-de-movilidad\\\/\"},\"author\":{\"name\":\"Cope Alcoy\",\"@id\":\"https:\\\/\\\/www.copealcoy.es\\\/es\\\/#\\\/schema\\\/person\\\/e777c87fa024e57d40170af9df39882c\"},\"headline\":\"Banyeres implanta su Plan de Movilidad\",\"datePublished\":\"2016-02-04T15:28:14+00:00\",\"mainEntityOfPage\":{\"@id\":\"https:\\\/\\\/www.copealcoy.es\\\/es\\\/banyeres-implanta-su-plan-de-movilidad\\\/\"},\"wordCount\":163,\"commentCount\":0,\"image\":{\"@id\":\"https:\\\/\\\/www.copealcoy.es\\\/es\\\/banyeres-implanta-su-plan-de-movilidad\\\/#primaryimage\"},\"thumbnailUrl\":\"https:\\\/\\\/www.copealcoy.es\\\/wp-content\\\/uploads\\\/2016\\\/02\\\/12593657_765693996895157_4876534471231765690_o.jpg\",\"keywords\":[\"Alcoi\u00e0\",\"Aparcamiento\",\"Banyeres\",\"Plan de Movilidad\",\"Tr\u00e1fico\"],\"articleSection\":[\"Comarcas\",\"Noticias\"],\"inLanguage\":\"es\"},{\"@type\":\"WebPage\",\"@id\":\"https:\\\/\\\/www.copealcoy.es\\\/es\\\/banyeres-implanta-su-plan-de-movilidad\\\/\",\"url\":\"https:\\\/\\\/www.copealcoy.es\\\/es\\\/banyeres-implanta-su-plan-de-movilidad\\\/\",\"name\":\"Banyeres implanta su Plan de Movilidad - COPE Alcoy\",\"isPartOf\":{\"@id\":\"https:\\\/\\\/www.copealcoy.es\\\/es\\\/#website\"},\"primaryImageOfPage\":{\"@id\":\"https:\\\/\\\/www.copealcoy.es\\\/es\\\/banyeres-implanta-su-plan-de-movilidad\\\/#primaryimage\"},\"image\":{\"@id\":\"https:\\\/\\\/www.copealcoy.es\\\/es\\\/banyeres-implanta-su-plan-de-movilidad\\\/#primaryimage\"},\"thumbnailUrl\":\"https:\\\/\\\/www.copealcoy.es\\\/wp-content\\\/uploads\\\/2016\\\/02\\\/12593657_765693996895157_4876534471231765690_o.jpg\",\"datePublished\":\"2016-02-04T15:28:14+00:00\",\"author\":{\"@id\":\"https:\\\/\\\/www.copealcoy.es\\\/es\\\/#\\\/schema\\\/person\\\/e777c87fa024e57d40170af9df39882c\"},\"breadcrumb\":{\"@id\":\"https:\\\/\\\/www.copealcoy.es\\\/es\\\/banyeres-implanta-su-plan-de-movilidad\\\/#breadcrumb\"},\"inLanguage\":\"es\",\"potentialAction\":[{\"@type\":\"ReadAction\",\"target\":[\"https:\\\/\\\/www.copealcoy.es\\\/es\\\/banyeres-implanta-su-plan-de-movilidad\\\/\"]}]},{\"@type\":\"ImageObject\",\"inLanguage\":\"es\",\"@id\":\"https:\\\/\\\/www.copealcoy.es\\\/es\\\/banyeres-implanta-su-plan-de-movilidad\\\/#primaryimage\",\"url\":\"https:\\\/\\\/www.copealcoy.es\\\/wp-content\\\/uploads\\\/2016\\\/02\\\/12593657_765693996895157_4876534471231765690_o.jpg\",\"contentUrl\":\"https:\\\/\\\/www.copealcoy.es\\\/wp-content\\\/uploads\\\/2016\\\/02\\\/12593657_765693996895157_4876534471231765690_o.jpg\",\"width\":1000,\"height\":665,\"caption\":\"El nuevo aparcamiento cuenta con cerca de cincuenta plazas\"},{\"@type\":\"BreadcrumbList\",\"@id\":\"https:\\\/\\\/www.copealcoy.es\\\/es\\\/banyeres-implanta-su-plan-de-movilidad\\\/#breadcrumb\",\"itemListElement\":[{\"@type\":\"ListItem\",\"position\":1,\"name\":\"Portada\",\"item\":\"https:\\\/\\\/www.copealcoy.es\\\/es\\\/\"},{\"@type\":\"ListItem\",\"position\":2,\"name\":\"Banyeres implanta su Plan de Movilidad\"}]},{\"@type\":\"WebSite\",\"@id\":\"https:\\\/\\\/www.copealcoy.es\\\/es\\\/#website\",\"url\":\"https:\\\/\\\/www.copealcoy.es\\\/es\\\/\",\"name\":\"COPE Alcoy\",\"description\":\"Emisora COPE de radio local con emisi\u00f3n online. Pont de Sant Jordi 8-10 03803 Alcoy\",\"potentialAction\":[{\"@type\":\"SearchAction\",\"target\":{\"@type\":\"EntryPoint\",\"urlTemplate\":\"https:\\\/\\\/www.copealcoy.es\\\/es\\\/?s={search_term_string}\"},\"query-input\":{\"@type\":\"PropertyValueSpecification\",\"valueRequired\":true,\"valueName\":\"search_term_string\"}}],\"inLanguage\":\"es\"},{\"@type\":\"Person\",\"@id\":\"https:\\\/\\\/www.copealcoy.es\\\/es\\\/#\\\/schema\\\/person\\\/e777c87fa024e57d40170af9df39882c\",\"name\":\"Cope Alcoy\",\"image\":{\"@type\":\"ImageObject\",\"inLanguage\":\"es\",\"@id\":\"https:\\\/\\\/secure.gravatar.com\\\/avatar\\\/bb65d0283347e303893ba14f0692005417c1e0e690a325a4c5d8bb2b3943ee14?s=96&d=mm&r=g\",\"url\":\"https:\\\/\\\/secure.gravatar.com\\\/avatar\\\/bb65d0283347e303893ba14f0692005417c1e0e690a325a4c5d8bb2b3943ee14?s=96&d=mm&r=g\",\"contentUrl\":\"https:\\\/\\\/secure.gravatar.com\\\/avatar\\\/bb65d0283347e303893ba14f0692005417c1e0e690a325a4c5d8bb2b3943ee14?s=96&d=mm&r=g\",\"caption\":\"Cope Alcoy\"}}]}<\/script>\n<!-- \/ Yoast SEO plugin. -->","yoast_head_json":{"title":"Banyeres implanta su Plan de Movilidad - COPE Alcoy","robots":{"index":"index","follow":"follow","max-snippet":"max-snippet:-1","max-image-preview":"max-image-preview:large","max-video-preview":"max-video-preview:-1"},"canonical":"https:\/\/www.copealcoy.es\/es\/banyeres-implanta-su-plan-de-movilidad\/","og_locale":"es_ES","og_type":"article","og_title":"Banyeres implanta su Plan de Movilidad - COPE Alcoy","og_description":"El Ayuntamiento de Banyeres,\u00a0\u00a0a trav\u00e9s del \u00e1rea de Seguridad y Tr\u00e1nsito, ha habilitado un aparcamiento para descongestionar el tr\u00e1fico del...","og_url":"https:\/\/www.copealcoy.es\/es\/banyeres-implanta-su-plan-de-movilidad\/","og_site_name":"COPE Alcoy","article_published_time":"2016-02-04T15:28:14+00:00","og_image":[{"width":1000,"height":665,"url":"https:\/\/www.copealcoy.es\/wp-content\/uploads\/2016\/02\/12593657_765693996895157_4876534471231765690_o.jpg","type":"image\/jpeg"}],"author":"Cope Alcoy","twitter_misc":{"Escrito por":"Cope Alcoy","Tiempo de lectura":"1 minuto"},"schema":{"@context":"https:\/\/schema.org","@graph":[{"@type":"Article","@id":"https:\/\/www.copealcoy.es\/es\/banyeres-implanta-su-plan-de-movilidad\/#article","isPartOf":{"@id":"https:\/\/www.copealcoy.es\/es\/banyeres-implanta-su-plan-de-movilidad\/"},"author":{"name":"Cope Alcoy","@id":"https:\/\/www.copealcoy.es\/es\/#\/schema\/person\/e777c87fa024e57d40170af9df39882c"},"headline":"Banyeres implanta su Plan de Movilidad","datePublished":"2016-02-04T15:28:14+00:00","mainEntityOfPage":{"@id":"https:\/\/www.copealcoy.es\/es\/banyeres-implanta-su-plan-de-movilidad\/"},"wordCount":163,"commentCount":0,"image":{"@id":"https:\/\/www.copealcoy.es\/es\/banyeres-implanta-su-plan-de-movilidad\/#primaryimage"},"thumbnailUrl":"https:\/\/www.copealcoy.es\/wp-content\/uploads\/2016\/02\/12593657_765693996895157_4876534471231765690_o.jpg","keywords":["Alcoi\u00e0","Aparcamiento","Banyeres","Plan de Movilidad","Tr\u00e1fico"],"articleSection":["Comarcas","Noticias"],"inLanguage":"es"},{"@type":"WebPage","@id":"https:\/\/www.copealcoy.es\/es\/banyeres-implanta-su-plan-de-movilidad\/","url":"https:\/\/www.copealcoy.es\/es\/banyeres-implanta-su-plan-de-movilidad\/","name":"Banyeres implanta su Plan de Movilidad - COPE Alcoy","isPartOf":{"@id":"https:\/\/www.copealcoy.es\/es\/#website"},"primaryImageOfPage":{"@id":"https:\/\/www.copealcoy.es\/es\/banyeres-implanta-su-plan-de-movilidad\/#primaryimage"},"image":{"@id":"https:\/\/www.copealcoy.es\/es\/banyeres-implanta-su-plan-de-movilidad\/#primaryimage"},"thumbnailUrl":"https:\/\/www.copealcoy.es\/wp-content\/uploads\/2016\/02\/12593657_765693996895157_4876534471231765690_o.jpg","datePublished":"2016-02-04T15:28:14+00:00","author":{"@id":"https:\/\/www.copealcoy.es\/es\/#\/schema\/person\/e777c87fa024e57d40170af9df39882c"},"breadcrumb":{"@id":"https:\/\/www.copealcoy.es\/es\/banyeres-implanta-su-plan-de-movilidad\/#breadcrumb"},"inLanguage":"es","potentialAction":[{"@type":"ReadAction","target":["https:\/\/www.copealcoy.es\/es\/banyeres-implanta-su-plan-de-movilidad\/"]}]},{"@type":"ImageObject","inLanguage":"es","@id":"https:\/\/www.copealcoy.es\/es\/banyeres-implanta-su-plan-de-movilidad\/#primaryimage","url":"https:\/\/www.copealcoy.es\/wp-content\/uploads\/2016\/02\/12593657_765693996895157_4876534471231765690_o.jpg","contentUrl":"https:\/\/www.copealcoy.es\/wp-content\/uploads\/2016\/02\/12593657_765693996895157_4876534471231765690_o.jpg","width":1000,"height":665,"caption":"El nuevo aparcamiento cuenta con cerca de cincuenta plazas"},{"@type":"BreadcrumbList","@id":"https:\/\/www.copealcoy.es\/es\/banyeres-implanta-su-plan-de-movilidad\/#breadcrumb","itemListElement":[{"@type":"ListItem","position":1,"name":"Portada","item":"https:\/\/www.copealcoy.es\/es\/"},{"@type":"ListItem","position":2,"name":"Banyeres implanta su Plan de Movilidad"}]},{"@type":"WebSite","@id":"https:\/\/www.copealcoy.es\/es\/#website","url":"https:\/\/www.copealcoy.es\/es\/","name":"COPE Alcoy","description":"Emisora COPE de radio local con emisi\u00f3n online. Pont de Sant Jordi 8-10 03803 Alcoy","potentialAction":[{"@type":"SearchAction","target":{"@type":"EntryPoint","urlTemplate":"https:\/\/www.copealcoy.es\/es\/?s={search_term_string}"},"query-input":{"@type":"PropertyValueSpecification","valueRequired":true,"valueName":"search_term_string"}}],"inLanguage":"es"},{"@type":"Person","@id":"https:\/\/www.copealcoy.es\/es\/#\/schema\/person\/e777c87fa024e57d40170af9df39882c","name":"Cope Alcoy","image":{"@type":"ImageObject","inLanguage":"es","@id":"https:\/\/secure.gravatar.com\/avatar\/bb65d0283347e303893ba14f0692005417c1e0e690a325a4c5d8bb2b3943ee14?s=96&d=mm&r=g","url":"https:\/\/secure.gravatar.com\/avatar\/bb65d0283347e303893ba14f0692005417c1e0e690a325a4c5d8bb2b3943ee14?s=96&d=mm&r=g","contentUrl":"https:\/\/secure.gravatar.com\/avatar\/bb65d0283347e303893ba14f0692005417c1e0e690a325a4c5d8bb2b3943ee14?s=96&d=mm&r=g","caption":"Cope Alcoy"}}]}},"_links":{"self":[{"href":"https:\/\/www.copealcoy.es\/es\/wp-json\/wp\/v2\/posts\/18632","targetHints":{"allow":["GET"]}}],"collection":[{"href":"https:\/\/www.copealcoy.es\/es\/wp-json\/wp\/v2\/posts"}],"about":[{"href":"https:\/\/www.copealcoy.es\/es\/wp-json\/wp\/v2\/types\/post"}],"author":[{"embeddable":true,"href":"https:\/\/www.copealcoy.es\/es\/wp-json\/wp\/v2\/users\/1"}],"replies":[{"embeddable":true,"href":"https:\/\/www.copealcoy.es\/es\/wp-json\/wp\/v2\/comments?post=18632"}],"version-history":[{"count":0,"href":"https:\/\/www.copealcoy.es\/es\/wp-json\/wp\/v2\/posts\/18632\/revisions"}],"wp:featuredmedia":[{"embeddable":true,"href":"https:\/\/www.copealcoy.es\/es\/wp-json\/wp\/v2\/media\/18633"}],"wp:attachment":[{"href":"https:\/\/www.copealcoy.es\/es\/wp-json\/wp\/v2\/media?parent=18632"}],"wp:term":[{"taxonomy":"category","embeddable":true,"href":"https:\/\/www.copealcoy.es\/es\/wp-json\/wp\/v2\/categories?post=18632"},{"taxonomy":"post_tag","embeddable":true,"href":"https:\/\/www.copealcoy.es\/es\/wp-json\/wp\/v2\/tags?post=18632"}],"curies":[{"name":"wp","href":"https:\/\/api.w.org\/{rel}","templated":true}]}}