{"id":18621,"date":"2016-02-03T16:56:25","date_gmt":"2016-02-03T16:56:25","guid":{"rendered":"http:\/\/copealcoi.es\/new\/?p=18621"},"modified":"2016-03-05T09:48:10","modified_gmt":"2016-03-05T09:48:10","slug":"el-pliego-para-la-recogida-de-residuos-estara-listo-antes-del-verano","status":"publish","type":"post","link":"https:\/\/www.copealcoy.es\/es\/el-pliego-para-la-recogida-de-residuos-estara-listo-antes-del-verano\/","title":{"rendered":"El pliego para la recogida de residuos estar\u00e1 listo antes del verano"},"content":{"rendered":"<p style=\"text-align: justify;\">El pliego de condiciones que regir\u00e1 el futuro contrato de la recogida de basura y la limpieza viaria en Alcoy estar\u00e1 listo antes del verano. As\u00ed lo explic\u00f3 el martes en el Tiempo de An\u00e1lisis de La Ma\u00f1ana de Cope Alcoy\u00a0el edil del Partido Popular, Eduardo Tormo, que detall\u00f3\u00a0que seg\u00fan le ha confirmado el concejal de Medio Ambiente ser\u00e1 a finales de junio cuando se someter\u00e1 a votaci\u00f3n el documento &#8220;Jordi Mart\u00ednez nos dijo que ser\u00e1 entre el 30 de junio o a muy tardar principios de julio cuando los grupos pol\u00edticos municipales debatiremos el pliego elaborado por la empresa Lovic para la contrata de estos servicios&#8221;, afirma.<\/p>\n<p style=\"text-align: justify;\">Por su parte desde el Grupo Municipal de Comprom\u00eds su portavoz, David Abad, ha vuelto a ser cr\u00edtico con la forma en la que el Gobierno Local est\u00e1 llevando a cabo este proceso &#8220;no solo tenemos las dudas que manifestamos respecto a la empresa Lovic sino que tambi\u00e9n hemos analizado con el Departamentode Contrataci\u00f3n que los Ayuntamientos est\u00e1n poniendo unas condiciones muy exhaustivas que permiten que solo puedan optar al concurso las empresas que ya lo est\u00e1n prestando&#8221;, expresa.<\/p>\n<p style=\"text-align: justify;\">Recordar\u00a0que la pasada semana Comprom\u00eds y tambi\u00e9n Guanyar Alcoi plantearon dudas en el proceso de adjudicaci\u00f3n de la redacci\u00f3n del citado pliego de condiciones al asegurar que en Catalu\u00f1a Lovic hab\u00eda trabajado con muchos municipios en servicios similares que finalmente hab\u00edan sido adjudicados a Fomento de Construcciones y Contratas. Precisamente el lunes Jordi Mart\u00ednez lamentaba estas afirmaciones y defend\u00eda la transparencia del proceso apuntando que est\u00e1 siendo &#8220;transparente, n\u00edtido y claro&#8221; al mismo tiempo que resaltaba que la adjudicaci\u00f3n del contrato la realizar\u00e1n los servicios t\u00e9cnicos y jur\u00eddicos del consistorio.<\/p>\n<p style=\"text-align: justify;\">\n","protected":false},"excerpt":{"rendered":"<p>El pliego de condiciones que regir\u00e1 el futuro contrato de la recogida de basura y la limpieza viaria en Alcoy&#8230;<\/p>\n","protected":false},"author":1,"featured_media":8333,"comment_status":"open","ping_status":"open","sticky":false,"template":"","format":"standard","meta":{"footnotes":""},"categories":[97,75,125],"tags":[1494,1815,1814,620,384,1813],"class_list":["post-18621","post","type-post","status-publish","format-standard","has-post-thumbnail","hentry","category-alcoy","category-noticias","category-portada","tag-alcoy","tag-david-abad","tag-edu-tormo","tag-limpieza-viaria","tag-medio-ambiente","tag-recogida-de-residuos"],"yoast_head":"<!-- This site is optimized with the Yoast SEO plugin v27.3 - https:\/\/yoast.com\/product\/yoast-seo-wordpress\/ -->\n<title>El pliego para la recogida de residuos estar\u00e1 listo antes del verano - COPE Alcoy<\/title>\n<meta name=\"robots\" content=\"index, follow, max-snippet:-1, max-image-preview:large, max-video-preview:-1\" \/>\n<link rel=\"canonical\" href=\"https:\/\/www.copealcoy.es\/es\/el-pliego-para-la-recogida-de-residuos-estara-listo-antes-del-verano\/\" \/>\n<meta property=\"og:locale\" content=\"es_ES\" \/>\n<meta property=\"og:type\" content=\"article\" \/>\n<meta property=\"og:title\" content=\"El pliego para la recogida de residuos estar\u00e1 listo antes del verano - COPE Alcoy\" \/>\n<meta property=\"og:description\" content=\"El pliego de condiciones que regir\u00e1 el futuro contrato de la recogida de basura y la limpieza viaria en Alcoy...\" \/>\n<meta property=\"og:url\" content=\"https:\/\/www.copealcoy.es\/es\/el-pliego-para-la-recogida-de-residuos-estara-listo-antes-del-verano\/\" \/>\n<meta property=\"og:site_name\" content=\"COPE Alcoy\" \/>\n<meta property=\"article:published_time\" content=\"2016-02-03T16:56:25+00:00\" \/>\n<meta property=\"article:modified_time\" content=\"2016-03-05T09:48:10+00:00\" \/>\n<meta property=\"og:image\" content=\"https:\/\/www.copealcoy.es\/wp-content\/uploads\/2014\/11\/image4.jpg\" \/>\n\t<meta property=\"og:image:width\" content=\"960\" \/>\n\t<meta property=\"og:image:height\" content=\"540\" \/>\n\t<meta property=\"og:image:type\" content=\"image\/jpeg\" \/>\n<meta name=\"author\" content=\"Cope Alcoy\" \/>\n<meta name=\"twitter:label1\" content=\"Escrito por\" \/>\n\t<meta name=\"twitter:data1\" content=\"Cope Alcoy\" \/>\n\t<meta name=\"twitter:label2\" content=\"Tiempo de lectura\" \/>\n\t<meta name=\"twitter:data2\" content=\"2 minutos\" \/>\n<script type=\"application\/ld+json\" class=\"yoast-schema-graph\">{\"@context\":\"https:\\\/\\\/schema.org\",\"@graph\":[{\"@type\":\"Article\",\"@id\":\"https:\\\/\\\/www.copealcoy.es\\\/es\\\/el-pliego-para-la-recogida-de-residuos-estara-listo-antes-del-verano\\\/#article\",\"isPartOf\":{\"@id\":\"https:\\\/\\\/www.copealcoy.es\\\/es\\\/el-pliego-para-la-recogida-de-residuos-estara-listo-antes-del-verano\\\/\"},\"author\":{\"name\":\"Cope Alcoy\",\"@id\":\"https:\\\/\\\/www.copealcoy.es\\\/es\\\/#\\\/schema\\\/person\\\/e777c87fa024e57d40170af9df39882c\"},\"headline\":\"El pliego para la recogida de residuos estar\u00e1 listo antes del verano\",\"datePublished\":\"2016-02-03T16:56:25+00:00\",\"dateModified\":\"2016-03-05T09:48:10+00:00\",\"mainEntityOfPage\":{\"@id\":\"https:\\\/\\\/www.copealcoy.es\\\/es\\\/el-pliego-para-la-recogida-de-residuos-estara-listo-antes-del-verano\\\/\"},\"wordCount\":317,\"commentCount\":0,\"image\":{\"@id\":\"https:\\\/\\\/www.copealcoy.es\\\/es\\\/el-pliego-para-la-recogida-de-residuos-estara-listo-antes-del-verano\\\/#primaryimage\"},\"thumbnailUrl\":\"https:\\\/\\\/www.copealcoy.es\\\/wp-content\\\/uploads\\\/2014\\\/11\\\/image4.jpg\",\"keywords\":[\"Alcoy\",\"David Abad\",\"Edu Tormo\",\"Limpieza Viaria\",\"Medio Ambiente\",\"recogida de residuos\"],\"articleSection\":[\"Alcoy\",\"Noticias\",\"Portada\"],\"inLanguage\":\"es\"},{\"@type\":\"WebPage\",\"@id\":\"https:\\\/\\\/www.copealcoy.es\\\/es\\\/el-pliego-para-la-recogida-de-residuos-estara-listo-antes-del-verano\\\/\",\"url\":\"https:\\\/\\\/www.copealcoy.es\\\/es\\\/el-pliego-para-la-recogida-de-residuos-estara-listo-antes-del-verano\\\/\",\"name\":\"El pliego para la recogida de residuos estar\u00e1 listo antes del verano - COPE Alcoy\",\"isPartOf\":{\"@id\":\"https:\\\/\\\/www.copealcoy.es\\\/es\\\/#website\"},\"primaryImageOfPage\":{\"@id\":\"https:\\\/\\\/www.copealcoy.es\\\/es\\\/el-pliego-para-la-recogida-de-residuos-estara-listo-antes-del-verano\\\/#primaryimage\"},\"image\":{\"@id\":\"https:\\\/\\\/www.copealcoy.es\\\/es\\\/el-pliego-para-la-recogida-de-residuos-estara-listo-antes-del-verano\\\/#primaryimage\"},\"thumbnailUrl\":\"https:\\\/\\\/www.copealcoy.es\\\/wp-content\\\/uploads\\\/2014\\\/11\\\/image4.jpg\",\"datePublished\":\"2016-02-03T16:56:25+00:00\",\"dateModified\":\"2016-03-05T09:48:10+00:00\",\"author\":{\"@id\":\"https:\\\/\\\/www.copealcoy.es\\\/es\\\/#\\\/schema\\\/person\\\/e777c87fa024e57d40170af9df39882c\"},\"breadcrumb\":{\"@id\":\"https:\\\/\\\/www.copealcoy.es\\\/es\\\/el-pliego-para-la-recogida-de-residuos-estara-listo-antes-del-verano\\\/#breadcrumb\"},\"inLanguage\":\"es\",\"potentialAction\":[{\"@type\":\"ReadAction\",\"target\":[\"https:\\\/\\\/www.copealcoy.es\\\/es\\\/el-pliego-para-la-recogida-de-residuos-estara-listo-antes-del-verano\\\/\"]}]},{\"@type\":\"ImageObject\",\"inLanguage\":\"es\",\"@id\":\"https:\\\/\\\/www.copealcoy.es\\\/es\\\/el-pliego-para-la-recogida-de-residuos-estara-listo-antes-del-verano\\\/#primaryimage\",\"url\":\"https:\\\/\\\/www.copealcoy.es\\\/wp-content\\\/uploads\\\/2014\\\/11\\\/image4.jpg\",\"contentUrl\":\"https:\\\/\\\/www.copealcoy.es\\\/wp-content\\\/uploads\\\/2014\\\/11\\\/image4.jpg\",\"width\":960,\"height\":540,\"caption\":\"Alcoy est\u00e1 pendiente de un nuevo contrato para mejorar los servicios de recogida de residuos y limpieza viaria\"},{\"@type\":\"BreadcrumbList\",\"@id\":\"https:\\\/\\\/www.copealcoy.es\\\/es\\\/el-pliego-para-la-recogida-de-residuos-estara-listo-antes-del-verano\\\/#breadcrumb\",\"itemListElement\":[{\"@type\":\"ListItem\",\"position\":1,\"name\":\"Portada\",\"item\":\"https:\\\/\\\/www.copealcoy.es\\\/es\\\/\"},{\"@type\":\"ListItem\",\"position\":2,\"name\":\"El pliego para la recogida de residuos estar\u00e1 listo antes del verano\"}]},{\"@type\":\"WebSite\",\"@id\":\"https:\\\/\\\/www.copealcoy.es\\\/es\\\/#website\",\"url\":\"https:\\\/\\\/www.copealcoy.es\\\/es\\\/\",\"name\":\"COPE Alcoy\",\"description\":\"Emisora COPE de radio local con emisi\u00f3n online. Pont de Sant Jordi 8-10 03803 Alcoy\",\"potentialAction\":[{\"@type\":\"SearchAction\",\"target\":{\"@type\":\"EntryPoint\",\"urlTemplate\":\"https:\\\/\\\/www.copealcoy.es\\\/es\\\/?s={search_term_string}\"},\"query-input\":{\"@type\":\"PropertyValueSpecification\",\"valueRequired\":true,\"valueName\":\"search_term_string\"}}],\"inLanguage\":\"es\"},{\"@type\":\"Person\",\"@id\":\"https:\\\/\\\/www.copealcoy.es\\\/es\\\/#\\\/schema\\\/person\\\/e777c87fa024e57d40170af9df39882c\",\"name\":\"Cope Alcoy\",\"image\":{\"@type\":\"ImageObject\",\"inLanguage\":\"es\",\"@id\":\"https:\\\/\\\/secure.gravatar.com\\\/avatar\\\/bb65d0283347e303893ba14f0692005417c1e0e690a325a4c5d8bb2b3943ee14?s=96&d=mm&r=g\",\"url\":\"https:\\\/\\\/secure.gravatar.com\\\/avatar\\\/bb65d0283347e303893ba14f0692005417c1e0e690a325a4c5d8bb2b3943ee14?s=96&d=mm&r=g\",\"contentUrl\":\"https:\\\/\\\/secure.gravatar.com\\\/avatar\\\/bb65d0283347e303893ba14f0692005417c1e0e690a325a4c5d8bb2b3943ee14?s=96&d=mm&r=g\",\"caption\":\"Cope Alcoy\"}}]}<\/script>\n<!-- \/ Yoast SEO plugin. -->","yoast_head_json":{"title":"El pliego para la recogida de residuos estar\u00e1 listo antes del verano - COPE Alcoy","robots":{"index":"index","follow":"follow","max-snippet":"max-snippet:-1","max-image-preview":"max-image-preview:large","max-video-preview":"max-video-preview:-1"},"canonical":"https:\/\/www.copealcoy.es\/es\/el-pliego-para-la-recogida-de-residuos-estara-listo-antes-del-verano\/","og_locale":"es_ES","og_type":"article","og_title":"El pliego para la recogida de residuos estar\u00e1 listo antes del verano - COPE Alcoy","og_description":"El pliego de condiciones que regir\u00e1 el futuro contrato de la recogida de basura y la limpieza viaria en Alcoy...","og_url":"https:\/\/www.copealcoy.es\/es\/el-pliego-para-la-recogida-de-residuos-estara-listo-antes-del-verano\/","og_site_name":"COPE Alcoy","article_published_time":"2016-02-03T16:56:25+00:00","article_modified_time":"2016-03-05T09:48:10+00:00","og_image":[{"width":960,"height":540,"url":"https:\/\/www.copealcoy.es\/wp-content\/uploads\/2014\/11\/image4.jpg","type":"image\/jpeg"}],"author":"Cope Alcoy","twitter_misc":{"Escrito por":"Cope Alcoy","Tiempo de lectura":"2 minutos"},"schema":{"@context":"https:\/\/schema.org","@graph":[{"@type":"Article","@id":"https:\/\/www.copealcoy.es\/es\/el-pliego-para-la-recogida-de-residuos-estara-listo-antes-del-verano\/#article","isPartOf":{"@id":"https:\/\/www.copealcoy.es\/es\/el-pliego-para-la-recogida-de-residuos-estara-listo-antes-del-verano\/"},"author":{"name":"Cope Alcoy","@id":"https:\/\/www.copealcoy.es\/es\/#\/schema\/person\/e777c87fa024e57d40170af9df39882c"},"headline":"El pliego para la recogida de residuos estar\u00e1 listo antes del verano","datePublished":"2016-02-03T16:56:25+00:00","dateModified":"2016-03-05T09:48:10+00:00","mainEntityOfPage":{"@id":"https:\/\/www.copealcoy.es\/es\/el-pliego-para-la-recogida-de-residuos-estara-listo-antes-del-verano\/"},"wordCount":317,"commentCount":0,"image":{"@id":"https:\/\/www.copealcoy.es\/es\/el-pliego-para-la-recogida-de-residuos-estara-listo-antes-del-verano\/#primaryimage"},"thumbnailUrl":"https:\/\/www.copealcoy.es\/wp-content\/uploads\/2014\/11\/image4.jpg","keywords":["Alcoy","David Abad","Edu Tormo","Limpieza Viaria","Medio Ambiente","recogida de residuos"],"articleSection":["Alcoy","Noticias","Portada"],"inLanguage":"es"},{"@type":"WebPage","@id":"https:\/\/www.copealcoy.es\/es\/el-pliego-para-la-recogida-de-residuos-estara-listo-antes-del-verano\/","url":"https:\/\/www.copealcoy.es\/es\/el-pliego-para-la-recogida-de-residuos-estara-listo-antes-del-verano\/","name":"El pliego para la recogida de residuos estar\u00e1 listo antes del verano - COPE Alcoy","isPartOf":{"@id":"https:\/\/www.copealcoy.es\/es\/#website"},"primaryImageOfPage":{"@id":"https:\/\/www.copealcoy.es\/es\/el-pliego-para-la-recogida-de-residuos-estara-listo-antes-del-verano\/#primaryimage"},"image":{"@id":"https:\/\/www.copealcoy.es\/es\/el-pliego-para-la-recogida-de-residuos-estara-listo-antes-del-verano\/#primaryimage"},"thumbnailUrl":"https:\/\/www.copealcoy.es\/wp-content\/uploads\/2014\/11\/image4.jpg","datePublished":"2016-02-03T16:56:25+00:00","dateModified":"2016-03-05T09:48:10+00:00","author":{"@id":"https:\/\/www.copealcoy.es\/es\/#\/schema\/person\/e777c87fa024e57d40170af9df39882c"},"breadcrumb":{"@id":"https:\/\/www.copealcoy.es\/es\/el-pliego-para-la-recogida-de-residuos-estara-listo-antes-del-verano\/#breadcrumb"},"inLanguage":"es","potentialAction":[{"@type":"ReadAction","target":["https:\/\/www.copealcoy.es\/es\/el-pliego-para-la-recogida-de-residuos-estara-listo-antes-del-verano\/"]}]},{"@type":"ImageObject","inLanguage":"es","@id":"https:\/\/www.copealcoy.es\/es\/el-pliego-para-la-recogida-de-residuos-estara-listo-antes-del-verano\/#primaryimage","url":"https:\/\/www.copealcoy.es\/wp-content\/uploads\/2014\/11\/image4.jpg","contentUrl":"https:\/\/www.copealcoy.es\/wp-content\/uploads\/2014\/11\/image4.jpg","width":960,"height":540,"caption":"Alcoy est\u00e1 pendiente de un nuevo contrato para mejorar los servicios de recogida de residuos y limpieza viaria"},{"@type":"BreadcrumbList","@id":"https:\/\/www.copealcoy.es\/es\/el-pliego-para-la-recogida-de-residuos-estara-listo-antes-del-verano\/#breadcrumb","itemListElement":[{"@type":"ListItem","position":1,"name":"Portada","item":"https:\/\/www.copealcoy.es\/es\/"},{"@type":"ListItem","position":2,"name":"El pliego para la recogida de residuos estar\u00e1 listo antes del verano"}]},{"@type":"WebSite","@id":"https:\/\/www.copealcoy.es\/es\/#website","url":"https:\/\/www.copealcoy.es\/es\/","name":"COPE Alcoy","description":"Emisora COPE de radio local con emisi\u00f3n online. Pont de Sant Jordi 8-10 03803 Alcoy","potentialAction":[{"@type":"SearchAction","target":{"@type":"EntryPoint","urlTemplate":"https:\/\/www.copealcoy.es\/es\/?s={search_term_string}"},"query-input":{"@type":"PropertyValueSpecification","valueRequired":true,"valueName":"search_term_string"}}],"inLanguage":"es"},{"@type":"Person","@id":"https:\/\/www.copealcoy.es\/es\/#\/schema\/person\/e777c87fa024e57d40170af9df39882c","name":"Cope Alcoy","image":{"@type":"ImageObject","inLanguage":"es","@id":"https:\/\/secure.gravatar.com\/avatar\/bb65d0283347e303893ba14f0692005417c1e0e690a325a4c5d8bb2b3943ee14?s=96&d=mm&r=g","url":"https:\/\/secure.gravatar.com\/avatar\/bb65d0283347e303893ba14f0692005417c1e0e690a325a4c5d8bb2b3943ee14?s=96&d=mm&r=g","contentUrl":"https:\/\/secure.gravatar.com\/avatar\/bb65d0283347e303893ba14f0692005417c1e0e690a325a4c5d8bb2b3943ee14?s=96&d=mm&r=g","caption":"Cope Alcoy"}}]}},"_links":{"self":[{"href":"https:\/\/www.copealcoy.es\/es\/wp-json\/wp\/v2\/posts\/18621","targetHints":{"allow":["GET"]}}],"collection":[{"href":"https:\/\/www.copealcoy.es\/es\/wp-json\/wp\/v2\/posts"}],"about":[{"href":"https:\/\/www.copealcoy.es\/es\/wp-json\/wp\/v2\/types\/post"}],"author":[{"embeddable":true,"href":"https:\/\/www.copealcoy.es\/es\/wp-json\/wp\/v2\/users\/1"}],"replies":[{"embeddable":true,"href":"https:\/\/www.copealcoy.es\/es\/wp-json\/wp\/v2\/comments?post=18621"}],"version-history":[{"count":0,"href":"https:\/\/www.copealcoy.es\/es\/wp-json\/wp\/v2\/posts\/18621\/revisions"}],"wp:featuredmedia":[{"embeddable":true,"href":"https:\/\/www.copealcoy.es\/es\/wp-json\/wp\/v2\/media\/8333"}],"wp:attachment":[{"href":"https:\/\/www.copealcoy.es\/es\/wp-json\/wp\/v2\/media?parent=18621"}],"wp:term":[{"taxonomy":"category","embeddable":true,"href":"https:\/\/www.copealcoy.es\/es\/wp-json\/wp\/v2\/categories?post=18621"},{"taxonomy":"post_tag","embeddable":true,"href":"https:\/\/www.copealcoy.es\/es\/wp-json\/wp\/v2\/tags?post=18621"}],"curies":[{"name":"wp","href":"https:\/\/api.w.org\/{rel}","templated":true}]}}