{"id":18592,"date":"2016-02-02T14:13:19","date_gmt":"2016-02-02T14:13:19","guid":{"rendered":"http:\/\/copealcoi.es\/new\/?p=18592"},"modified":"2016-02-02T20:05:17","modified_gmt":"2016-02-02T20:05:17","slug":"frances-pide-al-sector-critico-de-la-policia-local-que-cese-las-denuncias","status":"publish","type":"post","link":"https:\/\/www.copealcoy.es\/es\/frances-pide-al-sector-critico-de-la-policia-local-que-cese-las-denuncias\/","title":{"rendered":"Franc\u00e9s pide al sector cr\u00edtico de la Polic\u00eda Local que cese las denuncias"},"content":{"rendered":"<p style=\"text-align: justify;\">El alcalde de Alcoy, Antonio Franc\u00e9s, ha pedido este martes p\u00fablicamente al exjefe de la Polic\u00eda Local Carlos Mart\u00edn y al sindicato SIPOL\u00a0as\u00ed \u00a0como tambi\u00e9n a la asociaci\u00f3n de jefes que cesen las denuncias penales contra el Gobierno Municipal, despu\u00e9s de que\u00a0el TSJ las haya archivado todas a excepci\u00f3n de una que todav\u00eda est\u00e1 pendiente de resoluci\u00f3n. El primer edil ha ha comparecido en\u00a0una rueda de prensa junto a los concejales Lorena Zamorano y Jordi Mart\u00ednez, y ha afirmado\u00a0que estas acciones ten\u00edan como \u00fanico objetivo obtener r\u00e9dito pol\u00edtico &#8220;la intenci\u00f3n de estas denuncias ten\u00edan como objetivo da\u00f1ar al Gobierno Local y frenar la toma de decisiones a la hora de aplicar cambios en la Polic\u00eda Local&#8221;, ha destacado.\u00a0El alcalde tambi\u00e9n ha insinuado que, tal vez, sea \u00e9l quien ahora acuda a los tribunales para reparar el da\u00f1o causado a su imagen p\u00fablica &#8220;ya est\u00e1 bien de usar la v\u00eda penal con un objetivo pol\u00edtico. Esta ciudad para un salario a estos servidores p\u00fablicos para que defiendan la ley, no para que usen sus puestos para atacar a este gobierno y su honorabilidad&#8221;, ha concluido.<\/p>\n<p style=\"text-align: justify;\">Recordar que el conflicto no ha terminado. Pese al archivo de las sentencias, cabe la posibilidad de que los denunciantes recurran.\u00a0La acusaci\u00f3n que queda abierta es la interpuesta contra el que fue regidor de polic\u00eda, Jordi Mart\u00ednez.<\/p>\n<p style=\"text-align: justify;\">\n","protected":false},"excerpt":{"rendered":"<p>El alcalde de Alcoy, Antonio Franc\u00e9s, ha pedido este martes p\u00fablicamente al exjefe de la Polic\u00eda Local Carlos Mart\u00edn y&#8230;<\/p>\n","protected":false},"author":1,"featured_media":18601,"comment_status":"open","ping_status":"open","sticky":false,"template":"","format":"standard","meta":{"footnotes":""},"categories":[97,75,125],"tags":[1494,1793,927,1458],"class_list":["post-18592","post","type-post","status-publish","format-standard","has-post-thumbnail","hentry","category-alcoy","category-noticias","category-portada","tag-alcoy","tag-antonio-frances","tag-jordi-martinez","tag-sipol"],"yoast_head":"<!-- This site is optimized with the Yoast SEO plugin v27.3 - https:\/\/yoast.com\/product\/yoast-seo-wordpress\/ -->\n<title>Franc\u00e9s pide al sector cr\u00edtico de la Polic\u00eda Local que cese las denuncias - COPE Alcoy<\/title>\n<meta name=\"robots\" content=\"index, follow, max-snippet:-1, max-image-preview:large, max-video-preview:-1\" \/>\n<link rel=\"canonical\" href=\"https:\/\/www.copealcoy.es\/es\/frances-pide-al-sector-critico-de-la-policia-local-que-cese-las-denuncias\/\" \/>\n<meta property=\"og:locale\" content=\"es_ES\" \/>\n<meta property=\"og:type\" content=\"article\" \/>\n<meta property=\"og:title\" content=\"Franc\u00e9s pide al sector cr\u00edtico de la Polic\u00eda Local que cese las denuncias - COPE Alcoy\" \/>\n<meta property=\"og:description\" content=\"El alcalde de Alcoy, Antonio Franc\u00e9s, ha pedido este martes p\u00fablicamente al exjefe de la Polic\u00eda Local Carlos Mart\u00edn y...\" \/>\n<meta property=\"og:url\" content=\"https:\/\/www.copealcoy.es\/es\/frances-pide-al-sector-critico-de-la-policia-local-que-cese-las-denuncias\/\" \/>\n<meta property=\"og:site_name\" content=\"COPE Alcoy\" \/>\n<meta property=\"article:published_time\" content=\"2016-02-02T14:13:19+00:00\" \/>\n<meta property=\"article:modified_time\" content=\"2016-02-02T20:05:17+00:00\" \/>\n<meta property=\"og:image\" content=\"https:\/\/www.copealcoy.es\/wp-content\/uploads\/2016\/02\/CaM84rCWYAAKdFL.jpg\" \/>\n\t<meta property=\"og:image:width\" content=\"600\" \/>\n\t<meta property=\"og:image:height\" content=\"338\" \/>\n\t<meta property=\"og:image:type\" content=\"image\/jpeg\" \/>\n<meta name=\"author\" content=\"Cope Alcoy\" \/>\n<meta name=\"twitter:label1\" content=\"Escrito por\" \/>\n\t<meta name=\"twitter:data1\" content=\"Cope Alcoy\" \/>\n\t<meta name=\"twitter:label2\" content=\"Tiempo de lectura\" \/>\n\t<meta name=\"twitter:data2\" content=\"1 minuto\" \/>\n<script type=\"application\/ld+json\" class=\"yoast-schema-graph\">{\"@context\":\"https:\\\/\\\/schema.org\",\"@graph\":[{\"@type\":\"Article\",\"@id\":\"https:\\\/\\\/www.copealcoy.es\\\/es\\\/frances-pide-al-sector-critico-de-la-policia-local-que-cese-las-denuncias\\\/#article\",\"isPartOf\":{\"@id\":\"https:\\\/\\\/www.copealcoy.es\\\/es\\\/frances-pide-al-sector-critico-de-la-policia-local-que-cese-las-denuncias\\\/\"},\"author\":{\"name\":\"Cope Alcoy\",\"@id\":\"https:\\\/\\\/www.copealcoy.es\\\/es\\\/#\\\/schema\\\/person\\\/e777c87fa024e57d40170af9df39882c\"},\"headline\":\"Franc\u00e9s pide al sector cr\u00edtico de la Polic\u00eda Local que cese las denuncias\",\"datePublished\":\"2016-02-02T14:13:19+00:00\",\"dateModified\":\"2016-02-02T20:05:17+00:00\",\"mainEntityOfPage\":{\"@id\":\"https:\\\/\\\/www.copealcoy.es\\\/es\\\/frances-pide-al-sector-critico-de-la-policia-local-que-cese-las-denuncias\\\/\"},\"wordCount\":270,\"commentCount\":0,\"image\":{\"@id\":\"https:\\\/\\\/www.copealcoy.es\\\/es\\\/frances-pide-al-sector-critico-de-la-policia-local-que-cese-las-denuncias\\\/#primaryimage\"},\"thumbnailUrl\":\"https:\\\/\\\/www.copealcoy.es\\\/wp-content\\\/uploads\\\/2016\\\/02\\\/CaM84rCWYAAKdFL.jpg\",\"keywords\":[\"Alcoy\",\"Antonio Franc\u00e9s\",\"Jordi Mart\u00ednez\",\"SIPOL\"],\"articleSection\":[\"Alcoy\",\"Noticias\",\"Portada\"],\"inLanguage\":\"es\"},{\"@type\":\"WebPage\",\"@id\":\"https:\\\/\\\/www.copealcoy.es\\\/es\\\/frances-pide-al-sector-critico-de-la-policia-local-que-cese-las-denuncias\\\/\",\"url\":\"https:\\\/\\\/www.copealcoy.es\\\/es\\\/frances-pide-al-sector-critico-de-la-policia-local-que-cese-las-denuncias\\\/\",\"name\":\"Franc\u00e9s pide al sector cr\u00edtico de la Polic\u00eda Local que cese las denuncias - COPE Alcoy\",\"isPartOf\":{\"@id\":\"https:\\\/\\\/www.copealcoy.es\\\/es\\\/#website\"},\"primaryImageOfPage\":{\"@id\":\"https:\\\/\\\/www.copealcoy.es\\\/es\\\/frances-pide-al-sector-critico-de-la-policia-local-que-cese-las-denuncias\\\/#primaryimage\"},\"image\":{\"@id\":\"https:\\\/\\\/www.copealcoy.es\\\/es\\\/frances-pide-al-sector-critico-de-la-policia-local-que-cese-las-denuncias\\\/#primaryimage\"},\"thumbnailUrl\":\"https:\\\/\\\/www.copealcoy.es\\\/wp-content\\\/uploads\\\/2016\\\/02\\\/CaM84rCWYAAKdFL.jpg\",\"datePublished\":\"2016-02-02T14:13:19+00:00\",\"dateModified\":\"2016-02-02T20:05:17+00:00\",\"author\":{\"@id\":\"https:\\\/\\\/www.copealcoy.es\\\/es\\\/#\\\/schema\\\/person\\\/e777c87fa024e57d40170af9df39882c\"},\"breadcrumb\":{\"@id\":\"https:\\\/\\\/www.copealcoy.es\\\/es\\\/frances-pide-al-sector-critico-de-la-policia-local-que-cese-las-denuncias\\\/#breadcrumb\"},\"inLanguage\":\"es\",\"potentialAction\":[{\"@type\":\"ReadAction\",\"target\":[\"https:\\\/\\\/www.copealcoy.es\\\/es\\\/frances-pide-al-sector-critico-de-la-policia-local-que-cese-las-denuncias\\\/\"]}]},{\"@type\":\"ImageObject\",\"inLanguage\":\"es\",\"@id\":\"https:\\\/\\\/www.copealcoy.es\\\/es\\\/frances-pide-al-sector-critico-de-la-policia-local-que-cese-las-denuncias\\\/#primaryimage\",\"url\":\"https:\\\/\\\/www.copealcoy.es\\\/wp-content\\\/uploads\\\/2016\\\/02\\\/CaM84rCWYAAKdFL.jpg\",\"contentUrl\":\"https:\\\/\\\/www.copealcoy.es\\\/wp-content\\\/uploads\\\/2016\\\/02\\\/CaM84rCWYAAKdFL.jpg\",\"width\":600,\"height\":338,\"caption\":\"El alcalde Toni Franc\u00e9s, junto a los ediles Lorena Zamorano y Jordi Mart\u00ednez\"},{\"@type\":\"BreadcrumbList\",\"@id\":\"https:\\\/\\\/www.copealcoy.es\\\/es\\\/frances-pide-al-sector-critico-de-la-policia-local-que-cese-las-denuncias\\\/#breadcrumb\",\"itemListElement\":[{\"@type\":\"ListItem\",\"position\":1,\"name\":\"Portada\",\"item\":\"https:\\\/\\\/www.copealcoy.es\\\/es\\\/\"},{\"@type\":\"ListItem\",\"position\":2,\"name\":\"Franc\u00e9s pide al sector cr\u00edtico de la Polic\u00eda Local que cese las denuncias\"}]},{\"@type\":\"WebSite\",\"@id\":\"https:\\\/\\\/www.copealcoy.es\\\/es\\\/#website\",\"url\":\"https:\\\/\\\/www.copealcoy.es\\\/es\\\/\",\"name\":\"COPE Alcoy\",\"description\":\"Emisora COPE de radio local con emisi\u00f3n online. Pont de Sant Jordi 8-10 03803 Alcoy\",\"potentialAction\":[{\"@type\":\"SearchAction\",\"target\":{\"@type\":\"EntryPoint\",\"urlTemplate\":\"https:\\\/\\\/www.copealcoy.es\\\/es\\\/?s={search_term_string}\"},\"query-input\":{\"@type\":\"PropertyValueSpecification\",\"valueRequired\":true,\"valueName\":\"search_term_string\"}}],\"inLanguage\":\"es\"},{\"@type\":\"Person\",\"@id\":\"https:\\\/\\\/www.copealcoy.es\\\/es\\\/#\\\/schema\\\/person\\\/e777c87fa024e57d40170af9df39882c\",\"name\":\"Cope Alcoy\",\"image\":{\"@type\":\"ImageObject\",\"inLanguage\":\"es\",\"@id\":\"https:\\\/\\\/secure.gravatar.com\\\/avatar\\\/bb65d0283347e303893ba14f0692005417c1e0e690a325a4c5d8bb2b3943ee14?s=96&d=mm&r=g\",\"url\":\"https:\\\/\\\/secure.gravatar.com\\\/avatar\\\/bb65d0283347e303893ba14f0692005417c1e0e690a325a4c5d8bb2b3943ee14?s=96&d=mm&r=g\",\"contentUrl\":\"https:\\\/\\\/secure.gravatar.com\\\/avatar\\\/bb65d0283347e303893ba14f0692005417c1e0e690a325a4c5d8bb2b3943ee14?s=96&d=mm&r=g\",\"caption\":\"Cope Alcoy\"}}]}<\/script>\n<!-- \/ Yoast SEO plugin. -->","yoast_head_json":{"title":"Franc\u00e9s pide al sector cr\u00edtico de la Polic\u00eda Local que cese las denuncias - COPE Alcoy","robots":{"index":"index","follow":"follow","max-snippet":"max-snippet:-1","max-image-preview":"max-image-preview:large","max-video-preview":"max-video-preview:-1"},"canonical":"https:\/\/www.copealcoy.es\/es\/frances-pide-al-sector-critico-de-la-policia-local-que-cese-las-denuncias\/","og_locale":"es_ES","og_type":"article","og_title":"Franc\u00e9s pide al sector cr\u00edtico de la Polic\u00eda Local que cese las denuncias - COPE Alcoy","og_description":"El alcalde de Alcoy, Antonio Franc\u00e9s, ha pedido este martes p\u00fablicamente al exjefe de la Polic\u00eda Local Carlos Mart\u00edn y...","og_url":"https:\/\/www.copealcoy.es\/es\/frances-pide-al-sector-critico-de-la-policia-local-que-cese-las-denuncias\/","og_site_name":"COPE Alcoy","article_published_time":"2016-02-02T14:13:19+00:00","article_modified_time":"2016-02-02T20:05:17+00:00","og_image":[{"width":600,"height":338,"url":"https:\/\/www.copealcoy.es\/wp-content\/uploads\/2016\/02\/CaM84rCWYAAKdFL.jpg","type":"image\/jpeg"}],"author":"Cope Alcoy","twitter_misc":{"Escrito por":"Cope Alcoy","Tiempo de lectura":"1 minuto"},"schema":{"@context":"https:\/\/schema.org","@graph":[{"@type":"Article","@id":"https:\/\/www.copealcoy.es\/es\/frances-pide-al-sector-critico-de-la-policia-local-que-cese-las-denuncias\/#article","isPartOf":{"@id":"https:\/\/www.copealcoy.es\/es\/frances-pide-al-sector-critico-de-la-policia-local-que-cese-las-denuncias\/"},"author":{"name":"Cope Alcoy","@id":"https:\/\/www.copealcoy.es\/es\/#\/schema\/person\/e777c87fa024e57d40170af9df39882c"},"headline":"Franc\u00e9s pide al sector cr\u00edtico de la Polic\u00eda Local que cese las denuncias","datePublished":"2016-02-02T14:13:19+00:00","dateModified":"2016-02-02T20:05:17+00:00","mainEntityOfPage":{"@id":"https:\/\/www.copealcoy.es\/es\/frances-pide-al-sector-critico-de-la-policia-local-que-cese-las-denuncias\/"},"wordCount":270,"commentCount":0,"image":{"@id":"https:\/\/www.copealcoy.es\/es\/frances-pide-al-sector-critico-de-la-policia-local-que-cese-las-denuncias\/#primaryimage"},"thumbnailUrl":"https:\/\/www.copealcoy.es\/wp-content\/uploads\/2016\/02\/CaM84rCWYAAKdFL.jpg","keywords":["Alcoy","Antonio Franc\u00e9s","Jordi Mart\u00ednez","SIPOL"],"articleSection":["Alcoy","Noticias","Portada"],"inLanguage":"es"},{"@type":"WebPage","@id":"https:\/\/www.copealcoy.es\/es\/frances-pide-al-sector-critico-de-la-policia-local-que-cese-las-denuncias\/","url":"https:\/\/www.copealcoy.es\/es\/frances-pide-al-sector-critico-de-la-policia-local-que-cese-las-denuncias\/","name":"Franc\u00e9s pide al sector cr\u00edtico de la Polic\u00eda Local que cese las denuncias - COPE Alcoy","isPartOf":{"@id":"https:\/\/www.copealcoy.es\/es\/#website"},"primaryImageOfPage":{"@id":"https:\/\/www.copealcoy.es\/es\/frances-pide-al-sector-critico-de-la-policia-local-que-cese-las-denuncias\/#primaryimage"},"image":{"@id":"https:\/\/www.copealcoy.es\/es\/frances-pide-al-sector-critico-de-la-policia-local-que-cese-las-denuncias\/#primaryimage"},"thumbnailUrl":"https:\/\/www.copealcoy.es\/wp-content\/uploads\/2016\/02\/CaM84rCWYAAKdFL.jpg","datePublished":"2016-02-02T14:13:19+00:00","dateModified":"2016-02-02T20:05:17+00:00","author":{"@id":"https:\/\/www.copealcoy.es\/es\/#\/schema\/person\/e777c87fa024e57d40170af9df39882c"},"breadcrumb":{"@id":"https:\/\/www.copealcoy.es\/es\/frances-pide-al-sector-critico-de-la-policia-local-que-cese-las-denuncias\/#breadcrumb"},"inLanguage":"es","potentialAction":[{"@type":"ReadAction","target":["https:\/\/www.copealcoy.es\/es\/frances-pide-al-sector-critico-de-la-policia-local-que-cese-las-denuncias\/"]}]},{"@type":"ImageObject","inLanguage":"es","@id":"https:\/\/www.copealcoy.es\/es\/frances-pide-al-sector-critico-de-la-policia-local-que-cese-las-denuncias\/#primaryimage","url":"https:\/\/www.copealcoy.es\/wp-content\/uploads\/2016\/02\/CaM84rCWYAAKdFL.jpg","contentUrl":"https:\/\/www.copealcoy.es\/wp-content\/uploads\/2016\/02\/CaM84rCWYAAKdFL.jpg","width":600,"height":338,"caption":"El alcalde Toni Franc\u00e9s, junto a los ediles Lorena Zamorano y Jordi Mart\u00ednez"},{"@type":"BreadcrumbList","@id":"https:\/\/www.copealcoy.es\/es\/frances-pide-al-sector-critico-de-la-policia-local-que-cese-las-denuncias\/#breadcrumb","itemListElement":[{"@type":"ListItem","position":1,"name":"Portada","item":"https:\/\/www.copealcoy.es\/es\/"},{"@type":"ListItem","position":2,"name":"Franc\u00e9s pide al sector cr\u00edtico de la Polic\u00eda Local que cese las denuncias"}]},{"@type":"WebSite","@id":"https:\/\/www.copealcoy.es\/es\/#website","url":"https:\/\/www.copealcoy.es\/es\/","name":"COPE Alcoy","description":"Emisora COPE de radio local con emisi\u00f3n online. Pont de Sant Jordi 8-10 03803 Alcoy","potentialAction":[{"@type":"SearchAction","target":{"@type":"EntryPoint","urlTemplate":"https:\/\/www.copealcoy.es\/es\/?s={search_term_string}"},"query-input":{"@type":"PropertyValueSpecification","valueRequired":true,"valueName":"search_term_string"}}],"inLanguage":"es"},{"@type":"Person","@id":"https:\/\/www.copealcoy.es\/es\/#\/schema\/person\/e777c87fa024e57d40170af9df39882c","name":"Cope Alcoy","image":{"@type":"ImageObject","inLanguage":"es","@id":"https:\/\/secure.gravatar.com\/avatar\/bb65d0283347e303893ba14f0692005417c1e0e690a325a4c5d8bb2b3943ee14?s=96&d=mm&r=g","url":"https:\/\/secure.gravatar.com\/avatar\/bb65d0283347e303893ba14f0692005417c1e0e690a325a4c5d8bb2b3943ee14?s=96&d=mm&r=g","contentUrl":"https:\/\/secure.gravatar.com\/avatar\/bb65d0283347e303893ba14f0692005417c1e0e690a325a4c5d8bb2b3943ee14?s=96&d=mm&r=g","caption":"Cope Alcoy"}}]}},"_links":{"self":[{"href":"https:\/\/www.copealcoy.es\/es\/wp-json\/wp\/v2\/posts\/18592","targetHints":{"allow":["GET"]}}],"collection":[{"href":"https:\/\/www.copealcoy.es\/es\/wp-json\/wp\/v2\/posts"}],"about":[{"href":"https:\/\/www.copealcoy.es\/es\/wp-json\/wp\/v2\/types\/post"}],"author":[{"embeddable":true,"href":"https:\/\/www.copealcoy.es\/es\/wp-json\/wp\/v2\/users\/1"}],"replies":[{"embeddable":true,"href":"https:\/\/www.copealcoy.es\/es\/wp-json\/wp\/v2\/comments?post=18592"}],"version-history":[{"count":0,"href":"https:\/\/www.copealcoy.es\/es\/wp-json\/wp\/v2\/posts\/18592\/revisions"}],"wp:featuredmedia":[{"embeddable":true,"href":"https:\/\/www.copealcoy.es\/es\/wp-json\/wp\/v2\/media\/18601"}],"wp:attachment":[{"href":"https:\/\/www.copealcoy.es\/es\/wp-json\/wp\/v2\/media?parent=18592"}],"wp:term":[{"taxonomy":"category","embeddable":true,"href":"https:\/\/www.copealcoy.es\/es\/wp-json\/wp\/v2\/categories?post=18592"},{"taxonomy":"post_tag","embeddable":true,"href":"https:\/\/www.copealcoy.es\/es\/wp-json\/wp\/v2\/tags?post=18592"}],"curies":[{"name":"wp","href":"https:\/\/api.w.org\/{rel}","templated":true}]}}