{"id":18501,"date":"2016-01-28T16:09:56","date_gmt":"2016-01-28T16:09:56","guid":{"rendered":"http:\/\/copealcoi.es\/new\/?p=18501"},"modified":"2016-01-28T16:09:56","modified_gmt":"2016-01-28T16:09:56","slug":"mejoras-en-la-zona-del-molinar-para-fomentar-las-visitas-turisticas","status":"publish","type":"post","link":"https:\/\/www.copealcoy.es\/es\/mejoras-en-la-zona-del-molinar-para-fomentar-las-visitas-turisticas\/","title":{"rendered":"Mejoras en la zona del Molinar para fomentar las visitas tur\u00edsticas"},"content":{"rendered":"<p style=\"text-align: justify;\">El Ayuntamiento de Alcoy\u00a0\u00a0ha llevado a cabo en las \u00faltimas semanas varias actuaciones de mejoras en las antiguas zonas industriales del Molinar. En concreto las actuaciones se han centrado en limpiar y adecentar las conducciones de agua al mismo tiempo que se han instalado paneles informativos en los que se explica la historia de las f\u00e1bricas del pasado industrial de Alcoy as\u00ed como como el funcionamiento de las infraestructuras hidr\u00e1ulicas. Por su parte se ha construido un mirador junto al salto de agua mientras que se ha sellado la f\u00e1brica de Els Solers, que es de propiedad municipal, con el fin de evitar actos vand\u00e1licos y frenar su deterioro.<\/p>\n<p style=\"text-align: justify;\">La edil de Turismo, Lorena Zamorano, ha explicado que estas actuaciones fueron solicitadas por el exconcejal de Comprom\u00eds y miembro del CAEHA, Paco Blay &#8220;se ha conseguido adecentar la zona que estaba en mal estado por la maleza y la falta de limpieza. Ahora ya podemos disfrutar todos los alcoyanos de un entorno hist\u00f3rico y natural magn\u00edfico \u00a0que queremos hacer visitable para que tambi\u00e9n sea un punto de atractivo tur\u00edstico&#8221;, se\u00f1ala.<\/p>\n<p style=\"text-align: justify;\">\n","protected":false},"excerpt":{"rendered":"<p>El Ayuntamiento de Alcoy\u00a0\u00a0ha llevado a cabo en las \u00faltimas semanas varias actuaciones de mejoras en las antiguas zonas industriales&#8230;<\/p>\n","protected":false},"author":1,"featured_media":18502,"comment_status":"open","ping_status":"open","sticky":false,"template":"","format":"standard","meta":{"footnotes":""},"categories":[97,75],"tags":[1494,433,1796,1795,514],"class_list":["post-18501","post","type-post","status-publish","format-standard","has-post-thumbnail","hentry","category-alcoy","category-noticias","tag-alcoy","tag-industria","tag-lorena-zamorano","tag-molinar","tag-turismo"],"yoast_head":"<!-- This site is optimized with the Yoast SEO plugin v27.3 - https:\/\/yoast.com\/product\/yoast-seo-wordpress\/ -->\n<title>Mejoras en la zona del Molinar para fomentar las visitas tur\u00edsticas - COPE Alcoy<\/title>\n<meta name=\"robots\" content=\"index, follow, max-snippet:-1, max-image-preview:large, max-video-preview:-1\" \/>\n<link rel=\"canonical\" href=\"https:\/\/www.copealcoy.es\/es\/mejoras-en-la-zona-del-molinar-para-fomentar-las-visitas-turisticas\/\" \/>\n<meta property=\"og:locale\" content=\"es_ES\" \/>\n<meta property=\"og:type\" content=\"article\" \/>\n<meta property=\"og:title\" content=\"Mejoras en la zona del Molinar para fomentar las visitas tur\u00edsticas - COPE Alcoy\" \/>\n<meta property=\"og:description\" content=\"El Ayuntamiento de Alcoy\u00a0\u00a0ha llevado a cabo en las \u00faltimas semanas varias actuaciones de mejoras en las antiguas zonas industriales...\" \/>\n<meta property=\"og:url\" content=\"https:\/\/www.copealcoy.es\/es\/mejoras-en-la-zona-del-molinar-para-fomentar-las-visitas-turisticas\/\" \/>\n<meta property=\"og:site_name\" content=\"COPE Alcoy\" \/>\n<meta property=\"article:published_time\" content=\"2016-01-28T16:09:56+00:00\" \/>\n<meta property=\"og:image\" content=\"https:\/\/www.copealcoy.es\/wp-content\/uploads\/2016\/01\/Visitas_Molinar_20160127024842.jpg\" \/>\n\t<meta property=\"og:image:width\" content=\"796\" \/>\n\t<meta property=\"og:image:height\" content=\"529\" \/>\n\t<meta property=\"og:image:type\" content=\"image\/jpeg\" \/>\n<meta name=\"author\" content=\"Cope Alcoy\" \/>\n<meta name=\"twitter:label1\" content=\"Escrito por\" \/>\n\t<meta name=\"twitter:data1\" content=\"Cope Alcoy\" \/>\n\t<meta name=\"twitter:label2\" content=\"Tiempo de lectura\" \/>\n\t<meta name=\"twitter:data2\" content=\"1 minuto\" \/>\n<script type=\"application\/ld+json\" class=\"yoast-schema-graph\">{\"@context\":\"https:\\\/\\\/schema.org\",\"@graph\":[{\"@type\":\"Article\",\"@id\":\"https:\\\/\\\/www.copealcoy.es\\\/es\\\/mejoras-en-la-zona-del-molinar-para-fomentar-las-visitas-turisticas\\\/#article\",\"isPartOf\":{\"@id\":\"https:\\\/\\\/www.copealcoy.es\\\/es\\\/mejoras-en-la-zona-del-molinar-para-fomentar-las-visitas-turisticas\\\/\"},\"author\":{\"name\":\"Cope Alcoy\",\"@id\":\"https:\\\/\\\/www.copealcoy.es\\\/es\\\/#\\\/schema\\\/person\\\/e777c87fa024e57d40170af9df39882c\"},\"headline\":\"Mejoras en la zona del Molinar para fomentar las visitas tur\u00edsticas\",\"datePublished\":\"2016-01-28T16:09:56+00:00\",\"mainEntityOfPage\":{\"@id\":\"https:\\\/\\\/www.copealcoy.es\\\/es\\\/mejoras-en-la-zona-del-molinar-para-fomentar-las-visitas-turisticas\\\/\"},\"wordCount\":203,\"commentCount\":0,\"image\":{\"@id\":\"https:\\\/\\\/www.copealcoy.es\\\/es\\\/mejoras-en-la-zona-del-molinar-para-fomentar-las-visitas-turisticas\\\/#primaryimage\"},\"thumbnailUrl\":\"https:\\\/\\\/www.copealcoy.es\\\/wp-content\\\/uploads\\\/2016\\\/01\\\/Visitas_Molinar_20160127024842.jpg\",\"keywords\":[\"Alcoy\",\"Industria\",\"Lorena Zamorano\",\"Molinar\",\"Turismo\"],\"articleSection\":[\"Alcoy\",\"Noticias\"],\"inLanguage\":\"es\"},{\"@type\":\"WebPage\",\"@id\":\"https:\\\/\\\/www.copealcoy.es\\\/es\\\/mejoras-en-la-zona-del-molinar-para-fomentar-las-visitas-turisticas\\\/\",\"url\":\"https:\\\/\\\/www.copealcoy.es\\\/es\\\/mejoras-en-la-zona-del-molinar-para-fomentar-las-visitas-turisticas\\\/\",\"name\":\"Mejoras en la zona del Molinar para fomentar las visitas tur\u00edsticas - COPE Alcoy\",\"isPartOf\":{\"@id\":\"https:\\\/\\\/www.copealcoy.es\\\/es\\\/#website\"},\"primaryImageOfPage\":{\"@id\":\"https:\\\/\\\/www.copealcoy.es\\\/es\\\/mejoras-en-la-zona-del-molinar-para-fomentar-las-visitas-turisticas\\\/#primaryimage\"},\"image\":{\"@id\":\"https:\\\/\\\/www.copealcoy.es\\\/es\\\/mejoras-en-la-zona-del-molinar-para-fomentar-las-visitas-turisticas\\\/#primaryimage\"},\"thumbnailUrl\":\"https:\\\/\\\/www.copealcoy.es\\\/wp-content\\\/uploads\\\/2016\\\/01\\\/Visitas_Molinar_20160127024842.jpg\",\"datePublished\":\"2016-01-28T16:09:56+00:00\",\"author\":{\"@id\":\"https:\\\/\\\/www.copealcoy.es\\\/es\\\/#\\\/schema\\\/person\\\/e777c87fa024e57d40170af9df39882c\"},\"breadcrumb\":{\"@id\":\"https:\\\/\\\/www.copealcoy.es\\\/es\\\/mejoras-en-la-zona-del-molinar-para-fomentar-las-visitas-turisticas\\\/#breadcrumb\"},\"inLanguage\":\"es\",\"potentialAction\":[{\"@type\":\"ReadAction\",\"target\":[\"https:\\\/\\\/www.copealcoy.es\\\/es\\\/mejoras-en-la-zona-del-molinar-para-fomentar-las-visitas-turisticas\\\/\"]}]},{\"@type\":\"ImageObject\",\"inLanguage\":\"es\",\"@id\":\"https:\\\/\\\/www.copealcoy.es\\\/es\\\/mejoras-en-la-zona-del-molinar-para-fomentar-las-visitas-turisticas\\\/#primaryimage\",\"url\":\"https:\\\/\\\/www.copealcoy.es\\\/wp-content\\\/uploads\\\/2016\\\/01\\\/Visitas_Molinar_20160127024842.jpg\",\"contentUrl\":\"https:\\\/\\\/www.copealcoy.es\\\/wp-content\\\/uploads\\\/2016\\\/01\\\/Visitas_Molinar_20160127024842.jpg\",\"width\":796,\"height\":529},{\"@type\":\"BreadcrumbList\",\"@id\":\"https:\\\/\\\/www.copealcoy.es\\\/es\\\/mejoras-en-la-zona-del-molinar-para-fomentar-las-visitas-turisticas\\\/#breadcrumb\",\"itemListElement\":[{\"@type\":\"ListItem\",\"position\":1,\"name\":\"Portada\",\"item\":\"https:\\\/\\\/www.copealcoy.es\\\/es\\\/\"},{\"@type\":\"ListItem\",\"position\":2,\"name\":\"Mejoras en la zona del Molinar para fomentar las visitas tur\u00edsticas\"}]},{\"@type\":\"WebSite\",\"@id\":\"https:\\\/\\\/www.copealcoy.es\\\/es\\\/#website\",\"url\":\"https:\\\/\\\/www.copealcoy.es\\\/es\\\/\",\"name\":\"COPE Alcoy\",\"description\":\"Emisora COPE de radio local con emisi\u00f3n online. Pont de Sant Jordi 8-10 03803 Alcoy\",\"potentialAction\":[{\"@type\":\"SearchAction\",\"target\":{\"@type\":\"EntryPoint\",\"urlTemplate\":\"https:\\\/\\\/www.copealcoy.es\\\/es\\\/?s={search_term_string}\"},\"query-input\":{\"@type\":\"PropertyValueSpecification\",\"valueRequired\":true,\"valueName\":\"search_term_string\"}}],\"inLanguage\":\"es\"},{\"@type\":\"Person\",\"@id\":\"https:\\\/\\\/www.copealcoy.es\\\/es\\\/#\\\/schema\\\/person\\\/e777c87fa024e57d40170af9df39882c\",\"name\":\"Cope Alcoy\",\"image\":{\"@type\":\"ImageObject\",\"inLanguage\":\"es\",\"@id\":\"https:\\\/\\\/secure.gravatar.com\\\/avatar\\\/bb65d0283347e303893ba14f0692005417c1e0e690a325a4c5d8bb2b3943ee14?s=96&d=mm&r=g\",\"url\":\"https:\\\/\\\/secure.gravatar.com\\\/avatar\\\/bb65d0283347e303893ba14f0692005417c1e0e690a325a4c5d8bb2b3943ee14?s=96&d=mm&r=g\",\"contentUrl\":\"https:\\\/\\\/secure.gravatar.com\\\/avatar\\\/bb65d0283347e303893ba14f0692005417c1e0e690a325a4c5d8bb2b3943ee14?s=96&d=mm&r=g\",\"caption\":\"Cope Alcoy\"}}]}<\/script>\n<!-- \/ Yoast SEO plugin. -->","yoast_head_json":{"title":"Mejoras en la zona del Molinar para fomentar las visitas tur\u00edsticas - COPE Alcoy","robots":{"index":"index","follow":"follow","max-snippet":"max-snippet:-1","max-image-preview":"max-image-preview:large","max-video-preview":"max-video-preview:-1"},"canonical":"https:\/\/www.copealcoy.es\/es\/mejoras-en-la-zona-del-molinar-para-fomentar-las-visitas-turisticas\/","og_locale":"es_ES","og_type":"article","og_title":"Mejoras en la zona del Molinar para fomentar las visitas tur\u00edsticas - COPE Alcoy","og_description":"El Ayuntamiento de Alcoy\u00a0\u00a0ha llevado a cabo en las \u00faltimas semanas varias actuaciones de mejoras en las antiguas zonas industriales...","og_url":"https:\/\/www.copealcoy.es\/es\/mejoras-en-la-zona-del-molinar-para-fomentar-las-visitas-turisticas\/","og_site_name":"COPE Alcoy","article_published_time":"2016-01-28T16:09:56+00:00","og_image":[{"width":796,"height":529,"url":"https:\/\/www.copealcoy.es\/wp-content\/uploads\/2016\/01\/Visitas_Molinar_20160127024842.jpg","type":"image\/jpeg"}],"author":"Cope Alcoy","twitter_misc":{"Escrito por":"Cope Alcoy","Tiempo de lectura":"1 minuto"},"schema":{"@context":"https:\/\/schema.org","@graph":[{"@type":"Article","@id":"https:\/\/www.copealcoy.es\/es\/mejoras-en-la-zona-del-molinar-para-fomentar-las-visitas-turisticas\/#article","isPartOf":{"@id":"https:\/\/www.copealcoy.es\/es\/mejoras-en-la-zona-del-molinar-para-fomentar-las-visitas-turisticas\/"},"author":{"name":"Cope Alcoy","@id":"https:\/\/www.copealcoy.es\/es\/#\/schema\/person\/e777c87fa024e57d40170af9df39882c"},"headline":"Mejoras en la zona del Molinar para fomentar las visitas tur\u00edsticas","datePublished":"2016-01-28T16:09:56+00:00","mainEntityOfPage":{"@id":"https:\/\/www.copealcoy.es\/es\/mejoras-en-la-zona-del-molinar-para-fomentar-las-visitas-turisticas\/"},"wordCount":203,"commentCount":0,"image":{"@id":"https:\/\/www.copealcoy.es\/es\/mejoras-en-la-zona-del-molinar-para-fomentar-las-visitas-turisticas\/#primaryimage"},"thumbnailUrl":"https:\/\/www.copealcoy.es\/wp-content\/uploads\/2016\/01\/Visitas_Molinar_20160127024842.jpg","keywords":["Alcoy","Industria","Lorena Zamorano","Molinar","Turismo"],"articleSection":["Alcoy","Noticias"],"inLanguage":"es"},{"@type":"WebPage","@id":"https:\/\/www.copealcoy.es\/es\/mejoras-en-la-zona-del-molinar-para-fomentar-las-visitas-turisticas\/","url":"https:\/\/www.copealcoy.es\/es\/mejoras-en-la-zona-del-molinar-para-fomentar-las-visitas-turisticas\/","name":"Mejoras en la zona del Molinar para fomentar las visitas tur\u00edsticas - COPE Alcoy","isPartOf":{"@id":"https:\/\/www.copealcoy.es\/es\/#website"},"primaryImageOfPage":{"@id":"https:\/\/www.copealcoy.es\/es\/mejoras-en-la-zona-del-molinar-para-fomentar-las-visitas-turisticas\/#primaryimage"},"image":{"@id":"https:\/\/www.copealcoy.es\/es\/mejoras-en-la-zona-del-molinar-para-fomentar-las-visitas-turisticas\/#primaryimage"},"thumbnailUrl":"https:\/\/www.copealcoy.es\/wp-content\/uploads\/2016\/01\/Visitas_Molinar_20160127024842.jpg","datePublished":"2016-01-28T16:09:56+00:00","author":{"@id":"https:\/\/www.copealcoy.es\/es\/#\/schema\/person\/e777c87fa024e57d40170af9df39882c"},"breadcrumb":{"@id":"https:\/\/www.copealcoy.es\/es\/mejoras-en-la-zona-del-molinar-para-fomentar-las-visitas-turisticas\/#breadcrumb"},"inLanguage":"es","potentialAction":[{"@type":"ReadAction","target":["https:\/\/www.copealcoy.es\/es\/mejoras-en-la-zona-del-molinar-para-fomentar-las-visitas-turisticas\/"]}]},{"@type":"ImageObject","inLanguage":"es","@id":"https:\/\/www.copealcoy.es\/es\/mejoras-en-la-zona-del-molinar-para-fomentar-las-visitas-turisticas\/#primaryimage","url":"https:\/\/www.copealcoy.es\/wp-content\/uploads\/2016\/01\/Visitas_Molinar_20160127024842.jpg","contentUrl":"https:\/\/www.copealcoy.es\/wp-content\/uploads\/2016\/01\/Visitas_Molinar_20160127024842.jpg","width":796,"height":529},{"@type":"BreadcrumbList","@id":"https:\/\/www.copealcoy.es\/es\/mejoras-en-la-zona-del-molinar-para-fomentar-las-visitas-turisticas\/#breadcrumb","itemListElement":[{"@type":"ListItem","position":1,"name":"Portada","item":"https:\/\/www.copealcoy.es\/es\/"},{"@type":"ListItem","position":2,"name":"Mejoras en la zona del Molinar para fomentar las visitas tur\u00edsticas"}]},{"@type":"WebSite","@id":"https:\/\/www.copealcoy.es\/es\/#website","url":"https:\/\/www.copealcoy.es\/es\/","name":"COPE Alcoy","description":"Emisora COPE de radio local con emisi\u00f3n online. Pont de Sant Jordi 8-10 03803 Alcoy","potentialAction":[{"@type":"SearchAction","target":{"@type":"EntryPoint","urlTemplate":"https:\/\/www.copealcoy.es\/es\/?s={search_term_string}"},"query-input":{"@type":"PropertyValueSpecification","valueRequired":true,"valueName":"search_term_string"}}],"inLanguage":"es"},{"@type":"Person","@id":"https:\/\/www.copealcoy.es\/es\/#\/schema\/person\/e777c87fa024e57d40170af9df39882c","name":"Cope Alcoy","image":{"@type":"ImageObject","inLanguage":"es","@id":"https:\/\/secure.gravatar.com\/avatar\/bb65d0283347e303893ba14f0692005417c1e0e690a325a4c5d8bb2b3943ee14?s=96&d=mm&r=g","url":"https:\/\/secure.gravatar.com\/avatar\/bb65d0283347e303893ba14f0692005417c1e0e690a325a4c5d8bb2b3943ee14?s=96&d=mm&r=g","contentUrl":"https:\/\/secure.gravatar.com\/avatar\/bb65d0283347e303893ba14f0692005417c1e0e690a325a4c5d8bb2b3943ee14?s=96&d=mm&r=g","caption":"Cope Alcoy"}}]}},"_links":{"self":[{"href":"https:\/\/www.copealcoy.es\/es\/wp-json\/wp\/v2\/posts\/18501","targetHints":{"allow":["GET"]}}],"collection":[{"href":"https:\/\/www.copealcoy.es\/es\/wp-json\/wp\/v2\/posts"}],"about":[{"href":"https:\/\/www.copealcoy.es\/es\/wp-json\/wp\/v2\/types\/post"}],"author":[{"embeddable":true,"href":"https:\/\/www.copealcoy.es\/es\/wp-json\/wp\/v2\/users\/1"}],"replies":[{"embeddable":true,"href":"https:\/\/www.copealcoy.es\/es\/wp-json\/wp\/v2\/comments?post=18501"}],"version-history":[{"count":0,"href":"https:\/\/www.copealcoy.es\/es\/wp-json\/wp\/v2\/posts\/18501\/revisions"}],"wp:featuredmedia":[{"embeddable":true,"href":"https:\/\/www.copealcoy.es\/es\/wp-json\/wp\/v2\/media\/18502"}],"wp:attachment":[{"href":"https:\/\/www.copealcoy.es\/es\/wp-json\/wp\/v2\/media?parent=18501"}],"wp:term":[{"taxonomy":"category","embeddable":true,"href":"https:\/\/www.copealcoy.es\/es\/wp-json\/wp\/v2\/categories?post=18501"},{"taxonomy":"post_tag","embeddable":true,"href":"https:\/\/www.copealcoy.es\/es\/wp-json\/wp\/v2\/tags?post=18501"}],"curies":[{"name":"wp","href":"https:\/\/api.w.org\/{rel}","templated":true}]}}