{"id":18452,"date":"2016-01-27T13:55:02","date_gmt":"2016-01-27T13:55:02","guid":{"rendered":"http:\/\/copealcoi.es\/new\/?p=18452"},"modified":"2016-01-27T16:49:54","modified_gmt":"2016-01-27T16:49:54","slug":"educacion-proyecta-el-bracal-y-el-san-juan-bosco-para-2017","status":"publish","type":"post","link":"https:\/\/www.copealcoy.es\/es\/educacion-proyecta-el-bracal-y-el-san-juan-bosco-para-2017\/","title":{"rendered":"Educaci\u00f3n proyecta el Bracal y el San Juan Bosco para 2017"},"content":{"rendered":"<p style=\"text-align: justify;\">La Conseller\u00eda de Educaci\u00f3n ha proyectado para principios del a\u00f1o 2017 la construcci\u00f3n del nuevo colegio El Bracal de Muro dentro del\u00a0Mapa de las Infraestructuras Escolares que ha anunciado la Generalitat Valenciana y que contempla crear 124 centros educativos y rehabilitar otros 116. Hay que recordar que los alumnos del Bracal llevan m\u00e1s de siete a\u00f1os desarrollando sus clases en barracones tras detectarse en su d\u00eda\u00a0la presencia de aluminosis en el inmueble que albergaba el colegio\u00a0lo que llev\u00f3 a que se\u00a0decidiera su posterior demolici\u00f3n. Ante esto se habilitaron las aulas prefabricadas que \u00a0en m\u00e1s de una ocasi\u00f3n han reflejado que no re\u00fanen las mejores condiciones por la presencia de goteras y por el fuerte calor que ha llegado a registrarse en el interior\u00a0cuando se han alcanzado elevadas temperaturas. Adem\u00e1s durante todo este tiempo la comunidad educativa y el Gobierno Local de Muro han protagonizado varias acciones reivindicativas para reclamar un colegio nuevo. El alcalde, Francesc Valls, se ha felicitado por el compromiso manifestado por el Consell y ha pedido cautela &#8220;hay que ir paso a paso para ver si se cumplen los tr\u00e1mites porque en este asunto del Bracal hemos tenido ya muchas promesas incumplidas en todos estos a\u00f1os. Nosotros seguiremos haciendo reivindicaciones hasta que llegue la \u00a0tan esperada soluci\u00f3n&#8221;, explica.<\/p>\n<p style=\"text-align: justify;\">Por su parte el Plan de Infraestructuras Escolares anunciado por el Consell prev\u00e9 tambi\u00e9n \u00a0la tan esperada unificaci\u00f3n del Colegio San Juan Bosco de Cocentaina, que actualmente est\u00e1 dividido en dos edificios, para el segundo semestre del 2017 lo que supondr\u00e1 el fin de una hist\u00f3rica\u00a0reivindicaci\u00f3n educativa en la Villa Condal que est\u00e1 pendiente desde hace m\u00e1s de 27\u00a0a\u00f1os. La alcaldesa, Mireia Estepa, ha valorado positivamente la noticia y ha afirmado que el Ayuntamiento seguir\u00e1 los procedimientos para que los plazos se cumplan en el tiempo marcado &#8220;estamos muy satisfechos de este anuncio tras\u00a0la lucha que han llevado a cabo durante todos estos a\u00f1os los equipos educativos del colegio, las familias y el propio Ayuntamiento de Cocentaina. El nuevo colegio podr\u00e1 ser una realidad pronto y esto supondr\u00e1 un importante beneficio para las familias y los alumnos pero tambi\u00e9n para los docentes \u00a0que podr\u00e1n desempe\u00f1ar su actividad de la mejor forma posible&#8221;, matiza.<\/p>\n<p style=\"text-align: justify;\">Indicar que tanto el presidente de la Generalitat, Ximo Puig, como el Conseller de Educaci\u00f3n, Vicent Marz\u00e0, han destacado que este Plan refleja un compromiso real de ejecuci\u00f3n de obras con una planificaci\u00f3n de fechas, objetivos y actuaciones. De igual forma han sido cr\u00edticos con el anterior Gobierno Auton\u00f3mico del Partido Popular destacando que su &#8220;p\u00e9sima gesti\u00f3n en materia educativa&#8221;, seg\u00fan sus palabras, es la consecuencia de la mala situaci\u00f3n en la que se encuentran actualmente la mayor\u00eda de los colegios de la Comunitat.<\/p>\n<p>&nbsp;<\/p>\n","protected":false},"excerpt":{"rendered":"<p>La Conseller\u00eda de Educaci\u00f3n ha proyectado para principios del a\u00f1o 2017 la construcci\u00f3n del nuevo colegio El Bracal de Muro&#8230;<\/p>\n","protected":false},"author":1,"featured_media":18456,"comment_status":"open","ping_status":"open","sticky":false,"template":"","format":"standard","meta":{"footnotes":""},"categories":[98,75,125],"tags":[998,132,1784,135,1785],"class_list":["post-18452","post","type-post","status-publish","format-standard","has-post-thumbnail","hentry","category-comarcas","category-noticias","category-portada","tag-bracal","tag-cocentaina","tag-conselleria-de-educacion","tag-muro","tag-san-juan-bosco"],"yoast_head":"<!-- This site is optimized with the Yoast SEO plugin v27.3 - https:\/\/yoast.com\/product\/yoast-seo-wordpress\/ -->\n<title>Educaci\u00f3n proyecta el Bracal y el San Juan Bosco para 2017 - COPE Alcoy<\/title>\n<meta name=\"robots\" content=\"index, follow, max-snippet:-1, max-image-preview:large, max-video-preview:-1\" \/>\n<link rel=\"canonical\" href=\"https:\/\/www.copealcoy.es\/es\/educacion-proyecta-el-bracal-y-el-san-juan-bosco-para-2017\/\" \/>\n<meta property=\"og:locale\" content=\"es_ES\" \/>\n<meta property=\"og:type\" content=\"article\" \/>\n<meta property=\"og:title\" content=\"Educaci\u00f3n proyecta el Bracal y el San Juan Bosco para 2017 - COPE Alcoy\" \/>\n<meta property=\"og:description\" content=\"La Conseller\u00eda de Educaci\u00f3n ha proyectado para principios del a\u00f1o 2017 la construcci\u00f3n del nuevo colegio El Bracal de Muro...\" \/>\n<meta property=\"og:url\" content=\"https:\/\/www.copealcoy.es\/es\/educacion-proyecta-el-bracal-y-el-san-juan-bosco-para-2017\/\" \/>\n<meta property=\"og:site_name\" content=\"COPE Alcoy\" \/>\n<meta property=\"article:published_time\" content=\"2016-01-27T13:55:02+00:00\" \/>\n<meta property=\"article:modified_time\" content=\"2016-01-27T16:49:54+00:00\" \/>\n<meta property=\"og:image\" content=\"https:\/\/www.copealcoy.es\/wp-content\/uploads\/2016\/01\/12626177_10208367762852348_1562651034_n-e1453848725187.jpg\" \/>\n\t<meta property=\"og:image:width\" content=\"957\" \/>\n\t<meta property=\"og:image:height\" content=\"549\" \/>\n\t<meta property=\"og:image:type\" content=\"image\/jpeg\" \/>\n<meta name=\"author\" content=\"Cope Alcoy\" \/>\n<meta name=\"twitter:label1\" content=\"Escrito por\" \/>\n\t<meta name=\"twitter:data1\" content=\"Cope Alcoy\" \/>\n\t<meta name=\"twitter:label2\" content=\"Tiempo de lectura\" \/>\n\t<meta name=\"twitter:data2\" content=\"2 minutos\" \/>\n<script type=\"application\/ld+json\" class=\"yoast-schema-graph\">{\"@context\":\"https:\\\/\\\/schema.org\",\"@graph\":[{\"@type\":\"Article\",\"@id\":\"https:\\\/\\\/www.copealcoy.es\\\/es\\\/educacion-proyecta-el-bracal-y-el-san-juan-bosco-para-2017\\\/#article\",\"isPartOf\":{\"@id\":\"https:\\\/\\\/www.copealcoy.es\\\/es\\\/educacion-proyecta-el-bracal-y-el-san-juan-bosco-para-2017\\\/\"},\"author\":{\"name\":\"Cope Alcoy\",\"@id\":\"https:\\\/\\\/www.copealcoy.es\\\/es\\\/#\\\/schema\\\/person\\\/e777c87fa024e57d40170af9df39882c\"},\"headline\":\"Educaci\u00f3n proyecta el Bracal y el San Juan Bosco para 2017\",\"datePublished\":\"2016-01-27T13:55:02+00:00\",\"dateModified\":\"2016-01-27T16:49:54+00:00\",\"mainEntityOfPage\":{\"@id\":\"https:\\\/\\\/www.copealcoy.es\\\/es\\\/educacion-proyecta-el-bracal-y-el-san-juan-bosco-para-2017\\\/\"},\"wordCount\":498,\"commentCount\":0,\"image\":{\"@id\":\"https:\\\/\\\/www.copealcoy.es\\\/es\\\/educacion-proyecta-el-bracal-y-el-san-juan-bosco-para-2017\\\/#primaryimage\"},\"thumbnailUrl\":\"https:\\\/\\\/www.copealcoy.es\\\/wp-content\\\/uploads\\\/2016\\\/01\\\/12626177_10208367762852348_1562651034_n-e1453848725187.jpg\",\"keywords\":[\"Bracal\",\"Cocentaina\",\"Conseller\u00eda de Educaci\u00f3n\",\"Muro\",\"San Juan Bosco\"],\"articleSection\":[\"Comarcas\",\"Noticias\",\"Portada\"],\"inLanguage\":\"es\"},{\"@type\":\"WebPage\",\"@id\":\"https:\\\/\\\/www.copealcoy.es\\\/es\\\/educacion-proyecta-el-bracal-y-el-san-juan-bosco-para-2017\\\/\",\"url\":\"https:\\\/\\\/www.copealcoy.es\\\/es\\\/educacion-proyecta-el-bracal-y-el-san-juan-bosco-para-2017\\\/\",\"name\":\"Educaci\u00f3n proyecta el Bracal y el San Juan Bosco para 2017 - COPE Alcoy\",\"isPartOf\":{\"@id\":\"https:\\\/\\\/www.copealcoy.es\\\/es\\\/#website\"},\"primaryImageOfPage\":{\"@id\":\"https:\\\/\\\/www.copealcoy.es\\\/es\\\/educacion-proyecta-el-bracal-y-el-san-juan-bosco-para-2017\\\/#primaryimage\"},\"image\":{\"@id\":\"https:\\\/\\\/www.copealcoy.es\\\/es\\\/educacion-proyecta-el-bracal-y-el-san-juan-bosco-para-2017\\\/#primaryimage\"},\"thumbnailUrl\":\"https:\\\/\\\/www.copealcoy.es\\\/wp-content\\\/uploads\\\/2016\\\/01\\\/12626177_10208367762852348_1562651034_n-e1453848725187.jpg\",\"datePublished\":\"2016-01-27T13:55:02+00:00\",\"dateModified\":\"2016-01-27T16:49:54+00:00\",\"author\":{\"@id\":\"https:\\\/\\\/www.copealcoy.es\\\/es\\\/#\\\/schema\\\/person\\\/e777c87fa024e57d40170af9df39882c\"},\"breadcrumb\":{\"@id\":\"https:\\\/\\\/www.copealcoy.es\\\/es\\\/educacion-proyecta-el-bracal-y-el-san-juan-bosco-para-2017\\\/#breadcrumb\"},\"inLanguage\":\"es\",\"potentialAction\":[{\"@type\":\"ReadAction\",\"target\":[\"https:\\\/\\\/www.copealcoy.es\\\/es\\\/educacion-proyecta-el-bracal-y-el-san-juan-bosco-para-2017\\\/\"]}]},{\"@type\":\"ImageObject\",\"inLanguage\":\"es\",\"@id\":\"https:\\\/\\\/www.copealcoy.es\\\/es\\\/educacion-proyecta-el-bracal-y-el-san-juan-bosco-para-2017\\\/#primaryimage\",\"url\":\"https:\\\/\\\/www.copealcoy.es\\\/wp-content\\\/uploads\\\/2016\\\/01\\\/12626177_10208367762852348_1562651034_n-e1453848725187.jpg\",\"contentUrl\":\"https:\\\/\\\/www.copealcoy.es\\\/wp-content\\\/uploads\\\/2016\\\/01\\\/12626177_10208367762852348_1562651034_n-e1453848725187.jpg\",\"width\":957,\"height\":549,\"caption\":\"El San Juan Bosco de Cocentaina lleva esperando la unificaci\u00f3n 28 a\u00f1os\"},{\"@type\":\"BreadcrumbList\",\"@id\":\"https:\\\/\\\/www.copealcoy.es\\\/es\\\/educacion-proyecta-el-bracal-y-el-san-juan-bosco-para-2017\\\/#breadcrumb\",\"itemListElement\":[{\"@type\":\"ListItem\",\"position\":1,\"name\":\"Portada\",\"item\":\"https:\\\/\\\/www.copealcoy.es\\\/es\\\/\"},{\"@type\":\"ListItem\",\"position\":2,\"name\":\"Educaci\u00f3n proyecta el Bracal y el San Juan Bosco para 2017\"}]},{\"@type\":\"WebSite\",\"@id\":\"https:\\\/\\\/www.copealcoy.es\\\/es\\\/#website\",\"url\":\"https:\\\/\\\/www.copealcoy.es\\\/es\\\/\",\"name\":\"COPE Alcoy\",\"description\":\"Emisora COPE de radio local con emisi\u00f3n online. Pont de Sant Jordi 8-10 03803 Alcoy\",\"potentialAction\":[{\"@type\":\"SearchAction\",\"target\":{\"@type\":\"EntryPoint\",\"urlTemplate\":\"https:\\\/\\\/www.copealcoy.es\\\/es\\\/?s={search_term_string}\"},\"query-input\":{\"@type\":\"PropertyValueSpecification\",\"valueRequired\":true,\"valueName\":\"search_term_string\"}}],\"inLanguage\":\"es\"},{\"@type\":\"Person\",\"@id\":\"https:\\\/\\\/www.copealcoy.es\\\/es\\\/#\\\/schema\\\/person\\\/e777c87fa024e57d40170af9df39882c\",\"name\":\"Cope Alcoy\",\"image\":{\"@type\":\"ImageObject\",\"inLanguage\":\"es\",\"@id\":\"https:\\\/\\\/secure.gravatar.com\\\/avatar\\\/bb65d0283347e303893ba14f0692005417c1e0e690a325a4c5d8bb2b3943ee14?s=96&d=mm&r=g\",\"url\":\"https:\\\/\\\/secure.gravatar.com\\\/avatar\\\/bb65d0283347e303893ba14f0692005417c1e0e690a325a4c5d8bb2b3943ee14?s=96&d=mm&r=g\",\"contentUrl\":\"https:\\\/\\\/secure.gravatar.com\\\/avatar\\\/bb65d0283347e303893ba14f0692005417c1e0e690a325a4c5d8bb2b3943ee14?s=96&d=mm&r=g\",\"caption\":\"Cope Alcoy\"}}]}<\/script>\n<!-- \/ Yoast SEO plugin. -->","yoast_head_json":{"title":"Educaci\u00f3n proyecta el Bracal y el San Juan Bosco para 2017 - COPE Alcoy","robots":{"index":"index","follow":"follow","max-snippet":"max-snippet:-1","max-image-preview":"max-image-preview:large","max-video-preview":"max-video-preview:-1"},"canonical":"https:\/\/www.copealcoy.es\/es\/educacion-proyecta-el-bracal-y-el-san-juan-bosco-para-2017\/","og_locale":"es_ES","og_type":"article","og_title":"Educaci\u00f3n proyecta el Bracal y el San Juan Bosco para 2017 - COPE Alcoy","og_description":"La Conseller\u00eda de Educaci\u00f3n ha proyectado para principios del a\u00f1o 2017 la construcci\u00f3n del nuevo colegio El Bracal de Muro...","og_url":"https:\/\/www.copealcoy.es\/es\/educacion-proyecta-el-bracal-y-el-san-juan-bosco-para-2017\/","og_site_name":"COPE Alcoy","article_published_time":"2016-01-27T13:55:02+00:00","article_modified_time":"2016-01-27T16:49:54+00:00","og_image":[{"width":957,"height":549,"url":"https:\/\/www.copealcoy.es\/wp-content\/uploads\/2016\/01\/12626177_10208367762852348_1562651034_n-e1453848725187.jpg","type":"image\/jpeg"}],"author":"Cope Alcoy","twitter_misc":{"Escrito por":"Cope Alcoy","Tiempo de lectura":"2 minutos"},"schema":{"@context":"https:\/\/schema.org","@graph":[{"@type":"Article","@id":"https:\/\/www.copealcoy.es\/es\/educacion-proyecta-el-bracal-y-el-san-juan-bosco-para-2017\/#article","isPartOf":{"@id":"https:\/\/www.copealcoy.es\/es\/educacion-proyecta-el-bracal-y-el-san-juan-bosco-para-2017\/"},"author":{"name":"Cope Alcoy","@id":"https:\/\/www.copealcoy.es\/es\/#\/schema\/person\/e777c87fa024e57d40170af9df39882c"},"headline":"Educaci\u00f3n proyecta el Bracal y el San Juan Bosco para 2017","datePublished":"2016-01-27T13:55:02+00:00","dateModified":"2016-01-27T16:49:54+00:00","mainEntityOfPage":{"@id":"https:\/\/www.copealcoy.es\/es\/educacion-proyecta-el-bracal-y-el-san-juan-bosco-para-2017\/"},"wordCount":498,"commentCount":0,"image":{"@id":"https:\/\/www.copealcoy.es\/es\/educacion-proyecta-el-bracal-y-el-san-juan-bosco-para-2017\/#primaryimage"},"thumbnailUrl":"https:\/\/www.copealcoy.es\/wp-content\/uploads\/2016\/01\/12626177_10208367762852348_1562651034_n-e1453848725187.jpg","keywords":["Bracal","Cocentaina","Conseller\u00eda de Educaci\u00f3n","Muro","San Juan Bosco"],"articleSection":["Comarcas","Noticias","Portada"],"inLanguage":"es"},{"@type":"WebPage","@id":"https:\/\/www.copealcoy.es\/es\/educacion-proyecta-el-bracal-y-el-san-juan-bosco-para-2017\/","url":"https:\/\/www.copealcoy.es\/es\/educacion-proyecta-el-bracal-y-el-san-juan-bosco-para-2017\/","name":"Educaci\u00f3n proyecta el Bracal y el San Juan Bosco para 2017 - COPE Alcoy","isPartOf":{"@id":"https:\/\/www.copealcoy.es\/es\/#website"},"primaryImageOfPage":{"@id":"https:\/\/www.copealcoy.es\/es\/educacion-proyecta-el-bracal-y-el-san-juan-bosco-para-2017\/#primaryimage"},"image":{"@id":"https:\/\/www.copealcoy.es\/es\/educacion-proyecta-el-bracal-y-el-san-juan-bosco-para-2017\/#primaryimage"},"thumbnailUrl":"https:\/\/www.copealcoy.es\/wp-content\/uploads\/2016\/01\/12626177_10208367762852348_1562651034_n-e1453848725187.jpg","datePublished":"2016-01-27T13:55:02+00:00","dateModified":"2016-01-27T16:49:54+00:00","author":{"@id":"https:\/\/www.copealcoy.es\/es\/#\/schema\/person\/e777c87fa024e57d40170af9df39882c"},"breadcrumb":{"@id":"https:\/\/www.copealcoy.es\/es\/educacion-proyecta-el-bracal-y-el-san-juan-bosco-para-2017\/#breadcrumb"},"inLanguage":"es","potentialAction":[{"@type":"ReadAction","target":["https:\/\/www.copealcoy.es\/es\/educacion-proyecta-el-bracal-y-el-san-juan-bosco-para-2017\/"]}]},{"@type":"ImageObject","inLanguage":"es","@id":"https:\/\/www.copealcoy.es\/es\/educacion-proyecta-el-bracal-y-el-san-juan-bosco-para-2017\/#primaryimage","url":"https:\/\/www.copealcoy.es\/wp-content\/uploads\/2016\/01\/12626177_10208367762852348_1562651034_n-e1453848725187.jpg","contentUrl":"https:\/\/www.copealcoy.es\/wp-content\/uploads\/2016\/01\/12626177_10208367762852348_1562651034_n-e1453848725187.jpg","width":957,"height":549,"caption":"El San Juan Bosco de Cocentaina lleva esperando la unificaci\u00f3n 28 a\u00f1os"},{"@type":"BreadcrumbList","@id":"https:\/\/www.copealcoy.es\/es\/educacion-proyecta-el-bracal-y-el-san-juan-bosco-para-2017\/#breadcrumb","itemListElement":[{"@type":"ListItem","position":1,"name":"Portada","item":"https:\/\/www.copealcoy.es\/es\/"},{"@type":"ListItem","position":2,"name":"Educaci\u00f3n proyecta el Bracal y el San Juan Bosco para 2017"}]},{"@type":"WebSite","@id":"https:\/\/www.copealcoy.es\/es\/#website","url":"https:\/\/www.copealcoy.es\/es\/","name":"COPE Alcoy","description":"Emisora COPE de radio local con emisi\u00f3n online. Pont de Sant Jordi 8-10 03803 Alcoy","potentialAction":[{"@type":"SearchAction","target":{"@type":"EntryPoint","urlTemplate":"https:\/\/www.copealcoy.es\/es\/?s={search_term_string}"},"query-input":{"@type":"PropertyValueSpecification","valueRequired":true,"valueName":"search_term_string"}}],"inLanguage":"es"},{"@type":"Person","@id":"https:\/\/www.copealcoy.es\/es\/#\/schema\/person\/e777c87fa024e57d40170af9df39882c","name":"Cope Alcoy","image":{"@type":"ImageObject","inLanguage":"es","@id":"https:\/\/secure.gravatar.com\/avatar\/bb65d0283347e303893ba14f0692005417c1e0e690a325a4c5d8bb2b3943ee14?s=96&d=mm&r=g","url":"https:\/\/secure.gravatar.com\/avatar\/bb65d0283347e303893ba14f0692005417c1e0e690a325a4c5d8bb2b3943ee14?s=96&d=mm&r=g","contentUrl":"https:\/\/secure.gravatar.com\/avatar\/bb65d0283347e303893ba14f0692005417c1e0e690a325a4c5d8bb2b3943ee14?s=96&d=mm&r=g","caption":"Cope Alcoy"}}]}},"_links":{"self":[{"href":"https:\/\/www.copealcoy.es\/es\/wp-json\/wp\/v2\/posts\/18452","targetHints":{"allow":["GET"]}}],"collection":[{"href":"https:\/\/www.copealcoy.es\/es\/wp-json\/wp\/v2\/posts"}],"about":[{"href":"https:\/\/www.copealcoy.es\/es\/wp-json\/wp\/v2\/types\/post"}],"author":[{"embeddable":true,"href":"https:\/\/www.copealcoy.es\/es\/wp-json\/wp\/v2\/users\/1"}],"replies":[{"embeddable":true,"href":"https:\/\/www.copealcoy.es\/es\/wp-json\/wp\/v2\/comments?post=18452"}],"version-history":[{"count":0,"href":"https:\/\/www.copealcoy.es\/es\/wp-json\/wp\/v2\/posts\/18452\/revisions"}],"wp:featuredmedia":[{"embeddable":true,"href":"https:\/\/www.copealcoy.es\/es\/wp-json\/wp\/v2\/media\/18456"}],"wp:attachment":[{"href":"https:\/\/www.copealcoy.es\/es\/wp-json\/wp\/v2\/media?parent=18452"}],"wp:term":[{"taxonomy":"category","embeddable":true,"href":"https:\/\/www.copealcoy.es\/es\/wp-json\/wp\/v2\/categories?post=18452"},{"taxonomy":"post_tag","embeddable":true,"href":"https:\/\/www.copealcoy.es\/es\/wp-json\/wp\/v2\/tags?post=18452"}],"curies":[{"name":"wp","href":"https:\/\/api.w.org\/{rel}","templated":true}]}}