{"id":18437,"date":"2016-01-26T16:45:34","date_gmt":"2016-01-26T16:45:34","guid":{"rendered":"http:\/\/copealcoi.es\/new\/?p=18437"},"modified":"2016-01-26T16:45:34","modified_gmt":"2016-01-26T16:45:34","slug":"alcoleja-y-la-diputacion-buscan-recuperar-la-base-de-aitana","status":"publish","type":"post","link":"https:\/\/www.copealcoy.es\/es\/alcoleja-y-la-diputacion-buscan-recuperar-la-base-de-aitana\/","title":{"rendered":"Alcoleja y la Diputaci\u00f3n buscan recuperar la Base de Aitana"},"content":{"rendered":"<p style=\"text-align: justify;\">La Diputaci\u00f3n Provincial de Alicante y el Ayuntamiento de Alcoleja mantuvieron ayer un encuentro en el que acordaron encargar un estudio, previsiblemente al Campus de Alcoy de la Universidad Polit\u00e9cnica de Valencia, para definir los usos de car\u00e1cter p\u00fablico que puede tener la antigua \u00a0Base Militar de Aitana. El ente provincial se ha mostrado dispuesto a aportar ayudas para adquirir el inmueble y adecuarlo siempre que cuente con un proyecto viable tanto desde el punto de vista de usos como econ\u00f3mico \u00a0&#8220;podr\u00eda suponer un importante\u00a0motor\u00a0econ\u00f3mico para el municipio en particular y para la comarca del Comtat en general. La idea es estudiar las distintas opciones que ofrece este complejo que, por su ubicaci\u00f3n, se encuentra en un entorno privilegiado&#8221;, ha asegurado el presidente de la Diputaci\u00f3n, C\u00e9sar S\u00e1nchez.<\/p>\n<p style=\"text-align: justify;\">Por su parte el alcalde de Alcoleja, Francisco Fenollar, ha recordado que el\u00a0Instituto de Vivienda del Ministerio se ha mostrado predispuesto a poder vender las instalaciones del acuartelamiento militar y se ha mostrado convencido que se puede elaborar un proyecto que pueda aportar beneficios a la zona &#8221;\u00a0la Diputaci\u00f3n est\u00e1 dispuesta a aportar fondos para la compra de la base y la posterior adecuaci\u00f3n porque est\u00e1 en un avanzado estado de deterioro, pero siempre que el proyecto sea viable. El primer paso ser\u00e1 elaborar el informe y hemos pensado en la UPV\u00a0para definir lo que resultar\u00eda m\u00e1s adecuado y lo que tendr\u00eda un mayor impacto positivo en el territorio&#8221;, concluye.<\/p>\n<p style=\"text-align: justify;\">Recordar que en las pr\u00f3ximas semanas tendr\u00e1 lugar una reuni\u00f3n en Alcoleja para concretar los pasos a seguir entre representantes del Ayuntamiento, la propia Diputaci\u00f3n de Alicante y la UPV.<\/p>\n<p>&nbsp;<\/p>\n","protected":false},"excerpt":{"rendered":"<p>La Diputaci\u00f3n Provincial de Alicante y el Ayuntamiento de Alcoleja mantuvieron ayer un encuentro en el que acordaron encargar un&#8230;<\/p>\n","protected":false},"author":1,"featured_media":18438,"comment_status":"open","ping_status":"open","sticky":false,"template":"","format":"standard","meta":{"footnotes":""},"categories":[98,75],"tags":[1332,1333,1759,237,947],"class_list":["post-18437","post","type-post","status-publish","format-standard","has-post-thumbnail","hentry","category-comarcas","category-noticias","tag-alcoleja","tag-base-aitana","tag-cesar-sanchez","tag-comtat","tag-diputacion-de-alicante"],"yoast_head":"<!-- This site is optimized with the Yoast SEO plugin v27.3 - https:\/\/yoast.com\/product\/yoast-seo-wordpress\/ -->\n<title>Alcoleja y la Diputaci\u00f3n buscan recuperar la Base de Aitana - COPE Alcoy<\/title>\n<meta name=\"robots\" content=\"index, follow, max-snippet:-1, max-image-preview:large, max-video-preview:-1\" \/>\n<link rel=\"canonical\" href=\"https:\/\/www.copealcoy.es\/es\/alcoleja-y-la-diputacion-buscan-recuperar-la-base-de-aitana\/\" \/>\n<meta property=\"og:locale\" content=\"es_ES\" \/>\n<meta property=\"og:type\" content=\"article\" \/>\n<meta property=\"og:title\" content=\"Alcoleja y la Diputaci\u00f3n buscan recuperar la Base de Aitana - COPE Alcoy\" \/>\n<meta property=\"og:description\" content=\"La Diputaci\u00f3n Provincial de Alicante y el Ayuntamiento de Alcoleja mantuvieron ayer un encuentro en el que acordaron encargar un...\" \/>\n<meta property=\"og:url\" content=\"https:\/\/www.copealcoy.es\/es\/alcoleja-y-la-diputacion-buscan-recuperar-la-base-de-aitana\/\" \/>\n<meta property=\"og:site_name\" content=\"COPE Alcoy\" \/>\n<meta property=\"article:published_time\" content=\"2016-01-26T16:45:34+00:00\" \/>\n<meta property=\"og:image\" content=\"https:\/\/www.copealcoy.es\/wp-content\/uploads\/2016\/01\/012516_visita_alcoleja_20160125042203.jpg\" \/>\n\t<meta property=\"og:image:width\" content=\"2126\" \/>\n\t<meta property=\"og:image:height\" content=\"1417\" \/>\n\t<meta property=\"og:image:type\" content=\"image\/jpeg\" \/>\n<meta name=\"author\" content=\"Cope Alcoy\" \/>\n<meta name=\"twitter:label1\" content=\"Escrito por\" \/>\n\t<meta name=\"twitter:data1\" content=\"Cope Alcoy\" \/>\n\t<meta name=\"twitter:label2\" content=\"Tiempo de lectura\" \/>\n\t<meta name=\"twitter:data2\" content=\"1 minuto\" \/>\n<script type=\"application\/ld+json\" class=\"yoast-schema-graph\">{\"@context\":\"https:\\\/\\\/schema.org\",\"@graph\":[{\"@type\":\"Article\",\"@id\":\"https:\\\/\\\/www.copealcoy.es\\\/es\\\/alcoleja-y-la-diputacion-buscan-recuperar-la-base-de-aitana\\\/#article\",\"isPartOf\":{\"@id\":\"https:\\\/\\\/www.copealcoy.es\\\/es\\\/alcoleja-y-la-diputacion-buscan-recuperar-la-base-de-aitana\\\/\"},\"author\":{\"name\":\"Cope Alcoy\",\"@id\":\"https:\\\/\\\/www.copealcoy.es\\\/es\\\/#\\\/schema\\\/person\\\/e777c87fa024e57d40170af9df39882c\"},\"headline\":\"Alcoleja y la Diputaci\u00f3n buscan recuperar la Base de Aitana\",\"datePublished\":\"2016-01-26T16:45:34+00:00\",\"mainEntityOfPage\":{\"@id\":\"https:\\\/\\\/www.copealcoy.es\\\/es\\\/alcoleja-y-la-diputacion-buscan-recuperar-la-base-de-aitana\\\/\"},\"wordCount\":303,\"commentCount\":0,\"image\":{\"@id\":\"https:\\\/\\\/www.copealcoy.es\\\/es\\\/alcoleja-y-la-diputacion-buscan-recuperar-la-base-de-aitana\\\/#primaryimage\"},\"thumbnailUrl\":\"https:\\\/\\\/www.copealcoy.es\\\/wp-content\\\/uploads\\\/2016\\\/01\\\/012516_visita_alcoleja_20160125042203.jpg\",\"keywords\":[\"Alcoleja\",\"Base Aitana\",\"C\u00e9sar S\u00e1nchez\",\"Comtat\",\"Diputaci\u00f3n de Alicante\"],\"articleSection\":[\"Comarcas\",\"Noticias\"],\"inLanguage\":\"es\"},{\"@type\":\"WebPage\",\"@id\":\"https:\\\/\\\/www.copealcoy.es\\\/es\\\/alcoleja-y-la-diputacion-buscan-recuperar-la-base-de-aitana\\\/\",\"url\":\"https:\\\/\\\/www.copealcoy.es\\\/es\\\/alcoleja-y-la-diputacion-buscan-recuperar-la-base-de-aitana\\\/\",\"name\":\"Alcoleja y la Diputaci\u00f3n buscan recuperar la Base de Aitana - COPE Alcoy\",\"isPartOf\":{\"@id\":\"https:\\\/\\\/www.copealcoy.es\\\/es\\\/#website\"},\"primaryImageOfPage\":{\"@id\":\"https:\\\/\\\/www.copealcoy.es\\\/es\\\/alcoleja-y-la-diputacion-buscan-recuperar-la-base-de-aitana\\\/#primaryimage\"},\"image\":{\"@id\":\"https:\\\/\\\/www.copealcoy.es\\\/es\\\/alcoleja-y-la-diputacion-buscan-recuperar-la-base-de-aitana\\\/#primaryimage\"},\"thumbnailUrl\":\"https:\\\/\\\/www.copealcoy.es\\\/wp-content\\\/uploads\\\/2016\\\/01\\\/012516_visita_alcoleja_20160125042203.jpg\",\"datePublished\":\"2016-01-26T16:45:34+00:00\",\"author\":{\"@id\":\"https:\\\/\\\/www.copealcoy.es\\\/es\\\/#\\\/schema\\\/person\\\/e777c87fa024e57d40170af9df39882c\"},\"breadcrumb\":{\"@id\":\"https:\\\/\\\/www.copealcoy.es\\\/es\\\/alcoleja-y-la-diputacion-buscan-recuperar-la-base-de-aitana\\\/#breadcrumb\"},\"inLanguage\":\"es\",\"potentialAction\":[{\"@type\":\"ReadAction\",\"target\":[\"https:\\\/\\\/www.copealcoy.es\\\/es\\\/alcoleja-y-la-diputacion-buscan-recuperar-la-base-de-aitana\\\/\"]}]},{\"@type\":\"ImageObject\",\"inLanguage\":\"es\",\"@id\":\"https:\\\/\\\/www.copealcoy.es\\\/es\\\/alcoleja-y-la-diputacion-buscan-recuperar-la-base-de-aitana\\\/#primaryimage\",\"url\":\"https:\\\/\\\/www.copealcoy.es\\\/wp-content\\\/uploads\\\/2016\\\/01\\\/012516_visita_alcoleja_20160125042203.jpg\",\"contentUrl\":\"https:\\\/\\\/www.copealcoy.es\\\/wp-content\\\/uploads\\\/2016\\\/01\\\/012516_visita_alcoleja_20160125042203.jpg\",\"width\":2126,\"height\":1417,\"caption\":\"Reuni\u00f3n entre el Presidente de la Diputaci\u00f3n, el alcalde de Alcoleja y el diputado provincial Antonio Franc\u00e9s\"},{\"@type\":\"BreadcrumbList\",\"@id\":\"https:\\\/\\\/www.copealcoy.es\\\/es\\\/alcoleja-y-la-diputacion-buscan-recuperar-la-base-de-aitana\\\/#breadcrumb\",\"itemListElement\":[{\"@type\":\"ListItem\",\"position\":1,\"name\":\"Portada\",\"item\":\"https:\\\/\\\/www.copealcoy.es\\\/es\\\/\"},{\"@type\":\"ListItem\",\"position\":2,\"name\":\"Alcoleja y la Diputaci\u00f3n buscan recuperar la Base de Aitana\"}]},{\"@type\":\"WebSite\",\"@id\":\"https:\\\/\\\/www.copealcoy.es\\\/es\\\/#website\",\"url\":\"https:\\\/\\\/www.copealcoy.es\\\/es\\\/\",\"name\":\"COPE Alcoy\",\"description\":\"Emisora COPE de radio local con emisi\u00f3n online. Pont de Sant Jordi 8-10 03803 Alcoy\",\"potentialAction\":[{\"@type\":\"SearchAction\",\"target\":{\"@type\":\"EntryPoint\",\"urlTemplate\":\"https:\\\/\\\/www.copealcoy.es\\\/es\\\/?s={search_term_string}\"},\"query-input\":{\"@type\":\"PropertyValueSpecification\",\"valueRequired\":true,\"valueName\":\"search_term_string\"}}],\"inLanguage\":\"es\"},{\"@type\":\"Person\",\"@id\":\"https:\\\/\\\/www.copealcoy.es\\\/es\\\/#\\\/schema\\\/person\\\/e777c87fa024e57d40170af9df39882c\",\"name\":\"Cope Alcoy\",\"image\":{\"@type\":\"ImageObject\",\"inLanguage\":\"es\",\"@id\":\"https:\\\/\\\/secure.gravatar.com\\\/avatar\\\/bb65d0283347e303893ba14f0692005417c1e0e690a325a4c5d8bb2b3943ee14?s=96&d=mm&r=g\",\"url\":\"https:\\\/\\\/secure.gravatar.com\\\/avatar\\\/bb65d0283347e303893ba14f0692005417c1e0e690a325a4c5d8bb2b3943ee14?s=96&d=mm&r=g\",\"contentUrl\":\"https:\\\/\\\/secure.gravatar.com\\\/avatar\\\/bb65d0283347e303893ba14f0692005417c1e0e690a325a4c5d8bb2b3943ee14?s=96&d=mm&r=g\",\"caption\":\"Cope Alcoy\"}}]}<\/script>\n<!-- \/ Yoast SEO plugin. -->","yoast_head_json":{"title":"Alcoleja y la Diputaci\u00f3n buscan recuperar la Base de Aitana - COPE Alcoy","robots":{"index":"index","follow":"follow","max-snippet":"max-snippet:-1","max-image-preview":"max-image-preview:large","max-video-preview":"max-video-preview:-1"},"canonical":"https:\/\/www.copealcoy.es\/es\/alcoleja-y-la-diputacion-buscan-recuperar-la-base-de-aitana\/","og_locale":"es_ES","og_type":"article","og_title":"Alcoleja y la Diputaci\u00f3n buscan recuperar la Base de Aitana - COPE Alcoy","og_description":"La Diputaci\u00f3n Provincial de Alicante y el Ayuntamiento de Alcoleja mantuvieron ayer un encuentro en el que acordaron encargar un...","og_url":"https:\/\/www.copealcoy.es\/es\/alcoleja-y-la-diputacion-buscan-recuperar-la-base-de-aitana\/","og_site_name":"COPE Alcoy","article_published_time":"2016-01-26T16:45:34+00:00","og_image":[{"width":2126,"height":1417,"url":"https:\/\/www.copealcoy.es\/wp-content\/uploads\/2016\/01\/012516_visita_alcoleja_20160125042203.jpg","type":"image\/jpeg"}],"author":"Cope Alcoy","twitter_misc":{"Escrito por":"Cope Alcoy","Tiempo de lectura":"1 minuto"},"schema":{"@context":"https:\/\/schema.org","@graph":[{"@type":"Article","@id":"https:\/\/www.copealcoy.es\/es\/alcoleja-y-la-diputacion-buscan-recuperar-la-base-de-aitana\/#article","isPartOf":{"@id":"https:\/\/www.copealcoy.es\/es\/alcoleja-y-la-diputacion-buscan-recuperar-la-base-de-aitana\/"},"author":{"name":"Cope Alcoy","@id":"https:\/\/www.copealcoy.es\/es\/#\/schema\/person\/e777c87fa024e57d40170af9df39882c"},"headline":"Alcoleja y la Diputaci\u00f3n buscan recuperar la Base de Aitana","datePublished":"2016-01-26T16:45:34+00:00","mainEntityOfPage":{"@id":"https:\/\/www.copealcoy.es\/es\/alcoleja-y-la-diputacion-buscan-recuperar-la-base-de-aitana\/"},"wordCount":303,"commentCount":0,"image":{"@id":"https:\/\/www.copealcoy.es\/es\/alcoleja-y-la-diputacion-buscan-recuperar-la-base-de-aitana\/#primaryimage"},"thumbnailUrl":"https:\/\/www.copealcoy.es\/wp-content\/uploads\/2016\/01\/012516_visita_alcoleja_20160125042203.jpg","keywords":["Alcoleja","Base Aitana","C\u00e9sar S\u00e1nchez","Comtat","Diputaci\u00f3n de Alicante"],"articleSection":["Comarcas","Noticias"],"inLanguage":"es"},{"@type":"WebPage","@id":"https:\/\/www.copealcoy.es\/es\/alcoleja-y-la-diputacion-buscan-recuperar-la-base-de-aitana\/","url":"https:\/\/www.copealcoy.es\/es\/alcoleja-y-la-diputacion-buscan-recuperar-la-base-de-aitana\/","name":"Alcoleja y la Diputaci\u00f3n buscan recuperar la Base de Aitana - COPE Alcoy","isPartOf":{"@id":"https:\/\/www.copealcoy.es\/es\/#website"},"primaryImageOfPage":{"@id":"https:\/\/www.copealcoy.es\/es\/alcoleja-y-la-diputacion-buscan-recuperar-la-base-de-aitana\/#primaryimage"},"image":{"@id":"https:\/\/www.copealcoy.es\/es\/alcoleja-y-la-diputacion-buscan-recuperar-la-base-de-aitana\/#primaryimage"},"thumbnailUrl":"https:\/\/www.copealcoy.es\/wp-content\/uploads\/2016\/01\/012516_visita_alcoleja_20160125042203.jpg","datePublished":"2016-01-26T16:45:34+00:00","author":{"@id":"https:\/\/www.copealcoy.es\/es\/#\/schema\/person\/e777c87fa024e57d40170af9df39882c"},"breadcrumb":{"@id":"https:\/\/www.copealcoy.es\/es\/alcoleja-y-la-diputacion-buscan-recuperar-la-base-de-aitana\/#breadcrumb"},"inLanguage":"es","potentialAction":[{"@type":"ReadAction","target":["https:\/\/www.copealcoy.es\/es\/alcoleja-y-la-diputacion-buscan-recuperar-la-base-de-aitana\/"]}]},{"@type":"ImageObject","inLanguage":"es","@id":"https:\/\/www.copealcoy.es\/es\/alcoleja-y-la-diputacion-buscan-recuperar-la-base-de-aitana\/#primaryimage","url":"https:\/\/www.copealcoy.es\/wp-content\/uploads\/2016\/01\/012516_visita_alcoleja_20160125042203.jpg","contentUrl":"https:\/\/www.copealcoy.es\/wp-content\/uploads\/2016\/01\/012516_visita_alcoleja_20160125042203.jpg","width":2126,"height":1417,"caption":"Reuni\u00f3n entre el Presidente de la Diputaci\u00f3n, el alcalde de Alcoleja y el diputado provincial Antonio Franc\u00e9s"},{"@type":"BreadcrumbList","@id":"https:\/\/www.copealcoy.es\/es\/alcoleja-y-la-diputacion-buscan-recuperar-la-base-de-aitana\/#breadcrumb","itemListElement":[{"@type":"ListItem","position":1,"name":"Portada","item":"https:\/\/www.copealcoy.es\/es\/"},{"@type":"ListItem","position":2,"name":"Alcoleja y la Diputaci\u00f3n buscan recuperar la Base de Aitana"}]},{"@type":"WebSite","@id":"https:\/\/www.copealcoy.es\/es\/#website","url":"https:\/\/www.copealcoy.es\/es\/","name":"COPE Alcoy","description":"Emisora COPE de radio local con emisi\u00f3n online. Pont de Sant Jordi 8-10 03803 Alcoy","potentialAction":[{"@type":"SearchAction","target":{"@type":"EntryPoint","urlTemplate":"https:\/\/www.copealcoy.es\/es\/?s={search_term_string}"},"query-input":{"@type":"PropertyValueSpecification","valueRequired":true,"valueName":"search_term_string"}}],"inLanguage":"es"},{"@type":"Person","@id":"https:\/\/www.copealcoy.es\/es\/#\/schema\/person\/e777c87fa024e57d40170af9df39882c","name":"Cope Alcoy","image":{"@type":"ImageObject","inLanguage":"es","@id":"https:\/\/secure.gravatar.com\/avatar\/bb65d0283347e303893ba14f0692005417c1e0e690a325a4c5d8bb2b3943ee14?s=96&d=mm&r=g","url":"https:\/\/secure.gravatar.com\/avatar\/bb65d0283347e303893ba14f0692005417c1e0e690a325a4c5d8bb2b3943ee14?s=96&d=mm&r=g","contentUrl":"https:\/\/secure.gravatar.com\/avatar\/bb65d0283347e303893ba14f0692005417c1e0e690a325a4c5d8bb2b3943ee14?s=96&d=mm&r=g","caption":"Cope Alcoy"}}]}},"_links":{"self":[{"href":"https:\/\/www.copealcoy.es\/es\/wp-json\/wp\/v2\/posts\/18437","targetHints":{"allow":["GET"]}}],"collection":[{"href":"https:\/\/www.copealcoy.es\/es\/wp-json\/wp\/v2\/posts"}],"about":[{"href":"https:\/\/www.copealcoy.es\/es\/wp-json\/wp\/v2\/types\/post"}],"author":[{"embeddable":true,"href":"https:\/\/www.copealcoy.es\/es\/wp-json\/wp\/v2\/users\/1"}],"replies":[{"embeddable":true,"href":"https:\/\/www.copealcoy.es\/es\/wp-json\/wp\/v2\/comments?post=18437"}],"version-history":[{"count":0,"href":"https:\/\/www.copealcoy.es\/es\/wp-json\/wp\/v2\/posts\/18437\/revisions"}],"wp:featuredmedia":[{"embeddable":true,"href":"https:\/\/www.copealcoy.es\/es\/wp-json\/wp\/v2\/media\/18438"}],"wp:attachment":[{"href":"https:\/\/www.copealcoy.es\/es\/wp-json\/wp\/v2\/media?parent=18437"}],"wp:term":[{"taxonomy":"category","embeddable":true,"href":"https:\/\/www.copealcoy.es\/es\/wp-json\/wp\/v2\/categories?post=18437"},{"taxonomy":"post_tag","embeddable":true,"href":"https:\/\/www.copealcoy.es\/es\/wp-json\/wp\/v2\/tags?post=18437"}],"curies":[{"name":"wp","href":"https:\/\/api.w.org\/{rel}","templated":true}]}}