{"id":18298,"date":"2016-01-19T16:54:05","date_gmt":"2016-01-19T16:54:05","guid":{"rendered":"http:\/\/copealcoi.es\/new\/?p=18298"},"modified":"2016-01-19T16:54:05","modified_gmt":"2016-01-19T16:54:05","slug":"la-cabalgata-de-alcoy-recibio-el-premio-archival","status":"publish","type":"post","link":"https:\/\/www.copealcoy.es\/es\/la-cabalgata-de-alcoy-recibio-el-premio-archival\/","title":{"rendered":"La Cabalgata de Alcoy recibi\u00f3 el premio \u00abArchival\u00bb"},"content":{"rendered":"<p style=\"text-align: justify;\">La Cabalgata de los Reyes Magos de Alcoy recibi\u00f3 hace unos d\u00edas uno de los premios anuales que entrega la Asociaci\u00f3n Archival en reconocimiento a\u00a0\u00a0a su labor de revitalizaci\u00f3n del centro hist\u00f3rico de la ciudad. La entrega del galard\u00f3n tuvo lugar en el transcurso de\u00a0un acto celebrado en el Centre Cultrual de la Benefici\u00e8ncia de la Diputaci\u00f3n Provincial de Val\u00e8ncia, seg\u00fan informaron\u00a0desde el Ayuntamiento de Alcoy. El alcalde, Antonio Franc\u00e9s, agradeci\u00f3 en nombre de la ciudad la recepci\u00f3n del premio &#8220;esta asociaci\u00f3n premia mayoritariamente a entidades de Valencia y que reconozcan el valor de nuestra cabalgata como la m\u00e1s antigua del mundo demuestra que estamos haciendo las cosas bien, con la promoci\u00f3n de nuestra Navidad, y este galard\u00f3n ser\u00e1 un motivo m\u00e1s para reivindicarla como Patrimonio Inmaterial de la Humanidad de la Unesco&#8221;, manifest\u00f3 en su intervenci\u00f3n.<\/p>\n","protected":false},"excerpt":{"rendered":"<p>La Cabalgata de los Reyes Magos de Alcoy recibi\u00f3 hace unos d\u00edas uno de los premios anuales que entrega la&#8230;<\/p>\n","protected":false},"author":1,"featured_media":18299,"comment_status":"open","ping_status":"open","sticky":false,"template":"","format":"standard","meta":{"footnotes":""},"categories":[78,75],"tags":[1494,1746,368,447],"class_list":["post-18298","post","type-post","status-publish","format-standard","has-post-thumbnail","hentry","category-fiestaycultura","category-noticias","tag-alcoy","tag-archival","tag-cabalgata","tag-tradiciones"],"yoast_head":"<!-- This site is optimized with the Yoast SEO plugin v27.3 - https:\/\/yoast.com\/product\/yoast-seo-wordpress\/ -->\n<title>La Cabalgata de Alcoy recibi\u00f3 el premio \u00abArchival\u00bb - COPE Alcoy<\/title>\n<meta name=\"robots\" content=\"index, follow, max-snippet:-1, max-image-preview:large, max-video-preview:-1\" \/>\n<link rel=\"canonical\" href=\"https:\/\/www.copealcoy.es\/es\/la-cabalgata-de-alcoy-recibio-el-premio-archival\/\" \/>\n<meta property=\"og:locale\" content=\"es_ES\" \/>\n<meta property=\"og:type\" content=\"article\" \/>\n<meta property=\"og:title\" content=\"La Cabalgata de Alcoy recibi\u00f3 el premio \u00abArchival\u00bb - COPE Alcoy\" \/>\n<meta property=\"og:description\" content=\"La Cabalgata de los Reyes Magos de Alcoy recibi\u00f3 hace unos d\u00edas uno de los premios anuales que entrega la...\" \/>\n<meta property=\"og:url\" content=\"https:\/\/www.copealcoy.es\/es\/la-cabalgata-de-alcoy-recibio-el-premio-archival\/\" \/>\n<meta property=\"og:site_name\" content=\"COPE Alcoy\" \/>\n<meta property=\"article:published_time\" content=\"2016-01-19T16:54:05+00:00\" \/>\n<meta property=\"og:image\" content=\"https:\/\/www.copealcoy.es\/wp-content\/uploads\/2016\/01\/12417975_10208779998565432_5597611075871456871_n.jpg\" \/>\n\t<meta property=\"og:image:width\" content=\"960\" \/>\n\t<meta property=\"og:image:height\" content=\"640\" \/>\n\t<meta property=\"og:image:type\" content=\"image\/jpeg\" \/>\n<meta name=\"author\" content=\"Cope Alcoy\" \/>\n<meta name=\"twitter:label1\" content=\"Escrito por\" \/>\n\t<meta name=\"twitter:data1\" content=\"Cope Alcoy\" \/>\n\t<meta name=\"twitter:label2\" content=\"Tiempo de lectura\" \/>\n\t<meta name=\"twitter:data2\" content=\"1 minuto\" \/>\n<script type=\"application\/ld+json\" class=\"yoast-schema-graph\">{\"@context\":\"https:\\\/\\\/schema.org\",\"@graph\":[{\"@type\":\"Article\",\"@id\":\"https:\\\/\\\/www.copealcoy.es\\\/es\\\/la-cabalgata-de-alcoy-recibio-el-premio-archival\\\/#article\",\"isPartOf\":{\"@id\":\"https:\\\/\\\/www.copealcoy.es\\\/es\\\/la-cabalgata-de-alcoy-recibio-el-premio-archival\\\/\"},\"author\":{\"name\":\"Cope Alcoy\",\"@id\":\"https:\\\/\\\/www.copealcoy.es\\\/es\\\/#\\\/schema\\\/person\\\/e777c87fa024e57d40170af9df39882c\"},\"headline\":\"La Cabalgata de Alcoy recibi\u00f3 el premio \u00abArchival\u00bb\",\"datePublished\":\"2016-01-19T16:54:05+00:00\",\"mainEntityOfPage\":{\"@id\":\"https:\\\/\\\/www.copealcoy.es\\\/es\\\/la-cabalgata-de-alcoy-recibio-el-premio-archival\\\/\"},\"wordCount\":165,\"commentCount\":0,\"image\":{\"@id\":\"https:\\\/\\\/www.copealcoy.es\\\/es\\\/la-cabalgata-de-alcoy-recibio-el-premio-archival\\\/#primaryimage\"},\"thumbnailUrl\":\"https:\\\/\\\/www.copealcoy.es\\\/wp-content\\\/uploads\\\/2016\\\/01\\\/12417975_10208779998565432_5597611075871456871_n.jpg\",\"keywords\":[\"Alcoy\",\"Archival\",\"Cabalgata\",\"Tradiciones\"],\"articleSection\":[\"Fiesta y Cultura\",\"Noticias\"],\"inLanguage\":\"es\"},{\"@type\":\"WebPage\",\"@id\":\"https:\\\/\\\/www.copealcoy.es\\\/es\\\/la-cabalgata-de-alcoy-recibio-el-premio-archival\\\/\",\"url\":\"https:\\\/\\\/www.copealcoy.es\\\/es\\\/la-cabalgata-de-alcoy-recibio-el-premio-archival\\\/\",\"name\":\"La Cabalgata de Alcoy recibi\u00f3 el premio \u00abArchival\u00bb - COPE Alcoy\",\"isPartOf\":{\"@id\":\"https:\\\/\\\/www.copealcoy.es\\\/es\\\/#website\"},\"primaryImageOfPage\":{\"@id\":\"https:\\\/\\\/www.copealcoy.es\\\/es\\\/la-cabalgata-de-alcoy-recibio-el-premio-archival\\\/#primaryimage\"},\"image\":{\"@id\":\"https:\\\/\\\/www.copealcoy.es\\\/es\\\/la-cabalgata-de-alcoy-recibio-el-premio-archival\\\/#primaryimage\"},\"thumbnailUrl\":\"https:\\\/\\\/www.copealcoy.es\\\/wp-content\\\/uploads\\\/2016\\\/01\\\/12417975_10208779998565432_5597611075871456871_n.jpg\",\"datePublished\":\"2016-01-19T16:54:05+00:00\",\"author\":{\"@id\":\"https:\\\/\\\/www.copealcoy.es\\\/es\\\/#\\\/schema\\\/person\\\/e777c87fa024e57d40170af9df39882c\"},\"breadcrumb\":{\"@id\":\"https:\\\/\\\/www.copealcoy.es\\\/es\\\/la-cabalgata-de-alcoy-recibio-el-premio-archival\\\/#breadcrumb\"},\"inLanguage\":\"es\",\"potentialAction\":[{\"@type\":\"ReadAction\",\"target\":[\"https:\\\/\\\/www.copealcoy.es\\\/es\\\/la-cabalgata-de-alcoy-recibio-el-premio-archival\\\/\"]}]},{\"@type\":\"ImageObject\",\"inLanguage\":\"es\",\"@id\":\"https:\\\/\\\/www.copealcoy.es\\\/es\\\/la-cabalgata-de-alcoy-recibio-el-premio-archival\\\/#primaryimage\",\"url\":\"https:\\\/\\\/www.copealcoy.es\\\/wp-content\\\/uploads\\\/2016\\\/01\\\/12417975_10208779998565432_5597611075871456871_n.jpg\",\"contentUrl\":\"https:\\\/\\\/www.copealcoy.es\\\/wp-content\\\/uploads\\\/2016\\\/01\\\/12417975_10208779998565432_5597611075871456871_n.jpg\",\"width\":960,\"height\":640,\"caption\":\"El alcalde en el transcurso del acto donde la Cabalgata recibi\u00f3 el galard\u00f3n\"},{\"@type\":\"BreadcrumbList\",\"@id\":\"https:\\\/\\\/www.copealcoy.es\\\/es\\\/la-cabalgata-de-alcoy-recibio-el-premio-archival\\\/#breadcrumb\",\"itemListElement\":[{\"@type\":\"ListItem\",\"position\":1,\"name\":\"Portada\",\"item\":\"https:\\\/\\\/www.copealcoy.es\\\/es\\\/\"},{\"@type\":\"ListItem\",\"position\":2,\"name\":\"La Cabalgata de Alcoy recibi\u00f3 el premio \u00abArchival\u00bb\"}]},{\"@type\":\"WebSite\",\"@id\":\"https:\\\/\\\/www.copealcoy.es\\\/es\\\/#website\",\"url\":\"https:\\\/\\\/www.copealcoy.es\\\/es\\\/\",\"name\":\"COPE Alcoy\",\"description\":\"Emisora COPE de radio local con emisi\u00f3n online. Pont de Sant Jordi 8-10 03803 Alcoy\",\"potentialAction\":[{\"@type\":\"SearchAction\",\"target\":{\"@type\":\"EntryPoint\",\"urlTemplate\":\"https:\\\/\\\/www.copealcoy.es\\\/es\\\/?s={search_term_string}\"},\"query-input\":{\"@type\":\"PropertyValueSpecification\",\"valueRequired\":true,\"valueName\":\"search_term_string\"}}],\"inLanguage\":\"es\"},{\"@type\":\"Person\",\"@id\":\"https:\\\/\\\/www.copealcoy.es\\\/es\\\/#\\\/schema\\\/person\\\/e777c87fa024e57d40170af9df39882c\",\"name\":\"Cope Alcoy\",\"image\":{\"@type\":\"ImageObject\",\"inLanguage\":\"es\",\"@id\":\"https:\\\/\\\/secure.gravatar.com\\\/avatar\\\/bb65d0283347e303893ba14f0692005417c1e0e690a325a4c5d8bb2b3943ee14?s=96&d=mm&r=g\",\"url\":\"https:\\\/\\\/secure.gravatar.com\\\/avatar\\\/bb65d0283347e303893ba14f0692005417c1e0e690a325a4c5d8bb2b3943ee14?s=96&d=mm&r=g\",\"contentUrl\":\"https:\\\/\\\/secure.gravatar.com\\\/avatar\\\/bb65d0283347e303893ba14f0692005417c1e0e690a325a4c5d8bb2b3943ee14?s=96&d=mm&r=g\",\"caption\":\"Cope Alcoy\"}}]}<\/script>\n<!-- \/ Yoast SEO plugin. -->","yoast_head_json":{"title":"La Cabalgata de Alcoy recibi\u00f3 el premio \u00abArchival\u00bb - COPE Alcoy","robots":{"index":"index","follow":"follow","max-snippet":"max-snippet:-1","max-image-preview":"max-image-preview:large","max-video-preview":"max-video-preview:-1"},"canonical":"https:\/\/www.copealcoy.es\/es\/la-cabalgata-de-alcoy-recibio-el-premio-archival\/","og_locale":"es_ES","og_type":"article","og_title":"La Cabalgata de Alcoy recibi\u00f3 el premio \u00abArchival\u00bb - COPE Alcoy","og_description":"La Cabalgata de los Reyes Magos de Alcoy recibi\u00f3 hace unos d\u00edas uno de los premios anuales que entrega la...","og_url":"https:\/\/www.copealcoy.es\/es\/la-cabalgata-de-alcoy-recibio-el-premio-archival\/","og_site_name":"COPE Alcoy","article_published_time":"2016-01-19T16:54:05+00:00","og_image":[{"width":960,"height":640,"url":"https:\/\/www.copealcoy.es\/wp-content\/uploads\/2016\/01\/12417975_10208779998565432_5597611075871456871_n.jpg","type":"image\/jpeg"}],"author":"Cope Alcoy","twitter_misc":{"Escrito por":"Cope Alcoy","Tiempo de lectura":"1 minuto"},"schema":{"@context":"https:\/\/schema.org","@graph":[{"@type":"Article","@id":"https:\/\/www.copealcoy.es\/es\/la-cabalgata-de-alcoy-recibio-el-premio-archival\/#article","isPartOf":{"@id":"https:\/\/www.copealcoy.es\/es\/la-cabalgata-de-alcoy-recibio-el-premio-archival\/"},"author":{"name":"Cope Alcoy","@id":"https:\/\/www.copealcoy.es\/es\/#\/schema\/person\/e777c87fa024e57d40170af9df39882c"},"headline":"La Cabalgata de Alcoy recibi\u00f3 el premio \u00abArchival\u00bb","datePublished":"2016-01-19T16:54:05+00:00","mainEntityOfPage":{"@id":"https:\/\/www.copealcoy.es\/es\/la-cabalgata-de-alcoy-recibio-el-premio-archival\/"},"wordCount":165,"commentCount":0,"image":{"@id":"https:\/\/www.copealcoy.es\/es\/la-cabalgata-de-alcoy-recibio-el-premio-archival\/#primaryimage"},"thumbnailUrl":"https:\/\/www.copealcoy.es\/wp-content\/uploads\/2016\/01\/12417975_10208779998565432_5597611075871456871_n.jpg","keywords":["Alcoy","Archival","Cabalgata","Tradiciones"],"articleSection":["Fiesta y Cultura","Noticias"],"inLanguage":"es"},{"@type":"WebPage","@id":"https:\/\/www.copealcoy.es\/es\/la-cabalgata-de-alcoy-recibio-el-premio-archival\/","url":"https:\/\/www.copealcoy.es\/es\/la-cabalgata-de-alcoy-recibio-el-premio-archival\/","name":"La Cabalgata de Alcoy recibi\u00f3 el premio \u00abArchival\u00bb - COPE Alcoy","isPartOf":{"@id":"https:\/\/www.copealcoy.es\/es\/#website"},"primaryImageOfPage":{"@id":"https:\/\/www.copealcoy.es\/es\/la-cabalgata-de-alcoy-recibio-el-premio-archival\/#primaryimage"},"image":{"@id":"https:\/\/www.copealcoy.es\/es\/la-cabalgata-de-alcoy-recibio-el-premio-archival\/#primaryimage"},"thumbnailUrl":"https:\/\/www.copealcoy.es\/wp-content\/uploads\/2016\/01\/12417975_10208779998565432_5597611075871456871_n.jpg","datePublished":"2016-01-19T16:54:05+00:00","author":{"@id":"https:\/\/www.copealcoy.es\/es\/#\/schema\/person\/e777c87fa024e57d40170af9df39882c"},"breadcrumb":{"@id":"https:\/\/www.copealcoy.es\/es\/la-cabalgata-de-alcoy-recibio-el-premio-archival\/#breadcrumb"},"inLanguage":"es","potentialAction":[{"@type":"ReadAction","target":["https:\/\/www.copealcoy.es\/es\/la-cabalgata-de-alcoy-recibio-el-premio-archival\/"]}]},{"@type":"ImageObject","inLanguage":"es","@id":"https:\/\/www.copealcoy.es\/es\/la-cabalgata-de-alcoy-recibio-el-premio-archival\/#primaryimage","url":"https:\/\/www.copealcoy.es\/wp-content\/uploads\/2016\/01\/12417975_10208779998565432_5597611075871456871_n.jpg","contentUrl":"https:\/\/www.copealcoy.es\/wp-content\/uploads\/2016\/01\/12417975_10208779998565432_5597611075871456871_n.jpg","width":960,"height":640,"caption":"El alcalde en el transcurso del acto donde la Cabalgata recibi\u00f3 el galard\u00f3n"},{"@type":"BreadcrumbList","@id":"https:\/\/www.copealcoy.es\/es\/la-cabalgata-de-alcoy-recibio-el-premio-archival\/#breadcrumb","itemListElement":[{"@type":"ListItem","position":1,"name":"Portada","item":"https:\/\/www.copealcoy.es\/es\/"},{"@type":"ListItem","position":2,"name":"La Cabalgata de Alcoy recibi\u00f3 el premio \u00abArchival\u00bb"}]},{"@type":"WebSite","@id":"https:\/\/www.copealcoy.es\/es\/#website","url":"https:\/\/www.copealcoy.es\/es\/","name":"COPE Alcoy","description":"Emisora COPE de radio local con emisi\u00f3n online. Pont de Sant Jordi 8-10 03803 Alcoy","potentialAction":[{"@type":"SearchAction","target":{"@type":"EntryPoint","urlTemplate":"https:\/\/www.copealcoy.es\/es\/?s={search_term_string}"},"query-input":{"@type":"PropertyValueSpecification","valueRequired":true,"valueName":"search_term_string"}}],"inLanguage":"es"},{"@type":"Person","@id":"https:\/\/www.copealcoy.es\/es\/#\/schema\/person\/e777c87fa024e57d40170af9df39882c","name":"Cope Alcoy","image":{"@type":"ImageObject","inLanguage":"es","@id":"https:\/\/secure.gravatar.com\/avatar\/bb65d0283347e303893ba14f0692005417c1e0e690a325a4c5d8bb2b3943ee14?s=96&d=mm&r=g","url":"https:\/\/secure.gravatar.com\/avatar\/bb65d0283347e303893ba14f0692005417c1e0e690a325a4c5d8bb2b3943ee14?s=96&d=mm&r=g","contentUrl":"https:\/\/secure.gravatar.com\/avatar\/bb65d0283347e303893ba14f0692005417c1e0e690a325a4c5d8bb2b3943ee14?s=96&d=mm&r=g","caption":"Cope Alcoy"}}]}},"_links":{"self":[{"href":"https:\/\/www.copealcoy.es\/es\/wp-json\/wp\/v2\/posts\/18298","targetHints":{"allow":["GET"]}}],"collection":[{"href":"https:\/\/www.copealcoy.es\/es\/wp-json\/wp\/v2\/posts"}],"about":[{"href":"https:\/\/www.copealcoy.es\/es\/wp-json\/wp\/v2\/types\/post"}],"author":[{"embeddable":true,"href":"https:\/\/www.copealcoy.es\/es\/wp-json\/wp\/v2\/users\/1"}],"replies":[{"embeddable":true,"href":"https:\/\/www.copealcoy.es\/es\/wp-json\/wp\/v2\/comments?post=18298"}],"version-history":[{"count":0,"href":"https:\/\/www.copealcoy.es\/es\/wp-json\/wp\/v2\/posts\/18298\/revisions"}],"wp:featuredmedia":[{"embeddable":true,"href":"https:\/\/www.copealcoy.es\/es\/wp-json\/wp\/v2\/media\/18299"}],"wp:attachment":[{"href":"https:\/\/www.copealcoy.es\/es\/wp-json\/wp\/v2\/media?parent=18298"}],"wp:term":[{"taxonomy":"category","embeddable":true,"href":"https:\/\/www.copealcoy.es\/es\/wp-json\/wp\/v2\/categories?post=18298"},{"taxonomy":"post_tag","embeddable":true,"href":"https:\/\/www.copealcoy.es\/es\/wp-json\/wp\/v2\/tags?post=18298"}],"curies":[{"name":"wp","href":"https:\/\/api.w.org\/{rel}","templated":true}]}}