{"id":18219,"date":"2016-01-15T18:15:23","date_gmt":"2016-01-15T18:15:23","guid":{"rendered":"http:\/\/copealcoi.es\/new\/?p=18219"},"modified":"2016-01-15T18:16:39","modified_gmt":"2016-01-15T18:16:39","slug":"el-plan-de-participacion-del-pont-de-sant-jordi-concluye-su-primera-fase","status":"publish","type":"post","link":"https:\/\/www.copealcoy.es\/es\/el-plan-de-participacion-del-pont-de-sant-jordi-concluye-su-primera-fase\/","title":{"rendered":"El Plan de Participaci\u00f3n del Pont de Sant Jordi iniciar\u00e1 su segunda fase"},"content":{"rendered":"<p style=\"text-align: justify;\">El Gobierno Municipal de Alcoy tiene intenci\u00f3n de presentar durante la pr\u00f3xima semana el anteproyecto para reordenar el tr\u00e1fico del Pont de Sant Jordi a los partidos pol\u00edticos de la oposici\u00f3n y \u00a0tambi\u00e9n a los agentes implicados con el fin de poner en marcha la segunda fase del\u00a0Plan de Participaci\u00f3n que definir\u00e1 finalmente las actuaciones a llevar a cabo. As\u00ed lo explicaba ayer jueves en el Tiempo del An\u00e1lisis de La Ma\u00f1ana de Cope Alcoy el edil de Movilidad, Jordi Mart\u00ednez, que apuntaba que el Ayuntamiento ya recogido en los \u00faltimos meses las propuestas de vecinos, comerciantes y formaciones pol\u00edticas. Entre las medidas que se han puesto sobre la mesa\u00a0Mart\u00ednez apunt\u00f3 que se ha planteado la mejora de la se\u00f1alizaci\u00f3n, la ampliaci\u00f3n de aceras, la supresi\u00f3n de los actuales petriles as\u00ed como habilitar dos carriles para los veh\u00edculos uno de entrada y otro de salida al Centro &#8220;hay muchas ideas que se tienen que ver desde el punto de vista t\u00e9cnico para analizar\u00a0si son viables o no&#8221;, indic\u00f3.<\/p>\n<p style=\"text-align: justify;\">Finalmente el concejal explic\u00f3 que una vez se muestre el documento se debatir\u00e1 la propuesta final con el objetivo de comenzar los trabajos de cara al verano &#8220;la mejor opci\u00f3n para llevar a cabo la intervenci\u00f3n ser\u00e1 ejecutarla en los meses de verano para provocar las menos molestias posibles a vecinos y sobre todo comerciantes que en su momento nos pidieron que esta no interfiriera en las campa\u00f1as de Navidad o Fiestas de Moros y Cristianos&#8221;, concluye.<\/p>\n<p style=\"text-align: justify;\">\n","protected":false},"excerpt":{"rendered":"<p>El Gobierno Municipal de Alcoy tiene intenci\u00f3n de presentar durante la pr\u00f3xima semana el anteproyecto para reordenar el tr\u00e1fico del&#8230;<\/p>\n","protected":false},"author":1,"featured_media":8828,"comment_status":"open","ping_status":"open","sticky":false,"template":"","format":"standard","meta":{"footnotes":""},"categories":[97,75,125],"tags":[1494,467,145,259,401],"class_list":["post-18219","post","type-post","status-publish","format-standard","has-post-thumbnail","hentry","category-alcoy","category-noticias","category-portada","tag-alcoy","tag-comercio","tag-obras","tag-pont-de-sant-jordi","tag-trafico"],"yoast_head":"<!-- This site is optimized with the Yoast SEO plugin v27.3 - https:\/\/yoast.com\/product\/yoast-seo-wordpress\/ -->\n<title>El Plan de Participaci\u00f3n del Pont de Sant Jordi iniciar\u00e1 su segunda fase - COPE Alcoy<\/title>\n<meta name=\"robots\" content=\"index, follow, max-snippet:-1, max-image-preview:large, max-video-preview:-1\" \/>\n<link rel=\"canonical\" href=\"https:\/\/www.copealcoy.es\/es\/el-plan-de-participacion-del-pont-de-sant-jordi-concluye-su-primera-fase\/\" \/>\n<meta property=\"og:locale\" content=\"es_ES\" \/>\n<meta property=\"og:type\" content=\"article\" \/>\n<meta property=\"og:title\" content=\"El Plan de Participaci\u00f3n del Pont de Sant Jordi iniciar\u00e1 su segunda fase - COPE Alcoy\" \/>\n<meta property=\"og:description\" content=\"El Gobierno Municipal de Alcoy tiene intenci\u00f3n de presentar durante la pr\u00f3xima semana el anteproyecto para reordenar el tr\u00e1fico del...\" \/>\n<meta property=\"og:url\" content=\"https:\/\/www.copealcoy.es\/es\/el-plan-de-participacion-del-pont-de-sant-jordi-concluye-su-primera-fase\/\" \/>\n<meta property=\"og:site_name\" content=\"COPE Alcoy\" \/>\n<meta property=\"article:published_time\" content=\"2016-01-15T18:15:23+00:00\" \/>\n<meta property=\"article:modified_time\" content=\"2016-01-15T18:16:39+00:00\" \/>\n<meta property=\"og:image\" content=\"https:\/\/www.copealcoy.es\/wp-content\/uploads\/2014\/11\/image76.jpg\" \/>\n\t<meta property=\"og:image:width\" content=\"2592\" \/>\n\t<meta property=\"og:image:height\" content=\"1944\" \/>\n\t<meta property=\"og:image:type\" content=\"image\/jpeg\" \/>\n<meta name=\"author\" content=\"Cope Alcoy\" \/>\n<meta name=\"twitter:label1\" content=\"Escrito por\" \/>\n\t<meta name=\"twitter:data1\" content=\"Cope Alcoy\" \/>\n\t<meta name=\"twitter:label2\" content=\"Tiempo de lectura\" \/>\n\t<meta name=\"twitter:data2\" content=\"1 minuto\" \/>\n<script type=\"application\/ld+json\" class=\"yoast-schema-graph\">{\"@context\":\"https:\\\/\\\/schema.org\",\"@graph\":[{\"@type\":\"Article\",\"@id\":\"https:\\\/\\\/www.copealcoy.es\\\/es\\\/el-plan-de-participacion-del-pont-de-sant-jordi-concluye-su-primera-fase\\\/#article\",\"isPartOf\":{\"@id\":\"https:\\\/\\\/www.copealcoy.es\\\/es\\\/el-plan-de-participacion-del-pont-de-sant-jordi-concluye-su-primera-fase\\\/\"},\"author\":{\"name\":\"Cope Alcoy\",\"@id\":\"https:\\\/\\\/www.copealcoy.es\\\/es\\\/#\\\/schema\\\/person\\\/e777c87fa024e57d40170af9df39882c\"},\"headline\":\"El Plan de Participaci\u00f3n del Pont de Sant Jordi iniciar\u00e1 su segunda fase\",\"datePublished\":\"2016-01-15T18:15:23+00:00\",\"dateModified\":\"2016-01-15T18:16:39+00:00\",\"mainEntityOfPage\":{\"@id\":\"https:\\\/\\\/www.copealcoy.es\\\/es\\\/el-plan-de-participacion-del-pont-de-sant-jordi-concluye-su-primera-fase\\\/\"},\"wordCount\":283,\"commentCount\":0,\"image\":{\"@id\":\"https:\\\/\\\/www.copealcoy.es\\\/es\\\/el-plan-de-participacion-del-pont-de-sant-jordi-concluye-su-primera-fase\\\/#primaryimage\"},\"thumbnailUrl\":\"https:\\\/\\\/www.copealcoy.es\\\/wp-content\\\/uploads\\\/2014\\\/11\\\/image76.jpg\",\"keywords\":[\"Alcoy\",\"Comercio\",\"Obras\",\"Pont de Sant Jordi\",\"Tr\u00e1fico\"],\"articleSection\":[\"Alcoy\",\"Noticias\",\"Portada\"],\"inLanguage\":\"es\"},{\"@type\":\"WebPage\",\"@id\":\"https:\\\/\\\/www.copealcoy.es\\\/es\\\/el-plan-de-participacion-del-pont-de-sant-jordi-concluye-su-primera-fase\\\/\",\"url\":\"https:\\\/\\\/www.copealcoy.es\\\/es\\\/el-plan-de-participacion-del-pont-de-sant-jordi-concluye-su-primera-fase\\\/\",\"name\":\"El Plan de Participaci\u00f3n del Pont de Sant Jordi iniciar\u00e1 su segunda fase - COPE Alcoy\",\"isPartOf\":{\"@id\":\"https:\\\/\\\/www.copealcoy.es\\\/es\\\/#website\"},\"primaryImageOfPage\":{\"@id\":\"https:\\\/\\\/www.copealcoy.es\\\/es\\\/el-plan-de-participacion-del-pont-de-sant-jordi-concluye-su-primera-fase\\\/#primaryimage\"},\"image\":{\"@id\":\"https:\\\/\\\/www.copealcoy.es\\\/es\\\/el-plan-de-participacion-del-pont-de-sant-jordi-concluye-su-primera-fase\\\/#primaryimage\"},\"thumbnailUrl\":\"https:\\\/\\\/www.copealcoy.es\\\/wp-content\\\/uploads\\\/2014\\\/11\\\/image76.jpg\",\"datePublished\":\"2016-01-15T18:15:23+00:00\",\"dateModified\":\"2016-01-15T18:16:39+00:00\",\"author\":{\"@id\":\"https:\\\/\\\/www.copealcoy.es\\\/es\\\/#\\\/schema\\\/person\\\/e777c87fa024e57d40170af9df39882c\"},\"breadcrumb\":{\"@id\":\"https:\\\/\\\/www.copealcoy.es\\\/es\\\/el-plan-de-participacion-del-pont-de-sant-jordi-concluye-su-primera-fase\\\/#breadcrumb\"},\"inLanguage\":\"es\",\"potentialAction\":[{\"@type\":\"ReadAction\",\"target\":[\"https:\\\/\\\/www.copealcoy.es\\\/es\\\/el-plan-de-participacion-del-pont-de-sant-jordi-concluye-su-primera-fase\\\/\"]}]},{\"@type\":\"ImageObject\",\"inLanguage\":\"es\",\"@id\":\"https:\\\/\\\/www.copealcoy.es\\\/es\\\/el-plan-de-participacion-del-pont-de-sant-jordi-concluye-su-primera-fase\\\/#primaryimage\",\"url\":\"https:\\\/\\\/www.copealcoy.es\\\/wp-content\\\/uploads\\\/2014\\\/11\\\/image76.jpg\",\"contentUrl\":\"https:\\\/\\\/www.copealcoy.es\\\/wp-content\\\/uploads\\\/2014\\\/11\\\/image76.jpg\",\"width\":1440,\"height\":1080},{\"@type\":\"BreadcrumbList\",\"@id\":\"https:\\\/\\\/www.copealcoy.es\\\/es\\\/el-plan-de-participacion-del-pont-de-sant-jordi-concluye-su-primera-fase\\\/#breadcrumb\",\"itemListElement\":[{\"@type\":\"ListItem\",\"position\":1,\"name\":\"Portada\",\"item\":\"https:\\\/\\\/www.copealcoy.es\\\/es\\\/\"},{\"@type\":\"ListItem\",\"position\":2,\"name\":\"El Plan de Participaci\u00f3n del Pont de Sant Jordi iniciar\u00e1 su segunda fase\"}]},{\"@type\":\"WebSite\",\"@id\":\"https:\\\/\\\/www.copealcoy.es\\\/es\\\/#website\",\"url\":\"https:\\\/\\\/www.copealcoy.es\\\/es\\\/\",\"name\":\"COPE Alcoy\",\"description\":\"Emisora COPE de radio local con emisi\u00f3n online. Pont de Sant Jordi 8-10 03803 Alcoy\",\"potentialAction\":[{\"@type\":\"SearchAction\",\"target\":{\"@type\":\"EntryPoint\",\"urlTemplate\":\"https:\\\/\\\/www.copealcoy.es\\\/es\\\/?s={search_term_string}\"},\"query-input\":{\"@type\":\"PropertyValueSpecification\",\"valueRequired\":true,\"valueName\":\"search_term_string\"}}],\"inLanguage\":\"es\"},{\"@type\":\"Person\",\"@id\":\"https:\\\/\\\/www.copealcoy.es\\\/es\\\/#\\\/schema\\\/person\\\/e777c87fa024e57d40170af9df39882c\",\"name\":\"Cope Alcoy\",\"image\":{\"@type\":\"ImageObject\",\"inLanguage\":\"es\",\"@id\":\"https:\\\/\\\/secure.gravatar.com\\\/avatar\\\/bb65d0283347e303893ba14f0692005417c1e0e690a325a4c5d8bb2b3943ee14?s=96&d=mm&r=g\",\"url\":\"https:\\\/\\\/secure.gravatar.com\\\/avatar\\\/bb65d0283347e303893ba14f0692005417c1e0e690a325a4c5d8bb2b3943ee14?s=96&d=mm&r=g\",\"contentUrl\":\"https:\\\/\\\/secure.gravatar.com\\\/avatar\\\/bb65d0283347e303893ba14f0692005417c1e0e690a325a4c5d8bb2b3943ee14?s=96&d=mm&r=g\",\"caption\":\"Cope Alcoy\"}}]}<\/script>\n<!-- \/ Yoast SEO plugin. -->","yoast_head_json":{"title":"El Plan de Participaci\u00f3n del Pont de Sant Jordi iniciar\u00e1 su segunda fase - COPE Alcoy","robots":{"index":"index","follow":"follow","max-snippet":"max-snippet:-1","max-image-preview":"max-image-preview:large","max-video-preview":"max-video-preview:-1"},"canonical":"https:\/\/www.copealcoy.es\/es\/el-plan-de-participacion-del-pont-de-sant-jordi-concluye-su-primera-fase\/","og_locale":"es_ES","og_type":"article","og_title":"El Plan de Participaci\u00f3n del Pont de Sant Jordi iniciar\u00e1 su segunda fase - COPE Alcoy","og_description":"El Gobierno Municipal de Alcoy tiene intenci\u00f3n de presentar durante la pr\u00f3xima semana el anteproyecto para reordenar el tr\u00e1fico del...","og_url":"https:\/\/www.copealcoy.es\/es\/el-plan-de-participacion-del-pont-de-sant-jordi-concluye-su-primera-fase\/","og_site_name":"COPE Alcoy","article_published_time":"2016-01-15T18:15:23+00:00","article_modified_time":"2016-01-15T18:16:39+00:00","og_image":[{"width":2592,"height":1944,"url":"https:\/\/www.copealcoy.es\/wp-content\/uploads\/2014\/11\/image76.jpg","type":"image\/jpeg"}],"author":"Cope Alcoy","twitter_misc":{"Escrito por":"Cope Alcoy","Tiempo de lectura":"1 minuto"},"schema":{"@context":"https:\/\/schema.org","@graph":[{"@type":"Article","@id":"https:\/\/www.copealcoy.es\/es\/el-plan-de-participacion-del-pont-de-sant-jordi-concluye-su-primera-fase\/#article","isPartOf":{"@id":"https:\/\/www.copealcoy.es\/es\/el-plan-de-participacion-del-pont-de-sant-jordi-concluye-su-primera-fase\/"},"author":{"name":"Cope Alcoy","@id":"https:\/\/www.copealcoy.es\/es\/#\/schema\/person\/e777c87fa024e57d40170af9df39882c"},"headline":"El Plan de Participaci\u00f3n del Pont de Sant Jordi iniciar\u00e1 su segunda fase","datePublished":"2016-01-15T18:15:23+00:00","dateModified":"2016-01-15T18:16:39+00:00","mainEntityOfPage":{"@id":"https:\/\/www.copealcoy.es\/es\/el-plan-de-participacion-del-pont-de-sant-jordi-concluye-su-primera-fase\/"},"wordCount":283,"commentCount":0,"image":{"@id":"https:\/\/www.copealcoy.es\/es\/el-plan-de-participacion-del-pont-de-sant-jordi-concluye-su-primera-fase\/#primaryimage"},"thumbnailUrl":"https:\/\/www.copealcoy.es\/wp-content\/uploads\/2014\/11\/image76.jpg","keywords":["Alcoy","Comercio","Obras","Pont de Sant Jordi","Tr\u00e1fico"],"articleSection":["Alcoy","Noticias","Portada"],"inLanguage":"es"},{"@type":"WebPage","@id":"https:\/\/www.copealcoy.es\/es\/el-plan-de-participacion-del-pont-de-sant-jordi-concluye-su-primera-fase\/","url":"https:\/\/www.copealcoy.es\/es\/el-plan-de-participacion-del-pont-de-sant-jordi-concluye-su-primera-fase\/","name":"El Plan de Participaci\u00f3n del Pont de Sant Jordi iniciar\u00e1 su segunda fase - COPE Alcoy","isPartOf":{"@id":"https:\/\/www.copealcoy.es\/es\/#website"},"primaryImageOfPage":{"@id":"https:\/\/www.copealcoy.es\/es\/el-plan-de-participacion-del-pont-de-sant-jordi-concluye-su-primera-fase\/#primaryimage"},"image":{"@id":"https:\/\/www.copealcoy.es\/es\/el-plan-de-participacion-del-pont-de-sant-jordi-concluye-su-primera-fase\/#primaryimage"},"thumbnailUrl":"https:\/\/www.copealcoy.es\/wp-content\/uploads\/2014\/11\/image76.jpg","datePublished":"2016-01-15T18:15:23+00:00","dateModified":"2016-01-15T18:16:39+00:00","author":{"@id":"https:\/\/www.copealcoy.es\/es\/#\/schema\/person\/e777c87fa024e57d40170af9df39882c"},"breadcrumb":{"@id":"https:\/\/www.copealcoy.es\/es\/el-plan-de-participacion-del-pont-de-sant-jordi-concluye-su-primera-fase\/#breadcrumb"},"inLanguage":"es","potentialAction":[{"@type":"ReadAction","target":["https:\/\/www.copealcoy.es\/es\/el-plan-de-participacion-del-pont-de-sant-jordi-concluye-su-primera-fase\/"]}]},{"@type":"ImageObject","inLanguage":"es","@id":"https:\/\/www.copealcoy.es\/es\/el-plan-de-participacion-del-pont-de-sant-jordi-concluye-su-primera-fase\/#primaryimage","url":"https:\/\/www.copealcoy.es\/wp-content\/uploads\/2014\/11\/image76.jpg","contentUrl":"https:\/\/www.copealcoy.es\/wp-content\/uploads\/2014\/11\/image76.jpg","width":1440,"height":1080},{"@type":"BreadcrumbList","@id":"https:\/\/www.copealcoy.es\/es\/el-plan-de-participacion-del-pont-de-sant-jordi-concluye-su-primera-fase\/#breadcrumb","itemListElement":[{"@type":"ListItem","position":1,"name":"Portada","item":"https:\/\/www.copealcoy.es\/es\/"},{"@type":"ListItem","position":2,"name":"El Plan de Participaci\u00f3n del Pont de Sant Jordi iniciar\u00e1 su segunda fase"}]},{"@type":"WebSite","@id":"https:\/\/www.copealcoy.es\/es\/#website","url":"https:\/\/www.copealcoy.es\/es\/","name":"COPE Alcoy","description":"Emisora COPE de radio local con emisi\u00f3n online. Pont de Sant Jordi 8-10 03803 Alcoy","potentialAction":[{"@type":"SearchAction","target":{"@type":"EntryPoint","urlTemplate":"https:\/\/www.copealcoy.es\/es\/?s={search_term_string}"},"query-input":{"@type":"PropertyValueSpecification","valueRequired":true,"valueName":"search_term_string"}}],"inLanguage":"es"},{"@type":"Person","@id":"https:\/\/www.copealcoy.es\/es\/#\/schema\/person\/e777c87fa024e57d40170af9df39882c","name":"Cope Alcoy","image":{"@type":"ImageObject","inLanguage":"es","@id":"https:\/\/secure.gravatar.com\/avatar\/bb65d0283347e303893ba14f0692005417c1e0e690a325a4c5d8bb2b3943ee14?s=96&d=mm&r=g","url":"https:\/\/secure.gravatar.com\/avatar\/bb65d0283347e303893ba14f0692005417c1e0e690a325a4c5d8bb2b3943ee14?s=96&d=mm&r=g","contentUrl":"https:\/\/secure.gravatar.com\/avatar\/bb65d0283347e303893ba14f0692005417c1e0e690a325a4c5d8bb2b3943ee14?s=96&d=mm&r=g","caption":"Cope Alcoy"}}]}},"_links":{"self":[{"href":"https:\/\/www.copealcoy.es\/es\/wp-json\/wp\/v2\/posts\/18219","targetHints":{"allow":["GET"]}}],"collection":[{"href":"https:\/\/www.copealcoy.es\/es\/wp-json\/wp\/v2\/posts"}],"about":[{"href":"https:\/\/www.copealcoy.es\/es\/wp-json\/wp\/v2\/types\/post"}],"author":[{"embeddable":true,"href":"https:\/\/www.copealcoy.es\/es\/wp-json\/wp\/v2\/users\/1"}],"replies":[{"embeddable":true,"href":"https:\/\/www.copealcoy.es\/es\/wp-json\/wp\/v2\/comments?post=18219"}],"version-history":[{"count":0,"href":"https:\/\/www.copealcoy.es\/es\/wp-json\/wp\/v2\/posts\/18219\/revisions"}],"wp:featuredmedia":[{"embeddable":true,"href":"https:\/\/www.copealcoy.es\/es\/wp-json\/wp\/v2\/media\/8828"}],"wp:attachment":[{"href":"https:\/\/www.copealcoy.es\/es\/wp-json\/wp\/v2\/media?parent=18219"}],"wp:term":[{"taxonomy":"category","embeddable":true,"href":"https:\/\/www.copealcoy.es\/es\/wp-json\/wp\/v2\/categories?post=18219"},{"taxonomy":"post_tag","embeddable":true,"href":"https:\/\/www.copealcoy.es\/es\/wp-json\/wp\/v2\/tags?post=18219"}],"curies":[{"name":"wp","href":"https:\/\/api.w.org\/{rel}","templated":true}]}}