{"id":18164,"date":"2016-01-13T05:00:18","date_gmt":"2016-01-13T05:00:18","guid":{"rendered":"http:\/\/copealcoi.es\/new\/?p=18164"},"modified":"2016-01-14T07:21:14","modified_gmt":"2016-01-14T07:21:14","slug":"18164-2","status":"publish","type":"post","link":"https:\/\/www.copealcoy.es\/es\/18164-2\/","title":{"rendered":"El Secretario Auton\u00f3mico de Agricultura visita Cocentaina"},"content":{"rendered":"<p style=\"text-align: justify;\">El Secretario Auton\u00f3mico de Agricultura de la Generalitat Valenciana, Francisco Rodr\u00edguez, visit\u00f3 ayer martes Cocentaina para mantener un encuentro con la alcaldesa, Mireia Estepa, as\u00ed como con varias entidades y colectivos. En la reuni\u00f3n estuvo presente tambi\u00e9n el Director General de Agricultura, Rogelio Llanes junto al Diputado Auton\u00f3mico Rafa Briet, y en ella se abordaron cuestiones relacionadas con los regad\u00edos contestanos con el fin de reforzarlos as\u00ed como garantizar la calidad de sus aguas. Adem\u00e1s se habl\u00f3 de las subvenciones econ\u00f3micas\u00a0para el desarrollo rural que puede recibir el municipio as\u00ed como de potenciar el sector agrario y la ganader\u00eda en la Fira de Tots Sants.<\/p>\n<p style=\"text-align: justify;\">La primera edil ha explicado en Cope Alcoy que el Secretario Auton\u00f3mico ha tendido la mano al municipio &#8220;nos\u00a0ha hablado de ayudas a las que se pueden optar. Para todo el equipo de gobierno de Cocentaina ha sido un placer recibirlo y esto demuestra una vez m\u00e1s que la Generalitat est\u00e1 al lado de las vecinos y los vecinos de este pueblo porque se nos abren puertas que antes no se abr\u00edan por el color pol\u00edtico de este Ayuntamiento&#8221;, afirma.<\/p>\n<p>Indicar que el Secretario Auton\u00f3mico tambi\u00e9n se reuni\u00f3 con los responsables de la Cooperativa Agr\u00edcola de la Villa Condal con el fin de ser informado de las necesidades de los agricultores as\u00ed como de las deficiencias del sector y las diferentes ayudas.<\/p>\n","protected":false},"excerpt":{"rendered":"<p>El Secretario Auton\u00f3mico de Agricultura de la Generalitat Valenciana, Francisco Rodr\u00edguez, visit\u00f3 ayer martes Cocentaina para mantener un encuentro con&#8230;<\/p>\n","protected":false},"author":1,"featured_media":18165,"comment_status":"open","ping_status":"open","sticky":false,"template":"","format":"standard","meta":{"footnotes":""},"categories":[98,75],"tags":[399,132,237,1727],"class_list":["post-18164","post","type-post","status-publish","format-standard","has-post-thumbnail","hentry","category-comarcas","category-noticias","tag-agricultura","tag-cocentaina","tag-comtat","tag-ganaderia"],"yoast_head":"<!-- This site is optimized with the Yoast SEO plugin v27.3 - https:\/\/yoast.com\/product\/yoast-seo-wordpress\/ -->\n<title>El Secretario Auton\u00f3mico de Agricultura visita Cocentaina - COPE Alcoy<\/title>\n<meta name=\"robots\" content=\"index, follow, max-snippet:-1, max-image-preview:large, max-video-preview:-1\" \/>\n<link rel=\"canonical\" href=\"https:\/\/www.copealcoy.es\/es\/18164-2\/\" \/>\n<meta property=\"og:locale\" content=\"es_ES\" \/>\n<meta property=\"og:type\" content=\"article\" \/>\n<meta property=\"og:title\" content=\"El Secretario Auton\u00f3mico de Agricultura visita Cocentaina - COPE Alcoy\" \/>\n<meta property=\"og:description\" content=\"El Secretario Auton\u00f3mico de Agricultura de la Generalitat Valenciana, Francisco Rodr\u00edguez, visit\u00f3 ayer martes Cocentaina para mantener un encuentro con...\" \/>\n<meta property=\"og:url\" content=\"https:\/\/www.copealcoy.es\/es\/18164-2\/\" \/>\n<meta property=\"og:site_name\" content=\"COPE Alcoy\" \/>\n<meta property=\"article:published_time\" content=\"2016-01-13T05:00:18+00:00\" \/>\n<meta property=\"article:modified_time\" content=\"2016-01-14T07:21:14+00:00\" \/>\n<meta property=\"og:image\" content=\"https:\/\/www.copealcoy.es\/wp-content\/uploads\/2016\/01\/12544027_10208257462774915_1713894746_o.jpg\" \/>\n\t<meta property=\"og:image:width\" content=\"1334\" \/>\n\t<meta property=\"og:image:height\" content=\"750\" \/>\n\t<meta property=\"og:image:type\" content=\"image\/jpeg\" \/>\n<meta name=\"author\" content=\"Cope Alcoy\" \/>\n<meta name=\"twitter:label1\" content=\"Escrito por\" \/>\n\t<meta name=\"twitter:data1\" content=\"Cope Alcoy\" \/>\n\t<meta name=\"twitter:label2\" content=\"Tiempo de lectura\" \/>\n\t<meta name=\"twitter:data2\" content=\"1 minuto\" \/>\n<script type=\"application\/ld+json\" class=\"yoast-schema-graph\">{\"@context\":\"https:\\\/\\\/schema.org\",\"@graph\":[{\"@type\":\"Article\",\"@id\":\"https:\\\/\\\/www.copealcoy.es\\\/es\\\/18164-2\\\/#article\",\"isPartOf\":{\"@id\":\"https:\\\/\\\/www.copealcoy.es\\\/es\\\/18164-2\\\/\"},\"author\":{\"name\":\"Cope Alcoy\",\"@id\":\"https:\\\/\\\/www.copealcoy.es\\\/es\\\/#\\\/schema\\\/person\\\/e777c87fa024e57d40170af9df39882c\"},\"headline\":\"El Secretario Auton\u00f3mico de Agricultura visita Cocentaina\",\"datePublished\":\"2016-01-13T05:00:18+00:00\",\"dateModified\":\"2016-01-14T07:21:14+00:00\",\"mainEntityOfPage\":{\"@id\":\"https:\\\/\\\/www.copealcoy.es\\\/es\\\/18164-2\\\/\"},\"wordCount\":253,\"commentCount\":0,\"image\":{\"@id\":\"https:\\\/\\\/www.copealcoy.es\\\/es\\\/18164-2\\\/#primaryimage\"},\"thumbnailUrl\":\"https:\\\/\\\/www.copealcoy.es\\\/wp-content\\\/uploads\\\/2016\\\/01\\\/12544027_10208257462774915_1713894746_o.jpg\",\"keywords\":[\"Agricultura\",\"Cocentaina\",\"Comtat\",\"Ganader\u00eda\"],\"articleSection\":[\"Comarcas\",\"Noticias\"],\"inLanguage\":\"es\"},{\"@type\":\"WebPage\",\"@id\":\"https:\\\/\\\/www.copealcoy.es\\\/es\\\/18164-2\\\/\",\"url\":\"https:\\\/\\\/www.copealcoy.es\\\/es\\\/18164-2\\\/\",\"name\":\"El Secretario Auton\u00f3mico de Agricultura visita Cocentaina - COPE Alcoy\",\"isPartOf\":{\"@id\":\"https:\\\/\\\/www.copealcoy.es\\\/es\\\/#website\"},\"primaryImageOfPage\":{\"@id\":\"https:\\\/\\\/www.copealcoy.es\\\/es\\\/18164-2\\\/#primaryimage\"},\"image\":{\"@id\":\"https:\\\/\\\/www.copealcoy.es\\\/es\\\/18164-2\\\/#primaryimage\"},\"thumbnailUrl\":\"https:\\\/\\\/www.copealcoy.es\\\/wp-content\\\/uploads\\\/2016\\\/01\\\/12544027_10208257462774915_1713894746_o.jpg\",\"datePublished\":\"2016-01-13T05:00:18+00:00\",\"dateModified\":\"2016-01-14T07:21:14+00:00\",\"author\":{\"@id\":\"https:\\\/\\\/www.copealcoy.es\\\/es\\\/#\\\/schema\\\/person\\\/e777c87fa024e57d40170af9df39882c\"},\"breadcrumb\":{\"@id\":\"https:\\\/\\\/www.copealcoy.es\\\/es\\\/18164-2\\\/#breadcrumb\"},\"inLanguage\":\"es\",\"potentialAction\":[{\"@type\":\"ReadAction\",\"target\":[\"https:\\\/\\\/www.copealcoy.es\\\/es\\\/18164-2\\\/\"]}]},{\"@type\":\"ImageObject\",\"inLanguage\":\"es\",\"@id\":\"https:\\\/\\\/www.copealcoy.es\\\/es\\\/18164-2\\\/#primaryimage\",\"url\":\"https:\\\/\\\/www.copealcoy.es\\\/wp-content\\\/uploads\\\/2016\\\/01\\\/12544027_10208257462774915_1713894746_o.jpg\",\"contentUrl\":\"https:\\\/\\\/www.copealcoy.es\\\/wp-content\\\/uploads\\\/2016\\\/01\\\/12544027_10208257462774915_1713894746_o.jpg\",\"width\":1334,\"height\":750,\"caption\":\"El Secretario Auton\u00f3mico de Agricultura en la reuni\u00f3n mantenida en Cocentaina\"},{\"@type\":\"BreadcrumbList\",\"@id\":\"https:\\\/\\\/www.copealcoy.es\\\/es\\\/18164-2\\\/#breadcrumb\",\"itemListElement\":[{\"@type\":\"ListItem\",\"position\":1,\"name\":\"Portada\",\"item\":\"https:\\\/\\\/www.copealcoy.es\\\/es\\\/\"},{\"@type\":\"ListItem\",\"position\":2,\"name\":\"El Secretario Auton\u00f3mico de Agricultura visita Cocentaina\"}]},{\"@type\":\"WebSite\",\"@id\":\"https:\\\/\\\/www.copealcoy.es\\\/es\\\/#website\",\"url\":\"https:\\\/\\\/www.copealcoy.es\\\/es\\\/\",\"name\":\"COPE Alcoy\",\"description\":\"Emisora COPE de radio local con emisi\u00f3n online. Pont de Sant Jordi 8-10 03803 Alcoy\",\"potentialAction\":[{\"@type\":\"SearchAction\",\"target\":{\"@type\":\"EntryPoint\",\"urlTemplate\":\"https:\\\/\\\/www.copealcoy.es\\\/es\\\/?s={search_term_string}\"},\"query-input\":{\"@type\":\"PropertyValueSpecification\",\"valueRequired\":true,\"valueName\":\"search_term_string\"}}],\"inLanguage\":\"es\"},{\"@type\":\"Person\",\"@id\":\"https:\\\/\\\/www.copealcoy.es\\\/es\\\/#\\\/schema\\\/person\\\/e777c87fa024e57d40170af9df39882c\",\"name\":\"Cope Alcoy\",\"image\":{\"@type\":\"ImageObject\",\"inLanguage\":\"es\",\"@id\":\"https:\\\/\\\/secure.gravatar.com\\\/avatar\\\/bb65d0283347e303893ba14f0692005417c1e0e690a325a4c5d8bb2b3943ee14?s=96&d=mm&r=g\",\"url\":\"https:\\\/\\\/secure.gravatar.com\\\/avatar\\\/bb65d0283347e303893ba14f0692005417c1e0e690a325a4c5d8bb2b3943ee14?s=96&d=mm&r=g\",\"contentUrl\":\"https:\\\/\\\/secure.gravatar.com\\\/avatar\\\/bb65d0283347e303893ba14f0692005417c1e0e690a325a4c5d8bb2b3943ee14?s=96&d=mm&r=g\",\"caption\":\"Cope Alcoy\"}}]}<\/script>\n<!-- \/ Yoast SEO plugin. -->","yoast_head_json":{"title":"El Secretario Auton\u00f3mico de Agricultura visita Cocentaina - COPE Alcoy","robots":{"index":"index","follow":"follow","max-snippet":"max-snippet:-1","max-image-preview":"max-image-preview:large","max-video-preview":"max-video-preview:-1"},"canonical":"https:\/\/www.copealcoy.es\/es\/18164-2\/","og_locale":"es_ES","og_type":"article","og_title":"El Secretario Auton\u00f3mico de Agricultura visita Cocentaina - COPE Alcoy","og_description":"El Secretario Auton\u00f3mico de Agricultura de la Generalitat Valenciana, Francisco Rodr\u00edguez, visit\u00f3 ayer martes Cocentaina para mantener un encuentro con...","og_url":"https:\/\/www.copealcoy.es\/es\/18164-2\/","og_site_name":"COPE Alcoy","article_published_time":"2016-01-13T05:00:18+00:00","article_modified_time":"2016-01-14T07:21:14+00:00","og_image":[{"width":1334,"height":750,"url":"https:\/\/www.copealcoy.es\/wp-content\/uploads\/2016\/01\/12544027_10208257462774915_1713894746_o.jpg","type":"image\/jpeg"}],"author":"Cope Alcoy","twitter_misc":{"Escrito por":"Cope Alcoy","Tiempo de lectura":"1 minuto"},"schema":{"@context":"https:\/\/schema.org","@graph":[{"@type":"Article","@id":"https:\/\/www.copealcoy.es\/es\/18164-2\/#article","isPartOf":{"@id":"https:\/\/www.copealcoy.es\/es\/18164-2\/"},"author":{"name":"Cope Alcoy","@id":"https:\/\/www.copealcoy.es\/es\/#\/schema\/person\/e777c87fa024e57d40170af9df39882c"},"headline":"El Secretario Auton\u00f3mico de Agricultura visita Cocentaina","datePublished":"2016-01-13T05:00:18+00:00","dateModified":"2016-01-14T07:21:14+00:00","mainEntityOfPage":{"@id":"https:\/\/www.copealcoy.es\/es\/18164-2\/"},"wordCount":253,"commentCount":0,"image":{"@id":"https:\/\/www.copealcoy.es\/es\/18164-2\/#primaryimage"},"thumbnailUrl":"https:\/\/www.copealcoy.es\/wp-content\/uploads\/2016\/01\/12544027_10208257462774915_1713894746_o.jpg","keywords":["Agricultura","Cocentaina","Comtat","Ganader\u00eda"],"articleSection":["Comarcas","Noticias"],"inLanguage":"es"},{"@type":"WebPage","@id":"https:\/\/www.copealcoy.es\/es\/18164-2\/","url":"https:\/\/www.copealcoy.es\/es\/18164-2\/","name":"El Secretario Auton\u00f3mico de Agricultura visita Cocentaina - COPE Alcoy","isPartOf":{"@id":"https:\/\/www.copealcoy.es\/es\/#website"},"primaryImageOfPage":{"@id":"https:\/\/www.copealcoy.es\/es\/18164-2\/#primaryimage"},"image":{"@id":"https:\/\/www.copealcoy.es\/es\/18164-2\/#primaryimage"},"thumbnailUrl":"https:\/\/www.copealcoy.es\/wp-content\/uploads\/2016\/01\/12544027_10208257462774915_1713894746_o.jpg","datePublished":"2016-01-13T05:00:18+00:00","dateModified":"2016-01-14T07:21:14+00:00","author":{"@id":"https:\/\/www.copealcoy.es\/es\/#\/schema\/person\/e777c87fa024e57d40170af9df39882c"},"breadcrumb":{"@id":"https:\/\/www.copealcoy.es\/es\/18164-2\/#breadcrumb"},"inLanguage":"es","potentialAction":[{"@type":"ReadAction","target":["https:\/\/www.copealcoy.es\/es\/18164-2\/"]}]},{"@type":"ImageObject","inLanguage":"es","@id":"https:\/\/www.copealcoy.es\/es\/18164-2\/#primaryimage","url":"https:\/\/www.copealcoy.es\/wp-content\/uploads\/2016\/01\/12544027_10208257462774915_1713894746_o.jpg","contentUrl":"https:\/\/www.copealcoy.es\/wp-content\/uploads\/2016\/01\/12544027_10208257462774915_1713894746_o.jpg","width":1334,"height":750,"caption":"El Secretario Auton\u00f3mico de Agricultura en la reuni\u00f3n mantenida en Cocentaina"},{"@type":"BreadcrumbList","@id":"https:\/\/www.copealcoy.es\/es\/18164-2\/#breadcrumb","itemListElement":[{"@type":"ListItem","position":1,"name":"Portada","item":"https:\/\/www.copealcoy.es\/es\/"},{"@type":"ListItem","position":2,"name":"El Secretario Auton\u00f3mico de Agricultura visita Cocentaina"}]},{"@type":"WebSite","@id":"https:\/\/www.copealcoy.es\/es\/#website","url":"https:\/\/www.copealcoy.es\/es\/","name":"COPE Alcoy","description":"Emisora COPE de radio local con emisi\u00f3n online. Pont de Sant Jordi 8-10 03803 Alcoy","potentialAction":[{"@type":"SearchAction","target":{"@type":"EntryPoint","urlTemplate":"https:\/\/www.copealcoy.es\/es\/?s={search_term_string}"},"query-input":{"@type":"PropertyValueSpecification","valueRequired":true,"valueName":"search_term_string"}}],"inLanguage":"es"},{"@type":"Person","@id":"https:\/\/www.copealcoy.es\/es\/#\/schema\/person\/e777c87fa024e57d40170af9df39882c","name":"Cope Alcoy","image":{"@type":"ImageObject","inLanguage":"es","@id":"https:\/\/secure.gravatar.com\/avatar\/bb65d0283347e303893ba14f0692005417c1e0e690a325a4c5d8bb2b3943ee14?s=96&d=mm&r=g","url":"https:\/\/secure.gravatar.com\/avatar\/bb65d0283347e303893ba14f0692005417c1e0e690a325a4c5d8bb2b3943ee14?s=96&d=mm&r=g","contentUrl":"https:\/\/secure.gravatar.com\/avatar\/bb65d0283347e303893ba14f0692005417c1e0e690a325a4c5d8bb2b3943ee14?s=96&d=mm&r=g","caption":"Cope Alcoy"}}]}},"_links":{"self":[{"href":"https:\/\/www.copealcoy.es\/es\/wp-json\/wp\/v2\/posts\/18164","targetHints":{"allow":["GET"]}}],"collection":[{"href":"https:\/\/www.copealcoy.es\/es\/wp-json\/wp\/v2\/posts"}],"about":[{"href":"https:\/\/www.copealcoy.es\/es\/wp-json\/wp\/v2\/types\/post"}],"author":[{"embeddable":true,"href":"https:\/\/www.copealcoy.es\/es\/wp-json\/wp\/v2\/users\/1"}],"replies":[{"embeddable":true,"href":"https:\/\/www.copealcoy.es\/es\/wp-json\/wp\/v2\/comments?post=18164"}],"version-history":[{"count":0,"href":"https:\/\/www.copealcoy.es\/es\/wp-json\/wp\/v2\/posts\/18164\/revisions"}],"wp:featuredmedia":[{"embeddable":true,"href":"https:\/\/www.copealcoy.es\/es\/wp-json\/wp\/v2\/media\/18165"}],"wp:attachment":[{"href":"https:\/\/www.copealcoy.es\/es\/wp-json\/wp\/v2\/media?parent=18164"}],"wp:term":[{"taxonomy":"category","embeddable":true,"href":"https:\/\/www.copealcoy.es\/es\/wp-json\/wp\/v2\/categories?post=18164"},{"taxonomy":"post_tag","embeddable":true,"href":"https:\/\/www.copealcoy.es\/es\/wp-json\/wp\/v2\/tags?post=18164"}],"curies":[{"name":"wp","href":"https:\/\/api.w.org\/{rel}","templated":true}]}}