{"id":18116,"date":"2016-01-11T05:30:44","date_gmt":"2016-01-11T05:30:44","guid":{"rendered":"http:\/\/copealcoi.es\/new\/?p=18116"},"modified":"2016-01-10T13:22:24","modified_gmt":"2016-01-10T13:22:24","slug":"la-natalidad-cayo-un-27-en-alcoy-el-pasado-ano","status":"publish","type":"post","link":"https:\/\/www.copealcoy.es\/es\/la-natalidad-cayo-un-27-en-alcoy-el-pasado-ano\/","title":{"rendered":"La natalidad cay\u00f3 un 27% en Alcoy el pasado a\u00f1o"},"content":{"rendered":"<p style=\"text-align: justify;\">\n<p style=\"text-align: justify;\">La natalidad volvi\u00f3 a caer en Alcoy durante el pasado a\u00f1o 2015 al registrarse 364 nacimientos lo que supone un 27% menos con respecto al a\u00f1o anterior 2014 cuando se produjeron un total de 501 alumbramientos. La cifra es adem\u00e1s la m\u00e1s baja desde el a\u00f1o 1996 cuando hubo 325 nacimientos un hecho que contrasta notablemente con el anterior 1.995\u00a0en el que se contabilizaron un total de 1.070.<\/p>\n<p style=\"text-align: justify;\">\n<p style=\"text-align: justify;\">El crecimiento vegetativo durante el pasado a\u00f1o fue\u00a0negativo en 142 personas al registrarse 506 fallecimientos que se traducen en un 16% menos que el anterior 2014 y en el peor desde el a\u00f1o 1.999 seg\u00fan las cifras del padr\u00f3n municipal que se pueden consultar en la p\u00e1gina web del Ayuntamiento de Alcoy.<\/p>\n<p style=\"text-align: justify;\">\n<p style=\"text-align: justify;\">Se\u00f1alar que actualmente el citado \u00a0padr\u00f3n municipal refleja que Alcoy tiene\u00a061.542 habitantes, de los que 30.139 son hombres y 31.403 mujeres. El dato contrasta con los del Instituto Nacional de Estad\u00edstica que a 1 de enero del 2015 reflejaba que la ciudad hab\u00eda perdido 430 habitantes y se quedaba en los 59.675.<\/p>\n","protected":false},"excerpt":{"rendered":"<p>La natalidad volvi\u00f3 a caer en Alcoy durante el pasado a\u00f1o 2015 al registrarse 364 nacimientos lo que supone un&#8230;<\/p>\n","protected":false},"author":1,"featured_media":10332,"comment_status":"open","ping_status":"open","sticky":false,"template":"","format":"standard","meta":{"footnotes":""},"categories":[97,75,125],"tags":[1494,499,1719],"class_list":["post-18116","post","type-post","status-publish","format-standard","has-post-thumbnail","hentry","category-alcoy","category-noticias","category-portada","tag-alcoy","tag-demografia","tag-natalidad"],"yoast_head":"<!-- This site is optimized with the Yoast SEO plugin v27.3 - https:\/\/yoast.com\/product\/yoast-seo-wordpress\/ -->\n<title>La natalidad cay\u00f3 un 27% en Alcoy el pasado a\u00f1o - COPE Alcoy<\/title>\n<meta name=\"robots\" content=\"index, follow, max-snippet:-1, max-image-preview:large, max-video-preview:-1\" \/>\n<link rel=\"canonical\" href=\"https:\/\/www.copealcoy.es\/es\/la-natalidad-cayo-un-27-en-alcoy-el-pasado-ano\/\" \/>\n<meta property=\"og:locale\" content=\"es_ES\" \/>\n<meta property=\"og:type\" content=\"article\" \/>\n<meta property=\"og:title\" content=\"La natalidad cay\u00f3 un 27% en Alcoy el pasado a\u00f1o - COPE Alcoy\" \/>\n<meta property=\"og:description\" content=\"La natalidad volvi\u00f3 a caer en Alcoy durante el pasado a\u00f1o 2015 al registrarse 364 nacimientos lo que supone un...\" \/>\n<meta property=\"og:url\" content=\"https:\/\/www.copealcoy.es\/es\/la-natalidad-cayo-un-27-en-alcoy-el-pasado-ano\/\" \/>\n<meta property=\"og:site_name\" content=\"COPE Alcoy\" \/>\n<meta property=\"article:published_time\" content=\"2016-01-11T05:30:44+00:00\" \/>\n<meta property=\"og:image\" content=\"https:\/\/www.copealcoy.es\/wp-content\/uploads\/2015\/02\/image11.jpg\" \/>\n\t<meta property=\"og:image:width\" content=\"960\" \/>\n\t<meta property=\"og:image:height\" content=\"720\" \/>\n\t<meta property=\"og:image:type\" content=\"image\/jpeg\" \/>\n<meta name=\"author\" content=\"Cope Alcoy\" \/>\n<meta name=\"twitter:label1\" content=\"Escrito por\" \/>\n\t<meta name=\"twitter:data1\" content=\"Cope Alcoy\" \/>\n\t<meta name=\"twitter:label2\" content=\"Tiempo de lectura\" \/>\n\t<meta name=\"twitter:data2\" content=\"1 minuto\" \/>\n<script type=\"application\/ld+json\" class=\"yoast-schema-graph\">{\"@context\":\"https:\\\/\\\/schema.org\",\"@graph\":[{\"@type\":\"Article\",\"@id\":\"https:\\\/\\\/www.copealcoy.es\\\/es\\\/la-natalidad-cayo-un-27-en-alcoy-el-pasado-ano\\\/#article\",\"isPartOf\":{\"@id\":\"https:\\\/\\\/www.copealcoy.es\\\/es\\\/la-natalidad-cayo-un-27-en-alcoy-el-pasado-ano\\\/\"},\"author\":{\"name\":\"Cope Alcoy\",\"@id\":\"https:\\\/\\\/www.copealcoy.es\\\/es\\\/#\\\/schema\\\/person\\\/e777c87fa024e57d40170af9df39882c\"},\"headline\":\"La natalidad cay\u00f3 un 27% en Alcoy el pasado a\u00f1o\",\"datePublished\":\"2016-01-11T05:30:44+00:00\",\"mainEntityOfPage\":{\"@id\":\"https:\\\/\\\/www.copealcoy.es\\\/es\\\/la-natalidad-cayo-un-27-en-alcoy-el-pasado-ano\\\/\"},\"wordCount\":178,\"commentCount\":0,\"image\":{\"@id\":\"https:\\\/\\\/www.copealcoy.es\\\/es\\\/la-natalidad-cayo-un-27-en-alcoy-el-pasado-ano\\\/#primaryimage\"},\"thumbnailUrl\":\"https:\\\/\\\/www.copealcoy.es\\\/wp-content\\\/uploads\\\/2015\\\/02\\\/image11.jpg\",\"keywords\":[\"Alcoy\",\"Demograf\u00eda\",\"Natalidad\"],\"articleSection\":[\"Alcoy\",\"Noticias\",\"Portada\"],\"inLanguage\":\"es\"},{\"@type\":\"WebPage\",\"@id\":\"https:\\\/\\\/www.copealcoy.es\\\/es\\\/la-natalidad-cayo-un-27-en-alcoy-el-pasado-ano\\\/\",\"url\":\"https:\\\/\\\/www.copealcoy.es\\\/es\\\/la-natalidad-cayo-un-27-en-alcoy-el-pasado-ano\\\/\",\"name\":\"La natalidad cay\u00f3 un 27% en Alcoy el pasado a\u00f1o - COPE Alcoy\",\"isPartOf\":{\"@id\":\"https:\\\/\\\/www.copealcoy.es\\\/es\\\/#website\"},\"primaryImageOfPage\":{\"@id\":\"https:\\\/\\\/www.copealcoy.es\\\/es\\\/la-natalidad-cayo-un-27-en-alcoy-el-pasado-ano\\\/#primaryimage\"},\"image\":{\"@id\":\"https:\\\/\\\/www.copealcoy.es\\\/es\\\/la-natalidad-cayo-un-27-en-alcoy-el-pasado-ano\\\/#primaryimage\"},\"thumbnailUrl\":\"https:\\\/\\\/www.copealcoy.es\\\/wp-content\\\/uploads\\\/2015\\\/02\\\/image11.jpg\",\"datePublished\":\"2016-01-11T05:30:44+00:00\",\"author\":{\"@id\":\"https:\\\/\\\/www.copealcoy.es\\\/es\\\/#\\\/schema\\\/person\\\/e777c87fa024e57d40170af9df39882c\"},\"breadcrumb\":{\"@id\":\"https:\\\/\\\/www.copealcoy.es\\\/es\\\/la-natalidad-cayo-un-27-en-alcoy-el-pasado-ano\\\/#breadcrumb\"},\"inLanguage\":\"es\",\"potentialAction\":[{\"@type\":\"ReadAction\",\"target\":[\"https:\\\/\\\/www.copealcoy.es\\\/es\\\/la-natalidad-cayo-un-27-en-alcoy-el-pasado-ano\\\/\"]}]},{\"@type\":\"ImageObject\",\"inLanguage\":\"es\",\"@id\":\"https:\\\/\\\/www.copealcoy.es\\\/es\\\/la-natalidad-cayo-un-27-en-alcoy-el-pasado-ano\\\/#primaryimage\",\"url\":\"https:\\\/\\\/www.copealcoy.es\\\/wp-content\\\/uploads\\\/2015\\\/02\\\/image11.jpg\",\"contentUrl\":\"https:\\\/\\\/www.copealcoy.es\\\/wp-content\\\/uploads\\\/2015\\\/02\\\/image11.jpg\",\"width\":960,\"height\":720},{\"@type\":\"BreadcrumbList\",\"@id\":\"https:\\\/\\\/www.copealcoy.es\\\/es\\\/la-natalidad-cayo-un-27-en-alcoy-el-pasado-ano\\\/#breadcrumb\",\"itemListElement\":[{\"@type\":\"ListItem\",\"position\":1,\"name\":\"Portada\",\"item\":\"https:\\\/\\\/www.copealcoy.es\\\/es\\\/\"},{\"@type\":\"ListItem\",\"position\":2,\"name\":\"La natalidad cay\u00f3 un 27% en Alcoy el pasado a\u00f1o\"}]},{\"@type\":\"WebSite\",\"@id\":\"https:\\\/\\\/www.copealcoy.es\\\/es\\\/#website\",\"url\":\"https:\\\/\\\/www.copealcoy.es\\\/es\\\/\",\"name\":\"COPE Alcoy\",\"description\":\"Emisora COPE de radio local con emisi\u00f3n online. Pont de Sant Jordi 8-10 03803 Alcoy\",\"potentialAction\":[{\"@type\":\"SearchAction\",\"target\":{\"@type\":\"EntryPoint\",\"urlTemplate\":\"https:\\\/\\\/www.copealcoy.es\\\/es\\\/?s={search_term_string}\"},\"query-input\":{\"@type\":\"PropertyValueSpecification\",\"valueRequired\":true,\"valueName\":\"search_term_string\"}}],\"inLanguage\":\"es\"},{\"@type\":\"Person\",\"@id\":\"https:\\\/\\\/www.copealcoy.es\\\/es\\\/#\\\/schema\\\/person\\\/e777c87fa024e57d40170af9df39882c\",\"name\":\"Cope Alcoy\",\"image\":{\"@type\":\"ImageObject\",\"inLanguage\":\"es\",\"@id\":\"https:\\\/\\\/secure.gravatar.com\\\/avatar\\\/bb65d0283347e303893ba14f0692005417c1e0e690a325a4c5d8bb2b3943ee14?s=96&d=mm&r=g\",\"url\":\"https:\\\/\\\/secure.gravatar.com\\\/avatar\\\/bb65d0283347e303893ba14f0692005417c1e0e690a325a4c5d8bb2b3943ee14?s=96&d=mm&r=g\",\"contentUrl\":\"https:\\\/\\\/secure.gravatar.com\\\/avatar\\\/bb65d0283347e303893ba14f0692005417c1e0e690a325a4c5d8bb2b3943ee14?s=96&d=mm&r=g\",\"caption\":\"Cope Alcoy\"}}]}<\/script>\n<!-- \/ Yoast SEO plugin. -->","yoast_head_json":{"title":"La natalidad cay\u00f3 un 27% en Alcoy el pasado a\u00f1o - COPE Alcoy","robots":{"index":"index","follow":"follow","max-snippet":"max-snippet:-1","max-image-preview":"max-image-preview:large","max-video-preview":"max-video-preview:-1"},"canonical":"https:\/\/www.copealcoy.es\/es\/la-natalidad-cayo-un-27-en-alcoy-el-pasado-ano\/","og_locale":"es_ES","og_type":"article","og_title":"La natalidad cay\u00f3 un 27% en Alcoy el pasado a\u00f1o - COPE Alcoy","og_description":"La natalidad volvi\u00f3 a caer en Alcoy durante el pasado a\u00f1o 2015 al registrarse 364 nacimientos lo que supone un...","og_url":"https:\/\/www.copealcoy.es\/es\/la-natalidad-cayo-un-27-en-alcoy-el-pasado-ano\/","og_site_name":"COPE Alcoy","article_published_time":"2016-01-11T05:30:44+00:00","og_image":[{"width":960,"height":720,"url":"https:\/\/www.copealcoy.es\/wp-content\/uploads\/2015\/02\/image11.jpg","type":"image\/jpeg"}],"author":"Cope Alcoy","twitter_misc":{"Escrito por":"Cope Alcoy","Tiempo de lectura":"1 minuto"},"schema":{"@context":"https:\/\/schema.org","@graph":[{"@type":"Article","@id":"https:\/\/www.copealcoy.es\/es\/la-natalidad-cayo-un-27-en-alcoy-el-pasado-ano\/#article","isPartOf":{"@id":"https:\/\/www.copealcoy.es\/es\/la-natalidad-cayo-un-27-en-alcoy-el-pasado-ano\/"},"author":{"name":"Cope Alcoy","@id":"https:\/\/www.copealcoy.es\/es\/#\/schema\/person\/e777c87fa024e57d40170af9df39882c"},"headline":"La natalidad cay\u00f3 un 27% en Alcoy el pasado a\u00f1o","datePublished":"2016-01-11T05:30:44+00:00","mainEntityOfPage":{"@id":"https:\/\/www.copealcoy.es\/es\/la-natalidad-cayo-un-27-en-alcoy-el-pasado-ano\/"},"wordCount":178,"commentCount":0,"image":{"@id":"https:\/\/www.copealcoy.es\/es\/la-natalidad-cayo-un-27-en-alcoy-el-pasado-ano\/#primaryimage"},"thumbnailUrl":"https:\/\/www.copealcoy.es\/wp-content\/uploads\/2015\/02\/image11.jpg","keywords":["Alcoy","Demograf\u00eda","Natalidad"],"articleSection":["Alcoy","Noticias","Portada"],"inLanguage":"es"},{"@type":"WebPage","@id":"https:\/\/www.copealcoy.es\/es\/la-natalidad-cayo-un-27-en-alcoy-el-pasado-ano\/","url":"https:\/\/www.copealcoy.es\/es\/la-natalidad-cayo-un-27-en-alcoy-el-pasado-ano\/","name":"La natalidad cay\u00f3 un 27% en Alcoy el pasado a\u00f1o - COPE Alcoy","isPartOf":{"@id":"https:\/\/www.copealcoy.es\/es\/#website"},"primaryImageOfPage":{"@id":"https:\/\/www.copealcoy.es\/es\/la-natalidad-cayo-un-27-en-alcoy-el-pasado-ano\/#primaryimage"},"image":{"@id":"https:\/\/www.copealcoy.es\/es\/la-natalidad-cayo-un-27-en-alcoy-el-pasado-ano\/#primaryimage"},"thumbnailUrl":"https:\/\/www.copealcoy.es\/wp-content\/uploads\/2015\/02\/image11.jpg","datePublished":"2016-01-11T05:30:44+00:00","author":{"@id":"https:\/\/www.copealcoy.es\/es\/#\/schema\/person\/e777c87fa024e57d40170af9df39882c"},"breadcrumb":{"@id":"https:\/\/www.copealcoy.es\/es\/la-natalidad-cayo-un-27-en-alcoy-el-pasado-ano\/#breadcrumb"},"inLanguage":"es","potentialAction":[{"@type":"ReadAction","target":["https:\/\/www.copealcoy.es\/es\/la-natalidad-cayo-un-27-en-alcoy-el-pasado-ano\/"]}]},{"@type":"ImageObject","inLanguage":"es","@id":"https:\/\/www.copealcoy.es\/es\/la-natalidad-cayo-un-27-en-alcoy-el-pasado-ano\/#primaryimage","url":"https:\/\/www.copealcoy.es\/wp-content\/uploads\/2015\/02\/image11.jpg","contentUrl":"https:\/\/www.copealcoy.es\/wp-content\/uploads\/2015\/02\/image11.jpg","width":960,"height":720},{"@type":"BreadcrumbList","@id":"https:\/\/www.copealcoy.es\/es\/la-natalidad-cayo-un-27-en-alcoy-el-pasado-ano\/#breadcrumb","itemListElement":[{"@type":"ListItem","position":1,"name":"Portada","item":"https:\/\/www.copealcoy.es\/es\/"},{"@type":"ListItem","position":2,"name":"La natalidad cay\u00f3 un 27% en Alcoy el pasado a\u00f1o"}]},{"@type":"WebSite","@id":"https:\/\/www.copealcoy.es\/es\/#website","url":"https:\/\/www.copealcoy.es\/es\/","name":"COPE Alcoy","description":"Emisora COPE de radio local con emisi\u00f3n online. Pont de Sant Jordi 8-10 03803 Alcoy","potentialAction":[{"@type":"SearchAction","target":{"@type":"EntryPoint","urlTemplate":"https:\/\/www.copealcoy.es\/es\/?s={search_term_string}"},"query-input":{"@type":"PropertyValueSpecification","valueRequired":true,"valueName":"search_term_string"}}],"inLanguage":"es"},{"@type":"Person","@id":"https:\/\/www.copealcoy.es\/es\/#\/schema\/person\/e777c87fa024e57d40170af9df39882c","name":"Cope Alcoy","image":{"@type":"ImageObject","inLanguage":"es","@id":"https:\/\/secure.gravatar.com\/avatar\/bb65d0283347e303893ba14f0692005417c1e0e690a325a4c5d8bb2b3943ee14?s=96&d=mm&r=g","url":"https:\/\/secure.gravatar.com\/avatar\/bb65d0283347e303893ba14f0692005417c1e0e690a325a4c5d8bb2b3943ee14?s=96&d=mm&r=g","contentUrl":"https:\/\/secure.gravatar.com\/avatar\/bb65d0283347e303893ba14f0692005417c1e0e690a325a4c5d8bb2b3943ee14?s=96&d=mm&r=g","caption":"Cope Alcoy"}}]}},"_links":{"self":[{"href":"https:\/\/www.copealcoy.es\/es\/wp-json\/wp\/v2\/posts\/18116","targetHints":{"allow":["GET"]}}],"collection":[{"href":"https:\/\/www.copealcoy.es\/es\/wp-json\/wp\/v2\/posts"}],"about":[{"href":"https:\/\/www.copealcoy.es\/es\/wp-json\/wp\/v2\/types\/post"}],"author":[{"embeddable":true,"href":"https:\/\/www.copealcoy.es\/es\/wp-json\/wp\/v2\/users\/1"}],"replies":[{"embeddable":true,"href":"https:\/\/www.copealcoy.es\/es\/wp-json\/wp\/v2\/comments?post=18116"}],"version-history":[{"count":0,"href":"https:\/\/www.copealcoy.es\/es\/wp-json\/wp\/v2\/posts\/18116\/revisions"}],"wp:featuredmedia":[{"embeddable":true,"href":"https:\/\/www.copealcoy.es\/es\/wp-json\/wp\/v2\/media\/10332"}],"wp:attachment":[{"href":"https:\/\/www.copealcoy.es\/es\/wp-json\/wp\/v2\/media?parent=18116"}],"wp:term":[{"taxonomy":"category","embeddable":true,"href":"https:\/\/www.copealcoy.es\/es\/wp-json\/wp\/v2\/categories?post=18116"},{"taxonomy":"post_tag","embeddable":true,"href":"https:\/\/www.copealcoy.es\/es\/wp-json\/wp\/v2\/tags?post=18116"}],"curies":[{"name":"wp","href":"https:\/\/api.w.org\/{rel}","templated":true}]}}