{"id":18103,"date":"2016-01-10T09:29:58","date_gmt":"2016-01-10T09:29:58","guid":{"rendered":"http:\/\/copealcoi.es\/new\/?p=18103"},"modified":"2016-03-05T12:54:20","modified_gmt":"2016-03-05T12:54:20","slug":"la-cabalgata-de-alcoy-llego-a-los-225-000-espectadores","status":"publish","type":"post","link":"https:\/\/www.copealcoy.es\/es\/la-cabalgata-de-alcoy-llego-a-los-225-000-espectadores\/","title":{"rendered":"La Cabalgata de Alcoy lleg\u00f3 a los 225.000 espectadores"},"content":{"rendered":"<p style=\"text-align: justify;\">La Cabalgata de los Reyes Magos de Alcoy lleg\u00f3 el pasado martes cinco de enero a los 225.000 espectadores gracias a la retransmisi\u00f3n que efectuaron las televisiones del Grupo Cope de \u00e1mbito auton\u00f3mico Mediterr\u00e1neo TV y tambi\u00e9n nacional 13TV. La audiencia tambi\u00e9n se hizo sentir en las Redes Sociales donde en Twitter el hastag #REYESMAGOS13TV lleg\u00f3 a 2.765.927 impresiones y un impacto de 833.718 internautas que valoraron de forma positiva el acto haciendo referencia a la emotividad y a la representanci\u00f3n fiel a la tradici\u00f3n.\u00a0Por otra parte TVE, Telecinco y AtresMedia llevaron a cabo varias conexiones en directo adem\u00e1s de ofecer noticias en informativos mientras que en la televisi\u00f3n comarcal TVA se pudo ver de igual forma el desfile. En Radio Cope Alcoy conect\u00f3 en directo en La Ma\u00f1ana de Cope Comunidad Valenciana desde el Campamento Real mientras que en Mediod\u00eda Cope a nivel nacional ofrecimos toda la informaci\u00f3n de la 131 edici\u00f3n de la Cabalgata. Ya en la tarde en el espacio La Linterna, tambi\u00e9n a nivel nacional, conectamos en directo para ofrecer la actualidad del desfile.<\/p>\n<p style=\"text-align: justify;\">A estas cifras hay que sumar que el Ayuntamiento de Alcoy estima que cerca de 95.000 personas salieron a la calle para recibir a Melchor, Gaspar y Baltasar mientras que en la jornada anterior del Bando se calcula que disfrutaron del mismo alrededor de 45.000 espectadores. Tambi\u00e9n Les\u00a0Pastoretes recibieron la afluencia de unas 15.000 personas contando tambi\u00e9n con los 29.000 del Tirisiti y las m\u00e1s de 7.000 que subieron hasta el Campamento Real.<\/p>\n<p style=\"text-align: justify;\">La edil de Turismo, Lorena Zamorano, explica que estas cifras demuestran que Alcoy tiene una Navidad \u00fanica &#8220;nos hacen ver que\u00a0estamos haciendo las bien cosas consolidando nuestra ciudad como un destino tur\u00edstico familiar para estas fechas&#8221;, concluye.<\/p>\n","protected":false},"excerpt":{"rendered":"<p>La Cabalgata de los Reyes Magos de Alcoy lleg\u00f3 el pasado martes cinco de enero a los 225.000 espectadores gracias&#8230;<\/p>\n","protected":false},"author":1,"featured_media":18044,"comment_status":"open","ping_status":"open","sticky":false,"template":"","format":"standard","meta":{"footnotes":""},"categories":[97,78,75],"tags":[1494,368,1717,174,1500],"class_list":["post-18103","post","type-post","status-publish","format-standard","has-post-thumbnail","hentry","category-alcoy","category-fiestaycultura","category-noticias","tag-alcoy","tag-cabalgata","tag-nadal-alcoia","tag-navidad","tag-television"],"yoast_head":"<!-- This site is optimized with the Yoast SEO plugin v27.3 - https:\/\/yoast.com\/product\/yoast-seo-wordpress\/ -->\n<title>La Cabalgata de Alcoy lleg\u00f3 a los 225.000 espectadores - COPE Alcoy<\/title>\n<meta name=\"robots\" content=\"index, follow, max-snippet:-1, max-image-preview:large, max-video-preview:-1\" \/>\n<link rel=\"canonical\" href=\"https:\/\/www.copealcoy.es\/es\/la-cabalgata-de-alcoy-llego-a-los-225-000-espectadores\/\" \/>\n<meta property=\"og:locale\" content=\"es_ES\" \/>\n<meta property=\"og:type\" content=\"article\" \/>\n<meta property=\"og:title\" content=\"La Cabalgata de Alcoy lleg\u00f3 a los 225.000 espectadores - COPE Alcoy\" \/>\n<meta property=\"og:description\" content=\"La Cabalgata de los Reyes Magos de Alcoy lleg\u00f3 el pasado martes cinco de enero a los 225.000 espectadores gracias...\" \/>\n<meta property=\"og:url\" content=\"https:\/\/www.copealcoy.es\/es\/la-cabalgata-de-alcoy-llego-a-los-225-000-espectadores\/\" \/>\n<meta property=\"og:site_name\" content=\"COPE Alcoy\" \/>\n<meta property=\"article:published_time\" content=\"2016-01-10T09:29:58+00:00\" \/>\n<meta property=\"article:modified_time\" content=\"2016-03-05T12:54:20+00:00\" \/>\n<meta property=\"og:image\" content=\"https:\/\/www.copealcoy.es\/wp-content\/uploads\/2016\/01\/image8.jpeg\" \/>\n\t<meta property=\"og:image:width\" content=\"1243\" \/>\n\t<meta property=\"og:image:height\" content=\"703\" \/>\n\t<meta property=\"og:image:type\" content=\"image\/jpeg\" \/>\n<meta name=\"author\" content=\"Cope Alcoy\" \/>\n<meta name=\"twitter:label1\" content=\"Escrito por\" \/>\n\t<meta name=\"twitter:data1\" content=\"Cope Alcoy\" \/>\n\t<meta name=\"twitter:label2\" content=\"Tiempo de lectura\" \/>\n\t<meta name=\"twitter:data2\" content=\"2 minutos\" \/>\n<script type=\"application\/ld+json\" class=\"yoast-schema-graph\">{\"@context\":\"https:\\\/\\\/schema.org\",\"@graph\":[{\"@type\":\"Article\",\"@id\":\"https:\\\/\\\/www.copealcoy.es\\\/es\\\/la-cabalgata-de-alcoy-llego-a-los-225-000-espectadores\\\/#article\",\"isPartOf\":{\"@id\":\"https:\\\/\\\/www.copealcoy.es\\\/es\\\/la-cabalgata-de-alcoy-llego-a-los-225-000-espectadores\\\/\"},\"author\":{\"name\":\"Cope Alcoy\",\"@id\":\"https:\\\/\\\/www.copealcoy.es\\\/es\\\/#\\\/schema\\\/person\\\/e777c87fa024e57d40170af9df39882c\"},\"headline\":\"La Cabalgata de Alcoy lleg\u00f3 a los 225.000 espectadores\",\"datePublished\":\"2016-01-10T09:29:58+00:00\",\"dateModified\":\"2016-03-05T12:54:20+00:00\",\"mainEntityOfPage\":{\"@id\":\"https:\\\/\\\/www.copealcoy.es\\\/es\\\/la-cabalgata-de-alcoy-llego-a-los-225-000-espectadores\\\/\"},\"wordCount\":309,\"commentCount\":0,\"image\":{\"@id\":\"https:\\\/\\\/www.copealcoy.es\\\/es\\\/la-cabalgata-de-alcoy-llego-a-los-225-000-espectadores\\\/#primaryimage\"},\"thumbnailUrl\":\"https:\\\/\\\/www.copealcoy.es\\\/wp-content\\\/uploads\\\/2016\\\/01\\\/image8.jpeg\",\"keywords\":[\"Alcoy\",\"Cabalgata\",\"Nadal Alcoi\u00e0\",\"Navidad\",\"Televisi\u00f3n\"],\"articleSection\":[\"Alcoy\",\"Fiesta y Cultura\",\"Noticias\"],\"inLanguage\":\"es\"},{\"@type\":\"WebPage\",\"@id\":\"https:\\\/\\\/www.copealcoy.es\\\/es\\\/la-cabalgata-de-alcoy-llego-a-los-225-000-espectadores\\\/\",\"url\":\"https:\\\/\\\/www.copealcoy.es\\\/es\\\/la-cabalgata-de-alcoy-llego-a-los-225-000-espectadores\\\/\",\"name\":\"La Cabalgata de Alcoy lleg\u00f3 a los 225.000 espectadores - COPE Alcoy\",\"isPartOf\":{\"@id\":\"https:\\\/\\\/www.copealcoy.es\\\/es\\\/#website\"},\"primaryImageOfPage\":{\"@id\":\"https:\\\/\\\/www.copealcoy.es\\\/es\\\/la-cabalgata-de-alcoy-llego-a-los-225-000-espectadores\\\/#primaryimage\"},\"image\":{\"@id\":\"https:\\\/\\\/www.copealcoy.es\\\/es\\\/la-cabalgata-de-alcoy-llego-a-los-225-000-espectadores\\\/#primaryimage\"},\"thumbnailUrl\":\"https:\\\/\\\/www.copealcoy.es\\\/wp-content\\\/uploads\\\/2016\\\/01\\\/image8.jpeg\",\"datePublished\":\"2016-01-10T09:29:58+00:00\",\"dateModified\":\"2016-03-05T12:54:20+00:00\",\"author\":{\"@id\":\"https:\\\/\\\/www.copealcoy.es\\\/es\\\/#\\\/schema\\\/person\\\/e777c87fa024e57d40170af9df39882c\"},\"breadcrumb\":{\"@id\":\"https:\\\/\\\/www.copealcoy.es\\\/es\\\/la-cabalgata-de-alcoy-llego-a-los-225-000-espectadores\\\/#breadcrumb\"},\"inLanguage\":\"es\",\"potentialAction\":[{\"@type\":\"ReadAction\",\"target\":[\"https:\\\/\\\/www.copealcoy.es\\\/es\\\/la-cabalgata-de-alcoy-llego-a-los-225-000-espectadores\\\/\"]}]},{\"@type\":\"ImageObject\",\"inLanguage\":\"es\",\"@id\":\"https:\\\/\\\/www.copealcoy.es\\\/es\\\/la-cabalgata-de-alcoy-llego-a-los-225-000-espectadores\\\/#primaryimage\",\"url\":\"https:\\\/\\\/www.copealcoy.es\\\/wp-content\\\/uploads\\\/2016\\\/01\\\/image8.jpeg\",\"contentUrl\":\"https:\\\/\\\/www.copealcoy.es\\\/wp-content\\\/uploads\\\/2016\\\/01\\\/image8.jpeg\",\"width\":1243,\"height\":703,\"caption\":\"La Adoraci\u00f3n es uno de los momentos \u00e1lgidos del desfile \\\/ Foto: La Traca\"},{\"@type\":\"BreadcrumbList\",\"@id\":\"https:\\\/\\\/www.copealcoy.es\\\/es\\\/la-cabalgata-de-alcoy-llego-a-los-225-000-espectadores\\\/#breadcrumb\",\"itemListElement\":[{\"@type\":\"ListItem\",\"position\":1,\"name\":\"Portada\",\"item\":\"https:\\\/\\\/www.copealcoy.es\\\/es\\\/\"},{\"@type\":\"ListItem\",\"position\":2,\"name\":\"La Cabalgata de Alcoy lleg\u00f3 a los 225.000 espectadores\"}]},{\"@type\":\"WebSite\",\"@id\":\"https:\\\/\\\/www.copealcoy.es\\\/es\\\/#website\",\"url\":\"https:\\\/\\\/www.copealcoy.es\\\/es\\\/\",\"name\":\"COPE Alcoy\",\"description\":\"Emisora COPE de radio local con emisi\u00f3n online. Pont de Sant Jordi 8-10 03803 Alcoy\",\"potentialAction\":[{\"@type\":\"SearchAction\",\"target\":{\"@type\":\"EntryPoint\",\"urlTemplate\":\"https:\\\/\\\/www.copealcoy.es\\\/es\\\/?s={search_term_string}\"},\"query-input\":{\"@type\":\"PropertyValueSpecification\",\"valueRequired\":true,\"valueName\":\"search_term_string\"}}],\"inLanguage\":\"es\"},{\"@type\":\"Person\",\"@id\":\"https:\\\/\\\/www.copealcoy.es\\\/es\\\/#\\\/schema\\\/person\\\/e777c87fa024e57d40170af9df39882c\",\"name\":\"Cope Alcoy\",\"image\":{\"@type\":\"ImageObject\",\"inLanguage\":\"es\",\"@id\":\"https:\\\/\\\/secure.gravatar.com\\\/avatar\\\/bb65d0283347e303893ba14f0692005417c1e0e690a325a4c5d8bb2b3943ee14?s=96&d=mm&r=g\",\"url\":\"https:\\\/\\\/secure.gravatar.com\\\/avatar\\\/bb65d0283347e303893ba14f0692005417c1e0e690a325a4c5d8bb2b3943ee14?s=96&d=mm&r=g\",\"contentUrl\":\"https:\\\/\\\/secure.gravatar.com\\\/avatar\\\/bb65d0283347e303893ba14f0692005417c1e0e690a325a4c5d8bb2b3943ee14?s=96&d=mm&r=g\",\"caption\":\"Cope Alcoy\"}}]}<\/script>\n<!-- \/ Yoast SEO plugin. -->","yoast_head_json":{"title":"La Cabalgata de Alcoy lleg\u00f3 a los 225.000 espectadores - COPE Alcoy","robots":{"index":"index","follow":"follow","max-snippet":"max-snippet:-1","max-image-preview":"max-image-preview:large","max-video-preview":"max-video-preview:-1"},"canonical":"https:\/\/www.copealcoy.es\/es\/la-cabalgata-de-alcoy-llego-a-los-225-000-espectadores\/","og_locale":"es_ES","og_type":"article","og_title":"La Cabalgata de Alcoy lleg\u00f3 a los 225.000 espectadores - COPE Alcoy","og_description":"La Cabalgata de los Reyes Magos de Alcoy lleg\u00f3 el pasado martes cinco de enero a los 225.000 espectadores gracias...","og_url":"https:\/\/www.copealcoy.es\/es\/la-cabalgata-de-alcoy-llego-a-los-225-000-espectadores\/","og_site_name":"COPE Alcoy","article_published_time":"2016-01-10T09:29:58+00:00","article_modified_time":"2016-03-05T12:54:20+00:00","og_image":[{"width":1243,"height":703,"url":"https:\/\/www.copealcoy.es\/wp-content\/uploads\/2016\/01\/image8.jpeg","type":"image\/jpeg"}],"author":"Cope Alcoy","twitter_misc":{"Escrito por":"Cope Alcoy","Tiempo de lectura":"2 minutos"},"schema":{"@context":"https:\/\/schema.org","@graph":[{"@type":"Article","@id":"https:\/\/www.copealcoy.es\/es\/la-cabalgata-de-alcoy-llego-a-los-225-000-espectadores\/#article","isPartOf":{"@id":"https:\/\/www.copealcoy.es\/es\/la-cabalgata-de-alcoy-llego-a-los-225-000-espectadores\/"},"author":{"name":"Cope Alcoy","@id":"https:\/\/www.copealcoy.es\/es\/#\/schema\/person\/e777c87fa024e57d40170af9df39882c"},"headline":"La Cabalgata de Alcoy lleg\u00f3 a los 225.000 espectadores","datePublished":"2016-01-10T09:29:58+00:00","dateModified":"2016-03-05T12:54:20+00:00","mainEntityOfPage":{"@id":"https:\/\/www.copealcoy.es\/es\/la-cabalgata-de-alcoy-llego-a-los-225-000-espectadores\/"},"wordCount":309,"commentCount":0,"image":{"@id":"https:\/\/www.copealcoy.es\/es\/la-cabalgata-de-alcoy-llego-a-los-225-000-espectadores\/#primaryimage"},"thumbnailUrl":"https:\/\/www.copealcoy.es\/wp-content\/uploads\/2016\/01\/image8.jpeg","keywords":["Alcoy","Cabalgata","Nadal Alcoi\u00e0","Navidad","Televisi\u00f3n"],"articleSection":["Alcoy","Fiesta y Cultura","Noticias"],"inLanguage":"es"},{"@type":"WebPage","@id":"https:\/\/www.copealcoy.es\/es\/la-cabalgata-de-alcoy-llego-a-los-225-000-espectadores\/","url":"https:\/\/www.copealcoy.es\/es\/la-cabalgata-de-alcoy-llego-a-los-225-000-espectadores\/","name":"La Cabalgata de Alcoy lleg\u00f3 a los 225.000 espectadores - COPE Alcoy","isPartOf":{"@id":"https:\/\/www.copealcoy.es\/es\/#website"},"primaryImageOfPage":{"@id":"https:\/\/www.copealcoy.es\/es\/la-cabalgata-de-alcoy-llego-a-los-225-000-espectadores\/#primaryimage"},"image":{"@id":"https:\/\/www.copealcoy.es\/es\/la-cabalgata-de-alcoy-llego-a-los-225-000-espectadores\/#primaryimage"},"thumbnailUrl":"https:\/\/www.copealcoy.es\/wp-content\/uploads\/2016\/01\/image8.jpeg","datePublished":"2016-01-10T09:29:58+00:00","dateModified":"2016-03-05T12:54:20+00:00","author":{"@id":"https:\/\/www.copealcoy.es\/es\/#\/schema\/person\/e777c87fa024e57d40170af9df39882c"},"breadcrumb":{"@id":"https:\/\/www.copealcoy.es\/es\/la-cabalgata-de-alcoy-llego-a-los-225-000-espectadores\/#breadcrumb"},"inLanguage":"es","potentialAction":[{"@type":"ReadAction","target":["https:\/\/www.copealcoy.es\/es\/la-cabalgata-de-alcoy-llego-a-los-225-000-espectadores\/"]}]},{"@type":"ImageObject","inLanguage":"es","@id":"https:\/\/www.copealcoy.es\/es\/la-cabalgata-de-alcoy-llego-a-los-225-000-espectadores\/#primaryimage","url":"https:\/\/www.copealcoy.es\/wp-content\/uploads\/2016\/01\/image8.jpeg","contentUrl":"https:\/\/www.copealcoy.es\/wp-content\/uploads\/2016\/01\/image8.jpeg","width":1243,"height":703,"caption":"La Adoraci\u00f3n es uno de los momentos \u00e1lgidos del desfile \/ Foto: La Traca"},{"@type":"BreadcrumbList","@id":"https:\/\/www.copealcoy.es\/es\/la-cabalgata-de-alcoy-llego-a-los-225-000-espectadores\/#breadcrumb","itemListElement":[{"@type":"ListItem","position":1,"name":"Portada","item":"https:\/\/www.copealcoy.es\/es\/"},{"@type":"ListItem","position":2,"name":"La Cabalgata de Alcoy lleg\u00f3 a los 225.000 espectadores"}]},{"@type":"WebSite","@id":"https:\/\/www.copealcoy.es\/es\/#website","url":"https:\/\/www.copealcoy.es\/es\/","name":"COPE Alcoy","description":"Emisora COPE de radio local con emisi\u00f3n online. Pont de Sant Jordi 8-10 03803 Alcoy","potentialAction":[{"@type":"SearchAction","target":{"@type":"EntryPoint","urlTemplate":"https:\/\/www.copealcoy.es\/es\/?s={search_term_string}"},"query-input":{"@type":"PropertyValueSpecification","valueRequired":true,"valueName":"search_term_string"}}],"inLanguage":"es"},{"@type":"Person","@id":"https:\/\/www.copealcoy.es\/es\/#\/schema\/person\/e777c87fa024e57d40170af9df39882c","name":"Cope Alcoy","image":{"@type":"ImageObject","inLanguage":"es","@id":"https:\/\/secure.gravatar.com\/avatar\/bb65d0283347e303893ba14f0692005417c1e0e690a325a4c5d8bb2b3943ee14?s=96&d=mm&r=g","url":"https:\/\/secure.gravatar.com\/avatar\/bb65d0283347e303893ba14f0692005417c1e0e690a325a4c5d8bb2b3943ee14?s=96&d=mm&r=g","contentUrl":"https:\/\/secure.gravatar.com\/avatar\/bb65d0283347e303893ba14f0692005417c1e0e690a325a4c5d8bb2b3943ee14?s=96&d=mm&r=g","caption":"Cope Alcoy"}}]}},"_links":{"self":[{"href":"https:\/\/www.copealcoy.es\/es\/wp-json\/wp\/v2\/posts\/18103","targetHints":{"allow":["GET"]}}],"collection":[{"href":"https:\/\/www.copealcoy.es\/es\/wp-json\/wp\/v2\/posts"}],"about":[{"href":"https:\/\/www.copealcoy.es\/es\/wp-json\/wp\/v2\/types\/post"}],"author":[{"embeddable":true,"href":"https:\/\/www.copealcoy.es\/es\/wp-json\/wp\/v2\/users\/1"}],"replies":[{"embeddable":true,"href":"https:\/\/www.copealcoy.es\/es\/wp-json\/wp\/v2\/comments?post=18103"}],"version-history":[{"count":0,"href":"https:\/\/www.copealcoy.es\/es\/wp-json\/wp\/v2\/posts\/18103\/revisions"}],"wp:featuredmedia":[{"embeddable":true,"href":"https:\/\/www.copealcoy.es\/es\/wp-json\/wp\/v2\/media\/18044"}],"wp:attachment":[{"href":"https:\/\/www.copealcoy.es\/es\/wp-json\/wp\/v2\/media?parent=18103"}],"wp:term":[{"taxonomy":"category","embeddable":true,"href":"https:\/\/www.copealcoy.es\/es\/wp-json\/wp\/v2\/categories?post=18103"},{"taxonomy":"post_tag","embeddable":true,"href":"https:\/\/www.copealcoy.es\/es\/wp-json\/wp\/v2\/tags?post=18103"}],"curies":[{"name":"wp","href":"https:\/\/api.w.org\/{rel}","templated":true}]}}