{"id":18065,"date":"2016-01-07T15:21:56","date_gmt":"2016-01-07T15:21:56","guid":{"rendered":"http:\/\/copealcoi.es\/new\/?p=18065"},"modified":"2016-01-07T15:21:56","modified_gmt":"2016-01-07T15:21:56","slug":"los-comerciantes-afrontan-con-optimismo-las-rebajas-de-invierno","status":"publish","type":"post","link":"https:\/\/www.copealcoy.es\/es\/los-comerciantes-afrontan-con-optimismo-las-rebajas-de-invierno\/","title":{"rendered":"Los comerciantes afrontan con optimismo las Rebajas de Invierno"},"content":{"rendered":"<p style=\"text-align: justify;\">La campa\u00f1a de Rebajas de Invierno ha abierto de forma oficial sus puertas en este jueves 7 de enero aunque algunos establecimientos se adelantaron y ya empezaron a ofrecer importantes descuentos antes de acabar la cita comercial navide\u00f1a. Los comerciantes de Alcoy esperan que las ventas vayan a buen ritmo de cara a los pr\u00f3ximos d\u00edas y conf\u00edan en que estas se incrementen entre un 15% y un 20% seg\u00fan ha explicado hoy en La Ma\u00f1ana de Cope Alcoy, Rafael P\u00e9rez, Presidente de la Asociaci\u00f3n ACECA &#8220;el estudio de la Confederaci\u00f3n Valenciana de Comercio es muy optimista y nos revela que se podr\u00edan gastar por persona una media de entre 70 y 100 euros&#8221;, comenta. Adem\u00e1s P\u00e9rez explica que estas Rebajas tienen mayor incidencia en el textil &#8220;son muchos los que aprovechan para adquirir prendas de abrigo de cara al invierno por eso en estos establecimientos se van a aplicar ofertas que pueden superar el 50% de descuento&#8221;, matiza.<\/p>\n<p style=\"text-align: justify;\">Desde la Federaci\u00f3n Alcoy Comercial su presidenta, Mar\u00eda Jos\u00e9 Franc\u00e9s, tambi\u00e9n asegura que las Rebajas ser\u00e1n mejores que en a\u00f1os anteriores en base a los resultados de la campa\u00f1a de Navidad &#8220;para estas fiestas que hemos pasado\u00a0y los Reyes el ritmo de ventas ha ido fenomenal lo que demuestra que la situaci\u00f3n econ\u00f3mica ha mejorado con respecto a la \u00e9poca m\u00e1s dura de la crisis. Ahora esperamos mantener este ritmo y las previsiones son muy buenas&#8221;, ha detallado en La Ma\u00f1ana en Alcoy.<\/p>\n<p style=\"text-align: justify;\">Finalmente los comercios de la comarca tambi\u00e9n esperan buenos resultados en la campa\u00f1a de Rebajas como en el caso de Cocentaina. All\u00ed en la Villa Condal tambi\u00e9n se\u00f1alan que las compras se han incrementado esta pasada Navidad con respecto a los \u00faltimos a\u00f1os y detallan que los comercios desde hoy empiezan a aplicar importantes descuentos &#8220;depende de cada establecimiento pero podemos encontrar\u00a0reducciones del 20-21% o m\u00e1s y aunque el textil suele ser lo m\u00e1s buscado tambi\u00e9n hay muchos compradores que consiguen art\u00edculos de hogar, electrodom\u00e9sticos o jardiner\u00eda&#8221;, explica Nuria Fenollar, presidenta de la Asociaci\u00f3n de Comercio El Comtat.<\/p>\n<p style=\"text-align: justify;\">Las Rebajas de Invierno han empezado a principios de este mes de enero y se alargar\u00e1n hasta finales de febrero e incluso en algunos comercios o grandes superficies hasta la primera semana se marzo con lo que se conoce como segundas y hasta terceras Rebajas.<\/p>\n","protected":false},"excerpt":{"rendered":"<p>La campa\u00f1a de Rebajas de Invierno ha abierto de forma oficial sus puertas en este jueves 7 de enero aunque&#8230;<\/p>\n","protected":false},"author":1,"featured_media":18066,"comment_status":"open","ping_status":"open","sticky":false,"template":"","format":"standard","meta":{"footnotes":""},"categories":[97,75,125],"tags":[1494,467,390,511],"class_list":["post-18065","post","type-post","status-publish","format-standard","has-post-thumbnail","hentry","category-alcoy","category-noticias","category-portada","tag-alcoy","tag-comercio","tag-economia","tag-rebajas"],"yoast_head":"<!-- This site is optimized with the Yoast SEO plugin v27.3 - https:\/\/yoast.com\/product\/yoast-seo-wordpress\/ -->\n<title>Los comerciantes afrontan con optimismo las Rebajas de Invierno - COPE Alcoy<\/title>\n<meta name=\"robots\" content=\"index, follow, max-snippet:-1, max-image-preview:large, max-video-preview:-1\" \/>\n<link rel=\"canonical\" href=\"https:\/\/www.copealcoy.es\/es\/los-comerciantes-afrontan-con-optimismo-las-rebajas-de-invierno\/\" \/>\n<meta property=\"og:locale\" content=\"es_ES\" \/>\n<meta property=\"og:type\" content=\"article\" \/>\n<meta property=\"og:title\" content=\"Los comerciantes afrontan con optimismo las Rebajas de Invierno - COPE Alcoy\" \/>\n<meta property=\"og:description\" content=\"La campa\u00f1a de Rebajas de Invierno ha abierto de forma oficial sus puertas en este jueves 7 de enero aunque...\" \/>\n<meta property=\"og:url\" content=\"https:\/\/www.copealcoy.es\/es\/los-comerciantes-afrontan-con-optimismo-las-rebajas-de-invierno\/\" \/>\n<meta property=\"og:site_name\" content=\"COPE Alcoy\" \/>\n<meta property=\"article:published_time\" content=\"2016-01-07T15:21:56+00:00\" \/>\n<meta property=\"og:image\" content=\"https:\/\/www.copealcoy.es\/wp-content\/uploads\/2016\/01\/10405511_768293183314169_7298760325734992333_n.jpg\" \/>\n\t<meta property=\"og:image:width\" content=\"960\" \/>\n\t<meta property=\"og:image:height\" content=\"720\" \/>\n\t<meta property=\"og:image:type\" content=\"image\/jpeg\" \/>\n<meta name=\"author\" content=\"Cope Alcoy\" \/>\n<meta name=\"twitter:label1\" content=\"Escrito por\" \/>\n\t<meta name=\"twitter:data1\" content=\"Cope Alcoy\" \/>\n\t<meta name=\"twitter:label2\" content=\"Tiempo de lectura\" \/>\n\t<meta name=\"twitter:data2\" content=\"2 minutos\" \/>\n<script type=\"application\/ld+json\" class=\"yoast-schema-graph\">{\"@context\":\"https:\\\/\\\/schema.org\",\"@graph\":[{\"@type\":\"Article\",\"@id\":\"https:\\\/\\\/www.copealcoy.es\\\/es\\\/los-comerciantes-afrontan-con-optimismo-las-rebajas-de-invierno\\\/#article\",\"isPartOf\":{\"@id\":\"https:\\\/\\\/www.copealcoy.es\\\/es\\\/los-comerciantes-afrontan-con-optimismo-las-rebajas-de-invierno\\\/\"},\"author\":{\"name\":\"Cope Alcoy\",\"@id\":\"https:\\\/\\\/www.copealcoy.es\\\/es\\\/#\\\/schema\\\/person\\\/e777c87fa024e57d40170af9df39882c\"},\"headline\":\"Los comerciantes afrontan con optimismo las Rebajas de Invierno\",\"datePublished\":\"2016-01-07T15:21:56+00:00\",\"mainEntityOfPage\":{\"@id\":\"https:\\\/\\\/www.copealcoy.es\\\/es\\\/los-comerciantes-afrontan-con-optimismo-las-rebajas-de-invierno\\\/\"},\"wordCount\":427,\"commentCount\":0,\"image\":{\"@id\":\"https:\\\/\\\/www.copealcoy.es\\\/es\\\/los-comerciantes-afrontan-con-optimismo-las-rebajas-de-invierno\\\/#primaryimage\"},\"thumbnailUrl\":\"https:\\\/\\\/www.copealcoy.es\\\/wp-content\\\/uploads\\\/2016\\\/01\\\/10405511_768293183314169_7298760325734992333_n.jpg\",\"keywords\":[\"Alcoy\",\"Comercio\",\"Econom\u00eda\",\"Rebajas\"],\"articleSection\":[\"Alcoy\",\"Noticias\",\"Portada\"],\"inLanguage\":\"es\"},{\"@type\":\"WebPage\",\"@id\":\"https:\\\/\\\/www.copealcoy.es\\\/es\\\/los-comerciantes-afrontan-con-optimismo-las-rebajas-de-invierno\\\/\",\"url\":\"https:\\\/\\\/www.copealcoy.es\\\/es\\\/los-comerciantes-afrontan-con-optimismo-las-rebajas-de-invierno\\\/\",\"name\":\"Los comerciantes afrontan con optimismo las Rebajas de Invierno - COPE Alcoy\",\"isPartOf\":{\"@id\":\"https:\\\/\\\/www.copealcoy.es\\\/es\\\/#website\"},\"primaryImageOfPage\":{\"@id\":\"https:\\\/\\\/www.copealcoy.es\\\/es\\\/los-comerciantes-afrontan-con-optimismo-las-rebajas-de-invierno\\\/#primaryimage\"},\"image\":{\"@id\":\"https:\\\/\\\/www.copealcoy.es\\\/es\\\/los-comerciantes-afrontan-con-optimismo-las-rebajas-de-invierno\\\/#primaryimage\"},\"thumbnailUrl\":\"https:\\\/\\\/www.copealcoy.es\\\/wp-content\\\/uploads\\\/2016\\\/01\\\/10405511_768293183314169_7298760325734992333_n.jpg\",\"datePublished\":\"2016-01-07T15:21:56+00:00\",\"author\":{\"@id\":\"https:\\\/\\\/www.copealcoy.es\\\/es\\\/#\\\/schema\\\/person\\\/e777c87fa024e57d40170af9df39882c\"},\"breadcrumb\":{\"@id\":\"https:\\\/\\\/www.copealcoy.es\\\/es\\\/los-comerciantes-afrontan-con-optimismo-las-rebajas-de-invierno\\\/#breadcrumb\"},\"inLanguage\":\"es\",\"potentialAction\":[{\"@type\":\"ReadAction\",\"target\":[\"https:\\\/\\\/www.copealcoy.es\\\/es\\\/los-comerciantes-afrontan-con-optimismo-las-rebajas-de-invierno\\\/\"]}]},{\"@type\":\"ImageObject\",\"inLanguage\":\"es\",\"@id\":\"https:\\\/\\\/www.copealcoy.es\\\/es\\\/los-comerciantes-afrontan-con-optimismo-las-rebajas-de-invierno\\\/#primaryimage\",\"url\":\"https:\\\/\\\/www.copealcoy.es\\\/wp-content\\\/uploads\\\/2016\\\/01\\\/10405511_768293183314169_7298760325734992333_n.jpg\",\"contentUrl\":\"https:\\\/\\\/www.copealcoy.es\\\/wp-content\\\/uploads\\\/2016\\\/01\\\/10405511_768293183314169_7298760325734992333_n.jpg\",\"width\":960,\"height\":720,\"caption\":\"Los comercios de Alcoy ya lucen los carteles de Rebajas\"},{\"@type\":\"BreadcrumbList\",\"@id\":\"https:\\\/\\\/www.copealcoy.es\\\/es\\\/los-comerciantes-afrontan-con-optimismo-las-rebajas-de-invierno\\\/#breadcrumb\",\"itemListElement\":[{\"@type\":\"ListItem\",\"position\":1,\"name\":\"Portada\",\"item\":\"https:\\\/\\\/www.copealcoy.es\\\/es\\\/\"},{\"@type\":\"ListItem\",\"position\":2,\"name\":\"Los comerciantes afrontan con optimismo las Rebajas de Invierno\"}]},{\"@type\":\"WebSite\",\"@id\":\"https:\\\/\\\/www.copealcoy.es\\\/es\\\/#website\",\"url\":\"https:\\\/\\\/www.copealcoy.es\\\/es\\\/\",\"name\":\"COPE Alcoy\",\"description\":\"Emisora COPE de radio local con emisi\u00f3n online. Pont de Sant Jordi 8-10 03803 Alcoy\",\"potentialAction\":[{\"@type\":\"SearchAction\",\"target\":{\"@type\":\"EntryPoint\",\"urlTemplate\":\"https:\\\/\\\/www.copealcoy.es\\\/es\\\/?s={search_term_string}\"},\"query-input\":{\"@type\":\"PropertyValueSpecification\",\"valueRequired\":true,\"valueName\":\"search_term_string\"}}],\"inLanguage\":\"es\"},{\"@type\":\"Person\",\"@id\":\"https:\\\/\\\/www.copealcoy.es\\\/es\\\/#\\\/schema\\\/person\\\/e777c87fa024e57d40170af9df39882c\",\"name\":\"Cope Alcoy\",\"image\":{\"@type\":\"ImageObject\",\"inLanguage\":\"es\",\"@id\":\"https:\\\/\\\/secure.gravatar.com\\\/avatar\\\/bb65d0283347e303893ba14f0692005417c1e0e690a325a4c5d8bb2b3943ee14?s=96&d=mm&r=g\",\"url\":\"https:\\\/\\\/secure.gravatar.com\\\/avatar\\\/bb65d0283347e303893ba14f0692005417c1e0e690a325a4c5d8bb2b3943ee14?s=96&d=mm&r=g\",\"contentUrl\":\"https:\\\/\\\/secure.gravatar.com\\\/avatar\\\/bb65d0283347e303893ba14f0692005417c1e0e690a325a4c5d8bb2b3943ee14?s=96&d=mm&r=g\",\"caption\":\"Cope Alcoy\"}}]}<\/script>\n<!-- \/ Yoast SEO plugin. -->","yoast_head_json":{"title":"Los comerciantes afrontan con optimismo las Rebajas de Invierno - COPE Alcoy","robots":{"index":"index","follow":"follow","max-snippet":"max-snippet:-1","max-image-preview":"max-image-preview:large","max-video-preview":"max-video-preview:-1"},"canonical":"https:\/\/www.copealcoy.es\/es\/los-comerciantes-afrontan-con-optimismo-las-rebajas-de-invierno\/","og_locale":"es_ES","og_type":"article","og_title":"Los comerciantes afrontan con optimismo las Rebajas de Invierno - COPE Alcoy","og_description":"La campa\u00f1a de Rebajas de Invierno ha abierto de forma oficial sus puertas en este jueves 7 de enero aunque...","og_url":"https:\/\/www.copealcoy.es\/es\/los-comerciantes-afrontan-con-optimismo-las-rebajas-de-invierno\/","og_site_name":"COPE Alcoy","article_published_time":"2016-01-07T15:21:56+00:00","og_image":[{"width":960,"height":720,"url":"https:\/\/www.copealcoy.es\/wp-content\/uploads\/2016\/01\/10405511_768293183314169_7298760325734992333_n.jpg","type":"image\/jpeg"}],"author":"Cope Alcoy","twitter_misc":{"Escrito por":"Cope Alcoy","Tiempo de lectura":"2 minutos"},"schema":{"@context":"https:\/\/schema.org","@graph":[{"@type":"Article","@id":"https:\/\/www.copealcoy.es\/es\/los-comerciantes-afrontan-con-optimismo-las-rebajas-de-invierno\/#article","isPartOf":{"@id":"https:\/\/www.copealcoy.es\/es\/los-comerciantes-afrontan-con-optimismo-las-rebajas-de-invierno\/"},"author":{"name":"Cope Alcoy","@id":"https:\/\/www.copealcoy.es\/es\/#\/schema\/person\/e777c87fa024e57d40170af9df39882c"},"headline":"Los comerciantes afrontan con optimismo las Rebajas de Invierno","datePublished":"2016-01-07T15:21:56+00:00","mainEntityOfPage":{"@id":"https:\/\/www.copealcoy.es\/es\/los-comerciantes-afrontan-con-optimismo-las-rebajas-de-invierno\/"},"wordCount":427,"commentCount":0,"image":{"@id":"https:\/\/www.copealcoy.es\/es\/los-comerciantes-afrontan-con-optimismo-las-rebajas-de-invierno\/#primaryimage"},"thumbnailUrl":"https:\/\/www.copealcoy.es\/wp-content\/uploads\/2016\/01\/10405511_768293183314169_7298760325734992333_n.jpg","keywords":["Alcoy","Comercio","Econom\u00eda","Rebajas"],"articleSection":["Alcoy","Noticias","Portada"],"inLanguage":"es"},{"@type":"WebPage","@id":"https:\/\/www.copealcoy.es\/es\/los-comerciantes-afrontan-con-optimismo-las-rebajas-de-invierno\/","url":"https:\/\/www.copealcoy.es\/es\/los-comerciantes-afrontan-con-optimismo-las-rebajas-de-invierno\/","name":"Los comerciantes afrontan con optimismo las Rebajas de Invierno - COPE Alcoy","isPartOf":{"@id":"https:\/\/www.copealcoy.es\/es\/#website"},"primaryImageOfPage":{"@id":"https:\/\/www.copealcoy.es\/es\/los-comerciantes-afrontan-con-optimismo-las-rebajas-de-invierno\/#primaryimage"},"image":{"@id":"https:\/\/www.copealcoy.es\/es\/los-comerciantes-afrontan-con-optimismo-las-rebajas-de-invierno\/#primaryimage"},"thumbnailUrl":"https:\/\/www.copealcoy.es\/wp-content\/uploads\/2016\/01\/10405511_768293183314169_7298760325734992333_n.jpg","datePublished":"2016-01-07T15:21:56+00:00","author":{"@id":"https:\/\/www.copealcoy.es\/es\/#\/schema\/person\/e777c87fa024e57d40170af9df39882c"},"breadcrumb":{"@id":"https:\/\/www.copealcoy.es\/es\/los-comerciantes-afrontan-con-optimismo-las-rebajas-de-invierno\/#breadcrumb"},"inLanguage":"es","potentialAction":[{"@type":"ReadAction","target":["https:\/\/www.copealcoy.es\/es\/los-comerciantes-afrontan-con-optimismo-las-rebajas-de-invierno\/"]}]},{"@type":"ImageObject","inLanguage":"es","@id":"https:\/\/www.copealcoy.es\/es\/los-comerciantes-afrontan-con-optimismo-las-rebajas-de-invierno\/#primaryimage","url":"https:\/\/www.copealcoy.es\/wp-content\/uploads\/2016\/01\/10405511_768293183314169_7298760325734992333_n.jpg","contentUrl":"https:\/\/www.copealcoy.es\/wp-content\/uploads\/2016\/01\/10405511_768293183314169_7298760325734992333_n.jpg","width":960,"height":720,"caption":"Los comercios de Alcoy ya lucen los carteles de Rebajas"},{"@type":"BreadcrumbList","@id":"https:\/\/www.copealcoy.es\/es\/los-comerciantes-afrontan-con-optimismo-las-rebajas-de-invierno\/#breadcrumb","itemListElement":[{"@type":"ListItem","position":1,"name":"Portada","item":"https:\/\/www.copealcoy.es\/es\/"},{"@type":"ListItem","position":2,"name":"Los comerciantes afrontan con optimismo las Rebajas de Invierno"}]},{"@type":"WebSite","@id":"https:\/\/www.copealcoy.es\/es\/#website","url":"https:\/\/www.copealcoy.es\/es\/","name":"COPE Alcoy","description":"Emisora COPE de radio local con emisi\u00f3n online. Pont de Sant Jordi 8-10 03803 Alcoy","potentialAction":[{"@type":"SearchAction","target":{"@type":"EntryPoint","urlTemplate":"https:\/\/www.copealcoy.es\/es\/?s={search_term_string}"},"query-input":{"@type":"PropertyValueSpecification","valueRequired":true,"valueName":"search_term_string"}}],"inLanguage":"es"},{"@type":"Person","@id":"https:\/\/www.copealcoy.es\/es\/#\/schema\/person\/e777c87fa024e57d40170af9df39882c","name":"Cope Alcoy","image":{"@type":"ImageObject","inLanguage":"es","@id":"https:\/\/secure.gravatar.com\/avatar\/bb65d0283347e303893ba14f0692005417c1e0e690a325a4c5d8bb2b3943ee14?s=96&d=mm&r=g","url":"https:\/\/secure.gravatar.com\/avatar\/bb65d0283347e303893ba14f0692005417c1e0e690a325a4c5d8bb2b3943ee14?s=96&d=mm&r=g","contentUrl":"https:\/\/secure.gravatar.com\/avatar\/bb65d0283347e303893ba14f0692005417c1e0e690a325a4c5d8bb2b3943ee14?s=96&d=mm&r=g","caption":"Cope Alcoy"}}]}},"_links":{"self":[{"href":"https:\/\/www.copealcoy.es\/es\/wp-json\/wp\/v2\/posts\/18065","targetHints":{"allow":["GET"]}}],"collection":[{"href":"https:\/\/www.copealcoy.es\/es\/wp-json\/wp\/v2\/posts"}],"about":[{"href":"https:\/\/www.copealcoy.es\/es\/wp-json\/wp\/v2\/types\/post"}],"author":[{"embeddable":true,"href":"https:\/\/www.copealcoy.es\/es\/wp-json\/wp\/v2\/users\/1"}],"replies":[{"embeddable":true,"href":"https:\/\/www.copealcoy.es\/es\/wp-json\/wp\/v2\/comments?post=18065"}],"version-history":[{"count":0,"href":"https:\/\/www.copealcoy.es\/es\/wp-json\/wp\/v2\/posts\/18065\/revisions"}],"wp:featuredmedia":[{"embeddable":true,"href":"https:\/\/www.copealcoy.es\/es\/wp-json\/wp\/v2\/media\/18066"}],"wp:attachment":[{"href":"https:\/\/www.copealcoy.es\/es\/wp-json\/wp\/v2\/media?parent=18065"}],"wp:term":[{"taxonomy":"category","embeddable":true,"href":"https:\/\/www.copealcoy.es\/es\/wp-json\/wp\/v2\/categories?post=18065"},{"taxonomy":"post_tag","embeddable":true,"href":"https:\/\/www.copealcoy.es\/es\/wp-json\/wp\/v2\/tags?post=18065"}],"curies":[{"name":"wp","href":"https:\/\/api.w.org\/{rel}","templated":true}]}}