{"id":18013,"date":"2016-01-05T16:31:41","date_gmt":"2016-01-05T16:31:41","guid":{"rendered":"http:\/\/copealcoi.es\/new\/?p=18013"},"modified":"2016-01-05T16:31:41","modified_gmt":"2016-01-05T16:31:41","slug":"la-comarca-espera-a-los-magos-de-oriente","status":"publish","type":"post","link":"https:\/\/www.copealcoy.es\/es\/la-comarca-espera-a-los-magos-de-oriente\/","title":{"rendered":"La comarca espera a los Magos de Oriente"},"content":{"rendered":"<p style=\"text-align: justify;\">Los Reyes Magos y sus acompa\u00f1antes llegar\u00e1n durante esta tarde a la gran mayor\u00eda de municipios de la comarca. En Cocentaina el Paje Real ha acudido a las tres de la tarde\u00a0a las puertas de la Iglesia de Santa Mar\u00eda para recibir a los peque\u00f1os contestanos con el consiguiente reparto de golosinas y dulces en la tradicional <em>Bandeja.\u00a0<\/em>La comitiva para acompa\u00f1ar al Emisario ha partido desde el Pla de la Font y ha recorrido varias calles del casco urbano contestano hasta llegar a la Plaza de la Iglesia. La Cabalgata comenzar\u00e1 a las siete de la tarde,\u00a0tras adoraral Ni\u00f1o Jes\u00fas en el Convento de los Franciscanos, y recorrer\u00e1 el Passeig del Comtat y El Pla donde ante el Palau Comtal tendr\u00e1 lugar la Adoraci\u00f3n a la Sagrada Familia Viviente.<\/p>\n<p style=\"text-align: justify;\">En Muro la Cabalgata partir\u00e1 a las seis y media de la tarde despu\u00e9s del disparo de un castillo de fuegos artificiales en las inmediaciones de Ermita de Sant Antoni y estar\u00e1 organizada por el Club Pat\u00ed. Los tres monarcas recorrer\u00e1n las calles en dromedarios y protagonizar\u00e1n un desfile que apuesta por la tradici\u00f3n este a\u00f1o con importantes novedades. Entre ellas que destaca que el acto de la Adoraci\u00f3n se realizar\u00e1 por primera vez en el exterior de la ermita de la Virgen de los Desamparados,\u00a0en la parte superior del lavadero, y no dentro del templo como era habitual hasta el momento.<\/p>\n<p style=\"text-align: justify;\">Tambi\u00e9n recibir\u00e1n a Melchor, Gaspar y Baltasar en l\u00b4Alquer\u00eda d\u00b4Asnar con una Cabalgata que incorporar\u00e1 efectos especiales de la mano del Correfoc Dimonis Rafolins seg\u00fan explica su alcalde, Jaume Pascual, mientras que en Pen\u00e1guila ir\u00e1n acompa\u00f1ados de carros tirados por caballos tal y como apunta el edil de Fiestas, Enrique Brot\u00f3ns. Los Reyes de Oriente har\u00e1n parada de igual forma en pueblos como L\u00b4Orxa, Beniarr\u00e9s, Alcoleja, Millena, Ibi, Castalla, Onil, Banyeres, Planes, Alfafara o Agres con presencia de los pajes que en muchos casos subir\u00e1n a los balcones para entregar los regalos.<\/p>\n","protected":false},"excerpt":{"rendered":"<p>Los Reyes Magos y sus acompa\u00f1antes llegar\u00e1n durante esta tarde a la gran mayor\u00eda de municipios de la comarca. En&#8230;<\/p>\n","protected":false},"author":1,"featured_media":9462,"comment_status":"open","ping_status":"open","sticky":false,"template":"","format":"standard","meta":{"footnotes":""},"categories":[98,75],"tags":[482,368,237,488,447],"class_list":["post-18013","post","type-post","status-publish","format-standard","has-post-thumbnail","hentry","category-comarcas","category-noticias","tag-alcoia","tag-cabalgata","tag-comtat","tag-reyes-magos","tag-tradiciones"],"yoast_head":"<!-- This site is optimized with the Yoast SEO plugin v27.3 - https:\/\/yoast.com\/product\/yoast-seo-wordpress\/ -->\n<title>La comarca espera a los Magos de Oriente - COPE Alcoy<\/title>\n<meta name=\"robots\" content=\"index, follow, max-snippet:-1, max-image-preview:large, max-video-preview:-1\" \/>\n<link rel=\"canonical\" href=\"https:\/\/www.copealcoy.es\/es\/la-comarca-espera-a-los-magos-de-oriente\/\" \/>\n<meta property=\"og:locale\" content=\"es_ES\" \/>\n<meta property=\"og:type\" content=\"article\" \/>\n<meta property=\"og:title\" content=\"La comarca espera a los Magos de Oriente - COPE Alcoy\" \/>\n<meta property=\"og:description\" content=\"Los Reyes Magos y sus acompa\u00f1antes llegar\u00e1n durante esta tarde a la gran mayor\u00eda de municipios de la comarca. En...\" \/>\n<meta property=\"og:url\" content=\"https:\/\/www.copealcoy.es\/es\/la-comarca-espera-a-los-magos-de-oriente\/\" \/>\n<meta property=\"og:site_name\" content=\"COPE Alcoy\" \/>\n<meta property=\"article:published_time\" content=\"2016-01-05T16:31:41+00:00\" \/>\n<meta property=\"og:image\" content=\"https:\/\/www.copealcoy.es\/wp-content\/uploads\/2015\/01\/image18.jpg\" \/>\n\t<meta property=\"og:image:width\" content=\"736\" \/>\n\t<meta property=\"og:image:height\" content=\"421\" \/>\n\t<meta property=\"og:image:type\" content=\"image\/jpeg\" \/>\n<meta name=\"author\" content=\"Cope Alcoy\" \/>\n<meta name=\"twitter:label1\" content=\"Escrito por\" \/>\n\t<meta name=\"twitter:data1\" content=\"Cope Alcoy\" \/>\n\t<meta name=\"twitter:label2\" content=\"Tiempo de lectura\" \/>\n\t<meta name=\"twitter:data2\" content=\"2 minutos\" \/>\n<script type=\"application\/ld+json\" class=\"yoast-schema-graph\">{\"@context\":\"https:\\\/\\\/schema.org\",\"@graph\":[{\"@type\":\"Article\",\"@id\":\"https:\\\/\\\/www.copealcoy.es\\\/es\\\/la-comarca-espera-a-los-magos-de-oriente\\\/#article\",\"isPartOf\":{\"@id\":\"https:\\\/\\\/www.copealcoy.es\\\/es\\\/la-comarca-espera-a-los-magos-de-oriente\\\/\"},\"author\":{\"name\":\"Cope Alcoy\",\"@id\":\"https:\\\/\\\/www.copealcoy.es\\\/es\\\/#\\\/schema\\\/person\\\/e777c87fa024e57d40170af9df39882c\"},\"headline\":\"La comarca espera a los Magos de Oriente\",\"datePublished\":\"2016-01-05T16:31:41+00:00\",\"mainEntityOfPage\":{\"@id\":\"https:\\\/\\\/www.copealcoy.es\\\/es\\\/la-comarca-espera-a-los-magos-de-oriente\\\/\"},\"wordCount\":364,\"commentCount\":0,\"image\":{\"@id\":\"https:\\\/\\\/www.copealcoy.es\\\/es\\\/la-comarca-espera-a-los-magos-de-oriente\\\/#primaryimage\"},\"thumbnailUrl\":\"https:\\\/\\\/www.copealcoy.es\\\/wp-content\\\/uploads\\\/2015\\\/01\\\/image18.jpg\",\"keywords\":[\"Alcoi\u00e0\",\"Cabalgata\",\"Comtat\",\"Reyes Magos\",\"Tradiciones\"],\"articleSection\":[\"Comarcas\",\"Noticias\"],\"inLanguage\":\"es\"},{\"@type\":\"WebPage\",\"@id\":\"https:\\\/\\\/www.copealcoy.es\\\/es\\\/la-comarca-espera-a-los-magos-de-oriente\\\/\",\"url\":\"https:\\\/\\\/www.copealcoy.es\\\/es\\\/la-comarca-espera-a-los-magos-de-oriente\\\/\",\"name\":\"La comarca espera a los Magos de Oriente - COPE Alcoy\",\"isPartOf\":{\"@id\":\"https:\\\/\\\/www.copealcoy.es\\\/es\\\/#website\"},\"primaryImageOfPage\":{\"@id\":\"https:\\\/\\\/www.copealcoy.es\\\/es\\\/la-comarca-espera-a-los-magos-de-oriente\\\/#primaryimage\"},\"image\":{\"@id\":\"https:\\\/\\\/www.copealcoy.es\\\/es\\\/la-comarca-espera-a-los-magos-de-oriente\\\/#primaryimage\"},\"thumbnailUrl\":\"https:\\\/\\\/www.copealcoy.es\\\/wp-content\\\/uploads\\\/2015\\\/01\\\/image18.jpg\",\"datePublished\":\"2016-01-05T16:31:41+00:00\",\"author\":{\"@id\":\"https:\\\/\\\/www.copealcoy.es\\\/es\\\/#\\\/schema\\\/person\\\/e777c87fa024e57d40170af9df39882c\"},\"breadcrumb\":{\"@id\":\"https:\\\/\\\/www.copealcoy.es\\\/es\\\/la-comarca-espera-a-los-magos-de-oriente\\\/#breadcrumb\"},\"inLanguage\":\"es\",\"potentialAction\":[{\"@type\":\"ReadAction\",\"target\":[\"https:\\\/\\\/www.copealcoy.es\\\/es\\\/la-comarca-espera-a-los-magos-de-oriente\\\/\"]}]},{\"@type\":\"ImageObject\",\"inLanguage\":\"es\",\"@id\":\"https:\\\/\\\/www.copealcoy.es\\\/es\\\/la-comarca-espera-a-los-magos-de-oriente\\\/#primaryimage\",\"url\":\"https:\\\/\\\/www.copealcoy.es\\\/wp-content\\\/uploads\\\/2015\\\/01\\\/image18.jpg\",\"contentUrl\":\"https:\\\/\\\/www.copealcoy.es\\\/wp-content\\\/uploads\\\/2015\\\/01\\\/image18.jpg\",\"width\":736,\"height\":421,\"caption\":\"Cabalgata de Reyes en Muro en el 2015\"},{\"@type\":\"BreadcrumbList\",\"@id\":\"https:\\\/\\\/www.copealcoy.es\\\/es\\\/la-comarca-espera-a-los-magos-de-oriente\\\/#breadcrumb\",\"itemListElement\":[{\"@type\":\"ListItem\",\"position\":1,\"name\":\"Portada\",\"item\":\"https:\\\/\\\/www.copealcoy.es\\\/es\\\/\"},{\"@type\":\"ListItem\",\"position\":2,\"name\":\"La comarca espera a los Magos de Oriente\"}]},{\"@type\":\"WebSite\",\"@id\":\"https:\\\/\\\/www.copealcoy.es\\\/es\\\/#website\",\"url\":\"https:\\\/\\\/www.copealcoy.es\\\/es\\\/\",\"name\":\"COPE Alcoy\",\"description\":\"Emisora COPE de radio local con emisi\u00f3n online. Pont de Sant Jordi 8-10 03803 Alcoy\",\"potentialAction\":[{\"@type\":\"SearchAction\",\"target\":{\"@type\":\"EntryPoint\",\"urlTemplate\":\"https:\\\/\\\/www.copealcoy.es\\\/es\\\/?s={search_term_string}\"},\"query-input\":{\"@type\":\"PropertyValueSpecification\",\"valueRequired\":true,\"valueName\":\"search_term_string\"}}],\"inLanguage\":\"es\"},{\"@type\":\"Person\",\"@id\":\"https:\\\/\\\/www.copealcoy.es\\\/es\\\/#\\\/schema\\\/person\\\/e777c87fa024e57d40170af9df39882c\",\"name\":\"Cope Alcoy\",\"image\":{\"@type\":\"ImageObject\",\"inLanguage\":\"es\",\"@id\":\"https:\\\/\\\/secure.gravatar.com\\\/avatar\\\/bb65d0283347e303893ba14f0692005417c1e0e690a325a4c5d8bb2b3943ee14?s=96&d=mm&r=g\",\"url\":\"https:\\\/\\\/secure.gravatar.com\\\/avatar\\\/bb65d0283347e303893ba14f0692005417c1e0e690a325a4c5d8bb2b3943ee14?s=96&d=mm&r=g\",\"contentUrl\":\"https:\\\/\\\/secure.gravatar.com\\\/avatar\\\/bb65d0283347e303893ba14f0692005417c1e0e690a325a4c5d8bb2b3943ee14?s=96&d=mm&r=g\",\"caption\":\"Cope Alcoy\"}}]}<\/script>\n<!-- \/ Yoast SEO plugin. -->","yoast_head_json":{"title":"La comarca espera a los Magos de Oriente - COPE Alcoy","robots":{"index":"index","follow":"follow","max-snippet":"max-snippet:-1","max-image-preview":"max-image-preview:large","max-video-preview":"max-video-preview:-1"},"canonical":"https:\/\/www.copealcoy.es\/es\/la-comarca-espera-a-los-magos-de-oriente\/","og_locale":"es_ES","og_type":"article","og_title":"La comarca espera a los Magos de Oriente - COPE Alcoy","og_description":"Los Reyes Magos y sus acompa\u00f1antes llegar\u00e1n durante esta tarde a la gran mayor\u00eda de municipios de la comarca. En...","og_url":"https:\/\/www.copealcoy.es\/es\/la-comarca-espera-a-los-magos-de-oriente\/","og_site_name":"COPE Alcoy","article_published_time":"2016-01-05T16:31:41+00:00","og_image":[{"width":736,"height":421,"url":"https:\/\/www.copealcoy.es\/wp-content\/uploads\/2015\/01\/image18.jpg","type":"image\/jpeg"}],"author":"Cope Alcoy","twitter_misc":{"Escrito por":"Cope Alcoy","Tiempo de lectura":"2 minutos"},"schema":{"@context":"https:\/\/schema.org","@graph":[{"@type":"Article","@id":"https:\/\/www.copealcoy.es\/es\/la-comarca-espera-a-los-magos-de-oriente\/#article","isPartOf":{"@id":"https:\/\/www.copealcoy.es\/es\/la-comarca-espera-a-los-magos-de-oriente\/"},"author":{"name":"Cope Alcoy","@id":"https:\/\/www.copealcoy.es\/es\/#\/schema\/person\/e777c87fa024e57d40170af9df39882c"},"headline":"La comarca espera a los Magos de Oriente","datePublished":"2016-01-05T16:31:41+00:00","mainEntityOfPage":{"@id":"https:\/\/www.copealcoy.es\/es\/la-comarca-espera-a-los-magos-de-oriente\/"},"wordCount":364,"commentCount":0,"image":{"@id":"https:\/\/www.copealcoy.es\/es\/la-comarca-espera-a-los-magos-de-oriente\/#primaryimage"},"thumbnailUrl":"https:\/\/www.copealcoy.es\/wp-content\/uploads\/2015\/01\/image18.jpg","keywords":["Alcoi\u00e0","Cabalgata","Comtat","Reyes Magos","Tradiciones"],"articleSection":["Comarcas","Noticias"],"inLanguage":"es"},{"@type":"WebPage","@id":"https:\/\/www.copealcoy.es\/es\/la-comarca-espera-a-los-magos-de-oriente\/","url":"https:\/\/www.copealcoy.es\/es\/la-comarca-espera-a-los-magos-de-oriente\/","name":"La comarca espera a los Magos de Oriente - COPE Alcoy","isPartOf":{"@id":"https:\/\/www.copealcoy.es\/es\/#website"},"primaryImageOfPage":{"@id":"https:\/\/www.copealcoy.es\/es\/la-comarca-espera-a-los-magos-de-oriente\/#primaryimage"},"image":{"@id":"https:\/\/www.copealcoy.es\/es\/la-comarca-espera-a-los-magos-de-oriente\/#primaryimage"},"thumbnailUrl":"https:\/\/www.copealcoy.es\/wp-content\/uploads\/2015\/01\/image18.jpg","datePublished":"2016-01-05T16:31:41+00:00","author":{"@id":"https:\/\/www.copealcoy.es\/es\/#\/schema\/person\/e777c87fa024e57d40170af9df39882c"},"breadcrumb":{"@id":"https:\/\/www.copealcoy.es\/es\/la-comarca-espera-a-los-magos-de-oriente\/#breadcrumb"},"inLanguage":"es","potentialAction":[{"@type":"ReadAction","target":["https:\/\/www.copealcoy.es\/es\/la-comarca-espera-a-los-magos-de-oriente\/"]}]},{"@type":"ImageObject","inLanguage":"es","@id":"https:\/\/www.copealcoy.es\/es\/la-comarca-espera-a-los-magos-de-oriente\/#primaryimage","url":"https:\/\/www.copealcoy.es\/wp-content\/uploads\/2015\/01\/image18.jpg","contentUrl":"https:\/\/www.copealcoy.es\/wp-content\/uploads\/2015\/01\/image18.jpg","width":736,"height":421,"caption":"Cabalgata de Reyes en Muro en el 2015"},{"@type":"BreadcrumbList","@id":"https:\/\/www.copealcoy.es\/es\/la-comarca-espera-a-los-magos-de-oriente\/#breadcrumb","itemListElement":[{"@type":"ListItem","position":1,"name":"Portada","item":"https:\/\/www.copealcoy.es\/es\/"},{"@type":"ListItem","position":2,"name":"La comarca espera a los Magos de Oriente"}]},{"@type":"WebSite","@id":"https:\/\/www.copealcoy.es\/es\/#website","url":"https:\/\/www.copealcoy.es\/es\/","name":"COPE Alcoy","description":"Emisora COPE de radio local con emisi\u00f3n online. Pont de Sant Jordi 8-10 03803 Alcoy","potentialAction":[{"@type":"SearchAction","target":{"@type":"EntryPoint","urlTemplate":"https:\/\/www.copealcoy.es\/es\/?s={search_term_string}"},"query-input":{"@type":"PropertyValueSpecification","valueRequired":true,"valueName":"search_term_string"}}],"inLanguage":"es"},{"@type":"Person","@id":"https:\/\/www.copealcoy.es\/es\/#\/schema\/person\/e777c87fa024e57d40170af9df39882c","name":"Cope Alcoy","image":{"@type":"ImageObject","inLanguage":"es","@id":"https:\/\/secure.gravatar.com\/avatar\/bb65d0283347e303893ba14f0692005417c1e0e690a325a4c5d8bb2b3943ee14?s=96&d=mm&r=g","url":"https:\/\/secure.gravatar.com\/avatar\/bb65d0283347e303893ba14f0692005417c1e0e690a325a4c5d8bb2b3943ee14?s=96&d=mm&r=g","contentUrl":"https:\/\/secure.gravatar.com\/avatar\/bb65d0283347e303893ba14f0692005417c1e0e690a325a4c5d8bb2b3943ee14?s=96&d=mm&r=g","caption":"Cope Alcoy"}}]}},"_links":{"self":[{"href":"https:\/\/www.copealcoy.es\/es\/wp-json\/wp\/v2\/posts\/18013","targetHints":{"allow":["GET"]}}],"collection":[{"href":"https:\/\/www.copealcoy.es\/es\/wp-json\/wp\/v2\/posts"}],"about":[{"href":"https:\/\/www.copealcoy.es\/es\/wp-json\/wp\/v2\/types\/post"}],"author":[{"embeddable":true,"href":"https:\/\/www.copealcoy.es\/es\/wp-json\/wp\/v2\/users\/1"}],"replies":[{"embeddable":true,"href":"https:\/\/www.copealcoy.es\/es\/wp-json\/wp\/v2\/comments?post=18013"}],"version-history":[{"count":0,"href":"https:\/\/www.copealcoy.es\/es\/wp-json\/wp\/v2\/posts\/18013\/revisions"}],"wp:featuredmedia":[{"embeddable":true,"href":"https:\/\/www.copealcoy.es\/es\/wp-json\/wp\/v2\/media\/9462"}],"wp:attachment":[{"href":"https:\/\/www.copealcoy.es\/es\/wp-json\/wp\/v2\/media?parent=18013"}],"wp:term":[{"taxonomy":"category","embeddable":true,"href":"https:\/\/www.copealcoy.es\/es\/wp-json\/wp\/v2\/categories?post=18013"},{"taxonomy":"post_tag","embeddable":true,"href":"https:\/\/www.copealcoy.es\/es\/wp-json\/wp\/v2\/tags?post=18013"}],"curies":[{"name":"wp","href":"https:\/\/api.w.org\/{rel}","templated":true}]}}