{"id":17767,"date":"2015-12-23T16:44:11","date_gmt":"2015-12-23T16:44:11","guid":{"rendered":"http:\/\/copealcoi.es\/new\/?p=17767"},"modified":"2015-12-23T16:44:11","modified_gmt":"2015-12-23T16:44:11","slug":"veinte-municipios-de-la-comarca-se-benefician-del-plan-conjunto-de-empleo","status":"publish","type":"post","link":"https:\/\/www.copealcoy.es\/es\/veinte-municipios-de-la-comarca-se-benefician-del-plan-conjunto-de-empleo\/","title":{"rendered":"Veinte municipios de la comarca se benefician del Plan Conjunto de Empleo"},"content":{"rendered":"<p style=\"text-align: justify;\">Un total de\u00a0114 municipios de la provincia\u00a0se beneficiar\u00e1n este a\u00f1o del\u00a0Plan de Empleo Conjunto\u00a0de las Administraciones P\u00fablicas Valencianas, que prev\u00e9 generar \u00a0764 empleos. Las ayudas ascienden a los\u00a02.400.000 euros\u00a0y se sufragar\u00e1n a partes iguales entre la Diputaci\u00f3n de Alicante y la Generalitat Valenciana. A esta cantidad habr\u00e1 que sumar, adem\u00e1s, las aportaciones que hagan los ayuntamientos beneficiados para las contrataciones de los desempleados, por lo que las mismas se financiar\u00e1n a tres partes iguales. Los candidatos a los puestos de trabajo, que ser\u00e1n seleccionados por los propios ayuntamientos, deben ser\u00a0personas desempleadas inscritas en los centros del SERVEF\u00a0en el momento de la publicaci\u00f3n de la convocatoria. Los contratos tendr\u00e1n al menos dos meses de duraci\u00f3n y las tareas que realizar\u00e1n consistir\u00e1n\u00a0en labores de mantenimiento, promoci\u00f3n tur\u00edstica e incluso cuidado de ni\u00f1os. Se\u00f1alar que en El Comtat los municipios adheridos son Agres, Alfafara, L\u00b4Alquer\u00eda d\u00b4Asnar, Benasau, Beniarr\u00e9s, Benilloba, Benimarfull, Cocentaina, Fageca, Gorga, Muro de Alcoi y Planes, mientras que en \u00a0 L\u00b4Alcoi\u00e0, las ayudas llegar\u00e1n a los ocho municipios de la comarca: Alcoy, Banyeres de Mariola, Benifallim, Castalla, Ibi, Onil, Pen\u00e1guila y Tibi.<\/p>\n<p style=\"text-align: justify;\">El\u00a0Diputado de Fomento y Desarrollo Local,\u00a0Sebasti\u00e1n Ca\u00f1adas, ha remarcado que desde la instituci\u00f3n se ha hecho un gran esfuerzo para &#8220;dotar de presupuesto este programa que tiene como objetivo impulsar la contrataci\u00f3n de personas desempleadas por parte de los ayuntamientos<b>\u00a0<\/b>para desarrollar obras y servicios de inter\u00e9s general y social\u201d y ha a\u00f1adido \u201cque la lucha contra el paro y el impulso de acciones que contribuyan a garantizar el bienestar de nuestros ciudadanos es uno de los principales objetivos de la instituci\u00f3n provincial&#8221;, concluye.<\/p>\n<p style=\"text-align: justify;\">Recordar que el pasado a\u00f1o el n\u00famero de ayuntamientos adheridos a este mismo plan fue de 102 y la cuant\u00eda aportada como subvenciones ascendi\u00f3 a 1.815.329 euros.<\/p>\n","protected":false},"excerpt":{"rendered":"<p>Un total de\u00a0114 municipios de la provincia\u00a0se beneficiar\u00e1n este a\u00f1o del\u00a0Plan de Empleo Conjunto\u00a0de las Administraciones P\u00fablicas Valencianas, que prev\u00e9&#8230;<\/p>\n","protected":false},"author":1,"featured_media":17768,"comment_status":"open","ping_status":"open","sticky":false,"template":"","format":"standard","meta":{"footnotes":""},"categories":[75,125],"tags":[482,237,234,394],"class_list":["post-17767","post","type-post","status-publish","format-standard","has-post-thumbnail","hentry","category-noticias","category-portada","tag-alcoia","tag-comtat","tag-diputacion","tag-empleo"],"yoast_head":"<!-- This site is optimized with the Yoast SEO plugin v27.3 - https:\/\/yoast.com\/product\/yoast-seo-wordpress\/ -->\n<title>Veinte municipios de la comarca se benefician del Plan Conjunto de Empleo - COPE Alcoy<\/title>\n<meta name=\"robots\" content=\"index, follow, max-snippet:-1, max-image-preview:large, max-video-preview:-1\" \/>\n<link rel=\"canonical\" href=\"https:\/\/www.copealcoy.es\/es\/veinte-municipios-de-la-comarca-se-benefician-del-plan-conjunto-de-empleo\/\" \/>\n<meta property=\"og:locale\" content=\"es_ES\" \/>\n<meta property=\"og:type\" content=\"article\" \/>\n<meta property=\"og:title\" content=\"Veinte municipios de la comarca se benefician del Plan Conjunto de Empleo - COPE Alcoy\" \/>\n<meta property=\"og:description\" content=\"Un total de\u00a0114 municipios de la provincia\u00a0se beneficiar\u00e1n este a\u00f1o del\u00a0Plan de Empleo Conjunto\u00a0de las Administraciones P\u00fablicas Valencianas, que prev\u00e9...\" \/>\n<meta property=\"og:url\" content=\"https:\/\/www.copealcoy.es\/es\/veinte-municipios-de-la-comarca-se-benefician-del-plan-conjunto-de-empleo\/\" \/>\n<meta property=\"og:site_name\" content=\"COPE Alcoy\" \/>\n<meta property=\"article:published_time\" content=\"2015-12-23T16:44:11+00:00\" \/>\n<meta property=\"og:image\" content=\"https:\/\/www.copealcoy.es\/wp-content\/uploads\/2015\/12\/121415-plan-de-empleo-web.jpg\" \/>\n\t<meta property=\"og:image:width\" content=\"510\" \/>\n\t<meta property=\"og:image:height\" content=\"340\" \/>\n\t<meta property=\"og:image:type\" content=\"image\/jpeg\" \/>\n<meta name=\"author\" content=\"Cope Alcoy\" \/>\n<meta name=\"twitter:label1\" content=\"Escrito por\" \/>\n\t<meta name=\"twitter:data1\" content=\"Cope Alcoy\" \/>\n\t<meta name=\"twitter:label2\" content=\"Tiempo de lectura\" \/>\n\t<meta name=\"twitter:data2\" content=\"2 minutos\" \/>\n<script type=\"application\/ld+json\" class=\"yoast-schema-graph\">{\"@context\":\"https:\\\/\\\/schema.org\",\"@graph\":[{\"@type\":\"Article\",\"@id\":\"https:\\\/\\\/www.copealcoy.es\\\/es\\\/veinte-municipios-de-la-comarca-se-benefician-del-plan-conjunto-de-empleo\\\/#article\",\"isPartOf\":{\"@id\":\"https:\\\/\\\/www.copealcoy.es\\\/es\\\/veinte-municipios-de-la-comarca-se-benefician-del-plan-conjunto-de-empleo\\\/\"},\"author\":{\"name\":\"Cope Alcoy\",\"@id\":\"https:\\\/\\\/www.copealcoy.es\\\/es\\\/#\\\/schema\\\/person\\\/e777c87fa024e57d40170af9df39882c\"},\"headline\":\"Veinte municipios de la comarca se benefician del Plan Conjunto de Empleo\",\"datePublished\":\"2015-12-23T16:44:11+00:00\",\"mainEntityOfPage\":{\"@id\":\"https:\\\/\\\/www.copealcoy.es\\\/es\\\/veinte-municipios-de-la-comarca-se-benefician-del-plan-conjunto-de-empleo\\\/\"},\"wordCount\":343,\"commentCount\":0,\"image\":{\"@id\":\"https:\\\/\\\/www.copealcoy.es\\\/es\\\/veinte-municipios-de-la-comarca-se-benefician-del-plan-conjunto-de-empleo\\\/#primaryimage\"},\"thumbnailUrl\":\"https:\\\/\\\/www.copealcoy.es\\\/wp-content\\\/uploads\\\/2015\\\/12\\\/121415-plan-de-empleo-web.jpg\",\"keywords\":[\"Alcoi\u00e0\",\"Comtat\",\"Diputaci\u00f3n\",\"Empleo\"],\"articleSection\":[\"Noticias\",\"Portada\"],\"inLanguage\":\"es\"},{\"@type\":\"WebPage\",\"@id\":\"https:\\\/\\\/www.copealcoy.es\\\/es\\\/veinte-municipios-de-la-comarca-se-benefician-del-plan-conjunto-de-empleo\\\/\",\"url\":\"https:\\\/\\\/www.copealcoy.es\\\/es\\\/veinte-municipios-de-la-comarca-se-benefician-del-plan-conjunto-de-empleo\\\/\",\"name\":\"Veinte municipios de la comarca se benefician del Plan Conjunto de Empleo - COPE Alcoy\",\"isPartOf\":{\"@id\":\"https:\\\/\\\/www.copealcoy.es\\\/es\\\/#website\"},\"primaryImageOfPage\":{\"@id\":\"https:\\\/\\\/www.copealcoy.es\\\/es\\\/veinte-municipios-de-la-comarca-se-benefician-del-plan-conjunto-de-empleo\\\/#primaryimage\"},\"image\":{\"@id\":\"https:\\\/\\\/www.copealcoy.es\\\/es\\\/veinte-municipios-de-la-comarca-se-benefician-del-plan-conjunto-de-empleo\\\/#primaryimage\"},\"thumbnailUrl\":\"https:\\\/\\\/www.copealcoy.es\\\/wp-content\\\/uploads\\\/2015\\\/12\\\/121415-plan-de-empleo-web.jpg\",\"datePublished\":\"2015-12-23T16:44:11+00:00\",\"author\":{\"@id\":\"https:\\\/\\\/www.copealcoy.es\\\/es\\\/#\\\/schema\\\/person\\\/e777c87fa024e57d40170af9df39882c\"},\"breadcrumb\":{\"@id\":\"https:\\\/\\\/www.copealcoy.es\\\/es\\\/veinte-municipios-de-la-comarca-se-benefician-del-plan-conjunto-de-empleo\\\/#breadcrumb\"},\"inLanguage\":\"es\",\"potentialAction\":[{\"@type\":\"ReadAction\",\"target\":[\"https:\\\/\\\/www.copealcoy.es\\\/es\\\/veinte-municipios-de-la-comarca-se-benefician-del-plan-conjunto-de-empleo\\\/\"]}]},{\"@type\":\"ImageObject\",\"inLanguage\":\"es\",\"@id\":\"https:\\\/\\\/www.copealcoy.es\\\/es\\\/veinte-municipios-de-la-comarca-se-benefician-del-plan-conjunto-de-empleo\\\/#primaryimage\",\"url\":\"https:\\\/\\\/www.copealcoy.es\\\/wp-content\\\/uploads\\\/2015\\\/12\\\/121415-plan-de-empleo-web.jpg\",\"contentUrl\":\"https:\\\/\\\/www.copealcoy.es\\\/wp-content\\\/uploads\\\/2015\\\/12\\\/121415-plan-de-empleo-web.jpg\",\"width\":510,\"height\":340},{\"@type\":\"BreadcrumbList\",\"@id\":\"https:\\\/\\\/www.copealcoy.es\\\/es\\\/veinte-municipios-de-la-comarca-se-benefician-del-plan-conjunto-de-empleo\\\/#breadcrumb\",\"itemListElement\":[{\"@type\":\"ListItem\",\"position\":1,\"name\":\"Portada\",\"item\":\"https:\\\/\\\/www.copealcoy.es\\\/es\\\/\"},{\"@type\":\"ListItem\",\"position\":2,\"name\":\"Veinte municipios de la comarca se benefician del Plan Conjunto de Empleo\"}]},{\"@type\":\"WebSite\",\"@id\":\"https:\\\/\\\/www.copealcoy.es\\\/es\\\/#website\",\"url\":\"https:\\\/\\\/www.copealcoy.es\\\/es\\\/\",\"name\":\"COPE Alcoy\",\"description\":\"Emisora COPE de radio local con emisi\u00f3n online. Pont de Sant Jordi 8-10 03803 Alcoy\",\"potentialAction\":[{\"@type\":\"SearchAction\",\"target\":{\"@type\":\"EntryPoint\",\"urlTemplate\":\"https:\\\/\\\/www.copealcoy.es\\\/es\\\/?s={search_term_string}\"},\"query-input\":{\"@type\":\"PropertyValueSpecification\",\"valueRequired\":true,\"valueName\":\"search_term_string\"}}],\"inLanguage\":\"es\"},{\"@type\":\"Person\",\"@id\":\"https:\\\/\\\/www.copealcoy.es\\\/es\\\/#\\\/schema\\\/person\\\/e777c87fa024e57d40170af9df39882c\",\"name\":\"Cope Alcoy\",\"image\":{\"@type\":\"ImageObject\",\"inLanguage\":\"es\",\"@id\":\"https:\\\/\\\/secure.gravatar.com\\\/avatar\\\/bb65d0283347e303893ba14f0692005417c1e0e690a325a4c5d8bb2b3943ee14?s=96&d=mm&r=g\",\"url\":\"https:\\\/\\\/secure.gravatar.com\\\/avatar\\\/bb65d0283347e303893ba14f0692005417c1e0e690a325a4c5d8bb2b3943ee14?s=96&d=mm&r=g\",\"contentUrl\":\"https:\\\/\\\/secure.gravatar.com\\\/avatar\\\/bb65d0283347e303893ba14f0692005417c1e0e690a325a4c5d8bb2b3943ee14?s=96&d=mm&r=g\",\"caption\":\"Cope Alcoy\"}}]}<\/script>\n<!-- \/ Yoast SEO plugin. -->","yoast_head_json":{"title":"Veinte municipios de la comarca se benefician del Plan Conjunto de Empleo - COPE Alcoy","robots":{"index":"index","follow":"follow","max-snippet":"max-snippet:-1","max-image-preview":"max-image-preview:large","max-video-preview":"max-video-preview:-1"},"canonical":"https:\/\/www.copealcoy.es\/es\/veinte-municipios-de-la-comarca-se-benefician-del-plan-conjunto-de-empleo\/","og_locale":"es_ES","og_type":"article","og_title":"Veinte municipios de la comarca se benefician del Plan Conjunto de Empleo - COPE Alcoy","og_description":"Un total de\u00a0114 municipios de la provincia\u00a0se beneficiar\u00e1n este a\u00f1o del\u00a0Plan de Empleo Conjunto\u00a0de las Administraciones P\u00fablicas Valencianas, que prev\u00e9...","og_url":"https:\/\/www.copealcoy.es\/es\/veinte-municipios-de-la-comarca-se-benefician-del-plan-conjunto-de-empleo\/","og_site_name":"COPE Alcoy","article_published_time":"2015-12-23T16:44:11+00:00","og_image":[{"width":510,"height":340,"url":"https:\/\/www.copealcoy.es\/wp-content\/uploads\/2015\/12\/121415-plan-de-empleo-web.jpg","type":"image\/jpeg"}],"author":"Cope Alcoy","twitter_misc":{"Escrito por":"Cope Alcoy","Tiempo de lectura":"2 minutos"},"schema":{"@context":"https:\/\/schema.org","@graph":[{"@type":"Article","@id":"https:\/\/www.copealcoy.es\/es\/veinte-municipios-de-la-comarca-se-benefician-del-plan-conjunto-de-empleo\/#article","isPartOf":{"@id":"https:\/\/www.copealcoy.es\/es\/veinte-municipios-de-la-comarca-se-benefician-del-plan-conjunto-de-empleo\/"},"author":{"name":"Cope Alcoy","@id":"https:\/\/www.copealcoy.es\/es\/#\/schema\/person\/e777c87fa024e57d40170af9df39882c"},"headline":"Veinte municipios de la comarca se benefician del Plan Conjunto de Empleo","datePublished":"2015-12-23T16:44:11+00:00","mainEntityOfPage":{"@id":"https:\/\/www.copealcoy.es\/es\/veinte-municipios-de-la-comarca-se-benefician-del-plan-conjunto-de-empleo\/"},"wordCount":343,"commentCount":0,"image":{"@id":"https:\/\/www.copealcoy.es\/es\/veinte-municipios-de-la-comarca-se-benefician-del-plan-conjunto-de-empleo\/#primaryimage"},"thumbnailUrl":"https:\/\/www.copealcoy.es\/wp-content\/uploads\/2015\/12\/121415-plan-de-empleo-web.jpg","keywords":["Alcoi\u00e0","Comtat","Diputaci\u00f3n","Empleo"],"articleSection":["Noticias","Portada"],"inLanguage":"es"},{"@type":"WebPage","@id":"https:\/\/www.copealcoy.es\/es\/veinte-municipios-de-la-comarca-se-benefician-del-plan-conjunto-de-empleo\/","url":"https:\/\/www.copealcoy.es\/es\/veinte-municipios-de-la-comarca-se-benefician-del-plan-conjunto-de-empleo\/","name":"Veinte municipios de la comarca se benefician del Plan Conjunto de Empleo - COPE Alcoy","isPartOf":{"@id":"https:\/\/www.copealcoy.es\/es\/#website"},"primaryImageOfPage":{"@id":"https:\/\/www.copealcoy.es\/es\/veinte-municipios-de-la-comarca-se-benefician-del-plan-conjunto-de-empleo\/#primaryimage"},"image":{"@id":"https:\/\/www.copealcoy.es\/es\/veinte-municipios-de-la-comarca-se-benefician-del-plan-conjunto-de-empleo\/#primaryimage"},"thumbnailUrl":"https:\/\/www.copealcoy.es\/wp-content\/uploads\/2015\/12\/121415-plan-de-empleo-web.jpg","datePublished":"2015-12-23T16:44:11+00:00","author":{"@id":"https:\/\/www.copealcoy.es\/es\/#\/schema\/person\/e777c87fa024e57d40170af9df39882c"},"breadcrumb":{"@id":"https:\/\/www.copealcoy.es\/es\/veinte-municipios-de-la-comarca-se-benefician-del-plan-conjunto-de-empleo\/#breadcrumb"},"inLanguage":"es","potentialAction":[{"@type":"ReadAction","target":["https:\/\/www.copealcoy.es\/es\/veinte-municipios-de-la-comarca-se-benefician-del-plan-conjunto-de-empleo\/"]}]},{"@type":"ImageObject","inLanguage":"es","@id":"https:\/\/www.copealcoy.es\/es\/veinte-municipios-de-la-comarca-se-benefician-del-plan-conjunto-de-empleo\/#primaryimage","url":"https:\/\/www.copealcoy.es\/wp-content\/uploads\/2015\/12\/121415-plan-de-empleo-web.jpg","contentUrl":"https:\/\/www.copealcoy.es\/wp-content\/uploads\/2015\/12\/121415-plan-de-empleo-web.jpg","width":510,"height":340},{"@type":"BreadcrumbList","@id":"https:\/\/www.copealcoy.es\/es\/veinte-municipios-de-la-comarca-se-benefician-del-plan-conjunto-de-empleo\/#breadcrumb","itemListElement":[{"@type":"ListItem","position":1,"name":"Portada","item":"https:\/\/www.copealcoy.es\/es\/"},{"@type":"ListItem","position":2,"name":"Veinte municipios de la comarca se benefician del Plan Conjunto de Empleo"}]},{"@type":"WebSite","@id":"https:\/\/www.copealcoy.es\/es\/#website","url":"https:\/\/www.copealcoy.es\/es\/","name":"COPE Alcoy","description":"Emisora COPE de radio local con emisi\u00f3n online. Pont de Sant Jordi 8-10 03803 Alcoy","potentialAction":[{"@type":"SearchAction","target":{"@type":"EntryPoint","urlTemplate":"https:\/\/www.copealcoy.es\/es\/?s={search_term_string}"},"query-input":{"@type":"PropertyValueSpecification","valueRequired":true,"valueName":"search_term_string"}}],"inLanguage":"es"},{"@type":"Person","@id":"https:\/\/www.copealcoy.es\/es\/#\/schema\/person\/e777c87fa024e57d40170af9df39882c","name":"Cope Alcoy","image":{"@type":"ImageObject","inLanguage":"es","@id":"https:\/\/secure.gravatar.com\/avatar\/bb65d0283347e303893ba14f0692005417c1e0e690a325a4c5d8bb2b3943ee14?s=96&d=mm&r=g","url":"https:\/\/secure.gravatar.com\/avatar\/bb65d0283347e303893ba14f0692005417c1e0e690a325a4c5d8bb2b3943ee14?s=96&d=mm&r=g","contentUrl":"https:\/\/secure.gravatar.com\/avatar\/bb65d0283347e303893ba14f0692005417c1e0e690a325a4c5d8bb2b3943ee14?s=96&d=mm&r=g","caption":"Cope Alcoy"}}]}},"_links":{"self":[{"href":"https:\/\/www.copealcoy.es\/es\/wp-json\/wp\/v2\/posts\/17767","targetHints":{"allow":["GET"]}}],"collection":[{"href":"https:\/\/www.copealcoy.es\/es\/wp-json\/wp\/v2\/posts"}],"about":[{"href":"https:\/\/www.copealcoy.es\/es\/wp-json\/wp\/v2\/types\/post"}],"author":[{"embeddable":true,"href":"https:\/\/www.copealcoy.es\/es\/wp-json\/wp\/v2\/users\/1"}],"replies":[{"embeddable":true,"href":"https:\/\/www.copealcoy.es\/es\/wp-json\/wp\/v2\/comments?post=17767"}],"version-history":[{"count":0,"href":"https:\/\/www.copealcoy.es\/es\/wp-json\/wp\/v2\/posts\/17767\/revisions"}],"wp:featuredmedia":[{"embeddable":true,"href":"https:\/\/www.copealcoy.es\/es\/wp-json\/wp\/v2\/media\/17768"}],"wp:attachment":[{"href":"https:\/\/www.copealcoy.es\/es\/wp-json\/wp\/v2\/media?parent=17767"}],"wp:term":[{"taxonomy":"category","embeddable":true,"href":"https:\/\/www.copealcoy.es\/es\/wp-json\/wp\/v2\/categories?post=17767"},{"taxonomy":"post_tag","embeddable":true,"href":"https:\/\/www.copealcoy.es\/es\/wp-json\/wp\/v2\/tags?post=17767"}],"curies":[{"name":"wp","href":"https:\/\/api.w.org\/{rel}","templated":true}]}}