{"id":17637,"date":"2015-12-16T22:16:22","date_gmt":"2015-12-16T22:16:22","guid":{"rendered":"http:\/\/copealcoi.es\/new\/?p=17637"},"modified":"2015-12-16T22:16:22","modified_gmt":"2015-12-16T22:16:22","slug":"frances-asegura-que-la-gestion-publica-del-eduardo-latorre-es-viable","status":"publish","type":"post","link":"https:\/\/www.copealcoy.es\/es\/frances-asegura-que-la-gestion-publica-del-eduardo-latorre-es-viable\/","title":{"rendered":"Franc\u00e9s asegura que la gesti\u00f3n p\u00fablica del Eduardo Latorre es viable"},"content":{"rendered":"<p style=\"text-align: justify;\">El alcalde de Alcoy, Antonio Franc\u00e9s, ha asegurado que la gesti\u00f3n p\u00fablica del complejo deportivo Eduardo Latorre es positiva tras recibir los informes econ\u00f3micos de los nueve primeros meses de tutela municipal que reclam\u00f3 en su d\u00eda la oposici\u00f3n. Hay que recordar que en 2014 el Ayuntamiento decidi\u00f3 asumir de forma directa esta infraestructura tras la imposibilidad de la empresa que lo gestionaba de hacer frente a la deuda que manten\u00eda con el Consistorio y a los vencimientos futuros &#8220;la gesti\u00f3n p\u00fablica del Eduardo Latorre es positiva si se gestiona eficientemente y en este tiempo no ha generado d\u00e9ficit&#8221;m subraya el primer edil.<\/p>\n<p style=\"text-align: justify;\">Por otra parte Franc\u00e9s se ha referido a Guanyar Alcoi &#8220;&#8221;mientras unos hablaban de recuperaci\u00f3n de servicios p\u00fablicos pero no hac\u00edan nada, nosotros lo hemos hecho realidad desde el esfuerzo y el rigor. Vamos a apostar por la creaci\u00f3n de una empresa p\u00fablica en 2017\u00a0para gestionar servicios como el mantenimiento de parques y jardines o la limpieza de edificios p\u00fablicos as\u00ed como todos aquellos en que la gesti\u00f3n p\u00fablica sea eficiente pero, sin dogmatismos, ya que ni la gesti\u00f3n p\u00fablica es siempre m\u00e1s eficiente que la privada ni la gesti\u00f3n privada es m\u00e1s eficiente que la p\u00fablica&#8221;, concluye.<\/p>\n<p style=\"text-align: justify;\">Se\u00f1alar que el Ejecutivo ha explicado que ayer martes en la comisi\u00f3n informativa el edil de Deportes, Alberto Belda, inform\u00f3 que se pedir\u00e1n los informes pertinentes sobre la gesti\u00f3n municipal del Eduardo Latorre con el fin de llevarlos al pleno. En el caso de que se ratifique esta propuesta el Ayuntamiento ya asumir\u00eda de forma directa y definitiva este espacio.<\/p>\n<p style=\"text-align: justify;\">\n","protected":false},"excerpt":{"rendered":"<p>El alcalde de Alcoy, Antonio Franc\u00e9s, ha asegurado que la gesti\u00f3n p\u00fablica del complejo deportivo Eduardo Latorre es positiva tras&#8230;<\/p>\n","protected":false},"author":1,"featured_media":8784,"comment_status":"open","ping_status":"open","sticky":false,"template":"","format":"standard","meta":{"footnotes":""},"categories":[97,75,79],"tags":[1494,390,1668,422],"class_list":["post-17637","post","type-post","status-publish","format-standard","has-post-thumbnail","hentry","category-alcoy","category-noticias","category-politicayeconomia","tag-alcoy","tag-economia","tag-frances-eduardo-latorre","tag-politica"],"yoast_head":"<!-- This site is optimized with the Yoast SEO plugin v27.3 - https:\/\/yoast.com\/product\/yoast-seo-wordpress\/ -->\n<title>Franc\u00e9s asegura que la gesti\u00f3n p\u00fablica del Eduardo Latorre es viable - COPE Alcoy<\/title>\n<meta name=\"robots\" content=\"index, follow, max-snippet:-1, max-image-preview:large, max-video-preview:-1\" \/>\n<link rel=\"canonical\" href=\"https:\/\/www.copealcoy.es\/es\/frances-asegura-que-la-gestion-publica-del-eduardo-latorre-es-viable\/\" \/>\n<meta property=\"og:locale\" content=\"es_ES\" \/>\n<meta property=\"og:type\" content=\"article\" \/>\n<meta property=\"og:title\" content=\"Franc\u00e9s asegura que la gesti\u00f3n p\u00fablica del Eduardo Latorre es viable - COPE Alcoy\" \/>\n<meta property=\"og:description\" content=\"El alcalde de Alcoy, Antonio Franc\u00e9s, ha asegurado que la gesti\u00f3n p\u00fablica del complejo deportivo Eduardo Latorre es positiva tras...\" \/>\n<meta property=\"og:url\" content=\"https:\/\/www.copealcoy.es\/es\/frances-asegura-que-la-gestion-publica-del-eduardo-latorre-es-viable\/\" \/>\n<meta property=\"og:site_name\" content=\"COPE Alcoy\" \/>\n<meta property=\"article:published_time\" content=\"2015-12-16T22:16:22+00:00\" \/>\n<meta property=\"og:image\" content=\"https:\/\/www.copealcoy.es\/wp-content\/uploads\/2014\/12\/image15.jpg\" \/>\n\t<meta property=\"og:image:width\" content=\"1024\" \/>\n\t<meta property=\"og:image:height\" content=\"585\" \/>\n\t<meta property=\"og:image:type\" content=\"image\/jpeg\" \/>\n<meta name=\"author\" content=\"Cope Alcoy\" \/>\n<meta name=\"twitter:label1\" content=\"Escrito por\" \/>\n\t<meta name=\"twitter:data1\" content=\"Cope Alcoy\" \/>\n\t<meta name=\"twitter:label2\" content=\"Tiempo de lectura\" \/>\n\t<meta name=\"twitter:data2\" content=\"1 minuto\" \/>\n<script type=\"application\/ld+json\" class=\"yoast-schema-graph\">{\"@context\":\"https:\\\/\\\/schema.org\",\"@graph\":[{\"@type\":\"Article\",\"@id\":\"https:\\\/\\\/www.copealcoy.es\\\/es\\\/frances-asegura-que-la-gestion-publica-del-eduardo-latorre-es-viable\\\/#article\",\"isPartOf\":{\"@id\":\"https:\\\/\\\/www.copealcoy.es\\\/es\\\/frances-asegura-que-la-gestion-publica-del-eduardo-latorre-es-viable\\\/\"},\"author\":{\"name\":\"Cope Alcoy\",\"@id\":\"https:\\\/\\\/www.copealcoy.es\\\/es\\\/#\\\/schema\\\/person\\\/e777c87fa024e57d40170af9df39882c\"},\"headline\":\"Franc\u00e9s asegura que la gesti\u00f3n p\u00fablica del Eduardo Latorre es viable\",\"datePublished\":\"2015-12-16T22:16:22+00:00\",\"mainEntityOfPage\":{\"@id\":\"https:\\\/\\\/www.copealcoy.es\\\/es\\\/frances-asegura-que-la-gestion-publica-del-eduardo-latorre-es-viable\\\/\"},\"wordCount\":305,\"commentCount\":0,\"image\":{\"@id\":\"https:\\\/\\\/www.copealcoy.es\\\/es\\\/frances-asegura-que-la-gestion-publica-del-eduardo-latorre-es-viable\\\/#primaryimage\"},\"thumbnailUrl\":\"https:\\\/\\\/www.copealcoy.es\\\/wp-content\\\/uploads\\\/2014\\\/12\\\/image15.jpg\",\"keywords\":[\"Alcoy\",\"Econom\u00eda\",\"Franc\u00e9s Eduardo Latorre\",\"Pol\u00edtica\"],\"articleSection\":[\"Alcoy\",\"Noticias\",\"Pol\u00edtica y Econom\u00eda\"],\"inLanguage\":\"es\"},{\"@type\":\"WebPage\",\"@id\":\"https:\\\/\\\/www.copealcoy.es\\\/es\\\/frances-asegura-que-la-gestion-publica-del-eduardo-latorre-es-viable\\\/\",\"url\":\"https:\\\/\\\/www.copealcoy.es\\\/es\\\/frances-asegura-que-la-gestion-publica-del-eduardo-latorre-es-viable\\\/\",\"name\":\"Franc\u00e9s asegura que la gesti\u00f3n p\u00fablica del Eduardo Latorre es viable - COPE Alcoy\",\"isPartOf\":{\"@id\":\"https:\\\/\\\/www.copealcoy.es\\\/es\\\/#website\"},\"primaryImageOfPage\":{\"@id\":\"https:\\\/\\\/www.copealcoy.es\\\/es\\\/frances-asegura-que-la-gestion-publica-del-eduardo-latorre-es-viable\\\/#primaryimage\"},\"image\":{\"@id\":\"https:\\\/\\\/www.copealcoy.es\\\/es\\\/frances-asegura-que-la-gestion-publica-del-eduardo-latorre-es-viable\\\/#primaryimage\"},\"thumbnailUrl\":\"https:\\\/\\\/www.copealcoy.es\\\/wp-content\\\/uploads\\\/2014\\\/12\\\/image15.jpg\",\"datePublished\":\"2015-12-16T22:16:22+00:00\",\"author\":{\"@id\":\"https:\\\/\\\/www.copealcoy.es\\\/es\\\/#\\\/schema\\\/person\\\/e777c87fa024e57d40170af9df39882c\"},\"breadcrumb\":{\"@id\":\"https:\\\/\\\/www.copealcoy.es\\\/es\\\/frances-asegura-que-la-gestion-publica-del-eduardo-latorre-es-viable\\\/#breadcrumb\"},\"inLanguage\":\"es\",\"potentialAction\":[{\"@type\":\"ReadAction\",\"target\":[\"https:\\\/\\\/www.copealcoy.es\\\/es\\\/frances-asegura-que-la-gestion-publica-del-eduardo-latorre-es-viable\\\/\"]}]},{\"@type\":\"ImageObject\",\"inLanguage\":\"es\",\"@id\":\"https:\\\/\\\/www.copealcoy.es\\\/es\\\/frances-asegura-que-la-gestion-publica-del-eduardo-latorre-es-viable\\\/#primaryimage\",\"url\":\"https:\\\/\\\/www.copealcoy.es\\\/wp-content\\\/uploads\\\/2014\\\/12\\\/image15.jpg\",\"contentUrl\":\"https:\\\/\\\/www.copealcoy.es\\\/wp-content\\\/uploads\\\/2014\\\/12\\\/image15.jpg\",\"width\":1024,\"height\":585},{\"@type\":\"BreadcrumbList\",\"@id\":\"https:\\\/\\\/www.copealcoy.es\\\/es\\\/frances-asegura-que-la-gestion-publica-del-eduardo-latorre-es-viable\\\/#breadcrumb\",\"itemListElement\":[{\"@type\":\"ListItem\",\"position\":1,\"name\":\"Portada\",\"item\":\"https:\\\/\\\/www.copealcoy.es\\\/es\\\/\"},{\"@type\":\"ListItem\",\"position\":2,\"name\":\"Franc\u00e9s asegura que la gesti\u00f3n p\u00fablica del Eduardo Latorre es viable\"}]},{\"@type\":\"WebSite\",\"@id\":\"https:\\\/\\\/www.copealcoy.es\\\/es\\\/#website\",\"url\":\"https:\\\/\\\/www.copealcoy.es\\\/es\\\/\",\"name\":\"COPE Alcoy\",\"description\":\"Emisora COPE de radio local con emisi\u00f3n online. Pont de Sant Jordi 8-10 03803 Alcoy\",\"potentialAction\":[{\"@type\":\"SearchAction\",\"target\":{\"@type\":\"EntryPoint\",\"urlTemplate\":\"https:\\\/\\\/www.copealcoy.es\\\/es\\\/?s={search_term_string}\"},\"query-input\":{\"@type\":\"PropertyValueSpecification\",\"valueRequired\":true,\"valueName\":\"search_term_string\"}}],\"inLanguage\":\"es\"},{\"@type\":\"Person\",\"@id\":\"https:\\\/\\\/www.copealcoy.es\\\/es\\\/#\\\/schema\\\/person\\\/e777c87fa024e57d40170af9df39882c\",\"name\":\"Cope Alcoy\",\"image\":{\"@type\":\"ImageObject\",\"inLanguage\":\"es\",\"@id\":\"https:\\\/\\\/secure.gravatar.com\\\/avatar\\\/bb65d0283347e303893ba14f0692005417c1e0e690a325a4c5d8bb2b3943ee14?s=96&d=mm&r=g\",\"url\":\"https:\\\/\\\/secure.gravatar.com\\\/avatar\\\/bb65d0283347e303893ba14f0692005417c1e0e690a325a4c5d8bb2b3943ee14?s=96&d=mm&r=g\",\"contentUrl\":\"https:\\\/\\\/secure.gravatar.com\\\/avatar\\\/bb65d0283347e303893ba14f0692005417c1e0e690a325a4c5d8bb2b3943ee14?s=96&d=mm&r=g\",\"caption\":\"Cope Alcoy\"}}]}<\/script>\n<!-- \/ Yoast SEO plugin. -->","yoast_head_json":{"title":"Franc\u00e9s asegura que la gesti\u00f3n p\u00fablica del Eduardo Latorre es viable - COPE Alcoy","robots":{"index":"index","follow":"follow","max-snippet":"max-snippet:-1","max-image-preview":"max-image-preview:large","max-video-preview":"max-video-preview:-1"},"canonical":"https:\/\/www.copealcoy.es\/es\/frances-asegura-que-la-gestion-publica-del-eduardo-latorre-es-viable\/","og_locale":"es_ES","og_type":"article","og_title":"Franc\u00e9s asegura que la gesti\u00f3n p\u00fablica del Eduardo Latorre es viable - COPE Alcoy","og_description":"El alcalde de Alcoy, Antonio Franc\u00e9s, ha asegurado que la gesti\u00f3n p\u00fablica del complejo deportivo Eduardo Latorre es positiva tras...","og_url":"https:\/\/www.copealcoy.es\/es\/frances-asegura-que-la-gestion-publica-del-eduardo-latorre-es-viable\/","og_site_name":"COPE Alcoy","article_published_time":"2015-12-16T22:16:22+00:00","og_image":[{"width":1024,"height":585,"url":"https:\/\/www.copealcoy.es\/wp-content\/uploads\/2014\/12\/image15.jpg","type":"image\/jpeg"}],"author":"Cope Alcoy","twitter_misc":{"Escrito por":"Cope Alcoy","Tiempo de lectura":"1 minuto"},"schema":{"@context":"https:\/\/schema.org","@graph":[{"@type":"Article","@id":"https:\/\/www.copealcoy.es\/es\/frances-asegura-que-la-gestion-publica-del-eduardo-latorre-es-viable\/#article","isPartOf":{"@id":"https:\/\/www.copealcoy.es\/es\/frances-asegura-que-la-gestion-publica-del-eduardo-latorre-es-viable\/"},"author":{"name":"Cope Alcoy","@id":"https:\/\/www.copealcoy.es\/es\/#\/schema\/person\/e777c87fa024e57d40170af9df39882c"},"headline":"Franc\u00e9s asegura que la gesti\u00f3n p\u00fablica del Eduardo Latorre es viable","datePublished":"2015-12-16T22:16:22+00:00","mainEntityOfPage":{"@id":"https:\/\/www.copealcoy.es\/es\/frances-asegura-que-la-gestion-publica-del-eduardo-latorre-es-viable\/"},"wordCount":305,"commentCount":0,"image":{"@id":"https:\/\/www.copealcoy.es\/es\/frances-asegura-que-la-gestion-publica-del-eduardo-latorre-es-viable\/#primaryimage"},"thumbnailUrl":"https:\/\/www.copealcoy.es\/wp-content\/uploads\/2014\/12\/image15.jpg","keywords":["Alcoy","Econom\u00eda","Franc\u00e9s Eduardo Latorre","Pol\u00edtica"],"articleSection":["Alcoy","Noticias","Pol\u00edtica y Econom\u00eda"],"inLanguage":"es"},{"@type":"WebPage","@id":"https:\/\/www.copealcoy.es\/es\/frances-asegura-que-la-gestion-publica-del-eduardo-latorre-es-viable\/","url":"https:\/\/www.copealcoy.es\/es\/frances-asegura-que-la-gestion-publica-del-eduardo-latorre-es-viable\/","name":"Franc\u00e9s asegura que la gesti\u00f3n p\u00fablica del Eduardo Latorre es viable - COPE Alcoy","isPartOf":{"@id":"https:\/\/www.copealcoy.es\/es\/#website"},"primaryImageOfPage":{"@id":"https:\/\/www.copealcoy.es\/es\/frances-asegura-que-la-gestion-publica-del-eduardo-latorre-es-viable\/#primaryimage"},"image":{"@id":"https:\/\/www.copealcoy.es\/es\/frances-asegura-que-la-gestion-publica-del-eduardo-latorre-es-viable\/#primaryimage"},"thumbnailUrl":"https:\/\/www.copealcoy.es\/wp-content\/uploads\/2014\/12\/image15.jpg","datePublished":"2015-12-16T22:16:22+00:00","author":{"@id":"https:\/\/www.copealcoy.es\/es\/#\/schema\/person\/e777c87fa024e57d40170af9df39882c"},"breadcrumb":{"@id":"https:\/\/www.copealcoy.es\/es\/frances-asegura-que-la-gestion-publica-del-eduardo-latorre-es-viable\/#breadcrumb"},"inLanguage":"es","potentialAction":[{"@type":"ReadAction","target":["https:\/\/www.copealcoy.es\/es\/frances-asegura-que-la-gestion-publica-del-eduardo-latorre-es-viable\/"]}]},{"@type":"ImageObject","inLanguage":"es","@id":"https:\/\/www.copealcoy.es\/es\/frances-asegura-que-la-gestion-publica-del-eduardo-latorre-es-viable\/#primaryimage","url":"https:\/\/www.copealcoy.es\/wp-content\/uploads\/2014\/12\/image15.jpg","contentUrl":"https:\/\/www.copealcoy.es\/wp-content\/uploads\/2014\/12\/image15.jpg","width":1024,"height":585},{"@type":"BreadcrumbList","@id":"https:\/\/www.copealcoy.es\/es\/frances-asegura-que-la-gestion-publica-del-eduardo-latorre-es-viable\/#breadcrumb","itemListElement":[{"@type":"ListItem","position":1,"name":"Portada","item":"https:\/\/www.copealcoy.es\/es\/"},{"@type":"ListItem","position":2,"name":"Franc\u00e9s asegura que la gesti\u00f3n p\u00fablica del Eduardo Latorre es viable"}]},{"@type":"WebSite","@id":"https:\/\/www.copealcoy.es\/es\/#website","url":"https:\/\/www.copealcoy.es\/es\/","name":"COPE Alcoy","description":"Emisora COPE de radio local con emisi\u00f3n online. Pont de Sant Jordi 8-10 03803 Alcoy","potentialAction":[{"@type":"SearchAction","target":{"@type":"EntryPoint","urlTemplate":"https:\/\/www.copealcoy.es\/es\/?s={search_term_string}"},"query-input":{"@type":"PropertyValueSpecification","valueRequired":true,"valueName":"search_term_string"}}],"inLanguage":"es"},{"@type":"Person","@id":"https:\/\/www.copealcoy.es\/es\/#\/schema\/person\/e777c87fa024e57d40170af9df39882c","name":"Cope Alcoy","image":{"@type":"ImageObject","inLanguage":"es","@id":"https:\/\/secure.gravatar.com\/avatar\/bb65d0283347e303893ba14f0692005417c1e0e690a325a4c5d8bb2b3943ee14?s=96&d=mm&r=g","url":"https:\/\/secure.gravatar.com\/avatar\/bb65d0283347e303893ba14f0692005417c1e0e690a325a4c5d8bb2b3943ee14?s=96&d=mm&r=g","contentUrl":"https:\/\/secure.gravatar.com\/avatar\/bb65d0283347e303893ba14f0692005417c1e0e690a325a4c5d8bb2b3943ee14?s=96&d=mm&r=g","caption":"Cope Alcoy"}}]}},"_links":{"self":[{"href":"https:\/\/www.copealcoy.es\/es\/wp-json\/wp\/v2\/posts\/17637","targetHints":{"allow":["GET"]}}],"collection":[{"href":"https:\/\/www.copealcoy.es\/es\/wp-json\/wp\/v2\/posts"}],"about":[{"href":"https:\/\/www.copealcoy.es\/es\/wp-json\/wp\/v2\/types\/post"}],"author":[{"embeddable":true,"href":"https:\/\/www.copealcoy.es\/es\/wp-json\/wp\/v2\/users\/1"}],"replies":[{"embeddable":true,"href":"https:\/\/www.copealcoy.es\/es\/wp-json\/wp\/v2\/comments?post=17637"}],"version-history":[{"count":0,"href":"https:\/\/www.copealcoy.es\/es\/wp-json\/wp\/v2\/posts\/17637\/revisions"}],"wp:featuredmedia":[{"embeddable":true,"href":"https:\/\/www.copealcoy.es\/es\/wp-json\/wp\/v2\/media\/8784"}],"wp:attachment":[{"href":"https:\/\/www.copealcoy.es\/es\/wp-json\/wp\/v2\/media?parent=17637"}],"wp:term":[{"taxonomy":"category","embeddable":true,"href":"https:\/\/www.copealcoy.es\/es\/wp-json\/wp\/v2\/categories?post=17637"},{"taxonomy":"post_tag","embeddable":true,"href":"https:\/\/www.copealcoy.es\/es\/wp-json\/wp\/v2\/tags?post=17637"}],"curies":[{"name":"wp","href":"https:\/\/api.w.org\/{rel}","templated":true}]}}