{"id":17633,"date":"2015-12-16T21:29:13","date_gmt":"2015-12-16T21:29:13","guid":{"rendered":"http:\/\/copealcoi.es\/new\/?p=17633"},"modified":"2015-12-16T21:29:13","modified_gmt":"2015-12-16T21:29:13","slug":"los-usuarios-respaldan-el-primer-sabado-de-autobus-gratuitos","status":"publish","type":"post","link":"https:\/\/www.copealcoy.es\/es\/los-usuarios-respaldan-el-primer-sabado-de-autobus-gratuitos\/","title":{"rendered":"Los usuarios respaldan el primer s\u00e1bado de autob\u00fas gratuitos"},"content":{"rendered":"<p style=\"text-align: justify;\">Un total de 4.510 personas utilizaron el autob\u00fas urbano en Alcoy el pasado 12 de diciembre dentro de la campa\u00f1a en la que el servicio ser\u00e1 gratuito cada s\u00e1bado durante las fiestas de Navidad. Las cifras aportadas por el Ayuntamiento muestran que \u00a0el aumento fue del 34% si se compara con el primer s\u00e1bado despu\u00e9s del puente de La Constituci\u00f3n del pasado a\u00f1o 2014.<\/p>\n<p style=\"text-align: justify;\">El edil de Movilidad en el Ayuntamiento de Alcoy, Jordi Mart\u00ednez, ha recordado que esta iniciativa busca &#8220;reducir el tr\u00e1fico rodado durante las fechas de las compras navide\u00f1as, disminuir los contaminantes de los propios veh\u00edculos y fomentar el uso del transporte p\u00fablico entre los alcoyanos&#8221;, concluye. Adem\u00e1s Mart\u00ednez valora positivamente las campa\u00f1as que se han realizado en los \u00faltimos meses en favor del Autob\u00fas y conf\u00eda en que estas junto a medidas como los bonos sociales incrementen m\u00e1s el n\u00famero de usuarios de cara a los pr\u00f3ximos meses.<\/p>\n<p style=\"text-align: justify;\">Indicar que el autob\u00fas seguir\u00e1 siendo gratuito los s\u00e1bados 19 y 26 diciembre al igual que el 2 de enero.<\/p>\n<p>&nbsp;<\/p>\n","protected":false},"excerpt":{"rendered":"<p>Un total de 4.510 personas utilizaron el autob\u00fas urbano en Alcoy el pasado 12 de diciembre dentro de la campa\u00f1a&#8230;<\/p>\n","protected":false},"author":1,"featured_media":8466,"comment_status":"open","ping_status":"open","sticky":false,"template":"","format":"standard","meta":{"footnotes":""},"categories":[97,75,79],"tags":[1494,203,204,1014],"class_list":["post-17633","post","type-post","status-publish","format-standard","has-post-thumbnail","hentry","category-alcoy","category-noticias","category-politicayeconomia","tag-alcoy","tag-autobus","tag-movilidad","tag-transporte"],"yoast_head":"<!-- This site is optimized with the Yoast SEO plugin v27.3 - https:\/\/yoast.com\/product\/yoast-seo-wordpress\/ -->\n<title>Los usuarios respaldan el primer s\u00e1bado de autob\u00fas gratuitos - COPE Alcoy<\/title>\n<meta name=\"robots\" content=\"index, follow, max-snippet:-1, max-image-preview:large, max-video-preview:-1\" \/>\n<link rel=\"canonical\" href=\"https:\/\/www.copealcoy.es\/es\/los-usuarios-respaldan-el-primer-sabado-de-autobus-gratuitos\/\" \/>\n<meta property=\"og:locale\" content=\"es_ES\" \/>\n<meta property=\"og:type\" content=\"article\" \/>\n<meta property=\"og:title\" content=\"Los usuarios respaldan el primer s\u00e1bado de autob\u00fas gratuitos - COPE Alcoy\" \/>\n<meta property=\"og:description\" content=\"Un total de 4.510 personas utilizaron el autob\u00fas urbano en Alcoy el pasado 12 de diciembre dentro de la campa\u00f1a...\" \/>\n<meta property=\"og:url\" content=\"https:\/\/www.copealcoy.es\/es\/los-usuarios-respaldan-el-primer-sabado-de-autobus-gratuitos\/\" \/>\n<meta property=\"og:site_name\" content=\"COPE Alcoy\" \/>\n<meta property=\"article:published_time\" content=\"2015-12-16T21:29:13+00:00\" \/>\n<meta property=\"og:image\" content=\"https:\/\/www.copealcoy.es\/wp-content\/uploads\/2014\/11\/image32.jpg\" \/>\n\t<meta property=\"og:image:width\" content=\"500\" \/>\n\t<meta property=\"og:image:height\" content=\"333\" \/>\n\t<meta property=\"og:image:type\" content=\"image\/jpeg\" \/>\n<meta name=\"author\" content=\"Cope Alcoy\" \/>\n<meta name=\"twitter:label1\" content=\"Escrito por\" \/>\n\t<meta name=\"twitter:data1\" content=\"Cope Alcoy\" \/>\n\t<meta name=\"twitter:label2\" content=\"Tiempo de lectura\" \/>\n\t<meta name=\"twitter:data2\" content=\"1 minuto\" \/>\n<script type=\"application\/ld+json\" class=\"yoast-schema-graph\">{\"@context\":\"https:\\\/\\\/schema.org\",\"@graph\":[{\"@type\":\"Article\",\"@id\":\"https:\\\/\\\/www.copealcoy.es\\\/es\\\/los-usuarios-respaldan-el-primer-sabado-de-autobus-gratuitos\\\/#article\",\"isPartOf\":{\"@id\":\"https:\\\/\\\/www.copealcoy.es\\\/es\\\/los-usuarios-respaldan-el-primer-sabado-de-autobus-gratuitos\\\/\"},\"author\":{\"name\":\"Cope Alcoy\",\"@id\":\"https:\\\/\\\/www.copealcoy.es\\\/es\\\/#\\\/schema\\\/person\\\/e777c87fa024e57d40170af9df39882c\"},\"headline\":\"Los usuarios respaldan el primer s\u00e1bado de autob\u00fas gratuitos\",\"datePublished\":\"2015-12-16T21:29:13+00:00\",\"mainEntityOfPage\":{\"@id\":\"https:\\\/\\\/www.copealcoy.es\\\/es\\\/los-usuarios-respaldan-el-primer-sabado-de-autobus-gratuitos\\\/\"},\"wordCount\":199,\"commentCount\":0,\"image\":{\"@id\":\"https:\\\/\\\/www.copealcoy.es\\\/es\\\/los-usuarios-respaldan-el-primer-sabado-de-autobus-gratuitos\\\/#primaryimage\"},\"thumbnailUrl\":\"https:\\\/\\\/www.copealcoy.es\\\/wp-content\\\/uploads\\\/2014\\\/11\\\/image32.jpg\",\"keywords\":[\"Alcoy\",\"Autob\u00fas\",\"Movilidad\",\"Transporte\"],\"articleSection\":[\"Alcoy\",\"Noticias\",\"Pol\u00edtica y Econom\u00eda\"],\"inLanguage\":\"es\"},{\"@type\":\"WebPage\",\"@id\":\"https:\\\/\\\/www.copealcoy.es\\\/es\\\/los-usuarios-respaldan-el-primer-sabado-de-autobus-gratuitos\\\/\",\"url\":\"https:\\\/\\\/www.copealcoy.es\\\/es\\\/los-usuarios-respaldan-el-primer-sabado-de-autobus-gratuitos\\\/\",\"name\":\"Los usuarios respaldan el primer s\u00e1bado de autob\u00fas gratuitos - COPE Alcoy\",\"isPartOf\":{\"@id\":\"https:\\\/\\\/www.copealcoy.es\\\/es\\\/#website\"},\"primaryImageOfPage\":{\"@id\":\"https:\\\/\\\/www.copealcoy.es\\\/es\\\/los-usuarios-respaldan-el-primer-sabado-de-autobus-gratuitos\\\/#primaryimage\"},\"image\":{\"@id\":\"https:\\\/\\\/www.copealcoy.es\\\/es\\\/los-usuarios-respaldan-el-primer-sabado-de-autobus-gratuitos\\\/#primaryimage\"},\"thumbnailUrl\":\"https:\\\/\\\/www.copealcoy.es\\\/wp-content\\\/uploads\\\/2014\\\/11\\\/image32.jpg\",\"datePublished\":\"2015-12-16T21:29:13+00:00\",\"author\":{\"@id\":\"https:\\\/\\\/www.copealcoy.es\\\/es\\\/#\\\/schema\\\/person\\\/e777c87fa024e57d40170af9df39882c\"},\"breadcrumb\":{\"@id\":\"https:\\\/\\\/www.copealcoy.es\\\/es\\\/los-usuarios-respaldan-el-primer-sabado-de-autobus-gratuitos\\\/#breadcrumb\"},\"inLanguage\":\"es\",\"potentialAction\":[{\"@type\":\"ReadAction\",\"target\":[\"https:\\\/\\\/www.copealcoy.es\\\/es\\\/los-usuarios-respaldan-el-primer-sabado-de-autobus-gratuitos\\\/\"]}]},{\"@type\":\"ImageObject\",\"inLanguage\":\"es\",\"@id\":\"https:\\\/\\\/www.copealcoy.es\\\/es\\\/los-usuarios-respaldan-el-primer-sabado-de-autobus-gratuitos\\\/#primaryimage\",\"url\":\"https:\\\/\\\/www.copealcoy.es\\\/wp-content\\\/uploads\\\/2014\\\/11\\\/image32.jpg\",\"contentUrl\":\"https:\\\/\\\/www.copealcoy.es\\\/wp-content\\\/uploads\\\/2014\\\/11\\\/image32.jpg\",\"width\":500,\"height\":333},{\"@type\":\"BreadcrumbList\",\"@id\":\"https:\\\/\\\/www.copealcoy.es\\\/es\\\/los-usuarios-respaldan-el-primer-sabado-de-autobus-gratuitos\\\/#breadcrumb\",\"itemListElement\":[{\"@type\":\"ListItem\",\"position\":1,\"name\":\"Portada\",\"item\":\"https:\\\/\\\/www.copealcoy.es\\\/es\\\/\"},{\"@type\":\"ListItem\",\"position\":2,\"name\":\"Los usuarios respaldan el primer s\u00e1bado de autob\u00fas gratuitos\"}]},{\"@type\":\"WebSite\",\"@id\":\"https:\\\/\\\/www.copealcoy.es\\\/es\\\/#website\",\"url\":\"https:\\\/\\\/www.copealcoy.es\\\/es\\\/\",\"name\":\"COPE Alcoy\",\"description\":\"Emisora COPE de radio local con emisi\u00f3n online. Pont de Sant Jordi 8-10 03803 Alcoy\",\"potentialAction\":[{\"@type\":\"SearchAction\",\"target\":{\"@type\":\"EntryPoint\",\"urlTemplate\":\"https:\\\/\\\/www.copealcoy.es\\\/es\\\/?s={search_term_string}\"},\"query-input\":{\"@type\":\"PropertyValueSpecification\",\"valueRequired\":true,\"valueName\":\"search_term_string\"}}],\"inLanguage\":\"es\"},{\"@type\":\"Person\",\"@id\":\"https:\\\/\\\/www.copealcoy.es\\\/es\\\/#\\\/schema\\\/person\\\/e777c87fa024e57d40170af9df39882c\",\"name\":\"Cope Alcoy\",\"image\":{\"@type\":\"ImageObject\",\"inLanguage\":\"es\",\"@id\":\"https:\\\/\\\/secure.gravatar.com\\\/avatar\\\/bb65d0283347e303893ba14f0692005417c1e0e690a325a4c5d8bb2b3943ee14?s=96&d=mm&r=g\",\"url\":\"https:\\\/\\\/secure.gravatar.com\\\/avatar\\\/bb65d0283347e303893ba14f0692005417c1e0e690a325a4c5d8bb2b3943ee14?s=96&d=mm&r=g\",\"contentUrl\":\"https:\\\/\\\/secure.gravatar.com\\\/avatar\\\/bb65d0283347e303893ba14f0692005417c1e0e690a325a4c5d8bb2b3943ee14?s=96&d=mm&r=g\",\"caption\":\"Cope Alcoy\"}}]}<\/script>\n<!-- \/ Yoast SEO plugin. -->","yoast_head_json":{"title":"Los usuarios respaldan el primer s\u00e1bado de autob\u00fas gratuitos - COPE Alcoy","robots":{"index":"index","follow":"follow","max-snippet":"max-snippet:-1","max-image-preview":"max-image-preview:large","max-video-preview":"max-video-preview:-1"},"canonical":"https:\/\/www.copealcoy.es\/es\/los-usuarios-respaldan-el-primer-sabado-de-autobus-gratuitos\/","og_locale":"es_ES","og_type":"article","og_title":"Los usuarios respaldan el primer s\u00e1bado de autob\u00fas gratuitos - COPE Alcoy","og_description":"Un total de 4.510 personas utilizaron el autob\u00fas urbano en Alcoy el pasado 12 de diciembre dentro de la campa\u00f1a...","og_url":"https:\/\/www.copealcoy.es\/es\/los-usuarios-respaldan-el-primer-sabado-de-autobus-gratuitos\/","og_site_name":"COPE Alcoy","article_published_time":"2015-12-16T21:29:13+00:00","og_image":[{"width":500,"height":333,"url":"https:\/\/www.copealcoy.es\/wp-content\/uploads\/2014\/11\/image32.jpg","type":"image\/jpeg"}],"author":"Cope Alcoy","twitter_misc":{"Escrito por":"Cope Alcoy","Tiempo de lectura":"1 minuto"},"schema":{"@context":"https:\/\/schema.org","@graph":[{"@type":"Article","@id":"https:\/\/www.copealcoy.es\/es\/los-usuarios-respaldan-el-primer-sabado-de-autobus-gratuitos\/#article","isPartOf":{"@id":"https:\/\/www.copealcoy.es\/es\/los-usuarios-respaldan-el-primer-sabado-de-autobus-gratuitos\/"},"author":{"name":"Cope Alcoy","@id":"https:\/\/www.copealcoy.es\/es\/#\/schema\/person\/e777c87fa024e57d40170af9df39882c"},"headline":"Los usuarios respaldan el primer s\u00e1bado de autob\u00fas gratuitos","datePublished":"2015-12-16T21:29:13+00:00","mainEntityOfPage":{"@id":"https:\/\/www.copealcoy.es\/es\/los-usuarios-respaldan-el-primer-sabado-de-autobus-gratuitos\/"},"wordCount":199,"commentCount":0,"image":{"@id":"https:\/\/www.copealcoy.es\/es\/los-usuarios-respaldan-el-primer-sabado-de-autobus-gratuitos\/#primaryimage"},"thumbnailUrl":"https:\/\/www.copealcoy.es\/wp-content\/uploads\/2014\/11\/image32.jpg","keywords":["Alcoy","Autob\u00fas","Movilidad","Transporte"],"articleSection":["Alcoy","Noticias","Pol\u00edtica y Econom\u00eda"],"inLanguage":"es"},{"@type":"WebPage","@id":"https:\/\/www.copealcoy.es\/es\/los-usuarios-respaldan-el-primer-sabado-de-autobus-gratuitos\/","url":"https:\/\/www.copealcoy.es\/es\/los-usuarios-respaldan-el-primer-sabado-de-autobus-gratuitos\/","name":"Los usuarios respaldan el primer s\u00e1bado de autob\u00fas gratuitos - COPE Alcoy","isPartOf":{"@id":"https:\/\/www.copealcoy.es\/es\/#website"},"primaryImageOfPage":{"@id":"https:\/\/www.copealcoy.es\/es\/los-usuarios-respaldan-el-primer-sabado-de-autobus-gratuitos\/#primaryimage"},"image":{"@id":"https:\/\/www.copealcoy.es\/es\/los-usuarios-respaldan-el-primer-sabado-de-autobus-gratuitos\/#primaryimage"},"thumbnailUrl":"https:\/\/www.copealcoy.es\/wp-content\/uploads\/2014\/11\/image32.jpg","datePublished":"2015-12-16T21:29:13+00:00","author":{"@id":"https:\/\/www.copealcoy.es\/es\/#\/schema\/person\/e777c87fa024e57d40170af9df39882c"},"breadcrumb":{"@id":"https:\/\/www.copealcoy.es\/es\/los-usuarios-respaldan-el-primer-sabado-de-autobus-gratuitos\/#breadcrumb"},"inLanguage":"es","potentialAction":[{"@type":"ReadAction","target":["https:\/\/www.copealcoy.es\/es\/los-usuarios-respaldan-el-primer-sabado-de-autobus-gratuitos\/"]}]},{"@type":"ImageObject","inLanguage":"es","@id":"https:\/\/www.copealcoy.es\/es\/los-usuarios-respaldan-el-primer-sabado-de-autobus-gratuitos\/#primaryimage","url":"https:\/\/www.copealcoy.es\/wp-content\/uploads\/2014\/11\/image32.jpg","contentUrl":"https:\/\/www.copealcoy.es\/wp-content\/uploads\/2014\/11\/image32.jpg","width":500,"height":333},{"@type":"BreadcrumbList","@id":"https:\/\/www.copealcoy.es\/es\/los-usuarios-respaldan-el-primer-sabado-de-autobus-gratuitos\/#breadcrumb","itemListElement":[{"@type":"ListItem","position":1,"name":"Portada","item":"https:\/\/www.copealcoy.es\/es\/"},{"@type":"ListItem","position":2,"name":"Los usuarios respaldan el primer s\u00e1bado de autob\u00fas gratuitos"}]},{"@type":"WebSite","@id":"https:\/\/www.copealcoy.es\/es\/#website","url":"https:\/\/www.copealcoy.es\/es\/","name":"COPE Alcoy","description":"Emisora COPE de radio local con emisi\u00f3n online. Pont de Sant Jordi 8-10 03803 Alcoy","potentialAction":[{"@type":"SearchAction","target":{"@type":"EntryPoint","urlTemplate":"https:\/\/www.copealcoy.es\/es\/?s={search_term_string}"},"query-input":{"@type":"PropertyValueSpecification","valueRequired":true,"valueName":"search_term_string"}}],"inLanguage":"es"},{"@type":"Person","@id":"https:\/\/www.copealcoy.es\/es\/#\/schema\/person\/e777c87fa024e57d40170af9df39882c","name":"Cope Alcoy","image":{"@type":"ImageObject","inLanguage":"es","@id":"https:\/\/secure.gravatar.com\/avatar\/bb65d0283347e303893ba14f0692005417c1e0e690a325a4c5d8bb2b3943ee14?s=96&d=mm&r=g","url":"https:\/\/secure.gravatar.com\/avatar\/bb65d0283347e303893ba14f0692005417c1e0e690a325a4c5d8bb2b3943ee14?s=96&d=mm&r=g","contentUrl":"https:\/\/secure.gravatar.com\/avatar\/bb65d0283347e303893ba14f0692005417c1e0e690a325a4c5d8bb2b3943ee14?s=96&d=mm&r=g","caption":"Cope Alcoy"}}]}},"_links":{"self":[{"href":"https:\/\/www.copealcoy.es\/es\/wp-json\/wp\/v2\/posts\/17633","targetHints":{"allow":["GET"]}}],"collection":[{"href":"https:\/\/www.copealcoy.es\/es\/wp-json\/wp\/v2\/posts"}],"about":[{"href":"https:\/\/www.copealcoy.es\/es\/wp-json\/wp\/v2\/types\/post"}],"author":[{"embeddable":true,"href":"https:\/\/www.copealcoy.es\/es\/wp-json\/wp\/v2\/users\/1"}],"replies":[{"embeddable":true,"href":"https:\/\/www.copealcoy.es\/es\/wp-json\/wp\/v2\/comments?post=17633"}],"version-history":[{"count":0,"href":"https:\/\/www.copealcoy.es\/es\/wp-json\/wp\/v2\/posts\/17633\/revisions"}],"wp:featuredmedia":[{"embeddable":true,"href":"https:\/\/www.copealcoy.es\/es\/wp-json\/wp\/v2\/media\/8466"}],"wp:attachment":[{"href":"https:\/\/www.copealcoy.es\/es\/wp-json\/wp\/v2\/media?parent=17633"}],"wp:term":[{"taxonomy":"category","embeddable":true,"href":"https:\/\/www.copealcoy.es\/es\/wp-json\/wp\/v2\/categories?post=17633"},{"taxonomy":"post_tag","embeddable":true,"href":"https:\/\/www.copealcoy.es\/es\/wp-json\/wp\/v2\/tags?post=17633"}],"curies":[{"name":"wp","href":"https:\/\/api.w.org\/{rel}","templated":true}]}}