{"id":17552,"date":"2015-12-10T20:36:32","date_gmt":"2015-12-10T20:36:32","guid":{"rendered":"http:\/\/copealcoi.es\/new\/?p=17552"},"modified":"2015-12-10T20:36:32","modified_gmt":"2015-12-10T20:36:32","slug":"el-autobus-urbano-sera-gratuito-los-sabados-de-navidad","status":"publish","type":"post","link":"https:\/\/www.copealcoy.es\/es\/el-autobus-urbano-sera-gratuito-los-sabados-de-navidad\/","title":{"rendered":"El autob\u00fas urbano ser\u00e1 gratuito los s\u00e1bados de Navidad"},"content":{"rendered":"<p style=\"text-align: justify;\">El autob\u00fas urbano de Alcoy ser\u00e1 gratuito los pr\u00f3ximos s\u00e1bados 12, 19 y 26 de diciembre as\u00ed como el 2 de enero con el fin de fomentar el uso del transporte p\u00fablico y captar a nuevos usuarios dentro de la campa\u00f1a comercial de Navidad. El edil Jordi Mart\u00ednez ha destacado que esta iniciativa ya se prob\u00f3 durante la \u00faltima edici\u00f3n de la semana de la movilidad con una notable aceptaci\u00f3n de la ciudadan\u00eda y ha remarcado que ahora &#8220;se pone en marcha para facilitar el transporte entre barrios a la hora de realizar las compras navide\u00f1as as\u00ed como facilitar el acceso a otros puntos de la ciudad donde por ejemplo se realicen actividades con motivo de estas fechas&#8221;, asegura. Por otra parte Mart\u00ednez afirma que ya se han puesto marcha otras medidas que seguir\u00e1n consolid\u00e1ndose en los pr\u00f3ximos meses &#8220;los bonos sociales y las campa\u00f1as que se han hecho para fomentar el uso del autob\u00fas urbano han dado buenos resultados ya que las cifras nos demuestran un considerable incremento de usuarios&#8221;, concluye.<\/p>\n<p>&nbsp;<\/p>\n","protected":false},"excerpt":{"rendered":"<p>El autob\u00fas urbano de Alcoy ser\u00e1 gratuito los pr\u00f3ximos s\u00e1bados 12, 19 y 26 de diciembre as\u00ed como el 2&#8230;<\/p>\n","protected":false},"author":1,"featured_media":8466,"comment_status":"open","ping_status":"open","sticky":false,"template":"","format":"standard","meta":{"footnotes":""},"categories":[97,75,79],"tags":[1494,203,174,1014],"class_list":["post-17552","post","type-post","status-publish","format-standard","has-post-thumbnail","hentry","category-alcoy","category-noticias","category-politicayeconomia","tag-alcoy","tag-autobus","tag-navidad","tag-transporte"],"yoast_head":"<!-- This site is optimized with the Yoast SEO plugin v27.3 - https:\/\/yoast.com\/product\/yoast-seo-wordpress\/ -->\n<title>El autob\u00fas urbano ser\u00e1 gratuito los s\u00e1bados de Navidad - COPE Alcoy<\/title>\n<meta name=\"robots\" content=\"index, follow, max-snippet:-1, max-image-preview:large, max-video-preview:-1\" \/>\n<link rel=\"canonical\" href=\"https:\/\/www.copealcoy.es\/es\/el-autobus-urbano-sera-gratuito-los-sabados-de-navidad\/\" \/>\n<meta property=\"og:locale\" content=\"es_ES\" \/>\n<meta property=\"og:type\" content=\"article\" \/>\n<meta property=\"og:title\" content=\"El autob\u00fas urbano ser\u00e1 gratuito los s\u00e1bados de Navidad - COPE Alcoy\" \/>\n<meta property=\"og:description\" content=\"El autob\u00fas urbano de Alcoy ser\u00e1 gratuito los pr\u00f3ximos s\u00e1bados 12, 19 y 26 de diciembre as\u00ed como el 2...\" \/>\n<meta property=\"og:url\" content=\"https:\/\/www.copealcoy.es\/es\/el-autobus-urbano-sera-gratuito-los-sabados-de-navidad\/\" \/>\n<meta property=\"og:site_name\" content=\"COPE Alcoy\" \/>\n<meta property=\"article:published_time\" content=\"2015-12-10T20:36:32+00:00\" \/>\n<meta property=\"og:image\" content=\"https:\/\/www.copealcoy.es\/wp-content\/uploads\/2014\/11\/image32.jpg\" \/>\n\t<meta property=\"og:image:width\" content=\"500\" \/>\n\t<meta property=\"og:image:height\" content=\"333\" \/>\n\t<meta property=\"og:image:type\" content=\"image\/jpeg\" \/>\n<meta name=\"author\" content=\"Cope Alcoy\" \/>\n<meta name=\"twitter:label1\" content=\"Escrito por\" \/>\n\t<meta name=\"twitter:data1\" content=\"Cope Alcoy\" \/>\n\t<meta name=\"twitter:label2\" content=\"Tiempo de lectura\" \/>\n\t<meta name=\"twitter:data2\" content=\"1 minuto\" \/>\n<script type=\"application\/ld+json\" class=\"yoast-schema-graph\">{\"@context\":\"https:\\\/\\\/schema.org\",\"@graph\":[{\"@type\":\"Article\",\"@id\":\"https:\\\/\\\/www.copealcoy.es\\\/es\\\/el-autobus-urbano-sera-gratuito-los-sabados-de-navidad\\\/#article\",\"isPartOf\":{\"@id\":\"https:\\\/\\\/www.copealcoy.es\\\/es\\\/el-autobus-urbano-sera-gratuito-los-sabados-de-navidad\\\/\"},\"author\":{\"name\":\"Cope Alcoy\",\"@id\":\"https:\\\/\\\/www.copealcoy.es\\\/es\\\/#\\\/schema\\\/person\\\/e777c87fa024e57d40170af9df39882c\"},\"headline\":\"El autob\u00fas urbano ser\u00e1 gratuito los s\u00e1bados de Navidad\",\"datePublished\":\"2015-12-10T20:36:32+00:00\",\"mainEntityOfPage\":{\"@id\":\"https:\\\/\\\/www.copealcoy.es\\\/es\\\/el-autobus-urbano-sera-gratuito-los-sabados-de-navidad\\\/\"},\"wordCount\":196,\"commentCount\":0,\"image\":{\"@id\":\"https:\\\/\\\/www.copealcoy.es\\\/es\\\/el-autobus-urbano-sera-gratuito-los-sabados-de-navidad\\\/#primaryimage\"},\"thumbnailUrl\":\"https:\\\/\\\/www.copealcoy.es\\\/wp-content\\\/uploads\\\/2014\\\/11\\\/image32.jpg\",\"keywords\":[\"Alcoy\",\"Autob\u00fas\",\"Navidad\",\"Transporte\"],\"articleSection\":[\"Alcoy\",\"Noticias\",\"Pol\u00edtica y Econom\u00eda\"],\"inLanguage\":\"es\"},{\"@type\":\"WebPage\",\"@id\":\"https:\\\/\\\/www.copealcoy.es\\\/es\\\/el-autobus-urbano-sera-gratuito-los-sabados-de-navidad\\\/\",\"url\":\"https:\\\/\\\/www.copealcoy.es\\\/es\\\/el-autobus-urbano-sera-gratuito-los-sabados-de-navidad\\\/\",\"name\":\"El autob\u00fas urbano ser\u00e1 gratuito los s\u00e1bados de Navidad - COPE Alcoy\",\"isPartOf\":{\"@id\":\"https:\\\/\\\/www.copealcoy.es\\\/es\\\/#website\"},\"primaryImageOfPage\":{\"@id\":\"https:\\\/\\\/www.copealcoy.es\\\/es\\\/el-autobus-urbano-sera-gratuito-los-sabados-de-navidad\\\/#primaryimage\"},\"image\":{\"@id\":\"https:\\\/\\\/www.copealcoy.es\\\/es\\\/el-autobus-urbano-sera-gratuito-los-sabados-de-navidad\\\/#primaryimage\"},\"thumbnailUrl\":\"https:\\\/\\\/www.copealcoy.es\\\/wp-content\\\/uploads\\\/2014\\\/11\\\/image32.jpg\",\"datePublished\":\"2015-12-10T20:36:32+00:00\",\"author\":{\"@id\":\"https:\\\/\\\/www.copealcoy.es\\\/es\\\/#\\\/schema\\\/person\\\/e777c87fa024e57d40170af9df39882c\"},\"breadcrumb\":{\"@id\":\"https:\\\/\\\/www.copealcoy.es\\\/es\\\/el-autobus-urbano-sera-gratuito-los-sabados-de-navidad\\\/#breadcrumb\"},\"inLanguage\":\"es\",\"potentialAction\":[{\"@type\":\"ReadAction\",\"target\":[\"https:\\\/\\\/www.copealcoy.es\\\/es\\\/el-autobus-urbano-sera-gratuito-los-sabados-de-navidad\\\/\"]}]},{\"@type\":\"ImageObject\",\"inLanguage\":\"es\",\"@id\":\"https:\\\/\\\/www.copealcoy.es\\\/es\\\/el-autobus-urbano-sera-gratuito-los-sabados-de-navidad\\\/#primaryimage\",\"url\":\"https:\\\/\\\/www.copealcoy.es\\\/wp-content\\\/uploads\\\/2014\\\/11\\\/image32.jpg\",\"contentUrl\":\"https:\\\/\\\/www.copealcoy.es\\\/wp-content\\\/uploads\\\/2014\\\/11\\\/image32.jpg\",\"width\":500,\"height\":333},{\"@type\":\"BreadcrumbList\",\"@id\":\"https:\\\/\\\/www.copealcoy.es\\\/es\\\/el-autobus-urbano-sera-gratuito-los-sabados-de-navidad\\\/#breadcrumb\",\"itemListElement\":[{\"@type\":\"ListItem\",\"position\":1,\"name\":\"Portada\",\"item\":\"https:\\\/\\\/www.copealcoy.es\\\/es\\\/\"},{\"@type\":\"ListItem\",\"position\":2,\"name\":\"El autob\u00fas urbano ser\u00e1 gratuito los s\u00e1bados de Navidad\"}]},{\"@type\":\"WebSite\",\"@id\":\"https:\\\/\\\/www.copealcoy.es\\\/es\\\/#website\",\"url\":\"https:\\\/\\\/www.copealcoy.es\\\/es\\\/\",\"name\":\"COPE Alcoy\",\"description\":\"Emisora COPE de radio local con emisi\u00f3n online. Pont de Sant Jordi 8-10 03803 Alcoy\",\"potentialAction\":[{\"@type\":\"SearchAction\",\"target\":{\"@type\":\"EntryPoint\",\"urlTemplate\":\"https:\\\/\\\/www.copealcoy.es\\\/es\\\/?s={search_term_string}\"},\"query-input\":{\"@type\":\"PropertyValueSpecification\",\"valueRequired\":true,\"valueName\":\"search_term_string\"}}],\"inLanguage\":\"es\"},{\"@type\":\"Person\",\"@id\":\"https:\\\/\\\/www.copealcoy.es\\\/es\\\/#\\\/schema\\\/person\\\/e777c87fa024e57d40170af9df39882c\",\"name\":\"Cope Alcoy\",\"image\":{\"@type\":\"ImageObject\",\"inLanguage\":\"es\",\"@id\":\"https:\\\/\\\/secure.gravatar.com\\\/avatar\\\/bb65d0283347e303893ba14f0692005417c1e0e690a325a4c5d8bb2b3943ee14?s=96&d=mm&r=g\",\"url\":\"https:\\\/\\\/secure.gravatar.com\\\/avatar\\\/bb65d0283347e303893ba14f0692005417c1e0e690a325a4c5d8bb2b3943ee14?s=96&d=mm&r=g\",\"contentUrl\":\"https:\\\/\\\/secure.gravatar.com\\\/avatar\\\/bb65d0283347e303893ba14f0692005417c1e0e690a325a4c5d8bb2b3943ee14?s=96&d=mm&r=g\",\"caption\":\"Cope Alcoy\"}}]}<\/script>\n<!-- \/ Yoast SEO plugin. -->","yoast_head_json":{"title":"El autob\u00fas urbano ser\u00e1 gratuito los s\u00e1bados de Navidad - COPE Alcoy","robots":{"index":"index","follow":"follow","max-snippet":"max-snippet:-1","max-image-preview":"max-image-preview:large","max-video-preview":"max-video-preview:-1"},"canonical":"https:\/\/www.copealcoy.es\/es\/el-autobus-urbano-sera-gratuito-los-sabados-de-navidad\/","og_locale":"es_ES","og_type":"article","og_title":"El autob\u00fas urbano ser\u00e1 gratuito los s\u00e1bados de Navidad - COPE Alcoy","og_description":"El autob\u00fas urbano de Alcoy ser\u00e1 gratuito los pr\u00f3ximos s\u00e1bados 12, 19 y 26 de diciembre as\u00ed como el 2...","og_url":"https:\/\/www.copealcoy.es\/es\/el-autobus-urbano-sera-gratuito-los-sabados-de-navidad\/","og_site_name":"COPE Alcoy","article_published_time":"2015-12-10T20:36:32+00:00","og_image":[{"width":500,"height":333,"url":"https:\/\/www.copealcoy.es\/wp-content\/uploads\/2014\/11\/image32.jpg","type":"image\/jpeg"}],"author":"Cope Alcoy","twitter_misc":{"Escrito por":"Cope Alcoy","Tiempo de lectura":"1 minuto"},"schema":{"@context":"https:\/\/schema.org","@graph":[{"@type":"Article","@id":"https:\/\/www.copealcoy.es\/es\/el-autobus-urbano-sera-gratuito-los-sabados-de-navidad\/#article","isPartOf":{"@id":"https:\/\/www.copealcoy.es\/es\/el-autobus-urbano-sera-gratuito-los-sabados-de-navidad\/"},"author":{"name":"Cope Alcoy","@id":"https:\/\/www.copealcoy.es\/es\/#\/schema\/person\/e777c87fa024e57d40170af9df39882c"},"headline":"El autob\u00fas urbano ser\u00e1 gratuito los s\u00e1bados de Navidad","datePublished":"2015-12-10T20:36:32+00:00","mainEntityOfPage":{"@id":"https:\/\/www.copealcoy.es\/es\/el-autobus-urbano-sera-gratuito-los-sabados-de-navidad\/"},"wordCount":196,"commentCount":0,"image":{"@id":"https:\/\/www.copealcoy.es\/es\/el-autobus-urbano-sera-gratuito-los-sabados-de-navidad\/#primaryimage"},"thumbnailUrl":"https:\/\/www.copealcoy.es\/wp-content\/uploads\/2014\/11\/image32.jpg","keywords":["Alcoy","Autob\u00fas","Navidad","Transporte"],"articleSection":["Alcoy","Noticias","Pol\u00edtica y Econom\u00eda"],"inLanguage":"es"},{"@type":"WebPage","@id":"https:\/\/www.copealcoy.es\/es\/el-autobus-urbano-sera-gratuito-los-sabados-de-navidad\/","url":"https:\/\/www.copealcoy.es\/es\/el-autobus-urbano-sera-gratuito-los-sabados-de-navidad\/","name":"El autob\u00fas urbano ser\u00e1 gratuito los s\u00e1bados de Navidad - COPE Alcoy","isPartOf":{"@id":"https:\/\/www.copealcoy.es\/es\/#website"},"primaryImageOfPage":{"@id":"https:\/\/www.copealcoy.es\/es\/el-autobus-urbano-sera-gratuito-los-sabados-de-navidad\/#primaryimage"},"image":{"@id":"https:\/\/www.copealcoy.es\/es\/el-autobus-urbano-sera-gratuito-los-sabados-de-navidad\/#primaryimage"},"thumbnailUrl":"https:\/\/www.copealcoy.es\/wp-content\/uploads\/2014\/11\/image32.jpg","datePublished":"2015-12-10T20:36:32+00:00","author":{"@id":"https:\/\/www.copealcoy.es\/es\/#\/schema\/person\/e777c87fa024e57d40170af9df39882c"},"breadcrumb":{"@id":"https:\/\/www.copealcoy.es\/es\/el-autobus-urbano-sera-gratuito-los-sabados-de-navidad\/#breadcrumb"},"inLanguage":"es","potentialAction":[{"@type":"ReadAction","target":["https:\/\/www.copealcoy.es\/es\/el-autobus-urbano-sera-gratuito-los-sabados-de-navidad\/"]}]},{"@type":"ImageObject","inLanguage":"es","@id":"https:\/\/www.copealcoy.es\/es\/el-autobus-urbano-sera-gratuito-los-sabados-de-navidad\/#primaryimage","url":"https:\/\/www.copealcoy.es\/wp-content\/uploads\/2014\/11\/image32.jpg","contentUrl":"https:\/\/www.copealcoy.es\/wp-content\/uploads\/2014\/11\/image32.jpg","width":500,"height":333},{"@type":"BreadcrumbList","@id":"https:\/\/www.copealcoy.es\/es\/el-autobus-urbano-sera-gratuito-los-sabados-de-navidad\/#breadcrumb","itemListElement":[{"@type":"ListItem","position":1,"name":"Portada","item":"https:\/\/www.copealcoy.es\/es\/"},{"@type":"ListItem","position":2,"name":"El autob\u00fas urbano ser\u00e1 gratuito los s\u00e1bados de Navidad"}]},{"@type":"WebSite","@id":"https:\/\/www.copealcoy.es\/es\/#website","url":"https:\/\/www.copealcoy.es\/es\/","name":"COPE Alcoy","description":"Emisora COPE de radio local con emisi\u00f3n online. Pont de Sant Jordi 8-10 03803 Alcoy","potentialAction":[{"@type":"SearchAction","target":{"@type":"EntryPoint","urlTemplate":"https:\/\/www.copealcoy.es\/es\/?s={search_term_string}"},"query-input":{"@type":"PropertyValueSpecification","valueRequired":true,"valueName":"search_term_string"}}],"inLanguage":"es"},{"@type":"Person","@id":"https:\/\/www.copealcoy.es\/es\/#\/schema\/person\/e777c87fa024e57d40170af9df39882c","name":"Cope Alcoy","image":{"@type":"ImageObject","inLanguage":"es","@id":"https:\/\/secure.gravatar.com\/avatar\/bb65d0283347e303893ba14f0692005417c1e0e690a325a4c5d8bb2b3943ee14?s=96&d=mm&r=g","url":"https:\/\/secure.gravatar.com\/avatar\/bb65d0283347e303893ba14f0692005417c1e0e690a325a4c5d8bb2b3943ee14?s=96&d=mm&r=g","contentUrl":"https:\/\/secure.gravatar.com\/avatar\/bb65d0283347e303893ba14f0692005417c1e0e690a325a4c5d8bb2b3943ee14?s=96&d=mm&r=g","caption":"Cope Alcoy"}}]}},"_links":{"self":[{"href":"https:\/\/www.copealcoy.es\/es\/wp-json\/wp\/v2\/posts\/17552","targetHints":{"allow":["GET"]}}],"collection":[{"href":"https:\/\/www.copealcoy.es\/es\/wp-json\/wp\/v2\/posts"}],"about":[{"href":"https:\/\/www.copealcoy.es\/es\/wp-json\/wp\/v2\/types\/post"}],"author":[{"embeddable":true,"href":"https:\/\/www.copealcoy.es\/es\/wp-json\/wp\/v2\/users\/1"}],"replies":[{"embeddable":true,"href":"https:\/\/www.copealcoy.es\/es\/wp-json\/wp\/v2\/comments?post=17552"}],"version-history":[{"count":0,"href":"https:\/\/www.copealcoy.es\/es\/wp-json\/wp\/v2\/posts\/17552\/revisions"}],"wp:featuredmedia":[{"embeddable":true,"href":"https:\/\/www.copealcoy.es\/es\/wp-json\/wp\/v2\/media\/8466"}],"wp:attachment":[{"href":"https:\/\/www.copealcoy.es\/es\/wp-json\/wp\/v2\/media?parent=17552"}],"wp:term":[{"taxonomy":"category","embeddable":true,"href":"https:\/\/www.copealcoy.es\/es\/wp-json\/wp\/v2\/categories?post=17552"},{"taxonomy":"post_tag","embeddable":true,"href":"https:\/\/www.copealcoy.es\/es\/wp-json\/wp\/v2\/tags?post=17552"}],"curies":[{"name":"wp","href":"https:\/\/api.w.org\/{rel}","templated":true}]}}