{"id":17542,"date":"2015-12-10T17:24:04","date_gmt":"2015-12-10T17:24:04","guid":{"rendered":"http:\/\/copealcoi.es\/new\/?p=17542"},"modified":"2016-03-05T12:53:43","modified_gmt":"2016-03-05T12:53:43","slug":"la-fila-gentils-organiza-la-cabalgata-de-cocentaina","status":"publish","type":"post","link":"https:\/\/www.copealcoy.es\/es\/la-fila-gentils-organiza-la-cabalgata-de-cocentaina\/","title":{"rendered":"La Fil\u00e0 Gentils organiza la Cabalgata de Cocentaina"},"content":{"rendered":"<p style=\"text-align: justify;\">La fil\u00e0 Gentils es la entidad que este a\u00f1o se encargar\u00e1 de organizar la Cabalgata de los Reyes Magos de Cocentaina. La agrupaci\u00f3n festera, fundada en 1963, coordinar\u00e1 tambi\u00e9n la venida del Embajador Real en la tarde del d\u00eda 1 de enero as\u00ed como la del Paje que llegar\u00e1 a las puertas de la iglesia de Santa Mar\u00eda el d\u00eda 5 de enero a partir de las tres del mediod\u00eda para repartir gran cantidad de dulces y golosinas en lo que se conoce en La Villa Condal como La Bandeja.<\/p>\n<p style=\"text-align: justify;\">Desde esta fil\u00e0 han organizado adem\u00e1s para este viernes 11 de diciembre un acto en el Centro Social Real Blanc, a partir de las 20:30h, en el que se presentar\u00e1 oficialmente el cartel anunciador que ha dise\u00f1ado Antonio Dom\u00ednguez y en el que tambi\u00e9n se dar\u00e1n a conocer algunas de las novedades con las que contar\u00e1 el desfile de este a\u00f1o que arrancar\u00e1 como es habitual a partir de las 19 horas desde la parte alta del Passeig del Comtat. El Cap de Fil\u00e0 dels Gentils, Jos\u00e9 Pascual, ha destacado que todos los miembros se han implicado en preparar la Cabalgata del 2016 &#8220;estamos muy ilusionados porque en nuestros m\u00e1s de cincuenta a\u00f1os de vida nunca hab\u00edamos llevado a cabo una actividad de estas caracter\u00edsticas&#8221;, afirma.<\/p>\n<p style=\"text-align: justify;\">La fil\u00e0 Gentils ha encargado tambi\u00e9n a nuestro compa\u00f1ero Gabriel Pascual la redacci\u00f3n del Bando Real que el Emisario declamar\u00e1 por el citado Passeig del Comtat y la plaza de El Pla en el primer d\u00eda del a\u00f1o. Recordar que Gabriel Pascual es Licenciado en Comunicaci\u00f3n Audiovisual por la Universidad Polit\u00e9cnica de Valencia y dirige los informativos de esta casa adem\u00e1s de conducir de lunes a viernes La Ma\u00f1ana de Cope Alcoy.<\/p>\n<p style=\"text-align: justify;\">\n","protected":false},"excerpt":{"rendered":"<p>La fil\u00e0 Gentils es la entidad que este a\u00f1o se encargar\u00e1 de organizar la Cabalgata de los Reyes Magos de&#8230;<\/p>\n","protected":false},"author":1,"featured_media":17543,"comment_status":"open","ping_status":"open","sticky":false,"template":"","format":"standard","meta":{"footnotes":""},"categories":[98,75],"tags":[368,132,237,1662,488],"class_list":["post-17542","post","type-post","status-publish","format-standard","has-post-thumbnail","hentry","category-comarcas","category-noticias","tag-cabalgata","tag-cocentaina","tag-comtat","tag-gentils","tag-reyes-magos"],"yoast_head":"<!-- This site is optimized with the Yoast SEO plugin v27.3 - https:\/\/yoast.com\/product\/yoast-seo-wordpress\/ -->\n<title>La Fil\u00e0 Gentils organiza la Cabalgata de Cocentaina - COPE Alcoy<\/title>\n<meta name=\"robots\" content=\"index, follow, max-snippet:-1, max-image-preview:large, max-video-preview:-1\" \/>\n<link rel=\"canonical\" href=\"https:\/\/www.copealcoy.es\/es\/la-fila-gentils-organiza-la-cabalgata-de-cocentaina\/\" \/>\n<meta property=\"og:locale\" content=\"es_ES\" \/>\n<meta property=\"og:type\" content=\"article\" \/>\n<meta property=\"og:title\" content=\"La Fil\u00e0 Gentils organiza la Cabalgata de Cocentaina - COPE Alcoy\" \/>\n<meta property=\"og:description\" content=\"La fil\u00e0 Gentils es la entidad que este a\u00f1o se encargar\u00e1 de organizar la Cabalgata de los Reyes Magos de...\" \/>\n<meta property=\"og:url\" content=\"https:\/\/www.copealcoy.es\/es\/la-fila-gentils-organiza-la-cabalgata-de-cocentaina\/\" \/>\n<meta property=\"og:site_name\" content=\"COPE Alcoy\" \/>\n<meta property=\"article:published_time\" content=\"2015-12-10T17:24:04+00:00\" \/>\n<meta property=\"article:modified_time\" content=\"2016-03-05T12:53:43+00:00\" \/>\n<meta property=\"og:image\" content=\"https:\/\/www.copealcoy.es\/wp-content\/uploads\/2015\/12\/Fil\u00e0-Gentils-Cocentaina.jpg\" \/>\n\t<meta property=\"og:image:width\" content=\"960\" \/>\n\t<meta property=\"og:image:height\" content=\"720\" \/>\n\t<meta property=\"og:image:type\" content=\"image\/jpeg\" \/>\n<meta name=\"author\" content=\"Cope Alcoy\" \/>\n<meta name=\"twitter:label1\" content=\"Escrito por\" \/>\n\t<meta name=\"twitter:data1\" content=\"Cope Alcoy\" \/>\n\t<meta name=\"twitter:label2\" content=\"Tiempo de lectura\" \/>\n\t<meta name=\"twitter:data2\" content=\"2 minutos\" \/>\n<script type=\"application\/ld+json\" class=\"yoast-schema-graph\">{\"@context\":\"https:\\\/\\\/schema.org\",\"@graph\":[{\"@type\":\"Article\",\"@id\":\"https:\\\/\\\/www.copealcoy.es\\\/es\\\/la-fila-gentils-organiza-la-cabalgata-de-cocentaina\\\/#article\",\"isPartOf\":{\"@id\":\"https:\\\/\\\/www.copealcoy.es\\\/es\\\/la-fila-gentils-organiza-la-cabalgata-de-cocentaina\\\/\"},\"author\":{\"name\":\"Cope Alcoy\",\"@id\":\"https:\\\/\\\/www.copealcoy.es\\\/es\\\/#\\\/schema\\\/person\\\/e777c87fa024e57d40170af9df39882c\"},\"headline\":\"La Fil\u00e0 Gentils organiza la Cabalgata de Cocentaina\",\"datePublished\":\"2015-12-10T17:24:04+00:00\",\"dateModified\":\"2016-03-05T12:53:43+00:00\",\"mainEntityOfPage\":{\"@id\":\"https:\\\/\\\/www.copealcoy.es\\\/es\\\/la-fila-gentils-organiza-la-cabalgata-de-cocentaina\\\/\"},\"wordCount\":316,\"commentCount\":0,\"image\":{\"@id\":\"https:\\\/\\\/www.copealcoy.es\\\/es\\\/la-fila-gentils-organiza-la-cabalgata-de-cocentaina\\\/#primaryimage\"},\"thumbnailUrl\":\"https:\\\/\\\/www.copealcoy.es\\\/wp-content\\\/uploads\\\/2015\\\/12\\\/Fil\u00e0-Gentils-Cocentaina.jpg\",\"keywords\":[\"Cabalgata\",\"Cocentaina\",\"Comtat\",\"Gentils\",\"Reyes Magos\"],\"articleSection\":[\"Comarcas\",\"Noticias\"],\"inLanguage\":\"es\"},{\"@type\":\"WebPage\",\"@id\":\"https:\\\/\\\/www.copealcoy.es\\\/es\\\/la-fila-gentils-organiza-la-cabalgata-de-cocentaina\\\/\",\"url\":\"https:\\\/\\\/www.copealcoy.es\\\/es\\\/la-fila-gentils-organiza-la-cabalgata-de-cocentaina\\\/\",\"name\":\"La Fil\u00e0 Gentils organiza la Cabalgata de Cocentaina - COPE Alcoy\",\"isPartOf\":{\"@id\":\"https:\\\/\\\/www.copealcoy.es\\\/es\\\/#website\"},\"primaryImageOfPage\":{\"@id\":\"https:\\\/\\\/www.copealcoy.es\\\/es\\\/la-fila-gentils-organiza-la-cabalgata-de-cocentaina\\\/#primaryimage\"},\"image\":{\"@id\":\"https:\\\/\\\/www.copealcoy.es\\\/es\\\/la-fila-gentils-organiza-la-cabalgata-de-cocentaina\\\/#primaryimage\"},\"thumbnailUrl\":\"https:\\\/\\\/www.copealcoy.es\\\/wp-content\\\/uploads\\\/2015\\\/12\\\/Fil\u00e0-Gentils-Cocentaina.jpg\",\"datePublished\":\"2015-12-10T17:24:04+00:00\",\"dateModified\":\"2016-03-05T12:53:43+00:00\",\"author\":{\"@id\":\"https:\\\/\\\/www.copealcoy.es\\\/es\\\/#\\\/schema\\\/person\\\/e777c87fa024e57d40170af9df39882c\"},\"breadcrumb\":{\"@id\":\"https:\\\/\\\/www.copealcoy.es\\\/es\\\/la-fila-gentils-organiza-la-cabalgata-de-cocentaina\\\/#breadcrumb\"},\"inLanguage\":\"es\",\"potentialAction\":[{\"@type\":\"ReadAction\",\"target\":[\"https:\\\/\\\/www.copealcoy.es\\\/es\\\/la-fila-gentils-organiza-la-cabalgata-de-cocentaina\\\/\"]}]},{\"@type\":\"ImageObject\",\"inLanguage\":\"es\",\"@id\":\"https:\\\/\\\/www.copealcoy.es\\\/es\\\/la-fila-gentils-organiza-la-cabalgata-de-cocentaina\\\/#primaryimage\",\"url\":\"https:\\\/\\\/www.copealcoy.es\\\/wp-content\\\/uploads\\\/2015\\\/12\\\/Fil\u00e0-Gentils-Cocentaina.jpg\",\"contentUrl\":\"https:\\\/\\\/www.copealcoy.es\\\/wp-content\\\/uploads\\\/2015\\\/12\\\/Fil\u00e0-Gentils-Cocentaina.jpg\",\"width\":960,\"height\":720,\"caption\":\"La Fil\u00e0 Gentils organiza la Cabalgata de Cocentaina\"},{\"@type\":\"BreadcrumbList\",\"@id\":\"https:\\\/\\\/www.copealcoy.es\\\/es\\\/la-fila-gentils-organiza-la-cabalgata-de-cocentaina\\\/#breadcrumb\",\"itemListElement\":[{\"@type\":\"ListItem\",\"position\":1,\"name\":\"Portada\",\"item\":\"https:\\\/\\\/www.copealcoy.es\\\/es\\\/\"},{\"@type\":\"ListItem\",\"position\":2,\"name\":\"La Fil\u00e0 Gentils organiza la Cabalgata de Cocentaina\"}]},{\"@type\":\"WebSite\",\"@id\":\"https:\\\/\\\/www.copealcoy.es\\\/es\\\/#website\",\"url\":\"https:\\\/\\\/www.copealcoy.es\\\/es\\\/\",\"name\":\"COPE Alcoy\",\"description\":\"Emisora COPE de radio local con emisi\u00f3n online. Pont de Sant Jordi 8-10 03803 Alcoy\",\"potentialAction\":[{\"@type\":\"SearchAction\",\"target\":{\"@type\":\"EntryPoint\",\"urlTemplate\":\"https:\\\/\\\/www.copealcoy.es\\\/es\\\/?s={search_term_string}\"},\"query-input\":{\"@type\":\"PropertyValueSpecification\",\"valueRequired\":true,\"valueName\":\"search_term_string\"}}],\"inLanguage\":\"es\"},{\"@type\":\"Person\",\"@id\":\"https:\\\/\\\/www.copealcoy.es\\\/es\\\/#\\\/schema\\\/person\\\/e777c87fa024e57d40170af9df39882c\",\"name\":\"Cope Alcoy\",\"image\":{\"@type\":\"ImageObject\",\"inLanguage\":\"es\",\"@id\":\"https:\\\/\\\/secure.gravatar.com\\\/avatar\\\/bb65d0283347e303893ba14f0692005417c1e0e690a325a4c5d8bb2b3943ee14?s=96&d=mm&r=g\",\"url\":\"https:\\\/\\\/secure.gravatar.com\\\/avatar\\\/bb65d0283347e303893ba14f0692005417c1e0e690a325a4c5d8bb2b3943ee14?s=96&d=mm&r=g\",\"contentUrl\":\"https:\\\/\\\/secure.gravatar.com\\\/avatar\\\/bb65d0283347e303893ba14f0692005417c1e0e690a325a4c5d8bb2b3943ee14?s=96&d=mm&r=g\",\"caption\":\"Cope Alcoy\"}}]}<\/script>\n<!-- \/ Yoast SEO plugin. -->","yoast_head_json":{"title":"La Fil\u00e0 Gentils organiza la Cabalgata de Cocentaina - COPE Alcoy","robots":{"index":"index","follow":"follow","max-snippet":"max-snippet:-1","max-image-preview":"max-image-preview:large","max-video-preview":"max-video-preview:-1"},"canonical":"https:\/\/www.copealcoy.es\/es\/la-fila-gentils-organiza-la-cabalgata-de-cocentaina\/","og_locale":"es_ES","og_type":"article","og_title":"La Fil\u00e0 Gentils organiza la Cabalgata de Cocentaina - COPE Alcoy","og_description":"La fil\u00e0 Gentils es la entidad que este a\u00f1o se encargar\u00e1 de organizar la Cabalgata de los Reyes Magos de...","og_url":"https:\/\/www.copealcoy.es\/es\/la-fila-gentils-organiza-la-cabalgata-de-cocentaina\/","og_site_name":"COPE Alcoy","article_published_time":"2015-12-10T17:24:04+00:00","article_modified_time":"2016-03-05T12:53:43+00:00","og_image":[{"width":960,"height":720,"url":"https:\/\/www.copealcoy.es\/wp-content\/uploads\/2015\/12\/Fil\u00e0-Gentils-Cocentaina.jpg","type":"image\/jpeg"}],"author":"Cope Alcoy","twitter_misc":{"Escrito por":"Cope Alcoy","Tiempo de lectura":"2 minutos"},"schema":{"@context":"https:\/\/schema.org","@graph":[{"@type":"Article","@id":"https:\/\/www.copealcoy.es\/es\/la-fila-gentils-organiza-la-cabalgata-de-cocentaina\/#article","isPartOf":{"@id":"https:\/\/www.copealcoy.es\/es\/la-fila-gentils-organiza-la-cabalgata-de-cocentaina\/"},"author":{"name":"Cope Alcoy","@id":"https:\/\/www.copealcoy.es\/es\/#\/schema\/person\/e777c87fa024e57d40170af9df39882c"},"headline":"La Fil\u00e0 Gentils organiza la Cabalgata de Cocentaina","datePublished":"2015-12-10T17:24:04+00:00","dateModified":"2016-03-05T12:53:43+00:00","mainEntityOfPage":{"@id":"https:\/\/www.copealcoy.es\/es\/la-fila-gentils-organiza-la-cabalgata-de-cocentaina\/"},"wordCount":316,"commentCount":0,"image":{"@id":"https:\/\/www.copealcoy.es\/es\/la-fila-gentils-organiza-la-cabalgata-de-cocentaina\/#primaryimage"},"thumbnailUrl":"https:\/\/www.copealcoy.es\/wp-content\/uploads\/2015\/12\/Fil\u00e0-Gentils-Cocentaina.jpg","keywords":["Cabalgata","Cocentaina","Comtat","Gentils","Reyes Magos"],"articleSection":["Comarcas","Noticias"],"inLanguage":"es"},{"@type":"WebPage","@id":"https:\/\/www.copealcoy.es\/es\/la-fila-gentils-organiza-la-cabalgata-de-cocentaina\/","url":"https:\/\/www.copealcoy.es\/es\/la-fila-gentils-organiza-la-cabalgata-de-cocentaina\/","name":"La Fil\u00e0 Gentils organiza la Cabalgata de Cocentaina - COPE Alcoy","isPartOf":{"@id":"https:\/\/www.copealcoy.es\/es\/#website"},"primaryImageOfPage":{"@id":"https:\/\/www.copealcoy.es\/es\/la-fila-gentils-organiza-la-cabalgata-de-cocentaina\/#primaryimage"},"image":{"@id":"https:\/\/www.copealcoy.es\/es\/la-fila-gentils-organiza-la-cabalgata-de-cocentaina\/#primaryimage"},"thumbnailUrl":"https:\/\/www.copealcoy.es\/wp-content\/uploads\/2015\/12\/Fil\u00e0-Gentils-Cocentaina.jpg","datePublished":"2015-12-10T17:24:04+00:00","dateModified":"2016-03-05T12:53:43+00:00","author":{"@id":"https:\/\/www.copealcoy.es\/es\/#\/schema\/person\/e777c87fa024e57d40170af9df39882c"},"breadcrumb":{"@id":"https:\/\/www.copealcoy.es\/es\/la-fila-gentils-organiza-la-cabalgata-de-cocentaina\/#breadcrumb"},"inLanguage":"es","potentialAction":[{"@type":"ReadAction","target":["https:\/\/www.copealcoy.es\/es\/la-fila-gentils-organiza-la-cabalgata-de-cocentaina\/"]}]},{"@type":"ImageObject","inLanguage":"es","@id":"https:\/\/www.copealcoy.es\/es\/la-fila-gentils-organiza-la-cabalgata-de-cocentaina\/#primaryimage","url":"https:\/\/www.copealcoy.es\/wp-content\/uploads\/2015\/12\/Fil\u00e0-Gentils-Cocentaina.jpg","contentUrl":"https:\/\/www.copealcoy.es\/wp-content\/uploads\/2015\/12\/Fil\u00e0-Gentils-Cocentaina.jpg","width":960,"height":720,"caption":"La Fil\u00e0 Gentils organiza la Cabalgata de Cocentaina"},{"@type":"BreadcrumbList","@id":"https:\/\/www.copealcoy.es\/es\/la-fila-gentils-organiza-la-cabalgata-de-cocentaina\/#breadcrumb","itemListElement":[{"@type":"ListItem","position":1,"name":"Portada","item":"https:\/\/www.copealcoy.es\/es\/"},{"@type":"ListItem","position":2,"name":"La Fil\u00e0 Gentils organiza la Cabalgata de Cocentaina"}]},{"@type":"WebSite","@id":"https:\/\/www.copealcoy.es\/es\/#website","url":"https:\/\/www.copealcoy.es\/es\/","name":"COPE Alcoy","description":"Emisora COPE de radio local con emisi\u00f3n online. Pont de Sant Jordi 8-10 03803 Alcoy","potentialAction":[{"@type":"SearchAction","target":{"@type":"EntryPoint","urlTemplate":"https:\/\/www.copealcoy.es\/es\/?s={search_term_string}"},"query-input":{"@type":"PropertyValueSpecification","valueRequired":true,"valueName":"search_term_string"}}],"inLanguage":"es"},{"@type":"Person","@id":"https:\/\/www.copealcoy.es\/es\/#\/schema\/person\/e777c87fa024e57d40170af9df39882c","name":"Cope Alcoy","image":{"@type":"ImageObject","inLanguage":"es","@id":"https:\/\/secure.gravatar.com\/avatar\/bb65d0283347e303893ba14f0692005417c1e0e690a325a4c5d8bb2b3943ee14?s=96&d=mm&r=g","url":"https:\/\/secure.gravatar.com\/avatar\/bb65d0283347e303893ba14f0692005417c1e0e690a325a4c5d8bb2b3943ee14?s=96&d=mm&r=g","contentUrl":"https:\/\/secure.gravatar.com\/avatar\/bb65d0283347e303893ba14f0692005417c1e0e690a325a4c5d8bb2b3943ee14?s=96&d=mm&r=g","caption":"Cope Alcoy"}}]}},"_links":{"self":[{"href":"https:\/\/www.copealcoy.es\/es\/wp-json\/wp\/v2\/posts\/17542","targetHints":{"allow":["GET"]}}],"collection":[{"href":"https:\/\/www.copealcoy.es\/es\/wp-json\/wp\/v2\/posts"}],"about":[{"href":"https:\/\/www.copealcoy.es\/es\/wp-json\/wp\/v2\/types\/post"}],"author":[{"embeddable":true,"href":"https:\/\/www.copealcoy.es\/es\/wp-json\/wp\/v2\/users\/1"}],"replies":[{"embeddable":true,"href":"https:\/\/www.copealcoy.es\/es\/wp-json\/wp\/v2\/comments?post=17542"}],"version-history":[{"count":0,"href":"https:\/\/www.copealcoy.es\/es\/wp-json\/wp\/v2\/posts\/17542\/revisions"}],"wp:featuredmedia":[{"embeddable":true,"href":"https:\/\/www.copealcoy.es\/es\/wp-json\/wp\/v2\/media\/17543"}],"wp:attachment":[{"href":"https:\/\/www.copealcoy.es\/es\/wp-json\/wp\/v2\/media?parent=17542"}],"wp:term":[{"taxonomy":"category","embeddable":true,"href":"https:\/\/www.copealcoy.es\/es\/wp-json\/wp\/v2\/categories?post=17542"},{"taxonomy":"post_tag","embeddable":true,"href":"https:\/\/www.copealcoy.es\/es\/wp-json\/wp\/v2\/tags?post=17542"}],"curies":[{"name":"wp","href":"https:\/\/api.w.org\/{rel}","templated":true}]}}