{"id":17330,"date":"2015-11-30T06:00:15","date_gmt":"2015-11-30T06:00:15","guid":{"rendered":"http:\/\/copealcoi.es\/new\/?p=17330"},"modified":"2015-11-30T15:41:06","modified_gmt":"2015-11-30T15:41:06","slug":"la-hora-de-la-verdad-del-presupuesto-municipal","status":"publish","type":"post","link":"https:\/\/www.copealcoy.es\/es\/la-hora-de-la-verdad-del-presupuesto-municipal\/","title":{"rendered":"La hora de la verdad del Presupuesto Municipal"},"content":{"rendered":"<p style=\"text-align: justify;\">Los Presupuestos Municipales del pr\u00f3ximo a\u00f1o 2016, que ascienden a los 53 millones de euros, llegan al debate del pleno de esta tarde que dar\u00e1 comienzo a partir de las siete. El Partido Popular, seg\u00fan ha podido saber Cope Alcoy, podr\u00eda votar en contra despu\u00e9s de haber anunciado el pasado viernes que se abstendr\u00eda en la sesi\u00f3n plenaria. Los populares aseguran\u00a0que la propuesta del Ejecutivo sobrepasa el l\u00edmite de gasto de los 3\u00b47 millones de euros que impone la Ley de Administraci\u00f3n Local &#8220;lo cual puede llevar a la impugnaci\u00f3n&#8221;, advierte el edil Nacho Palmer. El PP\u00a0destaca que les han aceptado iniciativas como disponer de 5.000 euros para el Plan Estrat\u00e9gico, 9.000 euros para impulsar un Centro de Interpretaci\u00f3n en La Canal y 10.000 euros para trasladar el Centro Cultural al CADA.<\/p>\n<p style=\"text-align: justify;\">Por su parte Comprom\u00eds asegura que es mas que probable el voto contrario esta tarde, a falta de las negociaciones de \u00faltima hora, seg\u00fan ha confirmado en esta casa el portavoz David Abad. Los nacionalistas, entre otras cosas, piden que\u00a0el Alcoyano y el Enrile cuenten con subvenciones y no patrocinios para justificar el dinero que reciben. Ciudadanos en cambio podr\u00eda abstenerse esta tarde al haberse tenido en cuenta proyectos que ellos contemplaban en su programa electoral como desarrollar un acceso al Pol\u00edgono Santiago Pay\u00e0 desde Batoy o la creaci\u00f3n de una pasarela en el acceso norte.<\/p>\n<p style=\"text-align: justify;\">Finalmente hay que indicar que Guanyar Alcoi acord\u00f3 en su asamblea del pasado jueves no dar respaldo a los Presupuestos y est\u00e1 a expensas tambi\u00e9n de las negociaciones de \u00faltima hora aunque todo indica que votar\u00e1n en contra. La Plataforma propone rebajar un 10% las subvenciones destinadas a fiestas e instan a que el Ayuntamiento asuma la Venta de Sillas para moros y cristianos en vez de hacerlo la Asociaci\u00f3n de San Jorge. En este sentido el edil Cristian Santiago indica que la subvenci\u00f3n del Casal se reducir\u00eda &#8220;pasando de 124.000 euros a m\u00e1s de 60.000&#8221;, explica. De igual modo creen que son mejorables ciertos aspectos relacionados con ayudas a Cooperaci\u00f3n y los patrocinios deportivos.<\/p>\n<p>&nbsp;<\/p>\n","protected":false},"excerpt":{"rendered":"<p>Los Presupuestos Municipales del pr\u00f3ximo a\u00f1o 2016, que ascienden a los 53 millones de euros, llegan al debate del pleno&#8230;<\/p>\n","protected":false},"author":1,"featured_media":17124,"comment_status":"open","ping_status":"open","sticky":false,"template":"","format":"standard","meta":{"footnotes":""},"categories":[97,75,125],"tags":[1494,390,422,316],"class_list":["post-17330","post","type-post","status-publish","format-standard","has-post-thumbnail","hentry","category-alcoy","category-noticias","category-portada","tag-alcoy","tag-economia","tag-politica","tag-presupuestos"],"yoast_head":"<!-- This site is optimized with the Yoast SEO plugin v27.3 - https:\/\/yoast.com\/product\/yoast-seo-wordpress\/ -->\n<title>La hora de la verdad del Presupuesto Municipal - COPE Alcoy<\/title>\n<meta name=\"robots\" content=\"index, follow, max-snippet:-1, max-image-preview:large, max-video-preview:-1\" \/>\n<link rel=\"canonical\" href=\"https:\/\/www.copealcoy.es\/es\/la-hora-de-la-verdad-del-presupuesto-municipal\/\" \/>\n<meta property=\"og:locale\" content=\"es_ES\" \/>\n<meta property=\"og:type\" content=\"article\" \/>\n<meta property=\"og:title\" content=\"La hora de la verdad del Presupuesto Municipal - COPE Alcoy\" \/>\n<meta property=\"og:description\" content=\"Los Presupuestos Municipales del pr\u00f3ximo a\u00f1o 2016, que ascienden a los 53 millones de euros, llegan al debate del pleno...\" \/>\n<meta property=\"og:url\" content=\"https:\/\/www.copealcoy.es\/es\/la-hora-de-la-verdad-del-presupuesto-municipal\/\" \/>\n<meta property=\"og:site_name\" content=\"COPE Alcoy\" \/>\n<meta property=\"article:published_time\" content=\"2015-11-30T06:00:15+00:00\" \/>\n<meta property=\"article:modified_time\" content=\"2015-11-30T15:41:06+00:00\" \/>\n<meta property=\"og:image\" content=\"https:\/\/www.copealcoy.es\/wp-content\/uploads\/2015\/11\/CUHJEeFXIAAh-hA.jpg-large.jpeg\" \/>\n\t<meta property=\"og:image:width\" content=\"832\" \/>\n\t<meta property=\"og:image:height\" content=\"520\" \/>\n\t<meta property=\"og:image:type\" content=\"image\/jpeg\" \/>\n<meta name=\"author\" content=\"Cope Alcoy\" \/>\n<meta name=\"twitter:label1\" content=\"Escrito por\" \/>\n\t<meta name=\"twitter:data1\" content=\"Cope Alcoy\" \/>\n\t<meta name=\"twitter:label2\" content=\"Tiempo de lectura\" \/>\n\t<meta name=\"twitter:data2\" content=\"2 minutos\" \/>\n<script type=\"application\/ld+json\" class=\"yoast-schema-graph\">{\"@context\":\"https:\\\/\\\/schema.org\",\"@graph\":[{\"@type\":\"Article\",\"@id\":\"https:\\\/\\\/www.copealcoy.es\\\/es\\\/la-hora-de-la-verdad-del-presupuesto-municipal\\\/#article\",\"isPartOf\":{\"@id\":\"https:\\\/\\\/www.copealcoy.es\\\/es\\\/la-hora-de-la-verdad-del-presupuesto-municipal\\\/\"},\"author\":{\"name\":\"Cope Alcoy\",\"@id\":\"https:\\\/\\\/www.copealcoy.es\\\/es\\\/#\\\/schema\\\/person\\\/e777c87fa024e57d40170af9df39882c\"},\"headline\":\"La hora de la verdad del Presupuesto Municipal\",\"datePublished\":\"2015-11-30T06:00:15+00:00\",\"dateModified\":\"2015-11-30T15:41:06+00:00\",\"mainEntityOfPage\":{\"@id\":\"https:\\\/\\\/www.copealcoy.es\\\/es\\\/la-hora-de-la-verdad-del-presupuesto-municipal\\\/\"},\"wordCount\":370,\"commentCount\":0,\"image\":{\"@id\":\"https:\\\/\\\/www.copealcoy.es\\\/es\\\/la-hora-de-la-verdad-del-presupuesto-municipal\\\/#primaryimage\"},\"thumbnailUrl\":\"https:\\\/\\\/www.copealcoy.es\\\/wp-content\\\/uploads\\\/2015\\\/11\\\/CUHJEeFXIAAh-hA.jpg-large.jpeg\",\"keywords\":[\"Alcoy\",\"Econom\u00eda\",\"Pol\u00edtica\",\"Presupuestos\"],\"articleSection\":[\"Alcoy\",\"Noticias\",\"Portada\"],\"inLanguage\":\"es\"},{\"@type\":\"WebPage\",\"@id\":\"https:\\\/\\\/www.copealcoy.es\\\/es\\\/la-hora-de-la-verdad-del-presupuesto-municipal\\\/\",\"url\":\"https:\\\/\\\/www.copealcoy.es\\\/es\\\/la-hora-de-la-verdad-del-presupuesto-municipal\\\/\",\"name\":\"La hora de la verdad del Presupuesto Municipal - COPE Alcoy\",\"isPartOf\":{\"@id\":\"https:\\\/\\\/www.copealcoy.es\\\/es\\\/#website\"},\"primaryImageOfPage\":{\"@id\":\"https:\\\/\\\/www.copealcoy.es\\\/es\\\/la-hora-de-la-verdad-del-presupuesto-municipal\\\/#primaryimage\"},\"image\":{\"@id\":\"https:\\\/\\\/www.copealcoy.es\\\/es\\\/la-hora-de-la-verdad-del-presupuesto-municipal\\\/#primaryimage\"},\"thumbnailUrl\":\"https:\\\/\\\/www.copealcoy.es\\\/wp-content\\\/uploads\\\/2015\\\/11\\\/CUHJEeFXIAAh-hA.jpg-large.jpeg\",\"datePublished\":\"2015-11-30T06:00:15+00:00\",\"dateModified\":\"2015-11-30T15:41:06+00:00\",\"author\":{\"@id\":\"https:\\\/\\\/www.copealcoy.es\\\/es\\\/#\\\/schema\\\/person\\\/e777c87fa024e57d40170af9df39882c\"},\"breadcrumb\":{\"@id\":\"https:\\\/\\\/www.copealcoy.es\\\/es\\\/la-hora-de-la-verdad-del-presupuesto-municipal\\\/#breadcrumb\"},\"inLanguage\":\"es\",\"potentialAction\":[{\"@type\":\"ReadAction\",\"target\":[\"https:\\\/\\\/www.copealcoy.es\\\/es\\\/la-hora-de-la-verdad-del-presupuesto-municipal\\\/\"]}]},{\"@type\":\"ImageObject\",\"inLanguage\":\"es\",\"@id\":\"https:\\\/\\\/www.copealcoy.es\\\/es\\\/la-hora-de-la-verdad-del-presupuesto-municipal\\\/#primaryimage\",\"url\":\"https:\\\/\\\/www.copealcoy.es\\\/wp-content\\\/uploads\\\/2015\\\/11\\\/CUHJEeFXIAAh-hA.jpg-large.jpeg\",\"contentUrl\":\"https:\\\/\\\/www.copealcoy.es\\\/wp-content\\\/uploads\\\/2015\\\/11\\\/CUHJEeFXIAAh-hA.jpg-large.jpeg\",\"width\":832,\"height\":520,\"caption\":\"Un instante de la comisi\u00f3n celebrada en el mi\u00e9rcoles 18 de noviembre \\\/ Foto: Twitter alcald\u00eda\"},{\"@type\":\"BreadcrumbList\",\"@id\":\"https:\\\/\\\/www.copealcoy.es\\\/es\\\/la-hora-de-la-verdad-del-presupuesto-municipal\\\/#breadcrumb\",\"itemListElement\":[{\"@type\":\"ListItem\",\"position\":1,\"name\":\"Portada\",\"item\":\"https:\\\/\\\/www.copealcoy.es\\\/es\\\/\"},{\"@type\":\"ListItem\",\"position\":2,\"name\":\"La hora de la verdad del Presupuesto Municipal\"}]},{\"@type\":\"WebSite\",\"@id\":\"https:\\\/\\\/www.copealcoy.es\\\/es\\\/#website\",\"url\":\"https:\\\/\\\/www.copealcoy.es\\\/es\\\/\",\"name\":\"COPE Alcoy\",\"description\":\"Emisora COPE de radio local con emisi\u00f3n online. Pont de Sant Jordi 8-10 03803 Alcoy\",\"potentialAction\":[{\"@type\":\"SearchAction\",\"target\":{\"@type\":\"EntryPoint\",\"urlTemplate\":\"https:\\\/\\\/www.copealcoy.es\\\/es\\\/?s={search_term_string}\"},\"query-input\":{\"@type\":\"PropertyValueSpecification\",\"valueRequired\":true,\"valueName\":\"search_term_string\"}}],\"inLanguage\":\"es\"},{\"@type\":\"Person\",\"@id\":\"https:\\\/\\\/www.copealcoy.es\\\/es\\\/#\\\/schema\\\/person\\\/e777c87fa024e57d40170af9df39882c\",\"name\":\"Cope Alcoy\",\"image\":{\"@type\":\"ImageObject\",\"inLanguage\":\"es\",\"@id\":\"https:\\\/\\\/secure.gravatar.com\\\/avatar\\\/bb65d0283347e303893ba14f0692005417c1e0e690a325a4c5d8bb2b3943ee14?s=96&d=mm&r=g\",\"url\":\"https:\\\/\\\/secure.gravatar.com\\\/avatar\\\/bb65d0283347e303893ba14f0692005417c1e0e690a325a4c5d8bb2b3943ee14?s=96&d=mm&r=g\",\"contentUrl\":\"https:\\\/\\\/secure.gravatar.com\\\/avatar\\\/bb65d0283347e303893ba14f0692005417c1e0e690a325a4c5d8bb2b3943ee14?s=96&d=mm&r=g\",\"caption\":\"Cope Alcoy\"}}]}<\/script>\n<!-- \/ Yoast SEO plugin. -->","yoast_head_json":{"title":"La hora de la verdad del Presupuesto Municipal - COPE Alcoy","robots":{"index":"index","follow":"follow","max-snippet":"max-snippet:-1","max-image-preview":"max-image-preview:large","max-video-preview":"max-video-preview:-1"},"canonical":"https:\/\/www.copealcoy.es\/es\/la-hora-de-la-verdad-del-presupuesto-municipal\/","og_locale":"es_ES","og_type":"article","og_title":"La hora de la verdad del Presupuesto Municipal - COPE Alcoy","og_description":"Los Presupuestos Municipales del pr\u00f3ximo a\u00f1o 2016, que ascienden a los 53 millones de euros, llegan al debate del pleno...","og_url":"https:\/\/www.copealcoy.es\/es\/la-hora-de-la-verdad-del-presupuesto-municipal\/","og_site_name":"COPE Alcoy","article_published_time":"2015-11-30T06:00:15+00:00","article_modified_time":"2015-11-30T15:41:06+00:00","og_image":[{"width":832,"height":520,"url":"https:\/\/www.copealcoy.es\/wp-content\/uploads\/2015\/11\/CUHJEeFXIAAh-hA.jpg-large.jpeg","type":"image\/jpeg"}],"author":"Cope Alcoy","twitter_misc":{"Escrito por":"Cope Alcoy","Tiempo de lectura":"2 minutos"},"schema":{"@context":"https:\/\/schema.org","@graph":[{"@type":"Article","@id":"https:\/\/www.copealcoy.es\/es\/la-hora-de-la-verdad-del-presupuesto-municipal\/#article","isPartOf":{"@id":"https:\/\/www.copealcoy.es\/es\/la-hora-de-la-verdad-del-presupuesto-municipal\/"},"author":{"name":"Cope Alcoy","@id":"https:\/\/www.copealcoy.es\/es\/#\/schema\/person\/e777c87fa024e57d40170af9df39882c"},"headline":"La hora de la verdad del Presupuesto Municipal","datePublished":"2015-11-30T06:00:15+00:00","dateModified":"2015-11-30T15:41:06+00:00","mainEntityOfPage":{"@id":"https:\/\/www.copealcoy.es\/es\/la-hora-de-la-verdad-del-presupuesto-municipal\/"},"wordCount":370,"commentCount":0,"image":{"@id":"https:\/\/www.copealcoy.es\/es\/la-hora-de-la-verdad-del-presupuesto-municipal\/#primaryimage"},"thumbnailUrl":"https:\/\/www.copealcoy.es\/wp-content\/uploads\/2015\/11\/CUHJEeFXIAAh-hA.jpg-large.jpeg","keywords":["Alcoy","Econom\u00eda","Pol\u00edtica","Presupuestos"],"articleSection":["Alcoy","Noticias","Portada"],"inLanguage":"es"},{"@type":"WebPage","@id":"https:\/\/www.copealcoy.es\/es\/la-hora-de-la-verdad-del-presupuesto-municipal\/","url":"https:\/\/www.copealcoy.es\/es\/la-hora-de-la-verdad-del-presupuesto-municipal\/","name":"La hora de la verdad del Presupuesto Municipal - COPE Alcoy","isPartOf":{"@id":"https:\/\/www.copealcoy.es\/es\/#website"},"primaryImageOfPage":{"@id":"https:\/\/www.copealcoy.es\/es\/la-hora-de-la-verdad-del-presupuesto-municipal\/#primaryimage"},"image":{"@id":"https:\/\/www.copealcoy.es\/es\/la-hora-de-la-verdad-del-presupuesto-municipal\/#primaryimage"},"thumbnailUrl":"https:\/\/www.copealcoy.es\/wp-content\/uploads\/2015\/11\/CUHJEeFXIAAh-hA.jpg-large.jpeg","datePublished":"2015-11-30T06:00:15+00:00","dateModified":"2015-11-30T15:41:06+00:00","author":{"@id":"https:\/\/www.copealcoy.es\/es\/#\/schema\/person\/e777c87fa024e57d40170af9df39882c"},"breadcrumb":{"@id":"https:\/\/www.copealcoy.es\/es\/la-hora-de-la-verdad-del-presupuesto-municipal\/#breadcrumb"},"inLanguage":"es","potentialAction":[{"@type":"ReadAction","target":["https:\/\/www.copealcoy.es\/es\/la-hora-de-la-verdad-del-presupuesto-municipal\/"]}]},{"@type":"ImageObject","inLanguage":"es","@id":"https:\/\/www.copealcoy.es\/es\/la-hora-de-la-verdad-del-presupuesto-municipal\/#primaryimage","url":"https:\/\/www.copealcoy.es\/wp-content\/uploads\/2015\/11\/CUHJEeFXIAAh-hA.jpg-large.jpeg","contentUrl":"https:\/\/www.copealcoy.es\/wp-content\/uploads\/2015\/11\/CUHJEeFXIAAh-hA.jpg-large.jpeg","width":832,"height":520,"caption":"Un instante de la comisi\u00f3n celebrada en el mi\u00e9rcoles 18 de noviembre \/ Foto: Twitter alcald\u00eda"},{"@type":"BreadcrumbList","@id":"https:\/\/www.copealcoy.es\/es\/la-hora-de-la-verdad-del-presupuesto-municipal\/#breadcrumb","itemListElement":[{"@type":"ListItem","position":1,"name":"Portada","item":"https:\/\/www.copealcoy.es\/es\/"},{"@type":"ListItem","position":2,"name":"La hora de la verdad del Presupuesto Municipal"}]},{"@type":"WebSite","@id":"https:\/\/www.copealcoy.es\/es\/#website","url":"https:\/\/www.copealcoy.es\/es\/","name":"COPE Alcoy","description":"Emisora COPE de radio local con emisi\u00f3n online. Pont de Sant Jordi 8-10 03803 Alcoy","potentialAction":[{"@type":"SearchAction","target":{"@type":"EntryPoint","urlTemplate":"https:\/\/www.copealcoy.es\/es\/?s={search_term_string}"},"query-input":{"@type":"PropertyValueSpecification","valueRequired":true,"valueName":"search_term_string"}}],"inLanguage":"es"},{"@type":"Person","@id":"https:\/\/www.copealcoy.es\/es\/#\/schema\/person\/e777c87fa024e57d40170af9df39882c","name":"Cope Alcoy","image":{"@type":"ImageObject","inLanguage":"es","@id":"https:\/\/secure.gravatar.com\/avatar\/bb65d0283347e303893ba14f0692005417c1e0e690a325a4c5d8bb2b3943ee14?s=96&d=mm&r=g","url":"https:\/\/secure.gravatar.com\/avatar\/bb65d0283347e303893ba14f0692005417c1e0e690a325a4c5d8bb2b3943ee14?s=96&d=mm&r=g","contentUrl":"https:\/\/secure.gravatar.com\/avatar\/bb65d0283347e303893ba14f0692005417c1e0e690a325a4c5d8bb2b3943ee14?s=96&d=mm&r=g","caption":"Cope Alcoy"}}]}},"_links":{"self":[{"href":"https:\/\/www.copealcoy.es\/es\/wp-json\/wp\/v2\/posts\/17330","targetHints":{"allow":["GET"]}}],"collection":[{"href":"https:\/\/www.copealcoy.es\/es\/wp-json\/wp\/v2\/posts"}],"about":[{"href":"https:\/\/www.copealcoy.es\/es\/wp-json\/wp\/v2\/types\/post"}],"author":[{"embeddable":true,"href":"https:\/\/www.copealcoy.es\/es\/wp-json\/wp\/v2\/users\/1"}],"replies":[{"embeddable":true,"href":"https:\/\/www.copealcoy.es\/es\/wp-json\/wp\/v2\/comments?post=17330"}],"version-history":[{"count":0,"href":"https:\/\/www.copealcoy.es\/es\/wp-json\/wp\/v2\/posts\/17330\/revisions"}],"wp:featuredmedia":[{"embeddable":true,"href":"https:\/\/www.copealcoy.es\/es\/wp-json\/wp\/v2\/media\/17124"}],"wp:attachment":[{"href":"https:\/\/www.copealcoy.es\/es\/wp-json\/wp\/v2\/media?parent=17330"}],"wp:term":[{"taxonomy":"category","embeddable":true,"href":"https:\/\/www.copealcoy.es\/es\/wp-json\/wp\/v2\/categories?post=17330"},{"taxonomy":"post_tag","embeddable":true,"href":"https:\/\/www.copealcoy.es\/es\/wp-json\/wp\/v2\/tags?post=17330"}],"curies":[{"name":"wp","href":"https:\/\/api.w.org\/{rel}","templated":true}]}}