{"id":17325,"date":"2015-11-29T17:44:33","date_gmt":"2015-11-29T17:44:33","guid":{"rendered":"http:\/\/copealcoi.es\/new\/?p=17325"},"modified":"2015-11-29T17:44:33","modified_gmt":"2015-11-29T17:44:33","slug":"entregados-los-premios-ceei-ivace","status":"publish","type":"post","link":"https:\/\/www.copealcoy.es\/es\/entregados-los-premios-ceei-ivace\/","title":{"rendered":"Entregados los premios CEEI &#8211; IVACE"},"content":{"rendered":"<p style=\"text-align: justify;\">El CEEI de Alcoy entreg\u00f3 el pasado martes sus premios CEEI-IVACE que han reca\u00eddo en las empresas\u00a0Green Farm Ticnologies SL y Laboratorio Espa\u00f1ol de\u00a0Investigaci\u00f3n Cosmetol\u00f3gica. La primera de ellas obtuvo el galard\u00f3n en la categor\u00eda de Creaci\u00f3n de Empresa, dotado con 1.500 euros, y se centra en la fusi\u00f3n de la tecnolog\u00eda con la agricultura para llevar a cabo la producci\u00f3n as\u00ed como tambi\u00e9n el cultivo de plantas arom\u00e1ticas, medicinales y farmac\u00e9uticas en espacios cerrados por medio de iluminaci\u00f3n LED. Por su parte la segunda recibi\u00f3 el premio en la Categor\u00eda de Trayectoria Empresarial por su oferta centrada en los productos cosm\u00e9ticos de forma personalizada para cada tipo de piel.<\/p>\n<p style=\"text-align: justify;\">Por otra parte recibieron una menci\u00f3n especial del jurado\u00a0\u00a0Drones Alicante SL, dedicada al desarrollo de drones para fines espec\u00edficos, principalmente por la agricultura, log\u00edstica y medio ambiente, y\u00a0Pymexporto Consultores SL, que ayuda a exportar a las pymes industriales a bajo coste con un software propio.<\/p>\n<p style=\"text-align: justify;\">La convocatoria del CEEI Alcoy se extiende a todas las empresas de su zona de influencia, que abarca las comarcas del norte de la provincia de Alicante y el sur de la provincia de Valencia y est\u00e1 formada por los municipios incluidos en las comarcas de l\u2019Alcoi\u00e0, el Comtat, L\u2019Alt Vinalop\u00f3, l\u2019Alacant\u00ed, la Marina Baja, la Marina Alta, la Vall d\u2019Albaida y la Safor. Los\u00a0premios se convocan anualmente con el objetivo de reconocer el esfuerzo de las empresas innovadoras y su apuesta por la diversificaci\u00f3n, el emprendimiento y la innovaci\u00f3n.<\/p>\n<p style=\"text-align: justify;\">Indicar que a la entrega asistieron el director general de Econom\u00eda, Francisco \u00c1lvarez, junto al\u00a0alcalde de Alcoy, Antonio Franc\u00e9s, y el presidente del Centro Europeo de Empresas Innovadoras-CEEI Alcoy, Jos\u00e9 Manuel P\u00e9rez Orqu\u00edn.<\/p>\n<p>&nbsp;<\/p>\n","protected":false},"excerpt":{"rendered":"<p>El CEEI de Alcoy entreg\u00f3 el pasado martes sus premios CEEI-IVACE que han reca\u00eddo en las empresas\u00a0Green Farm Ticnologies SL&#8230;<\/p>\n","protected":false},"author":1,"featured_media":17326,"comment_status":"open","ping_status":"open","sticky":false,"template":"","format":"standard","meta":{"footnotes":""},"categories":[97,75,79],"tags":[1494,820,675,1503,451],"class_list":["post-17325","post","type-post","status-publish","format-standard","has-post-thumbnail","hentry","category-alcoy","category-noticias","category-politicayeconomia","tag-alcoy","tag-ceei","tag-emprendedurismo","tag-ivace","tag-premios"],"yoast_head":"<!-- This site is optimized with the Yoast SEO plugin v27.3 - https:\/\/yoast.com\/product\/yoast-seo-wordpress\/ -->\n<title>Entregados los premios CEEI - IVACE - COPE Alcoy<\/title>\n<meta name=\"robots\" content=\"index, follow, max-snippet:-1, max-image-preview:large, max-video-preview:-1\" \/>\n<link rel=\"canonical\" href=\"https:\/\/www.copealcoy.es\/es\/entregados-los-premios-ceei-ivace\/\" \/>\n<meta property=\"og:locale\" content=\"es_ES\" \/>\n<meta property=\"og:type\" content=\"article\" \/>\n<meta property=\"og:title\" content=\"Entregados los premios CEEI - IVACE - COPE Alcoy\" \/>\n<meta property=\"og:description\" content=\"El CEEI de Alcoy entreg\u00f3 el pasado martes sus premios CEEI-IVACE que han reca\u00eddo en las empresas\u00a0Green Farm Ticnologies SL...\" \/>\n<meta property=\"og:url\" content=\"https:\/\/www.copealcoy.es\/es\/entregados-los-premios-ceei-ivace\/\" \/>\n<meta property=\"og:site_name\" content=\"COPE Alcoy\" \/>\n<meta property=\"article:published_time\" content=\"2015-11-29T17:44:33+00:00\" \/>\n<meta property=\"og:image\" content=\"https:\/\/www.copealcoy.es\/wp-content\/uploads\/2015\/11\/47013_foto.jpg\" \/>\n\t<meta property=\"og:image:width\" content=\"532\" \/>\n\t<meta property=\"og:image:height\" content=\"300\" \/>\n\t<meta property=\"og:image:type\" content=\"image\/jpeg\" \/>\n<meta name=\"author\" content=\"Cope Alcoy\" \/>\n<meta name=\"twitter:label1\" content=\"Escrito por\" \/>\n\t<meta name=\"twitter:data1\" content=\"Cope Alcoy\" \/>\n\t<meta name=\"twitter:label2\" content=\"Tiempo de lectura\" \/>\n\t<meta name=\"twitter:data2\" content=\"2 minutos\" \/>\n<script type=\"application\/ld+json\" class=\"yoast-schema-graph\">{\"@context\":\"https:\\\/\\\/schema.org\",\"@graph\":[{\"@type\":\"Article\",\"@id\":\"https:\\\/\\\/www.copealcoy.es\\\/es\\\/entregados-los-premios-ceei-ivace\\\/#article\",\"isPartOf\":{\"@id\":\"https:\\\/\\\/www.copealcoy.es\\\/es\\\/entregados-los-premios-ceei-ivace\\\/\"},\"author\":{\"name\":\"Cope Alcoy\",\"@id\":\"https:\\\/\\\/www.copealcoy.es\\\/es\\\/#\\\/schema\\\/person\\\/e777c87fa024e57d40170af9df39882c\"},\"headline\":\"Entregados los premios CEEI &#8211; IVACE\",\"datePublished\":\"2015-11-29T17:44:33+00:00\",\"mainEntityOfPage\":{\"@id\":\"https:\\\/\\\/www.copealcoy.es\\\/es\\\/entregados-los-premios-ceei-ivace\\\/\"},\"wordCount\":319,\"commentCount\":0,\"image\":{\"@id\":\"https:\\\/\\\/www.copealcoy.es\\\/es\\\/entregados-los-premios-ceei-ivace\\\/#primaryimage\"},\"thumbnailUrl\":\"https:\\\/\\\/www.copealcoy.es\\\/wp-content\\\/uploads\\\/2015\\\/11\\\/47013_foto.jpg\",\"keywords\":[\"Alcoy\",\"CEEI\",\"Emprendedurismo\",\"IVACE\",\"Premios\"],\"articleSection\":[\"Alcoy\",\"Noticias\",\"Pol\u00edtica y Econom\u00eda\"],\"inLanguage\":\"es\"},{\"@type\":\"WebPage\",\"@id\":\"https:\\\/\\\/www.copealcoy.es\\\/es\\\/entregados-los-premios-ceei-ivace\\\/\",\"url\":\"https:\\\/\\\/www.copealcoy.es\\\/es\\\/entregados-los-premios-ceei-ivace\\\/\",\"name\":\"Entregados los premios CEEI - IVACE - COPE Alcoy\",\"isPartOf\":{\"@id\":\"https:\\\/\\\/www.copealcoy.es\\\/es\\\/#website\"},\"primaryImageOfPage\":{\"@id\":\"https:\\\/\\\/www.copealcoy.es\\\/es\\\/entregados-los-premios-ceei-ivace\\\/#primaryimage\"},\"image\":{\"@id\":\"https:\\\/\\\/www.copealcoy.es\\\/es\\\/entregados-los-premios-ceei-ivace\\\/#primaryimage\"},\"thumbnailUrl\":\"https:\\\/\\\/www.copealcoy.es\\\/wp-content\\\/uploads\\\/2015\\\/11\\\/47013_foto.jpg\",\"datePublished\":\"2015-11-29T17:44:33+00:00\",\"author\":{\"@id\":\"https:\\\/\\\/www.copealcoy.es\\\/es\\\/#\\\/schema\\\/person\\\/e777c87fa024e57d40170af9df39882c\"},\"breadcrumb\":{\"@id\":\"https:\\\/\\\/www.copealcoy.es\\\/es\\\/entregados-los-premios-ceei-ivace\\\/#breadcrumb\"},\"inLanguage\":\"es\",\"potentialAction\":[{\"@type\":\"ReadAction\",\"target\":[\"https:\\\/\\\/www.copealcoy.es\\\/es\\\/entregados-los-premios-ceei-ivace\\\/\"]}]},{\"@type\":\"ImageObject\",\"inLanguage\":\"es\",\"@id\":\"https:\\\/\\\/www.copealcoy.es\\\/es\\\/entregados-los-premios-ceei-ivace\\\/#primaryimage\",\"url\":\"https:\\\/\\\/www.copealcoy.es\\\/wp-content\\\/uploads\\\/2015\\\/11\\\/47013_foto.jpg\",\"contentUrl\":\"https:\\\/\\\/www.copealcoy.es\\\/wp-content\\\/uploads\\\/2015\\\/11\\\/47013_foto.jpg\",\"width\":532,\"height\":300},{\"@type\":\"BreadcrumbList\",\"@id\":\"https:\\\/\\\/www.copealcoy.es\\\/es\\\/entregados-los-premios-ceei-ivace\\\/#breadcrumb\",\"itemListElement\":[{\"@type\":\"ListItem\",\"position\":1,\"name\":\"Portada\",\"item\":\"https:\\\/\\\/www.copealcoy.es\\\/es\\\/\"},{\"@type\":\"ListItem\",\"position\":2,\"name\":\"Entregados los premios CEEI &#8211; IVACE\"}]},{\"@type\":\"WebSite\",\"@id\":\"https:\\\/\\\/www.copealcoy.es\\\/es\\\/#website\",\"url\":\"https:\\\/\\\/www.copealcoy.es\\\/es\\\/\",\"name\":\"COPE Alcoy\",\"description\":\"Emisora COPE de radio local con emisi\u00f3n online. Pont de Sant Jordi 8-10 03803 Alcoy\",\"potentialAction\":[{\"@type\":\"SearchAction\",\"target\":{\"@type\":\"EntryPoint\",\"urlTemplate\":\"https:\\\/\\\/www.copealcoy.es\\\/es\\\/?s={search_term_string}\"},\"query-input\":{\"@type\":\"PropertyValueSpecification\",\"valueRequired\":true,\"valueName\":\"search_term_string\"}}],\"inLanguage\":\"es\"},{\"@type\":\"Person\",\"@id\":\"https:\\\/\\\/www.copealcoy.es\\\/es\\\/#\\\/schema\\\/person\\\/e777c87fa024e57d40170af9df39882c\",\"name\":\"Cope Alcoy\",\"image\":{\"@type\":\"ImageObject\",\"inLanguage\":\"es\",\"@id\":\"https:\\\/\\\/secure.gravatar.com\\\/avatar\\\/bb65d0283347e303893ba14f0692005417c1e0e690a325a4c5d8bb2b3943ee14?s=96&d=mm&r=g\",\"url\":\"https:\\\/\\\/secure.gravatar.com\\\/avatar\\\/bb65d0283347e303893ba14f0692005417c1e0e690a325a4c5d8bb2b3943ee14?s=96&d=mm&r=g\",\"contentUrl\":\"https:\\\/\\\/secure.gravatar.com\\\/avatar\\\/bb65d0283347e303893ba14f0692005417c1e0e690a325a4c5d8bb2b3943ee14?s=96&d=mm&r=g\",\"caption\":\"Cope Alcoy\"}}]}<\/script>\n<!-- \/ Yoast SEO plugin. -->","yoast_head_json":{"title":"Entregados los premios CEEI - IVACE - COPE Alcoy","robots":{"index":"index","follow":"follow","max-snippet":"max-snippet:-1","max-image-preview":"max-image-preview:large","max-video-preview":"max-video-preview:-1"},"canonical":"https:\/\/www.copealcoy.es\/es\/entregados-los-premios-ceei-ivace\/","og_locale":"es_ES","og_type":"article","og_title":"Entregados los premios CEEI - IVACE - COPE Alcoy","og_description":"El CEEI de Alcoy entreg\u00f3 el pasado martes sus premios CEEI-IVACE que han reca\u00eddo en las empresas\u00a0Green Farm Ticnologies SL...","og_url":"https:\/\/www.copealcoy.es\/es\/entregados-los-premios-ceei-ivace\/","og_site_name":"COPE Alcoy","article_published_time":"2015-11-29T17:44:33+00:00","og_image":[{"width":532,"height":300,"url":"https:\/\/www.copealcoy.es\/wp-content\/uploads\/2015\/11\/47013_foto.jpg","type":"image\/jpeg"}],"author":"Cope Alcoy","twitter_misc":{"Escrito por":"Cope Alcoy","Tiempo de lectura":"2 minutos"},"schema":{"@context":"https:\/\/schema.org","@graph":[{"@type":"Article","@id":"https:\/\/www.copealcoy.es\/es\/entregados-los-premios-ceei-ivace\/#article","isPartOf":{"@id":"https:\/\/www.copealcoy.es\/es\/entregados-los-premios-ceei-ivace\/"},"author":{"name":"Cope Alcoy","@id":"https:\/\/www.copealcoy.es\/es\/#\/schema\/person\/e777c87fa024e57d40170af9df39882c"},"headline":"Entregados los premios CEEI &#8211; IVACE","datePublished":"2015-11-29T17:44:33+00:00","mainEntityOfPage":{"@id":"https:\/\/www.copealcoy.es\/es\/entregados-los-premios-ceei-ivace\/"},"wordCount":319,"commentCount":0,"image":{"@id":"https:\/\/www.copealcoy.es\/es\/entregados-los-premios-ceei-ivace\/#primaryimage"},"thumbnailUrl":"https:\/\/www.copealcoy.es\/wp-content\/uploads\/2015\/11\/47013_foto.jpg","keywords":["Alcoy","CEEI","Emprendedurismo","IVACE","Premios"],"articleSection":["Alcoy","Noticias","Pol\u00edtica y Econom\u00eda"],"inLanguage":"es"},{"@type":"WebPage","@id":"https:\/\/www.copealcoy.es\/es\/entregados-los-premios-ceei-ivace\/","url":"https:\/\/www.copealcoy.es\/es\/entregados-los-premios-ceei-ivace\/","name":"Entregados los premios CEEI - IVACE - COPE Alcoy","isPartOf":{"@id":"https:\/\/www.copealcoy.es\/es\/#website"},"primaryImageOfPage":{"@id":"https:\/\/www.copealcoy.es\/es\/entregados-los-premios-ceei-ivace\/#primaryimage"},"image":{"@id":"https:\/\/www.copealcoy.es\/es\/entregados-los-premios-ceei-ivace\/#primaryimage"},"thumbnailUrl":"https:\/\/www.copealcoy.es\/wp-content\/uploads\/2015\/11\/47013_foto.jpg","datePublished":"2015-11-29T17:44:33+00:00","author":{"@id":"https:\/\/www.copealcoy.es\/es\/#\/schema\/person\/e777c87fa024e57d40170af9df39882c"},"breadcrumb":{"@id":"https:\/\/www.copealcoy.es\/es\/entregados-los-premios-ceei-ivace\/#breadcrumb"},"inLanguage":"es","potentialAction":[{"@type":"ReadAction","target":["https:\/\/www.copealcoy.es\/es\/entregados-los-premios-ceei-ivace\/"]}]},{"@type":"ImageObject","inLanguage":"es","@id":"https:\/\/www.copealcoy.es\/es\/entregados-los-premios-ceei-ivace\/#primaryimage","url":"https:\/\/www.copealcoy.es\/wp-content\/uploads\/2015\/11\/47013_foto.jpg","contentUrl":"https:\/\/www.copealcoy.es\/wp-content\/uploads\/2015\/11\/47013_foto.jpg","width":532,"height":300},{"@type":"BreadcrumbList","@id":"https:\/\/www.copealcoy.es\/es\/entregados-los-premios-ceei-ivace\/#breadcrumb","itemListElement":[{"@type":"ListItem","position":1,"name":"Portada","item":"https:\/\/www.copealcoy.es\/es\/"},{"@type":"ListItem","position":2,"name":"Entregados los premios CEEI &#8211; IVACE"}]},{"@type":"WebSite","@id":"https:\/\/www.copealcoy.es\/es\/#website","url":"https:\/\/www.copealcoy.es\/es\/","name":"COPE Alcoy","description":"Emisora COPE de radio local con emisi\u00f3n online. Pont de Sant Jordi 8-10 03803 Alcoy","potentialAction":[{"@type":"SearchAction","target":{"@type":"EntryPoint","urlTemplate":"https:\/\/www.copealcoy.es\/es\/?s={search_term_string}"},"query-input":{"@type":"PropertyValueSpecification","valueRequired":true,"valueName":"search_term_string"}}],"inLanguage":"es"},{"@type":"Person","@id":"https:\/\/www.copealcoy.es\/es\/#\/schema\/person\/e777c87fa024e57d40170af9df39882c","name":"Cope Alcoy","image":{"@type":"ImageObject","inLanguage":"es","@id":"https:\/\/secure.gravatar.com\/avatar\/bb65d0283347e303893ba14f0692005417c1e0e690a325a4c5d8bb2b3943ee14?s=96&d=mm&r=g","url":"https:\/\/secure.gravatar.com\/avatar\/bb65d0283347e303893ba14f0692005417c1e0e690a325a4c5d8bb2b3943ee14?s=96&d=mm&r=g","contentUrl":"https:\/\/secure.gravatar.com\/avatar\/bb65d0283347e303893ba14f0692005417c1e0e690a325a4c5d8bb2b3943ee14?s=96&d=mm&r=g","caption":"Cope Alcoy"}}]}},"_links":{"self":[{"href":"https:\/\/www.copealcoy.es\/es\/wp-json\/wp\/v2\/posts\/17325","targetHints":{"allow":["GET"]}}],"collection":[{"href":"https:\/\/www.copealcoy.es\/es\/wp-json\/wp\/v2\/posts"}],"about":[{"href":"https:\/\/www.copealcoy.es\/es\/wp-json\/wp\/v2\/types\/post"}],"author":[{"embeddable":true,"href":"https:\/\/www.copealcoy.es\/es\/wp-json\/wp\/v2\/users\/1"}],"replies":[{"embeddable":true,"href":"https:\/\/www.copealcoy.es\/es\/wp-json\/wp\/v2\/comments?post=17325"}],"version-history":[{"count":0,"href":"https:\/\/www.copealcoy.es\/es\/wp-json\/wp\/v2\/posts\/17325\/revisions"}],"wp:featuredmedia":[{"embeddable":true,"href":"https:\/\/www.copealcoy.es\/es\/wp-json\/wp\/v2\/media\/17326"}],"wp:attachment":[{"href":"https:\/\/www.copealcoy.es\/es\/wp-json\/wp\/v2\/media?parent=17325"}],"wp:term":[{"taxonomy":"category","embeddable":true,"href":"https:\/\/www.copealcoy.es\/es\/wp-json\/wp\/v2\/categories?post=17325"},{"taxonomy":"post_tag","embeddable":true,"href":"https:\/\/www.copealcoy.es\/es\/wp-json\/wp\/v2\/tags?post=17325"}],"curies":[{"name":"wp","href":"https:\/\/api.w.org\/{rel}","templated":true}]}}