{"id":17320,"date":"2015-11-18T16:59:19","date_gmt":"2015-11-18T16:59:19","guid":{"rendered":"http:\/\/copealcoi.es\/new\/?p=17320"},"modified":"2015-11-29T17:05:48","modified_gmt":"2015-11-29T17:05:48","slug":"cinco-candidatos-de-la-comarca-en-las-listas-para-el-congreso","status":"publish","type":"post","link":"https:\/\/www.copealcoy.es\/es\/cinco-candidatos-de-la-comarca-en-las-listas-para-el-congreso\/","title":{"rendered":"Cinco candidatos de la comarca en las listas para el Congreso"},"content":{"rendered":"<p style=\"text-align: justify;\">Las comarcas del Comtat y de l\u00b4 Alcoi\u00e0 estar\u00e1n representadas en las Elecciones Generales del pr\u00f3ximo 20 de diciembre por cinco candidatos de las\u00a0principales fuerzas pol\u00edticas. La mejor posici\u00f3n con posibilidades de ser elegida Diputada Nacional la ocupa la alcoyana Patricia Blanquer por el Partido Socialista que va de n\u00famero dos al Congreso en representaci\u00f3n del Partido Socialista. Tambi\u00e9n tiene el mismo n\u00famero la contestana Eli Aleix que concurre por Unidad Popular. En Ciudadanos la edil en el Ayuntamiento de Alcoy Luc\u00eda Granados figura en la posici\u00f3n tres por Alicante mientras que en el Partido Popular Lola Alba ocupa el puesto n\u00famero 5 y regresa a la primera l\u00ednea de la actividad pol\u00edtica tras haber ejercido como concejal en el Consistorio durante una etapa. Finalmente la coalici\u00f3n Comprom\u00eds &#8211; Podem tiene en su n\u00famero 4 al ex concejal del Ayuntamiento de Muro, Vicent Molina, mientras que el Secretario General del partido de Pablo Iglesias en Alcoy, Alfredo Albero, est\u00e1 como suplente.<\/p>\n<p style=\"text-align: justify;\">\n","protected":false},"excerpt":{"rendered":"<p>Las comarcas del Comtat y de l\u00b4 Alcoi\u00e0 estar\u00e1n representadas en las Elecciones Generales del pr\u00f3ximo 20 de diciembre por&#8230;<\/p>\n","protected":false},"author":1,"featured_media":13466,"comment_status":"open","ping_status":"open","sticky":false,"template":"","format":"standard","meta":{"footnotes":""},"categories":[744,75],"tags":[482,1494,237,1039,1438,422],"class_list":["post-17320","post","type-post","status-publish","format-standard","has-post-thumbnail","hentry","category-elecciones","category-noticias","tag-alcoia","tag-alcoy","tag-comtat","tag-congreso-diputados","tag-elecciones-generales","tag-politica"],"yoast_head":"<!-- This site is optimized with the Yoast SEO plugin v27.3 - https:\/\/yoast.com\/product\/yoast-seo-wordpress\/ -->\n<title>Cinco candidatos de la comarca en las listas para el Congreso - COPE Alcoy<\/title>\n<meta name=\"robots\" content=\"index, follow, max-snippet:-1, max-image-preview:large, max-video-preview:-1\" \/>\n<link rel=\"canonical\" href=\"https:\/\/www.copealcoy.es\/es\/cinco-candidatos-de-la-comarca-en-las-listas-para-el-congreso\/\" \/>\n<meta property=\"og:locale\" content=\"es_ES\" \/>\n<meta property=\"og:type\" content=\"article\" \/>\n<meta property=\"og:title\" content=\"Cinco candidatos de la comarca en las listas para el Congreso - COPE Alcoy\" \/>\n<meta property=\"og:description\" content=\"Las comarcas del Comtat y de l\u00b4 Alcoi\u00e0 estar\u00e1n representadas en las Elecciones Generales del pr\u00f3ximo 20 de diciembre por...\" \/>\n<meta property=\"og:url\" content=\"https:\/\/www.copealcoy.es\/es\/cinco-candidatos-de-la-comarca-en-las-listas-para-el-congreso\/\" \/>\n<meta property=\"og:site_name\" content=\"COPE Alcoy\" \/>\n<meta property=\"article:published_time\" content=\"2015-11-18T16:59:19+00:00\" \/>\n<meta property=\"article:modified_time\" content=\"2015-11-29T17:05:48+00:00\" \/>\n<meta property=\"og:image\" content=\"https:\/\/www.copealcoy.es\/wp-content\/uploads\/2015\/05\/DSC00267-1024x768.jpg\" \/>\n\t<meta property=\"og:image:width\" content=\"1024\" \/>\n\t<meta property=\"og:image:height\" content=\"768\" \/>\n\t<meta property=\"og:image:type\" content=\"image\/jpeg\" \/>\n<meta name=\"author\" content=\"Cope Alcoy\" \/>\n<meta name=\"twitter:label1\" content=\"Escrito por\" \/>\n\t<meta name=\"twitter:data1\" content=\"Cope Alcoy\" \/>\n\t<meta name=\"twitter:label2\" content=\"Tiempo de lectura\" \/>\n\t<meta name=\"twitter:data2\" content=\"1 minuto\" \/>\n<script type=\"application\/ld+json\" class=\"yoast-schema-graph\">{\"@context\":\"https:\\\/\\\/schema.org\",\"@graph\":[{\"@type\":\"Article\",\"@id\":\"https:\\\/\\\/www.copealcoy.es\\\/es\\\/cinco-candidatos-de-la-comarca-en-las-listas-para-el-congreso\\\/#article\",\"isPartOf\":{\"@id\":\"https:\\\/\\\/www.copealcoy.es\\\/es\\\/cinco-candidatos-de-la-comarca-en-las-listas-para-el-congreso\\\/\"},\"author\":{\"name\":\"Cope Alcoy\",\"@id\":\"https:\\\/\\\/www.copealcoy.es\\\/es\\\/#\\\/schema\\\/person\\\/e777c87fa024e57d40170af9df39882c\"},\"headline\":\"Cinco candidatos de la comarca en las listas para el Congreso\",\"datePublished\":\"2015-11-18T16:59:19+00:00\",\"dateModified\":\"2015-11-29T17:05:48+00:00\",\"mainEntityOfPage\":{\"@id\":\"https:\\\/\\\/www.copealcoy.es\\\/es\\\/cinco-candidatos-de-la-comarca-en-las-listas-para-el-congreso\\\/\"},\"wordCount\":186,\"commentCount\":0,\"image\":{\"@id\":\"https:\\\/\\\/www.copealcoy.es\\\/es\\\/cinco-candidatos-de-la-comarca-en-las-listas-para-el-congreso\\\/#primaryimage\"},\"thumbnailUrl\":\"https:\\\/\\\/www.copealcoy.es\\\/wp-content\\\/uploads\\\/2015\\\/05\\\/DSC00267.jpg\",\"keywords\":[\"Alcoi\u00e0\",\"Alcoy\",\"Comtat\",\"Congreso Diputados\",\"Elecciones Generales\",\"Pol\u00edtica\"],\"articleSection\":[\"Elecciones\",\"Noticias\"],\"inLanguage\":\"es\"},{\"@type\":\"WebPage\",\"@id\":\"https:\\\/\\\/www.copealcoy.es\\\/es\\\/cinco-candidatos-de-la-comarca-en-las-listas-para-el-congreso\\\/\",\"url\":\"https:\\\/\\\/www.copealcoy.es\\\/es\\\/cinco-candidatos-de-la-comarca-en-las-listas-para-el-congreso\\\/\",\"name\":\"Cinco candidatos de la comarca en las listas para el Congreso - COPE Alcoy\",\"isPartOf\":{\"@id\":\"https:\\\/\\\/www.copealcoy.es\\\/es\\\/#website\"},\"primaryImageOfPage\":{\"@id\":\"https:\\\/\\\/www.copealcoy.es\\\/es\\\/cinco-candidatos-de-la-comarca-en-las-listas-para-el-congreso\\\/#primaryimage\"},\"image\":{\"@id\":\"https:\\\/\\\/www.copealcoy.es\\\/es\\\/cinco-candidatos-de-la-comarca-en-las-listas-para-el-congreso\\\/#primaryimage\"},\"thumbnailUrl\":\"https:\\\/\\\/www.copealcoy.es\\\/wp-content\\\/uploads\\\/2015\\\/05\\\/DSC00267.jpg\",\"datePublished\":\"2015-11-18T16:59:19+00:00\",\"dateModified\":\"2015-11-29T17:05:48+00:00\",\"author\":{\"@id\":\"https:\\\/\\\/www.copealcoy.es\\\/es\\\/#\\\/schema\\\/person\\\/e777c87fa024e57d40170af9df39882c\"},\"breadcrumb\":{\"@id\":\"https:\\\/\\\/www.copealcoy.es\\\/es\\\/cinco-candidatos-de-la-comarca-en-las-listas-para-el-congreso\\\/#breadcrumb\"},\"inLanguage\":\"es\",\"potentialAction\":[{\"@type\":\"ReadAction\",\"target\":[\"https:\\\/\\\/www.copealcoy.es\\\/es\\\/cinco-candidatos-de-la-comarca-en-las-listas-para-el-congreso\\\/\"]}]},{\"@type\":\"ImageObject\",\"inLanguage\":\"es\",\"@id\":\"https:\\\/\\\/www.copealcoy.es\\\/es\\\/cinco-candidatos-de-la-comarca-en-las-listas-para-el-congreso\\\/#primaryimage\",\"url\":\"https:\\\/\\\/www.copealcoy.es\\\/wp-content\\\/uploads\\\/2015\\\/05\\\/DSC00267.jpg\",\"contentUrl\":\"https:\\\/\\\/www.copealcoy.es\\\/wp-content\\\/uploads\\\/2015\\\/05\\\/DSC00267.jpg\",\"width\":1440,\"height\":1080},{\"@type\":\"BreadcrumbList\",\"@id\":\"https:\\\/\\\/www.copealcoy.es\\\/es\\\/cinco-candidatos-de-la-comarca-en-las-listas-para-el-congreso\\\/#breadcrumb\",\"itemListElement\":[{\"@type\":\"ListItem\",\"position\":1,\"name\":\"Portada\",\"item\":\"https:\\\/\\\/www.copealcoy.es\\\/es\\\/\"},{\"@type\":\"ListItem\",\"position\":2,\"name\":\"Cinco candidatos de la comarca en las listas para el Congreso\"}]},{\"@type\":\"WebSite\",\"@id\":\"https:\\\/\\\/www.copealcoy.es\\\/es\\\/#website\",\"url\":\"https:\\\/\\\/www.copealcoy.es\\\/es\\\/\",\"name\":\"COPE Alcoy\",\"description\":\"Emisora COPE de radio local con emisi\u00f3n online. Pont de Sant Jordi 8-10 03803 Alcoy\",\"potentialAction\":[{\"@type\":\"SearchAction\",\"target\":{\"@type\":\"EntryPoint\",\"urlTemplate\":\"https:\\\/\\\/www.copealcoy.es\\\/es\\\/?s={search_term_string}\"},\"query-input\":{\"@type\":\"PropertyValueSpecification\",\"valueRequired\":true,\"valueName\":\"search_term_string\"}}],\"inLanguage\":\"es\"},{\"@type\":\"Person\",\"@id\":\"https:\\\/\\\/www.copealcoy.es\\\/es\\\/#\\\/schema\\\/person\\\/e777c87fa024e57d40170af9df39882c\",\"name\":\"Cope Alcoy\",\"image\":{\"@type\":\"ImageObject\",\"inLanguage\":\"es\",\"@id\":\"https:\\\/\\\/secure.gravatar.com\\\/avatar\\\/bb65d0283347e303893ba14f0692005417c1e0e690a325a4c5d8bb2b3943ee14?s=96&d=mm&r=g\",\"url\":\"https:\\\/\\\/secure.gravatar.com\\\/avatar\\\/bb65d0283347e303893ba14f0692005417c1e0e690a325a4c5d8bb2b3943ee14?s=96&d=mm&r=g\",\"contentUrl\":\"https:\\\/\\\/secure.gravatar.com\\\/avatar\\\/bb65d0283347e303893ba14f0692005417c1e0e690a325a4c5d8bb2b3943ee14?s=96&d=mm&r=g\",\"caption\":\"Cope Alcoy\"}}]}<\/script>\n<!-- \/ Yoast SEO plugin. -->","yoast_head_json":{"title":"Cinco candidatos de la comarca en las listas para el Congreso - COPE Alcoy","robots":{"index":"index","follow":"follow","max-snippet":"max-snippet:-1","max-image-preview":"max-image-preview:large","max-video-preview":"max-video-preview:-1"},"canonical":"https:\/\/www.copealcoy.es\/es\/cinco-candidatos-de-la-comarca-en-las-listas-para-el-congreso\/","og_locale":"es_ES","og_type":"article","og_title":"Cinco candidatos de la comarca en las listas para el Congreso - COPE Alcoy","og_description":"Las comarcas del Comtat y de l\u00b4 Alcoi\u00e0 estar\u00e1n representadas en las Elecciones Generales del pr\u00f3ximo 20 de diciembre por...","og_url":"https:\/\/www.copealcoy.es\/es\/cinco-candidatos-de-la-comarca-en-las-listas-para-el-congreso\/","og_site_name":"COPE Alcoy","article_published_time":"2015-11-18T16:59:19+00:00","article_modified_time":"2015-11-29T17:05:48+00:00","og_image":[{"width":1024,"height":768,"url":"https:\/\/www.copealcoy.es\/wp-content\/uploads\/2015\/05\/DSC00267-1024x768.jpg","type":"image\/jpeg"}],"author":"Cope Alcoy","twitter_misc":{"Escrito por":"Cope Alcoy","Tiempo de lectura":"1 minuto"},"schema":{"@context":"https:\/\/schema.org","@graph":[{"@type":"Article","@id":"https:\/\/www.copealcoy.es\/es\/cinco-candidatos-de-la-comarca-en-las-listas-para-el-congreso\/#article","isPartOf":{"@id":"https:\/\/www.copealcoy.es\/es\/cinco-candidatos-de-la-comarca-en-las-listas-para-el-congreso\/"},"author":{"name":"Cope Alcoy","@id":"https:\/\/www.copealcoy.es\/es\/#\/schema\/person\/e777c87fa024e57d40170af9df39882c"},"headline":"Cinco candidatos de la comarca en las listas para el Congreso","datePublished":"2015-11-18T16:59:19+00:00","dateModified":"2015-11-29T17:05:48+00:00","mainEntityOfPage":{"@id":"https:\/\/www.copealcoy.es\/es\/cinco-candidatos-de-la-comarca-en-las-listas-para-el-congreso\/"},"wordCount":186,"commentCount":0,"image":{"@id":"https:\/\/www.copealcoy.es\/es\/cinco-candidatos-de-la-comarca-en-las-listas-para-el-congreso\/#primaryimage"},"thumbnailUrl":"https:\/\/www.copealcoy.es\/wp-content\/uploads\/2015\/05\/DSC00267.jpg","keywords":["Alcoi\u00e0","Alcoy","Comtat","Congreso Diputados","Elecciones Generales","Pol\u00edtica"],"articleSection":["Elecciones","Noticias"],"inLanguage":"es"},{"@type":"WebPage","@id":"https:\/\/www.copealcoy.es\/es\/cinco-candidatos-de-la-comarca-en-las-listas-para-el-congreso\/","url":"https:\/\/www.copealcoy.es\/es\/cinco-candidatos-de-la-comarca-en-las-listas-para-el-congreso\/","name":"Cinco candidatos de la comarca en las listas para el Congreso - COPE Alcoy","isPartOf":{"@id":"https:\/\/www.copealcoy.es\/es\/#website"},"primaryImageOfPage":{"@id":"https:\/\/www.copealcoy.es\/es\/cinco-candidatos-de-la-comarca-en-las-listas-para-el-congreso\/#primaryimage"},"image":{"@id":"https:\/\/www.copealcoy.es\/es\/cinco-candidatos-de-la-comarca-en-las-listas-para-el-congreso\/#primaryimage"},"thumbnailUrl":"https:\/\/www.copealcoy.es\/wp-content\/uploads\/2015\/05\/DSC00267.jpg","datePublished":"2015-11-18T16:59:19+00:00","dateModified":"2015-11-29T17:05:48+00:00","author":{"@id":"https:\/\/www.copealcoy.es\/es\/#\/schema\/person\/e777c87fa024e57d40170af9df39882c"},"breadcrumb":{"@id":"https:\/\/www.copealcoy.es\/es\/cinco-candidatos-de-la-comarca-en-las-listas-para-el-congreso\/#breadcrumb"},"inLanguage":"es","potentialAction":[{"@type":"ReadAction","target":["https:\/\/www.copealcoy.es\/es\/cinco-candidatos-de-la-comarca-en-las-listas-para-el-congreso\/"]}]},{"@type":"ImageObject","inLanguage":"es","@id":"https:\/\/www.copealcoy.es\/es\/cinco-candidatos-de-la-comarca-en-las-listas-para-el-congreso\/#primaryimage","url":"https:\/\/www.copealcoy.es\/wp-content\/uploads\/2015\/05\/DSC00267.jpg","contentUrl":"https:\/\/www.copealcoy.es\/wp-content\/uploads\/2015\/05\/DSC00267.jpg","width":1440,"height":1080},{"@type":"BreadcrumbList","@id":"https:\/\/www.copealcoy.es\/es\/cinco-candidatos-de-la-comarca-en-las-listas-para-el-congreso\/#breadcrumb","itemListElement":[{"@type":"ListItem","position":1,"name":"Portada","item":"https:\/\/www.copealcoy.es\/es\/"},{"@type":"ListItem","position":2,"name":"Cinco candidatos de la comarca en las listas para el Congreso"}]},{"@type":"WebSite","@id":"https:\/\/www.copealcoy.es\/es\/#website","url":"https:\/\/www.copealcoy.es\/es\/","name":"COPE Alcoy","description":"Emisora COPE de radio local con emisi\u00f3n online. Pont de Sant Jordi 8-10 03803 Alcoy","potentialAction":[{"@type":"SearchAction","target":{"@type":"EntryPoint","urlTemplate":"https:\/\/www.copealcoy.es\/es\/?s={search_term_string}"},"query-input":{"@type":"PropertyValueSpecification","valueRequired":true,"valueName":"search_term_string"}}],"inLanguage":"es"},{"@type":"Person","@id":"https:\/\/www.copealcoy.es\/es\/#\/schema\/person\/e777c87fa024e57d40170af9df39882c","name":"Cope Alcoy","image":{"@type":"ImageObject","inLanguage":"es","@id":"https:\/\/secure.gravatar.com\/avatar\/bb65d0283347e303893ba14f0692005417c1e0e690a325a4c5d8bb2b3943ee14?s=96&d=mm&r=g","url":"https:\/\/secure.gravatar.com\/avatar\/bb65d0283347e303893ba14f0692005417c1e0e690a325a4c5d8bb2b3943ee14?s=96&d=mm&r=g","contentUrl":"https:\/\/secure.gravatar.com\/avatar\/bb65d0283347e303893ba14f0692005417c1e0e690a325a4c5d8bb2b3943ee14?s=96&d=mm&r=g","caption":"Cope Alcoy"}}]}},"_links":{"self":[{"href":"https:\/\/www.copealcoy.es\/es\/wp-json\/wp\/v2\/posts\/17320","targetHints":{"allow":["GET"]}}],"collection":[{"href":"https:\/\/www.copealcoy.es\/es\/wp-json\/wp\/v2\/posts"}],"about":[{"href":"https:\/\/www.copealcoy.es\/es\/wp-json\/wp\/v2\/types\/post"}],"author":[{"embeddable":true,"href":"https:\/\/www.copealcoy.es\/es\/wp-json\/wp\/v2\/users\/1"}],"replies":[{"embeddable":true,"href":"https:\/\/www.copealcoy.es\/es\/wp-json\/wp\/v2\/comments?post=17320"}],"version-history":[{"count":0,"href":"https:\/\/www.copealcoy.es\/es\/wp-json\/wp\/v2\/posts\/17320\/revisions"}],"wp:featuredmedia":[{"embeddable":true,"href":"https:\/\/www.copealcoy.es\/es\/wp-json\/wp\/v2\/media\/13466"}],"wp:attachment":[{"href":"https:\/\/www.copealcoy.es\/es\/wp-json\/wp\/v2\/media?parent=17320"}],"wp:term":[{"taxonomy":"category","embeddable":true,"href":"https:\/\/www.copealcoy.es\/es\/wp-json\/wp\/v2\/categories?post=17320"},{"taxonomy":"post_tag","embeddable":true,"href":"https:\/\/www.copealcoy.es\/es\/wp-json\/wp\/v2\/tags?post=17320"}],"curies":[{"name":"wp","href":"https:\/\/api.w.org\/{rel}","templated":true}]}}