{"id":17317,"date":"2015-11-29T13:42:08","date_gmt":"2015-11-29T13:42:08","guid":{"rendered":"http:\/\/copealcoi.es\/new\/?p=17317"},"modified":"2015-11-29T13:42:08","modified_gmt":"2015-11-29T13:42:08","slug":"el-maf-estrena-una-sala-dedicada-a-fernando-cabrera","status":"publish","type":"post","link":"https:\/\/www.copealcoy.es\/es\/el-maf-estrena-una-sala-dedicada-a-fernando-cabrera\/","title":{"rendered":"El MAF estrena una sala dedicada a Fernando Cabrera"},"content":{"rendered":"<p style=\"text-align: justify;\">El Museu Alcoi\u00e0 de la Festa inaugur\u00f3 el pasado jueves por la tarde de forma oficial la sala de exposiciones Fernando Cabrera que se ubicar\u00e1 en la primera planta y\u00a0que pretende ser un homenaje a este c\u00e9lebre pintor alcoyano que en su momento fue asesor art\u00edstico del Casal.<\/p>\n<p style=\"text-align: justify;\">La sala est\u00e1 dividida en\u00a0cuatro espacios interconectados, con una superficie total de 77 metros cuadrados, y re\u00fane las condiciones \u00f3ptimas para acoger\u00a0muestras de peque\u00f1o y mediano formato &#8220;la intenci\u00f3n de la directiva con la apertura de la sala es potenciar la actividad del museo y\u00a0ofrecer un nuevo espacio a los artistas\u201d, afirma el vocal responsable de Casal y Museo,\u00a0Juan Jos\u00e9 Olcina. Este nuevo atractivo del MAF tiene la programaci\u00f3n cerrada hasta octubre y ahora se puede ver en el mismo\u00a0una muestra de exposiciones de carteles de las fiestas de moros y cristianos &#8220;es una prolongaci\u00f3n de la muestra que ha estado recientemente en Valencia, aunque ahora priman los autores alcoyanos\u201d, explica el Asesor Art\u00edstico de la Asociaci\u00f3n de Sa Jorge, Ignacio Trelis. En los pr\u00f3ximos meses\u00a0la Asociaci\u00f3n de San Jorge dedicar\u00e1 a Fernando Cabrera y a su hijo, otra exposici\u00f3n en la que se podr\u00e1 profundizar m\u00e1s en su obra y figura.<\/p>\n<p style=\"text-align: justify;\">Se\u00f1alar que otra\u00a0de las novedades en el MAF es la reserva de un espacio de la planta baja para la\u00a0Obra del mes, que pondr\u00e1 en valor los fondos art\u00edsticos de la Asociaci\u00f3n de San Jorge. La primera obra que se puede ver\u00a0es la portada de la Revista de Fiestas dise\u00f1ada en 1951 por el ilustrador\u00a0Jos\u00e9 Segrelles\u00a0(1885-1969) junto a otras ilustraciones y paneles que explican la\u00a0vinculaci\u00f3n del artista de Albaida con los Moros y Cristianos de Alcoy. La planta baja del museo acoge tambi\u00e9n las im\u00e1genes de los ex presidentes, as\u00ed como otro material que hasta ahora pod\u00eda contemplarse en la primera planta y que ha sido trasladado para la apertura de la\u00a0sala de muestras Fernando Cabrera.<\/p>\n","protected":false},"excerpt":{"rendered":"<p>El Museu Alcoi\u00e0 de la Festa inaugur\u00f3 el pasado jueves por la tarde de forma oficial la sala de exposiciones&#8230;<\/p>\n","protected":false},"author":1,"featured_media":17318,"comment_status":"open","ping_status":"open","sticky":false,"template":"","format":"standard","meta":{"footnotes":""},"categories":[97,78,75],"tags":[1494,198,1049,856,447],"class_list":["post-17317","post","type-post","status-publish","format-standard","has-post-thumbnail","hentry","category-alcoy","category-fiestaycultura","category-noticias","tag-alcoy","tag-casal","tag-maf","tag-moros-i-cristians","tag-tradiciones"],"yoast_head":"<!-- This site is optimized with the Yoast SEO plugin v27.3 - https:\/\/yoast.com\/product\/yoast-seo-wordpress\/ -->\n<title>El MAF estrena una sala dedicada a Fernando Cabrera - COPE Alcoy<\/title>\n<meta name=\"robots\" content=\"index, follow, max-snippet:-1, max-image-preview:large, max-video-preview:-1\" \/>\n<link rel=\"canonical\" href=\"https:\/\/www.copealcoy.es\/es\/el-maf-estrena-una-sala-dedicada-a-fernando-cabrera\/\" \/>\n<meta property=\"og:locale\" content=\"es_ES\" \/>\n<meta property=\"og:type\" content=\"article\" \/>\n<meta property=\"og:title\" content=\"El MAF estrena una sala dedicada a Fernando Cabrera - COPE Alcoy\" \/>\n<meta property=\"og:description\" content=\"El Museu Alcoi\u00e0 de la Festa inaugur\u00f3 el pasado jueves por la tarde de forma oficial la sala de exposiciones...\" \/>\n<meta property=\"og:url\" content=\"https:\/\/www.copealcoy.es\/es\/el-maf-estrena-una-sala-dedicada-a-fernando-cabrera\/\" \/>\n<meta property=\"og:site_name\" content=\"COPE Alcoy\" \/>\n<meta property=\"article:published_time\" content=\"2015-11-29T13:42:08+00:00\" \/>\n<meta property=\"og:image\" content=\"https:\/\/www.copealcoy.es\/wp-content\/uploads\/2015\/11\/12301493_10208434103398269_914572251421541546_n.jpg\" \/>\n\t<meta property=\"og:image:width\" content=\"960\" \/>\n\t<meta property=\"og:image:height\" content=\"540\" \/>\n\t<meta property=\"og:image:type\" content=\"image\/jpeg\" \/>\n<meta name=\"author\" content=\"Cope Alcoy\" \/>\n<meta name=\"twitter:label1\" content=\"Escrito por\" \/>\n\t<meta name=\"twitter:data1\" content=\"Cope Alcoy\" \/>\n\t<meta name=\"twitter:label2\" content=\"Tiempo de lectura\" \/>\n\t<meta name=\"twitter:data2\" content=\"2 minutos\" \/>\n<script type=\"application\/ld+json\" class=\"yoast-schema-graph\">{\"@context\":\"https:\\\/\\\/schema.org\",\"@graph\":[{\"@type\":\"Article\",\"@id\":\"https:\\\/\\\/www.copealcoy.es\\\/es\\\/el-maf-estrena-una-sala-dedicada-a-fernando-cabrera\\\/#article\",\"isPartOf\":{\"@id\":\"https:\\\/\\\/www.copealcoy.es\\\/es\\\/el-maf-estrena-una-sala-dedicada-a-fernando-cabrera\\\/\"},\"author\":{\"name\":\"Cope Alcoy\",\"@id\":\"https:\\\/\\\/www.copealcoy.es\\\/es\\\/#\\\/schema\\\/person\\\/e777c87fa024e57d40170af9df39882c\"},\"headline\":\"El MAF estrena una sala dedicada a Fernando Cabrera\",\"datePublished\":\"2015-11-29T13:42:08+00:00\",\"mainEntityOfPage\":{\"@id\":\"https:\\\/\\\/www.copealcoy.es\\\/es\\\/el-maf-estrena-una-sala-dedicada-a-fernando-cabrera\\\/\"},\"wordCount\":358,\"commentCount\":0,\"image\":{\"@id\":\"https:\\\/\\\/www.copealcoy.es\\\/es\\\/el-maf-estrena-una-sala-dedicada-a-fernando-cabrera\\\/#primaryimage\"},\"thumbnailUrl\":\"https:\\\/\\\/www.copealcoy.es\\\/wp-content\\\/uploads\\\/2015\\\/11\\\/12301493_10208434103398269_914572251421541546_n.jpg\",\"keywords\":[\"Alcoy\",\"Casal\",\"MAF\",\"Moros i Cristians\",\"Tradiciones\"],\"articleSection\":[\"Alcoy\",\"Fiesta y Cultura\",\"Noticias\"],\"inLanguage\":\"es\"},{\"@type\":\"WebPage\",\"@id\":\"https:\\\/\\\/www.copealcoy.es\\\/es\\\/el-maf-estrena-una-sala-dedicada-a-fernando-cabrera\\\/\",\"url\":\"https:\\\/\\\/www.copealcoy.es\\\/es\\\/el-maf-estrena-una-sala-dedicada-a-fernando-cabrera\\\/\",\"name\":\"El MAF estrena una sala dedicada a Fernando Cabrera - COPE Alcoy\",\"isPartOf\":{\"@id\":\"https:\\\/\\\/www.copealcoy.es\\\/es\\\/#website\"},\"primaryImageOfPage\":{\"@id\":\"https:\\\/\\\/www.copealcoy.es\\\/es\\\/el-maf-estrena-una-sala-dedicada-a-fernando-cabrera\\\/#primaryimage\"},\"image\":{\"@id\":\"https:\\\/\\\/www.copealcoy.es\\\/es\\\/el-maf-estrena-una-sala-dedicada-a-fernando-cabrera\\\/#primaryimage\"},\"thumbnailUrl\":\"https:\\\/\\\/www.copealcoy.es\\\/wp-content\\\/uploads\\\/2015\\\/11\\\/12301493_10208434103398269_914572251421541546_n.jpg\",\"datePublished\":\"2015-11-29T13:42:08+00:00\",\"author\":{\"@id\":\"https:\\\/\\\/www.copealcoy.es\\\/es\\\/#\\\/schema\\\/person\\\/e777c87fa024e57d40170af9df39882c\"},\"breadcrumb\":{\"@id\":\"https:\\\/\\\/www.copealcoy.es\\\/es\\\/el-maf-estrena-una-sala-dedicada-a-fernando-cabrera\\\/#breadcrumb\"},\"inLanguage\":\"es\",\"potentialAction\":[{\"@type\":\"ReadAction\",\"target\":[\"https:\\\/\\\/www.copealcoy.es\\\/es\\\/el-maf-estrena-una-sala-dedicada-a-fernando-cabrera\\\/\"]}]},{\"@type\":\"ImageObject\",\"inLanguage\":\"es\",\"@id\":\"https:\\\/\\\/www.copealcoy.es\\\/es\\\/el-maf-estrena-una-sala-dedicada-a-fernando-cabrera\\\/#primaryimage\",\"url\":\"https:\\\/\\\/www.copealcoy.es\\\/wp-content\\\/uploads\\\/2015\\\/11\\\/12301493_10208434103398269_914572251421541546_n.jpg\",\"contentUrl\":\"https:\\\/\\\/www.copealcoy.es\\\/wp-content\\\/uploads\\\/2015\\\/11\\\/12301493_10208434103398269_914572251421541546_n.jpg\",\"width\":960,\"height\":540,\"caption\":\"La inauguraci\u00f3n de la nueva sala tuvo lugar el jueves\"},{\"@type\":\"BreadcrumbList\",\"@id\":\"https:\\\/\\\/www.copealcoy.es\\\/es\\\/el-maf-estrena-una-sala-dedicada-a-fernando-cabrera\\\/#breadcrumb\",\"itemListElement\":[{\"@type\":\"ListItem\",\"position\":1,\"name\":\"Portada\",\"item\":\"https:\\\/\\\/www.copealcoy.es\\\/es\\\/\"},{\"@type\":\"ListItem\",\"position\":2,\"name\":\"El MAF estrena una sala dedicada a Fernando Cabrera\"}]},{\"@type\":\"WebSite\",\"@id\":\"https:\\\/\\\/www.copealcoy.es\\\/es\\\/#website\",\"url\":\"https:\\\/\\\/www.copealcoy.es\\\/es\\\/\",\"name\":\"COPE Alcoy\",\"description\":\"Emisora COPE de radio local con emisi\u00f3n online. Pont de Sant Jordi 8-10 03803 Alcoy\",\"potentialAction\":[{\"@type\":\"SearchAction\",\"target\":{\"@type\":\"EntryPoint\",\"urlTemplate\":\"https:\\\/\\\/www.copealcoy.es\\\/es\\\/?s={search_term_string}\"},\"query-input\":{\"@type\":\"PropertyValueSpecification\",\"valueRequired\":true,\"valueName\":\"search_term_string\"}}],\"inLanguage\":\"es\"},{\"@type\":\"Person\",\"@id\":\"https:\\\/\\\/www.copealcoy.es\\\/es\\\/#\\\/schema\\\/person\\\/e777c87fa024e57d40170af9df39882c\",\"name\":\"Cope Alcoy\",\"image\":{\"@type\":\"ImageObject\",\"inLanguage\":\"es\",\"@id\":\"https:\\\/\\\/secure.gravatar.com\\\/avatar\\\/bb65d0283347e303893ba14f0692005417c1e0e690a325a4c5d8bb2b3943ee14?s=96&d=mm&r=g\",\"url\":\"https:\\\/\\\/secure.gravatar.com\\\/avatar\\\/bb65d0283347e303893ba14f0692005417c1e0e690a325a4c5d8bb2b3943ee14?s=96&d=mm&r=g\",\"contentUrl\":\"https:\\\/\\\/secure.gravatar.com\\\/avatar\\\/bb65d0283347e303893ba14f0692005417c1e0e690a325a4c5d8bb2b3943ee14?s=96&d=mm&r=g\",\"caption\":\"Cope Alcoy\"}}]}<\/script>\n<!-- \/ Yoast SEO plugin. -->","yoast_head_json":{"title":"El MAF estrena una sala dedicada a Fernando Cabrera - COPE Alcoy","robots":{"index":"index","follow":"follow","max-snippet":"max-snippet:-1","max-image-preview":"max-image-preview:large","max-video-preview":"max-video-preview:-1"},"canonical":"https:\/\/www.copealcoy.es\/es\/el-maf-estrena-una-sala-dedicada-a-fernando-cabrera\/","og_locale":"es_ES","og_type":"article","og_title":"El MAF estrena una sala dedicada a Fernando Cabrera - COPE Alcoy","og_description":"El Museu Alcoi\u00e0 de la Festa inaugur\u00f3 el pasado jueves por la tarde de forma oficial la sala de exposiciones...","og_url":"https:\/\/www.copealcoy.es\/es\/el-maf-estrena-una-sala-dedicada-a-fernando-cabrera\/","og_site_name":"COPE Alcoy","article_published_time":"2015-11-29T13:42:08+00:00","og_image":[{"width":960,"height":540,"url":"https:\/\/www.copealcoy.es\/wp-content\/uploads\/2015\/11\/12301493_10208434103398269_914572251421541546_n.jpg","type":"image\/jpeg"}],"author":"Cope Alcoy","twitter_misc":{"Escrito por":"Cope Alcoy","Tiempo de lectura":"2 minutos"},"schema":{"@context":"https:\/\/schema.org","@graph":[{"@type":"Article","@id":"https:\/\/www.copealcoy.es\/es\/el-maf-estrena-una-sala-dedicada-a-fernando-cabrera\/#article","isPartOf":{"@id":"https:\/\/www.copealcoy.es\/es\/el-maf-estrena-una-sala-dedicada-a-fernando-cabrera\/"},"author":{"name":"Cope Alcoy","@id":"https:\/\/www.copealcoy.es\/es\/#\/schema\/person\/e777c87fa024e57d40170af9df39882c"},"headline":"El MAF estrena una sala dedicada a Fernando Cabrera","datePublished":"2015-11-29T13:42:08+00:00","mainEntityOfPage":{"@id":"https:\/\/www.copealcoy.es\/es\/el-maf-estrena-una-sala-dedicada-a-fernando-cabrera\/"},"wordCount":358,"commentCount":0,"image":{"@id":"https:\/\/www.copealcoy.es\/es\/el-maf-estrena-una-sala-dedicada-a-fernando-cabrera\/#primaryimage"},"thumbnailUrl":"https:\/\/www.copealcoy.es\/wp-content\/uploads\/2015\/11\/12301493_10208434103398269_914572251421541546_n.jpg","keywords":["Alcoy","Casal","MAF","Moros i Cristians","Tradiciones"],"articleSection":["Alcoy","Fiesta y Cultura","Noticias"],"inLanguage":"es"},{"@type":"WebPage","@id":"https:\/\/www.copealcoy.es\/es\/el-maf-estrena-una-sala-dedicada-a-fernando-cabrera\/","url":"https:\/\/www.copealcoy.es\/es\/el-maf-estrena-una-sala-dedicada-a-fernando-cabrera\/","name":"El MAF estrena una sala dedicada a Fernando Cabrera - COPE Alcoy","isPartOf":{"@id":"https:\/\/www.copealcoy.es\/es\/#website"},"primaryImageOfPage":{"@id":"https:\/\/www.copealcoy.es\/es\/el-maf-estrena-una-sala-dedicada-a-fernando-cabrera\/#primaryimage"},"image":{"@id":"https:\/\/www.copealcoy.es\/es\/el-maf-estrena-una-sala-dedicada-a-fernando-cabrera\/#primaryimage"},"thumbnailUrl":"https:\/\/www.copealcoy.es\/wp-content\/uploads\/2015\/11\/12301493_10208434103398269_914572251421541546_n.jpg","datePublished":"2015-11-29T13:42:08+00:00","author":{"@id":"https:\/\/www.copealcoy.es\/es\/#\/schema\/person\/e777c87fa024e57d40170af9df39882c"},"breadcrumb":{"@id":"https:\/\/www.copealcoy.es\/es\/el-maf-estrena-una-sala-dedicada-a-fernando-cabrera\/#breadcrumb"},"inLanguage":"es","potentialAction":[{"@type":"ReadAction","target":["https:\/\/www.copealcoy.es\/es\/el-maf-estrena-una-sala-dedicada-a-fernando-cabrera\/"]}]},{"@type":"ImageObject","inLanguage":"es","@id":"https:\/\/www.copealcoy.es\/es\/el-maf-estrena-una-sala-dedicada-a-fernando-cabrera\/#primaryimage","url":"https:\/\/www.copealcoy.es\/wp-content\/uploads\/2015\/11\/12301493_10208434103398269_914572251421541546_n.jpg","contentUrl":"https:\/\/www.copealcoy.es\/wp-content\/uploads\/2015\/11\/12301493_10208434103398269_914572251421541546_n.jpg","width":960,"height":540,"caption":"La inauguraci\u00f3n de la nueva sala tuvo lugar el jueves"},{"@type":"BreadcrumbList","@id":"https:\/\/www.copealcoy.es\/es\/el-maf-estrena-una-sala-dedicada-a-fernando-cabrera\/#breadcrumb","itemListElement":[{"@type":"ListItem","position":1,"name":"Portada","item":"https:\/\/www.copealcoy.es\/es\/"},{"@type":"ListItem","position":2,"name":"El MAF estrena una sala dedicada a Fernando Cabrera"}]},{"@type":"WebSite","@id":"https:\/\/www.copealcoy.es\/es\/#website","url":"https:\/\/www.copealcoy.es\/es\/","name":"COPE Alcoy","description":"Emisora COPE de radio local con emisi\u00f3n online. Pont de Sant Jordi 8-10 03803 Alcoy","potentialAction":[{"@type":"SearchAction","target":{"@type":"EntryPoint","urlTemplate":"https:\/\/www.copealcoy.es\/es\/?s={search_term_string}"},"query-input":{"@type":"PropertyValueSpecification","valueRequired":true,"valueName":"search_term_string"}}],"inLanguage":"es"},{"@type":"Person","@id":"https:\/\/www.copealcoy.es\/es\/#\/schema\/person\/e777c87fa024e57d40170af9df39882c","name":"Cope Alcoy","image":{"@type":"ImageObject","inLanguage":"es","@id":"https:\/\/secure.gravatar.com\/avatar\/bb65d0283347e303893ba14f0692005417c1e0e690a325a4c5d8bb2b3943ee14?s=96&d=mm&r=g","url":"https:\/\/secure.gravatar.com\/avatar\/bb65d0283347e303893ba14f0692005417c1e0e690a325a4c5d8bb2b3943ee14?s=96&d=mm&r=g","contentUrl":"https:\/\/secure.gravatar.com\/avatar\/bb65d0283347e303893ba14f0692005417c1e0e690a325a4c5d8bb2b3943ee14?s=96&d=mm&r=g","caption":"Cope Alcoy"}}]}},"_links":{"self":[{"href":"https:\/\/www.copealcoy.es\/es\/wp-json\/wp\/v2\/posts\/17317","targetHints":{"allow":["GET"]}}],"collection":[{"href":"https:\/\/www.copealcoy.es\/es\/wp-json\/wp\/v2\/posts"}],"about":[{"href":"https:\/\/www.copealcoy.es\/es\/wp-json\/wp\/v2\/types\/post"}],"author":[{"embeddable":true,"href":"https:\/\/www.copealcoy.es\/es\/wp-json\/wp\/v2\/users\/1"}],"replies":[{"embeddable":true,"href":"https:\/\/www.copealcoy.es\/es\/wp-json\/wp\/v2\/comments?post=17317"}],"version-history":[{"count":0,"href":"https:\/\/www.copealcoy.es\/es\/wp-json\/wp\/v2\/posts\/17317\/revisions"}],"wp:featuredmedia":[{"embeddable":true,"href":"https:\/\/www.copealcoy.es\/es\/wp-json\/wp\/v2\/media\/17318"}],"wp:attachment":[{"href":"https:\/\/www.copealcoy.es\/es\/wp-json\/wp\/v2\/media?parent=17317"}],"wp:term":[{"taxonomy":"category","embeddable":true,"href":"https:\/\/www.copealcoy.es\/es\/wp-json\/wp\/v2\/categories?post=17317"},{"taxonomy":"post_tag","embeddable":true,"href":"https:\/\/www.copealcoy.es\/es\/wp-json\/wp\/v2\/tags?post=17317"}],"curies":[{"name":"wp","href":"https:\/\/api.w.org\/{rel}","templated":true}]}}