{"id":17302,"date":"2015-11-28T13:15:02","date_gmt":"2015-11-28T13:15:02","guid":{"rendered":"http:\/\/copealcoi.es\/new\/?p=17302"},"modified":"2015-11-28T13:15:29","modified_gmt":"2015-11-28T13:15:29","slug":"unidad-popular-busca-cambio-modelo-politico","status":"publish","type":"post","link":"https:\/\/www.copealcoy.es\/es\/unidad-popular-busca-cambio-modelo-politico\/","title":{"rendered":"Unidad Popular busca un cambio de modelo pol\u00edtico"},"content":{"rendered":"<p style=\"text-align: justify;\">El n\u00famero uno de la provincia de Alicante al Congreso de los Diputados por Esquerra Unida &#8211; Unidad Popular, David Rodr\u00edguez, estuvo ayer en Alcoy acompa\u00f1ado por la n\u00famero dos, Eli Aleix, con el fin de presentar las l\u00edneas b\u00e1sicas del programa con el que esta plataforma concurre a las Elecciones Generales del pr\u00f3ximo 20 de diciembre.<\/p>\n<p style=\"text-align: justify;\">Rodr\u00edguez hizo un balance negativo de esta legislatura de Gobierno del Partido Popular con Mariano Rajoy al frente y abog\u00f3 por la unidad de las formaciones de izquierda para crear un frente com\u00fan que permita un cambio de modelo pol\u00edtico &#8220;rupturista, feminista, ecologista y anticapitalista&#8221; y lament\u00f3 que algunos partidos de ideolog\u00eda similar no hayan querido sumarse al proyecto &#8220;aunque estamos convencidos que seremos la sorpresa del 20 D y que podremos trasladar hasta las altas instituciones los problemas reales de la gente&#8221;, afirm\u00f3 Rodr\u00edguez. El n\u00famero uno explic\u00f3 tambi\u00e9n que si EU- Unidad Popular forma Gobierno\u00a0trabajar\u00e1n para eliminar la Reforma Laboral, la Ley Mordaza o la de Educaci\u00f3n e incidi\u00f3 en impulsar la lucha\u00a0para acabar con la Violencia de G\u00e9nero e implantar la laicidad en el Estado.<\/p>\n<p style=\"text-align: justify;\">La n\u00famero dos, la contestana Eli Aleix, defendi\u00f3 la propuestas relacionadas con la comarca y se refiri\u00f3 a la necesidad de recuperar la industria como motor econ\u00f3mico mediante la creaci\u00f3n de cooperativas. En clave educativa lament\u00f3 la situaci\u00f3n de los colegios Bracal de Muro y San Juan Bosco de Cocentaina &#8220;donde no se ha hecho nada en los \u00faltimos a\u00f1os y hemos asistido a que se ha gastado m\u00e1s en mantener los barracones que en impulsar un nuevo Centro Educativo&#8221; y fue cr\u00edtica con la privatizaci\u00f3n de la sanidad o la no correcta aplicaci\u00f3n de la Ley de Dependencia. Finalmente en Infraestructuras inst\u00f3 a trabajar por mejorar las condiciones del Tren Alcoi &#8211; X\u00e0tiva &#8220;es una verg\u00fcenza que llevemos tantos a\u00f1os con esta situaci\u00f3n perjudicando a estudiantes y a mucha gente que necesita a diario desplazarse a Valencia por cuestiones de trabajo u otros motivos&#8221;, sentenci\u00f3.<\/p>\n<p style=\"text-align: justify;\">Indicar que desde EU &#8211; Unidad Popular apuntaron que el pr\u00f3ximo 7 de diciembre puede estar en Alcoy el candidato a la Presidencia del Gobierno, Alberto Garz\u00f3n, si finalmente no asiste al debate previsto esa misma noche en la televisi\u00f3n privada Antena 3 y al que por el momento no ha sido invitado.<\/p>\n","protected":false},"excerpt":{"rendered":"<p>El n\u00famero uno de la provincia de Alicante al Congreso de los Diputados por Esquerra Unida &#8211; Unidad Popular, David&#8230;<\/p>\n","protected":false},"author":1,"featured_media":17304,"comment_status":"open","ping_status":"open","sticky":false,"template":"","format":"standard","meta":{"footnotes":""},"categories":[97,744,75,1],"tags":[1438,242,422,1641],"class_list":["post-17302","post","type-post","status-publish","format-standard","has-post-thumbnail","hentry","category-alcoy","category-elecciones","category-noticias","category-sin-categorizar","tag-elecciones-generales","tag-esquerra-unida","tag-politica","tag-unidad-popular"],"yoast_head":"<!-- This site is optimized with the Yoast SEO plugin v27.3 - https:\/\/yoast.com\/product\/yoast-seo-wordpress\/ -->\n<title>Unidad Popular busca un cambio de modelo pol\u00edtico - COPE Alcoy<\/title>\n<meta name=\"robots\" content=\"index, follow, max-snippet:-1, max-image-preview:large, max-video-preview:-1\" \/>\n<link rel=\"canonical\" href=\"https:\/\/www.copealcoy.es\/es\/unidad-popular-busca-cambio-modelo-politico\/\" \/>\n<meta property=\"og:locale\" content=\"es_ES\" \/>\n<meta property=\"og:type\" content=\"article\" \/>\n<meta property=\"og:title\" content=\"Unidad Popular busca un cambio de modelo pol\u00edtico - COPE Alcoy\" \/>\n<meta property=\"og:description\" content=\"El n\u00famero uno de la provincia de Alicante al Congreso de los Diputados por Esquerra Unida &#8211; Unidad Popular, David...\" \/>\n<meta property=\"og:url\" content=\"https:\/\/www.copealcoy.es\/es\/unidad-popular-busca-cambio-modelo-politico\/\" \/>\n<meta property=\"og:site_name\" content=\"COPE Alcoy\" \/>\n<meta property=\"article:published_time\" content=\"2015-11-28T13:15:02+00:00\" \/>\n<meta property=\"article:modified_time\" content=\"2015-11-28T13:15:29+00:00\" \/>\n<meta property=\"og:image\" content=\"https:\/\/www.copealcoy.es\/wp-content\/uploads\/2015\/11\/IMG_20151127_103706.jpg\" \/>\n\t<meta property=\"og:image:width\" content=\"2592\" \/>\n\t<meta property=\"og:image:height\" content=\"1944\" \/>\n\t<meta property=\"og:image:type\" content=\"image\/jpeg\" \/>\n<meta name=\"author\" content=\"Cope Alcoy\" \/>\n<meta name=\"twitter:label1\" content=\"Escrito por\" \/>\n\t<meta name=\"twitter:data1\" content=\"Cope Alcoy\" \/>\n\t<meta name=\"twitter:label2\" content=\"Tiempo de lectura\" \/>\n\t<meta name=\"twitter:data2\" content=\"2 minutos\" \/>\n<script type=\"application\/ld+json\" class=\"yoast-schema-graph\">{\"@context\":\"https:\\\/\\\/schema.org\",\"@graph\":[{\"@type\":\"Article\",\"@id\":\"https:\\\/\\\/www.copealcoy.es\\\/es\\\/unidad-popular-busca-cambio-modelo-politico\\\/#article\",\"isPartOf\":{\"@id\":\"https:\\\/\\\/www.copealcoy.es\\\/es\\\/unidad-popular-busca-cambio-modelo-politico\\\/\"},\"author\":{\"name\":\"Cope Alcoy\",\"@id\":\"https:\\\/\\\/www.copealcoy.es\\\/es\\\/#\\\/schema\\\/person\\\/e777c87fa024e57d40170af9df39882c\"},\"headline\":\"Unidad Popular busca un cambio de modelo pol\u00edtico\",\"datePublished\":\"2015-11-28T13:15:02+00:00\",\"dateModified\":\"2015-11-28T13:15:29+00:00\",\"mainEntityOfPage\":{\"@id\":\"https:\\\/\\\/www.copealcoy.es\\\/es\\\/unidad-popular-busca-cambio-modelo-politico\\\/\"},\"wordCount\":424,\"commentCount\":0,\"image\":{\"@id\":\"https:\\\/\\\/www.copealcoy.es\\\/es\\\/unidad-popular-busca-cambio-modelo-politico\\\/#primaryimage\"},\"thumbnailUrl\":\"https:\\\/\\\/www.copealcoy.es\\\/wp-content\\\/uploads\\\/2015\\\/11\\\/IMG_20151127_103706.jpg\",\"keywords\":[\"Elecciones Generales\",\"Esquerra Unida\",\"Pol\u00edtica\",\"Unidad Popular\"],\"articleSection\":[\"Alcoy\",\"Elecciones\",\"Noticias\",\"Sin categorizar\"],\"inLanguage\":\"es\"},{\"@type\":\"WebPage\",\"@id\":\"https:\\\/\\\/www.copealcoy.es\\\/es\\\/unidad-popular-busca-cambio-modelo-politico\\\/\",\"url\":\"https:\\\/\\\/www.copealcoy.es\\\/es\\\/unidad-popular-busca-cambio-modelo-politico\\\/\",\"name\":\"Unidad Popular busca un cambio de modelo pol\u00edtico - COPE Alcoy\",\"isPartOf\":{\"@id\":\"https:\\\/\\\/www.copealcoy.es\\\/es\\\/#website\"},\"primaryImageOfPage\":{\"@id\":\"https:\\\/\\\/www.copealcoy.es\\\/es\\\/unidad-popular-busca-cambio-modelo-politico\\\/#primaryimage\"},\"image\":{\"@id\":\"https:\\\/\\\/www.copealcoy.es\\\/es\\\/unidad-popular-busca-cambio-modelo-politico\\\/#primaryimage\"},\"thumbnailUrl\":\"https:\\\/\\\/www.copealcoy.es\\\/wp-content\\\/uploads\\\/2015\\\/11\\\/IMG_20151127_103706.jpg\",\"datePublished\":\"2015-11-28T13:15:02+00:00\",\"dateModified\":\"2015-11-28T13:15:29+00:00\",\"author\":{\"@id\":\"https:\\\/\\\/www.copealcoy.es\\\/es\\\/#\\\/schema\\\/person\\\/e777c87fa024e57d40170af9df39882c\"},\"breadcrumb\":{\"@id\":\"https:\\\/\\\/www.copealcoy.es\\\/es\\\/unidad-popular-busca-cambio-modelo-politico\\\/#breadcrumb\"},\"inLanguage\":\"es\",\"potentialAction\":[{\"@type\":\"ReadAction\",\"target\":[\"https:\\\/\\\/www.copealcoy.es\\\/es\\\/unidad-popular-busca-cambio-modelo-politico\\\/\"]}]},{\"@type\":\"ImageObject\",\"inLanguage\":\"es\",\"@id\":\"https:\\\/\\\/www.copealcoy.es\\\/es\\\/unidad-popular-busca-cambio-modelo-politico\\\/#primaryimage\",\"url\":\"https:\\\/\\\/www.copealcoy.es\\\/wp-content\\\/uploads\\\/2015\\\/11\\\/IMG_20151127_103706.jpg\",\"contentUrl\":\"https:\\\/\\\/www.copealcoy.es\\\/wp-content\\\/uploads\\\/2015\\\/11\\\/IMG_20151127_103706.jpg\",\"width\":2592,\"height\":1944,\"caption\":\"Los candidatos de Unidad Popular desgranaron las principales propuestas de su programa\"},{\"@type\":\"BreadcrumbList\",\"@id\":\"https:\\\/\\\/www.copealcoy.es\\\/es\\\/unidad-popular-busca-cambio-modelo-politico\\\/#breadcrumb\",\"itemListElement\":[{\"@type\":\"ListItem\",\"position\":1,\"name\":\"Portada\",\"item\":\"https:\\\/\\\/www.copealcoy.es\\\/es\\\/\"},{\"@type\":\"ListItem\",\"position\":2,\"name\":\"Unidad Popular busca un cambio de modelo pol\u00edtico\"}]},{\"@type\":\"WebSite\",\"@id\":\"https:\\\/\\\/www.copealcoy.es\\\/es\\\/#website\",\"url\":\"https:\\\/\\\/www.copealcoy.es\\\/es\\\/\",\"name\":\"COPE Alcoy\",\"description\":\"Emisora COPE de radio local con emisi\u00f3n online. Pont de Sant Jordi 8-10 03803 Alcoy\",\"potentialAction\":[{\"@type\":\"SearchAction\",\"target\":{\"@type\":\"EntryPoint\",\"urlTemplate\":\"https:\\\/\\\/www.copealcoy.es\\\/es\\\/?s={search_term_string}\"},\"query-input\":{\"@type\":\"PropertyValueSpecification\",\"valueRequired\":true,\"valueName\":\"search_term_string\"}}],\"inLanguage\":\"es\"},{\"@type\":\"Person\",\"@id\":\"https:\\\/\\\/www.copealcoy.es\\\/es\\\/#\\\/schema\\\/person\\\/e777c87fa024e57d40170af9df39882c\",\"name\":\"Cope Alcoy\",\"image\":{\"@type\":\"ImageObject\",\"inLanguage\":\"es\",\"@id\":\"https:\\\/\\\/secure.gravatar.com\\\/avatar\\\/bb65d0283347e303893ba14f0692005417c1e0e690a325a4c5d8bb2b3943ee14?s=96&d=mm&r=g\",\"url\":\"https:\\\/\\\/secure.gravatar.com\\\/avatar\\\/bb65d0283347e303893ba14f0692005417c1e0e690a325a4c5d8bb2b3943ee14?s=96&d=mm&r=g\",\"contentUrl\":\"https:\\\/\\\/secure.gravatar.com\\\/avatar\\\/bb65d0283347e303893ba14f0692005417c1e0e690a325a4c5d8bb2b3943ee14?s=96&d=mm&r=g\",\"caption\":\"Cope Alcoy\"}}]}<\/script>\n<!-- \/ Yoast SEO plugin. -->","yoast_head_json":{"title":"Unidad Popular busca un cambio de modelo pol\u00edtico - COPE Alcoy","robots":{"index":"index","follow":"follow","max-snippet":"max-snippet:-1","max-image-preview":"max-image-preview:large","max-video-preview":"max-video-preview:-1"},"canonical":"https:\/\/www.copealcoy.es\/es\/unidad-popular-busca-cambio-modelo-politico\/","og_locale":"es_ES","og_type":"article","og_title":"Unidad Popular busca un cambio de modelo pol\u00edtico - COPE Alcoy","og_description":"El n\u00famero uno de la provincia de Alicante al Congreso de los Diputados por Esquerra Unida &#8211; Unidad Popular, David...","og_url":"https:\/\/www.copealcoy.es\/es\/unidad-popular-busca-cambio-modelo-politico\/","og_site_name":"COPE Alcoy","article_published_time":"2015-11-28T13:15:02+00:00","article_modified_time":"2015-11-28T13:15:29+00:00","og_image":[{"width":2592,"height":1944,"url":"https:\/\/www.copealcoy.es\/wp-content\/uploads\/2015\/11\/IMG_20151127_103706.jpg","type":"image\/jpeg"}],"author":"Cope Alcoy","twitter_misc":{"Escrito por":"Cope Alcoy","Tiempo de lectura":"2 minutos"},"schema":{"@context":"https:\/\/schema.org","@graph":[{"@type":"Article","@id":"https:\/\/www.copealcoy.es\/es\/unidad-popular-busca-cambio-modelo-politico\/#article","isPartOf":{"@id":"https:\/\/www.copealcoy.es\/es\/unidad-popular-busca-cambio-modelo-politico\/"},"author":{"name":"Cope Alcoy","@id":"https:\/\/www.copealcoy.es\/es\/#\/schema\/person\/e777c87fa024e57d40170af9df39882c"},"headline":"Unidad Popular busca un cambio de modelo pol\u00edtico","datePublished":"2015-11-28T13:15:02+00:00","dateModified":"2015-11-28T13:15:29+00:00","mainEntityOfPage":{"@id":"https:\/\/www.copealcoy.es\/es\/unidad-popular-busca-cambio-modelo-politico\/"},"wordCount":424,"commentCount":0,"image":{"@id":"https:\/\/www.copealcoy.es\/es\/unidad-popular-busca-cambio-modelo-politico\/#primaryimage"},"thumbnailUrl":"https:\/\/www.copealcoy.es\/wp-content\/uploads\/2015\/11\/IMG_20151127_103706.jpg","keywords":["Elecciones Generales","Esquerra Unida","Pol\u00edtica","Unidad Popular"],"articleSection":["Alcoy","Elecciones","Noticias","Sin categorizar"],"inLanguage":"es"},{"@type":"WebPage","@id":"https:\/\/www.copealcoy.es\/es\/unidad-popular-busca-cambio-modelo-politico\/","url":"https:\/\/www.copealcoy.es\/es\/unidad-popular-busca-cambio-modelo-politico\/","name":"Unidad Popular busca un cambio de modelo pol\u00edtico - COPE Alcoy","isPartOf":{"@id":"https:\/\/www.copealcoy.es\/es\/#website"},"primaryImageOfPage":{"@id":"https:\/\/www.copealcoy.es\/es\/unidad-popular-busca-cambio-modelo-politico\/#primaryimage"},"image":{"@id":"https:\/\/www.copealcoy.es\/es\/unidad-popular-busca-cambio-modelo-politico\/#primaryimage"},"thumbnailUrl":"https:\/\/www.copealcoy.es\/wp-content\/uploads\/2015\/11\/IMG_20151127_103706.jpg","datePublished":"2015-11-28T13:15:02+00:00","dateModified":"2015-11-28T13:15:29+00:00","author":{"@id":"https:\/\/www.copealcoy.es\/es\/#\/schema\/person\/e777c87fa024e57d40170af9df39882c"},"breadcrumb":{"@id":"https:\/\/www.copealcoy.es\/es\/unidad-popular-busca-cambio-modelo-politico\/#breadcrumb"},"inLanguage":"es","potentialAction":[{"@type":"ReadAction","target":["https:\/\/www.copealcoy.es\/es\/unidad-popular-busca-cambio-modelo-politico\/"]}]},{"@type":"ImageObject","inLanguage":"es","@id":"https:\/\/www.copealcoy.es\/es\/unidad-popular-busca-cambio-modelo-politico\/#primaryimage","url":"https:\/\/www.copealcoy.es\/wp-content\/uploads\/2015\/11\/IMG_20151127_103706.jpg","contentUrl":"https:\/\/www.copealcoy.es\/wp-content\/uploads\/2015\/11\/IMG_20151127_103706.jpg","width":2592,"height":1944,"caption":"Los candidatos de Unidad Popular desgranaron las principales propuestas de su programa"},{"@type":"BreadcrumbList","@id":"https:\/\/www.copealcoy.es\/es\/unidad-popular-busca-cambio-modelo-politico\/#breadcrumb","itemListElement":[{"@type":"ListItem","position":1,"name":"Portada","item":"https:\/\/www.copealcoy.es\/es\/"},{"@type":"ListItem","position":2,"name":"Unidad Popular busca un cambio de modelo pol\u00edtico"}]},{"@type":"WebSite","@id":"https:\/\/www.copealcoy.es\/es\/#website","url":"https:\/\/www.copealcoy.es\/es\/","name":"COPE Alcoy","description":"Emisora COPE de radio local con emisi\u00f3n online. Pont de Sant Jordi 8-10 03803 Alcoy","potentialAction":[{"@type":"SearchAction","target":{"@type":"EntryPoint","urlTemplate":"https:\/\/www.copealcoy.es\/es\/?s={search_term_string}"},"query-input":{"@type":"PropertyValueSpecification","valueRequired":true,"valueName":"search_term_string"}}],"inLanguage":"es"},{"@type":"Person","@id":"https:\/\/www.copealcoy.es\/es\/#\/schema\/person\/e777c87fa024e57d40170af9df39882c","name":"Cope Alcoy","image":{"@type":"ImageObject","inLanguage":"es","@id":"https:\/\/secure.gravatar.com\/avatar\/bb65d0283347e303893ba14f0692005417c1e0e690a325a4c5d8bb2b3943ee14?s=96&d=mm&r=g","url":"https:\/\/secure.gravatar.com\/avatar\/bb65d0283347e303893ba14f0692005417c1e0e690a325a4c5d8bb2b3943ee14?s=96&d=mm&r=g","contentUrl":"https:\/\/secure.gravatar.com\/avatar\/bb65d0283347e303893ba14f0692005417c1e0e690a325a4c5d8bb2b3943ee14?s=96&d=mm&r=g","caption":"Cope Alcoy"}}]}},"_links":{"self":[{"href":"https:\/\/www.copealcoy.es\/es\/wp-json\/wp\/v2\/posts\/17302","targetHints":{"allow":["GET"]}}],"collection":[{"href":"https:\/\/www.copealcoy.es\/es\/wp-json\/wp\/v2\/posts"}],"about":[{"href":"https:\/\/www.copealcoy.es\/es\/wp-json\/wp\/v2\/types\/post"}],"author":[{"embeddable":true,"href":"https:\/\/www.copealcoy.es\/es\/wp-json\/wp\/v2\/users\/1"}],"replies":[{"embeddable":true,"href":"https:\/\/www.copealcoy.es\/es\/wp-json\/wp\/v2\/comments?post=17302"}],"version-history":[{"count":0,"href":"https:\/\/www.copealcoy.es\/es\/wp-json\/wp\/v2\/posts\/17302\/revisions"}],"wp:featuredmedia":[{"embeddable":true,"href":"https:\/\/www.copealcoy.es\/es\/wp-json\/wp\/v2\/media\/17304"}],"wp:attachment":[{"href":"https:\/\/www.copealcoy.es\/es\/wp-json\/wp\/v2\/media?parent=17302"}],"wp:term":[{"taxonomy":"category","embeddable":true,"href":"https:\/\/www.copealcoy.es\/es\/wp-json\/wp\/v2\/categories?post=17302"},{"taxonomy":"post_tag","embeddable":true,"href":"https:\/\/www.copealcoy.es\/es\/wp-json\/wp\/v2\/tags?post=17302"}],"curies":[{"name":"wp","href":"https:\/\/api.w.org\/{rel}","templated":true}]}}