{"id":17256,"date":"2015-11-26T16:12:06","date_gmt":"2015-11-26T16:12:06","guid":{"rendered":"http:\/\/copealcoi.es\/new\/?p=17256"},"modified":"2015-11-26T16:21:03","modified_gmt":"2015-11-26T16:21:03","slug":"arranca-la-campana-de-la-oliva-con-buenas-previsiones","status":"publish","type":"post","link":"https:\/\/www.copealcoy.es\/es\/arranca-la-campana-de-la-oliva-con-buenas-previsiones\/","title":{"rendered":"Arranca la campa\u00f1a de la oliva con buenas previsiones"},"content":{"rendered":"<p style=\"text-align: justify;\">La campa\u00f1a de la oliva ya ha arrancado en el conjunto de las comarcas del Comtat y de l\u00b4 Alcoi\u00e0 y lo hace con una previsi\u00f3n que roza los veinte millones de kilos y que se hace extensible hasta los treinta en la totalidad de la provincia de Alicante. Los datos econ\u00f3micos tambi\u00e9n son \u00f3ptimos para los productores puesto que se espera un volumen de negocio cercano a los 19 millones de euros debido a que el aceite en estos momentos se cotiza a la alza por la baja producci\u00f3n en la comunidad aut\u00f3noma andaluza y porque las\u00a0existencias disponibles son muy bajas en Espa\u00f1a. As\u00ed lo explican desde la Cooperativa Agr\u00edcola de Planes donde apuntan que la cosecha podr\u00eda haber sido m\u00e1s abundante sino se hubieran registrado las tormentas de granizo de finales del verano &#8220;hemos tenido unas condiciones meteorol\u00f3gicas m\u00e1s \u00f3ptimas con m\u00e1s lluvia que el a\u00f1o pasado y con precipitaciones que han venido bien a la oliva en el momento adecuado. Esta situaci\u00f3n ha permitido que las aceitunas sean m\u00e1s gruesas y que el fruto tenga un mayor rendimiento&#8221;, detalla su presidente, Hilari Calabuig.<\/p>\n<p style=\"text-align: justify;\">Calabuig destaca tambi\u00e9n que la producci\u00f3n var\u00eda de una zona a otra e incide en que este a\u00f1o se ha avanzado la campa\u00f1a con respecto a anualidades anteriores &#8220;el calor de la primera mitad del oto\u00f1o ha adelantado la cosecha respecto a la habitual y hay almazaras que est\u00e1n prestado servicio desde finales de octubre para procesar la oliva y elaborar el aceite&#8221; y a\u00f1ade &#8220;la campa\u00f1a tambi\u00e9n acabar\u00e1 antes y si avanza a buen ritmo podr\u00eda finalizar\u00a0a mediados de enero&#8221;, concluye.<\/p>\n<p style=\"text-align: justify;\">Recordar que en la comarca del Comtat\u00a0el cultivo de olivar ocupa cerca de 7.247 hect\u00e1reas y el aceite alicantino est\u00e1 considerado com un referente de calidad tanto dentro de la Uni\u00f3n Europea como fuera seg\u00fan apuntan desde la citada Cooperativa de Planes.<\/p>\n","protected":false},"excerpt":{"rendered":"<p>La campa\u00f1a de la oliva ya ha arrancado en el conjunto de las comarcas del Comtat y de l\u00b4 Alcoi\u00e0&#8230;<\/p>\n","protected":false},"author":1,"featured_media":17260,"comment_status":"open","ping_status":"open","sticky":false,"template":"","format":"standard","meta":{"footnotes":""},"categories":[97,75,125],"tags":[1638,199,237,1637],"class_list":["post-17256","post","type-post","status-publish","format-standard","has-post-thumbnail","hentry","category-alcoy","category-noticias","category-portada","tag-aceite","tag-campana","tag-comtat","tag-oliva"],"yoast_head":"<!-- This site is optimized with the Yoast SEO plugin v27.3 - https:\/\/yoast.com\/product\/yoast-seo-wordpress\/ -->\n<title>Arranca la campa\u00f1a de la oliva con buenas previsiones - COPE Alcoy<\/title>\n<meta name=\"robots\" content=\"index, follow, max-snippet:-1, max-image-preview:large, max-video-preview:-1\" \/>\n<link rel=\"canonical\" href=\"https:\/\/www.copealcoy.es\/es\/arranca-la-campana-de-la-oliva-con-buenas-previsiones\/\" \/>\n<meta property=\"og:locale\" content=\"es_ES\" \/>\n<meta property=\"og:type\" content=\"article\" \/>\n<meta property=\"og:title\" content=\"Arranca la campa\u00f1a de la oliva con buenas previsiones - COPE Alcoy\" \/>\n<meta property=\"og:description\" content=\"La campa\u00f1a de la oliva ya ha arrancado en el conjunto de las comarcas del Comtat y de l\u00b4 Alcoi\u00e0...\" \/>\n<meta property=\"og:url\" content=\"https:\/\/www.copealcoy.es\/es\/arranca-la-campana-de-la-oliva-con-buenas-previsiones\/\" \/>\n<meta property=\"og:site_name\" content=\"COPE Alcoy\" \/>\n<meta property=\"article:published_time\" content=\"2015-11-26T16:12:06+00:00\" \/>\n<meta property=\"article:modified_time\" content=\"2015-11-26T16:21:03+00:00\" \/>\n<meta property=\"og:image\" content=\"https:\/\/www.copealcoy.es\/wp-content\/uploads\/2015\/11\/6302127770_f4a73e2fdf1.jpg\" \/>\n\t<meta property=\"og:image:width\" content=\"464\" \/>\n\t<meta property=\"og:image:height\" content=\"268\" \/>\n\t<meta property=\"og:image:type\" content=\"image\/jpeg\" \/>\n<meta name=\"author\" content=\"Cope Alcoy\" \/>\n<meta name=\"twitter:label1\" content=\"Escrito por\" \/>\n\t<meta name=\"twitter:data1\" content=\"Cope Alcoy\" \/>\n\t<meta name=\"twitter:label2\" content=\"Tiempo de lectura\" \/>\n\t<meta name=\"twitter:data2\" content=\"2 minutos\" \/>\n<script type=\"application\/ld+json\" class=\"yoast-schema-graph\">{\"@context\":\"https:\\\/\\\/schema.org\",\"@graph\":[{\"@type\":\"Article\",\"@id\":\"https:\\\/\\\/www.copealcoy.es\\\/es\\\/arranca-la-campana-de-la-oliva-con-buenas-previsiones\\\/#article\",\"isPartOf\":{\"@id\":\"https:\\\/\\\/www.copealcoy.es\\\/es\\\/arranca-la-campana-de-la-oliva-con-buenas-previsiones\\\/\"},\"author\":{\"name\":\"Cope Alcoy\",\"@id\":\"https:\\\/\\\/www.copealcoy.es\\\/es\\\/#\\\/schema\\\/person\\\/e777c87fa024e57d40170af9df39882c\"},\"headline\":\"Arranca la campa\u00f1a de la oliva con buenas previsiones\",\"datePublished\":\"2015-11-26T16:12:06+00:00\",\"dateModified\":\"2015-11-26T16:21:03+00:00\",\"mainEntityOfPage\":{\"@id\":\"https:\\\/\\\/www.copealcoy.es\\\/es\\\/arranca-la-campana-de-la-oliva-con-buenas-previsiones\\\/\"},\"wordCount\":351,\"commentCount\":0,\"image\":{\"@id\":\"https:\\\/\\\/www.copealcoy.es\\\/es\\\/arranca-la-campana-de-la-oliva-con-buenas-previsiones\\\/#primaryimage\"},\"thumbnailUrl\":\"https:\\\/\\\/www.copealcoy.es\\\/wp-content\\\/uploads\\\/2015\\\/11\\\/6302127770_f4a73e2fdf1.jpg\",\"keywords\":[\"Aceite\",\"Campa\u00f1a\",\"Comtat\",\"Oliva\"],\"articleSection\":[\"Alcoy\",\"Noticias\",\"Portada\"],\"inLanguage\":\"es\"},{\"@type\":\"WebPage\",\"@id\":\"https:\\\/\\\/www.copealcoy.es\\\/es\\\/arranca-la-campana-de-la-oliva-con-buenas-previsiones\\\/\",\"url\":\"https:\\\/\\\/www.copealcoy.es\\\/es\\\/arranca-la-campana-de-la-oliva-con-buenas-previsiones\\\/\",\"name\":\"Arranca la campa\u00f1a de la oliva con buenas previsiones - COPE Alcoy\",\"isPartOf\":{\"@id\":\"https:\\\/\\\/www.copealcoy.es\\\/es\\\/#website\"},\"primaryImageOfPage\":{\"@id\":\"https:\\\/\\\/www.copealcoy.es\\\/es\\\/arranca-la-campana-de-la-oliva-con-buenas-previsiones\\\/#primaryimage\"},\"image\":{\"@id\":\"https:\\\/\\\/www.copealcoy.es\\\/es\\\/arranca-la-campana-de-la-oliva-con-buenas-previsiones\\\/#primaryimage\"},\"thumbnailUrl\":\"https:\\\/\\\/www.copealcoy.es\\\/wp-content\\\/uploads\\\/2015\\\/11\\\/6302127770_f4a73e2fdf1.jpg\",\"datePublished\":\"2015-11-26T16:12:06+00:00\",\"dateModified\":\"2015-11-26T16:21:03+00:00\",\"author\":{\"@id\":\"https:\\\/\\\/www.copealcoy.es\\\/es\\\/#\\\/schema\\\/person\\\/e777c87fa024e57d40170af9df39882c\"},\"breadcrumb\":{\"@id\":\"https:\\\/\\\/www.copealcoy.es\\\/es\\\/arranca-la-campana-de-la-oliva-con-buenas-previsiones\\\/#breadcrumb\"},\"inLanguage\":\"es\",\"potentialAction\":[{\"@type\":\"ReadAction\",\"target\":[\"https:\\\/\\\/www.copealcoy.es\\\/es\\\/arranca-la-campana-de-la-oliva-con-buenas-previsiones\\\/\"]}]},{\"@type\":\"ImageObject\",\"inLanguage\":\"es\",\"@id\":\"https:\\\/\\\/www.copealcoy.es\\\/es\\\/arranca-la-campana-de-la-oliva-con-buenas-previsiones\\\/#primaryimage\",\"url\":\"https:\\\/\\\/www.copealcoy.es\\\/wp-content\\\/uploads\\\/2015\\\/11\\\/6302127770_f4a73e2fdf1.jpg\",\"contentUrl\":\"https:\\\/\\\/www.copealcoy.es\\\/wp-content\\\/uploads\\\/2015\\\/11\\\/6302127770_f4a73e2fdf1.jpg\",\"width\":464,\"height\":268,\"caption\":\"La campa\u00f1a de la recogida de la oliva se ha adelantado en la comarca \\\/ Foto: Almazara Alquer\u00eda\"},{\"@type\":\"BreadcrumbList\",\"@id\":\"https:\\\/\\\/www.copealcoy.es\\\/es\\\/arranca-la-campana-de-la-oliva-con-buenas-previsiones\\\/#breadcrumb\",\"itemListElement\":[{\"@type\":\"ListItem\",\"position\":1,\"name\":\"Portada\",\"item\":\"https:\\\/\\\/www.copealcoy.es\\\/es\\\/\"},{\"@type\":\"ListItem\",\"position\":2,\"name\":\"Arranca la campa\u00f1a de la oliva con buenas previsiones\"}]},{\"@type\":\"WebSite\",\"@id\":\"https:\\\/\\\/www.copealcoy.es\\\/es\\\/#website\",\"url\":\"https:\\\/\\\/www.copealcoy.es\\\/es\\\/\",\"name\":\"COPE Alcoy\",\"description\":\"Emisora COPE de radio local con emisi\u00f3n online. Pont de Sant Jordi 8-10 03803 Alcoy\",\"potentialAction\":[{\"@type\":\"SearchAction\",\"target\":{\"@type\":\"EntryPoint\",\"urlTemplate\":\"https:\\\/\\\/www.copealcoy.es\\\/es\\\/?s={search_term_string}\"},\"query-input\":{\"@type\":\"PropertyValueSpecification\",\"valueRequired\":true,\"valueName\":\"search_term_string\"}}],\"inLanguage\":\"es\"},{\"@type\":\"Person\",\"@id\":\"https:\\\/\\\/www.copealcoy.es\\\/es\\\/#\\\/schema\\\/person\\\/e777c87fa024e57d40170af9df39882c\",\"name\":\"Cope Alcoy\",\"image\":{\"@type\":\"ImageObject\",\"inLanguage\":\"es\",\"@id\":\"https:\\\/\\\/secure.gravatar.com\\\/avatar\\\/bb65d0283347e303893ba14f0692005417c1e0e690a325a4c5d8bb2b3943ee14?s=96&d=mm&r=g\",\"url\":\"https:\\\/\\\/secure.gravatar.com\\\/avatar\\\/bb65d0283347e303893ba14f0692005417c1e0e690a325a4c5d8bb2b3943ee14?s=96&d=mm&r=g\",\"contentUrl\":\"https:\\\/\\\/secure.gravatar.com\\\/avatar\\\/bb65d0283347e303893ba14f0692005417c1e0e690a325a4c5d8bb2b3943ee14?s=96&d=mm&r=g\",\"caption\":\"Cope Alcoy\"}}]}<\/script>\n<!-- \/ Yoast SEO plugin. -->","yoast_head_json":{"title":"Arranca la campa\u00f1a de la oliva con buenas previsiones - COPE Alcoy","robots":{"index":"index","follow":"follow","max-snippet":"max-snippet:-1","max-image-preview":"max-image-preview:large","max-video-preview":"max-video-preview:-1"},"canonical":"https:\/\/www.copealcoy.es\/es\/arranca-la-campana-de-la-oliva-con-buenas-previsiones\/","og_locale":"es_ES","og_type":"article","og_title":"Arranca la campa\u00f1a de la oliva con buenas previsiones - COPE Alcoy","og_description":"La campa\u00f1a de la oliva ya ha arrancado en el conjunto de las comarcas del Comtat y de l\u00b4 Alcoi\u00e0...","og_url":"https:\/\/www.copealcoy.es\/es\/arranca-la-campana-de-la-oliva-con-buenas-previsiones\/","og_site_name":"COPE Alcoy","article_published_time":"2015-11-26T16:12:06+00:00","article_modified_time":"2015-11-26T16:21:03+00:00","og_image":[{"width":464,"height":268,"url":"https:\/\/www.copealcoy.es\/wp-content\/uploads\/2015\/11\/6302127770_f4a73e2fdf1.jpg","type":"image\/jpeg"}],"author":"Cope Alcoy","twitter_misc":{"Escrito por":"Cope Alcoy","Tiempo de lectura":"2 minutos"},"schema":{"@context":"https:\/\/schema.org","@graph":[{"@type":"Article","@id":"https:\/\/www.copealcoy.es\/es\/arranca-la-campana-de-la-oliva-con-buenas-previsiones\/#article","isPartOf":{"@id":"https:\/\/www.copealcoy.es\/es\/arranca-la-campana-de-la-oliva-con-buenas-previsiones\/"},"author":{"name":"Cope Alcoy","@id":"https:\/\/www.copealcoy.es\/es\/#\/schema\/person\/e777c87fa024e57d40170af9df39882c"},"headline":"Arranca la campa\u00f1a de la oliva con buenas previsiones","datePublished":"2015-11-26T16:12:06+00:00","dateModified":"2015-11-26T16:21:03+00:00","mainEntityOfPage":{"@id":"https:\/\/www.copealcoy.es\/es\/arranca-la-campana-de-la-oliva-con-buenas-previsiones\/"},"wordCount":351,"commentCount":0,"image":{"@id":"https:\/\/www.copealcoy.es\/es\/arranca-la-campana-de-la-oliva-con-buenas-previsiones\/#primaryimage"},"thumbnailUrl":"https:\/\/www.copealcoy.es\/wp-content\/uploads\/2015\/11\/6302127770_f4a73e2fdf1.jpg","keywords":["Aceite","Campa\u00f1a","Comtat","Oliva"],"articleSection":["Alcoy","Noticias","Portada"],"inLanguage":"es"},{"@type":"WebPage","@id":"https:\/\/www.copealcoy.es\/es\/arranca-la-campana-de-la-oliva-con-buenas-previsiones\/","url":"https:\/\/www.copealcoy.es\/es\/arranca-la-campana-de-la-oliva-con-buenas-previsiones\/","name":"Arranca la campa\u00f1a de la oliva con buenas previsiones - COPE Alcoy","isPartOf":{"@id":"https:\/\/www.copealcoy.es\/es\/#website"},"primaryImageOfPage":{"@id":"https:\/\/www.copealcoy.es\/es\/arranca-la-campana-de-la-oliva-con-buenas-previsiones\/#primaryimage"},"image":{"@id":"https:\/\/www.copealcoy.es\/es\/arranca-la-campana-de-la-oliva-con-buenas-previsiones\/#primaryimage"},"thumbnailUrl":"https:\/\/www.copealcoy.es\/wp-content\/uploads\/2015\/11\/6302127770_f4a73e2fdf1.jpg","datePublished":"2015-11-26T16:12:06+00:00","dateModified":"2015-11-26T16:21:03+00:00","author":{"@id":"https:\/\/www.copealcoy.es\/es\/#\/schema\/person\/e777c87fa024e57d40170af9df39882c"},"breadcrumb":{"@id":"https:\/\/www.copealcoy.es\/es\/arranca-la-campana-de-la-oliva-con-buenas-previsiones\/#breadcrumb"},"inLanguage":"es","potentialAction":[{"@type":"ReadAction","target":["https:\/\/www.copealcoy.es\/es\/arranca-la-campana-de-la-oliva-con-buenas-previsiones\/"]}]},{"@type":"ImageObject","inLanguage":"es","@id":"https:\/\/www.copealcoy.es\/es\/arranca-la-campana-de-la-oliva-con-buenas-previsiones\/#primaryimage","url":"https:\/\/www.copealcoy.es\/wp-content\/uploads\/2015\/11\/6302127770_f4a73e2fdf1.jpg","contentUrl":"https:\/\/www.copealcoy.es\/wp-content\/uploads\/2015\/11\/6302127770_f4a73e2fdf1.jpg","width":464,"height":268,"caption":"La campa\u00f1a de la recogida de la oliva se ha adelantado en la comarca \/ Foto: Almazara Alquer\u00eda"},{"@type":"BreadcrumbList","@id":"https:\/\/www.copealcoy.es\/es\/arranca-la-campana-de-la-oliva-con-buenas-previsiones\/#breadcrumb","itemListElement":[{"@type":"ListItem","position":1,"name":"Portada","item":"https:\/\/www.copealcoy.es\/es\/"},{"@type":"ListItem","position":2,"name":"Arranca la campa\u00f1a de la oliva con buenas previsiones"}]},{"@type":"WebSite","@id":"https:\/\/www.copealcoy.es\/es\/#website","url":"https:\/\/www.copealcoy.es\/es\/","name":"COPE Alcoy","description":"Emisora COPE de radio local con emisi\u00f3n online. Pont de Sant Jordi 8-10 03803 Alcoy","potentialAction":[{"@type":"SearchAction","target":{"@type":"EntryPoint","urlTemplate":"https:\/\/www.copealcoy.es\/es\/?s={search_term_string}"},"query-input":{"@type":"PropertyValueSpecification","valueRequired":true,"valueName":"search_term_string"}}],"inLanguage":"es"},{"@type":"Person","@id":"https:\/\/www.copealcoy.es\/es\/#\/schema\/person\/e777c87fa024e57d40170af9df39882c","name":"Cope Alcoy","image":{"@type":"ImageObject","inLanguage":"es","@id":"https:\/\/secure.gravatar.com\/avatar\/bb65d0283347e303893ba14f0692005417c1e0e690a325a4c5d8bb2b3943ee14?s=96&d=mm&r=g","url":"https:\/\/secure.gravatar.com\/avatar\/bb65d0283347e303893ba14f0692005417c1e0e690a325a4c5d8bb2b3943ee14?s=96&d=mm&r=g","contentUrl":"https:\/\/secure.gravatar.com\/avatar\/bb65d0283347e303893ba14f0692005417c1e0e690a325a4c5d8bb2b3943ee14?s=96&d=mm&r=g","caption":"Cope Alcoy"}}]}},"_links":{"self":[{"href":"https:\/\/www.copealcoy.es\/es\/wp-json\/wp\/v2\/posts\/17256","targetHints":{"allow":["GET"]}}],"collection":[{"href":"https:\/\/www.copealcoy.es\/es\/wp-json\/wp\/v2\/posts"}],"about":[{"href":"https:\/\/www.copealcoy.es\/es\/wp-json\/wp\/v2\/types\/post"}],"author":[{"embeddable":true,"href":"https:\/\/www.copealcoy.es\/es\/wp-json\/wp\/v2\/users\/1"}],"replies":[{"embeddable":true,"href":"https:\/\/www.copealcoy.es\/es\/wp-json\/wp\/v2\/comments?post=17256"}],"version-history":[{"count":0,"href":"https:\/\/www.copealcoy.es\/es\/wp-json\/wp\/v2\/posts\/17256\/revisions"}],"wp:featuredmedia":[{"embeddable":true,"href":"https:\/\/www.copealcoy.es\/es\/wp-json\/wp\/v2\/media\/17260"}],"wp:attachment":[{"href":"https:\/\/www.copealcoy.es\/es\/wp-json\/wp\/v2\/media?parent=17256"}],"wp:term":[{"taxonomy":"category","embeddable":true,"href":"https:\/\/www.copealcoy.es\/es\/wp-json\/wp\/v2\/categories?post=17256"},{"taxonomy":"post_tag","embeddable":true,"href":"https:\/\/www.copealcoy.es\/es\/wp-json\/wp\/v2\/tags?post=17256"}],"curies":[{"name":"wp","href":"https:\/\/api.w.org\/{rel}","templated":true}]}}