{"id":17223,"date":"2015-11-24T16:07:37","date_gmt":"2015-11-24T16:07:37","guid":{"rendered":"http:\/\/copealcoi.es\/new\/?p=17223"},"modified":"2015-11-24T16:07:37","modified_gmt":"2015-11-24T16:07:37","slug":"la-oposicion-echa-en-falta-un-plan-estrategico-en-los-presupuestos","status":"publish","type":"post","link":"https:\/\/www.copealcoy.es\/es\/la-oposicion-echa-en-falta-un-plan-estrategico-en-los-presupuestos\/","title":{"rendered":"La oposici\u00f3n echa en falta un plan estrat\u00e9gico en los Presupuestos"},"content":{"rendered":"<p style=\"text-align: justify;\">Los\u00a0grupos pol\u00edticos en la oposici\u00f3n siguen analizando el borrador de los Presupuestos Municipales para el pr\u00f3ximo a\u00f1o 2016 de cara a definir su voto en el pleno del pr\u00f3ximo lunes tras la Comisi\u00f3n de Hacienda de la pasada semana en la que se abstuvieron. Desde el Partido Popular consideran que el Presupuesto es improvisado y dicen que su voto ser\u00e1 contrario si el Gobierno Local no define un Plan Estrat\u00e9gico &#8220;es necesario saber hacia donde vamos porque se est\u00e1n contemplando\u00a0cosas que no sabemos el\u00a0fin que tienen. Llevamos cuatro a\u00f1os y medio de Gobierno Socialista y se tendr\u00edan que haber hecho muchos proyectos\u00a0pero sobre todo enfocar muy bien hacia donde tienen que ir\u00a0las inversiones&#8221;, ha afirmado el portavoz del PP, Nacho Palmer, en el Tiempo del An\u00e1lisis de La Ma\u00f1ana de Cope Alcoy.<\/p>\n<p style=\"text-align: justify;\">Por su parte desde Comprom\u00eds indican que algunas de las cuant\u00edas que se destinan a las propuestas que la formaci\u00f3n pol\u00edtica ha planteado son irrisorias seg\u00fan el portavoz David Abad &#8220;estamos en ese proceso de ver las modificaciones que se pueden hacer en el borrador inicial y tambi\u00e9n\u00a0echamos en falta algunas memorias de las concejal\u00edas m\u00e1s detalladas para poder trabajar sobre un proyecto de Presupuestos m\u00e1s concreto&#8221;, afirma. Tambi\u00e9n desde Guanyar\u00a0Alcoi creen que es necesaria una mayor concreci\u00f3n en las diferentes partidas seg\u00fan detalla la concejal Naiara Dav\u00f3 &#8220;no hemos encontrado l\u00edneas estrat\u00e9gicas y objetivos en esa parte m\u00e1s pol\u00edtica del presupuesto. En la comisi\u00f3n los concejales se limitaron a explicar si las partidas bajaban \u00a0o sub\u00edan con respecto al a\u00f1o anterior pero sin concretar los objetivos que quer\u00edan alcanzar con ese dinero en su \u00e1rea&#8221;, indica.<\/p>\n<p style=\"text-align: justify;\">Finalmente el portavoz del PSOE, Jordi Mart\u00ednez, ha apelado al consenso para que las cuentas del 2016 salgan adelante &#8220;se han tenido en cuenta las propuestas de la oposici\u00f3n y se est\u00e1 buscando que haya acuerdo para que no se repita lo de este a\u00f1o en el que estamos con presupuestos prorrogados porque esa situaci\u00f3n revierte de forma negativa\u00a0en la ciudad&#8221;, concluye.<\/p>\n<p style=\"text-align: justify;\">Apuntar que desde el Gobierno Municipal aseguraron en su momento que se han ha incorporado 15 de las 20 propuestas de Comprom\u00eds, 9 de las 13 aportadas\u00a0por Ciudadanos y 21 de las 39 desgranadas por\u00a0Guanyar Alcoi.<\/p>\n","protected":false},"excerpt":{"rendered":"<p>Los\u00a0grupos pol\u00edticos en la oposici\u00f3n siguen analizando el borrador de los Presupuestos Municipales para el pr\u00f3ximo a\u00f1o 2016 de cara&#8230;<\/p>\n","protected":false},"author":1,"featured_media":17124,"comment_status":"open","ping_status":"open","sticky":false,"template":"","format":"standard","meta":{"footnotes":""},"categories":[97,75,125],"tags":[1494,390,1091,316],"class_list":["post-17223","post","type-post","status-publish","format-standard","has-post-thumbnail","hentry","category-alcoy","category-noticias","category-portada","tag-alcoy","tag-economia","tag-oposicion","tag-presupuestos"],"yoast_head":"<!-- This site is optimized with the Yoast SEO plugin v27.3 - https:\/\/yoast.com\/product\/yoast-seo-wordpress\/ -->\n<title>La oposici\u00f3n echa en falta un plan estrat\u00e9gico en los Presupuestos - COPE Alcoy<\/title>\n<meta name=\"robots\" content=\"index, follow, max-snippet:-1, max-image-preview:large, max-video-preview:-1\" \/>\n<link rel=\"canonical\" href=\"https:\/\/www.copealcoy.es\/es\/la-oposicion-echa-en-falta-un-plan-estrategico-en-los-presupuestos\/\" \/>\n<meta property=\"og:locale\" content=\"es_ES\" \/>\n<meta property=\"og:type\" content=\"article\" \/>\n<meta property=\"og:title\" content=\"La oposici\u00f3n echa en falta un plan estrat\u00e9gico en los Presupuestos - COPE Alcoy\" \/>\n<meta property=\"og:description\" content=\"Los\u00a0grupos pol\u00edticos en la oposici\u00f3n siguen analizando el borrador de los Presupuestos Municipales para el pr\u00f3ximo a\u00f1o 2016 de cara...\" \/>\n<meta property=\"og:url\" content=\"https:\/\/www.copealcoy.es\/es\/la-oposicion-echa-en-falta-un-plan-estrategico-en-los-presupuestos\/\" \/>\n<meta property=\"og:site_name\" content=\"COPE Alcoy\" \/>\n<meta property=\"article:published_time\" content=\"2015-11-24T16:07:37+00:00\" \/>\n<meta property=\"og:image\" content=\"https:\/\/www.copealcoy.es\/wp-content\/uploads\/2015\/11\/CUHJEeFXIAAh-hA.jpg-large.jpeg\" \/>\n\t<meta property=\"og:image:width\" content=\"832\" \/>\n\t<meta property=\"og:image:height\" content=\"520\" \/>\n\t<meta property=\"og:image:type\" content=\"image\/jpeg\" \/>\n<meta name=\"author\" content=\"Cope Alcoy\" \/>\n<meta name=\"twitter:label1\" content=\"Escrito por\" \/>\n\t<meta name=\"twitter:data1\" content=\"Cope Alcoy\" \/>\n\t<meta name=\"twitter:label2\" content=\"Tiempo de lectura\" \/>\n\t<meta name=\"twitter:data2\" content=\"2 minutos\" \/>\n<script type=\"application\/ld+json\" class=\"yoast-schema-graph\">{\"@context\":\"https:\\\/\\\/schema.org\",\"@graph\":[{\"@type\":\"Article\",\"@id\":\"https:\\\/\\\/www.copealcoy.es\\\/es\\\/la-oposicion-echa-en-falta-un-plan-estrategico-en-los-presupuestos\\\/#article\",\"isPartOf\":{\"@id\":\"https:\\\/\\\/www.copealcoy.es\\\/es\\\/la-oposicion-echa-en-falta-un-plan-estrategico-en-los-presupuestos\\\/\"},\"author\":{\"name\":\"Cope Alcoy\",\"@id\":\"https:\\\/\\\/www.copealcoy.es\\\/es\\\/#\\\/schema\\\/person\\\/e777c87fa024e57d40170af9df39882c\"},\"headline\":\"La oposici\u00f3n echa en falta un plan estrat\u00e9gico en los Presupuestos\",\"datePublished\":\"2015-11-24T16:07:37+00:00\",\"mainEntityOfPage\":{\"@id\":\"https:\\\/\\\/www.copealcoy.es\\\/es\\\/la-oposicion-echa-en-falta-un-plan-estrategico-en-los-presupuestos\\\/\"},\"wordCount\":419,\"commentCount\":0,\"image\":{\"@id\":\"https:\\\/\\\/www.copealcoy.es\\\/es\\\/la-oposicion-echa-en-falta-un-plan-estrategico-en-los-presupuestos\\\/#primaryimage\"},\"thumbnailUrl\":\"https:\\\/\\\/www.copealcoy.es\\\/wp-content\\\/uploads\\\/2015\\\/11\\\/CUHJEeFXIAAh-hA.jpg-large.jpeg\",\"keywords\":[\"Alcoy\",\"Econom\u00eda\",\"Oposici\u00f3n\",\"Presupuestos\"],\"articleSection\":[\"Alcoy\",\"Noticias\",\"Portada\"],\"inLanguage\":\"es\"},{\"@type\":\"WebPage\",\"@id\":\"https:\\\/\\\/www.copealcoy.es\\\/es\\\/la-oposicion-echa-en-falta-un-plan-estrategico-en-los-presupuestos\\\/\",\"url\":\"https:\\\/\\\/www.copealcoy.es\\\/es\\\/la-oposicion-echa-en-falta-un-plan-estrategico-en-los-presupuestos\\\/\",\"name\":\"La oposici\u00f3n echa en falta un plan estrat\u00e9gico en los Presupuestos - COPE Alcoy\",\"isPartOf\":{\"@id\":\"https:\\\/\\\/www.copealcoy.es\\\/es\\\/#website\"},\"primaryImageOfPage\":{\"@id\":\"https:\\\/\\\/www.copealcoy.es\\\/es\\\/la-oposicion-echa-en-falta-un-plan-estrategico-en-los-presupuestos\\\/#primaryimage\"},\"image\":{\"@id\":\"https:\\\/\\\/www.copealcoy.es\\\/es\\\/la-oposicion-echa-en-falta-un-plan-estrategico-en-los-presupuestos\\\/#primaryimage\"},\"thumbnailUrl\":\"https:\\\/\\\/www.copealcoy.es\\\/wp-content\\\/uploads\\\/2015\\\/11\\\/CUHJEeFXIAAh-hA.jpg-large.jpeg\",\"datePublished\":\"2015-11-24T16:07:37+00:00\",\"author\":{\"@id\":\"https:\\\/\\\/www.copealcoy.es\\\/es\\\/#\\\/schema\\\/person\\\/e777c87fa024e57d40170af9df39882c\"},\"breadcrumb\":{\"@id\":\"https:\\\/\\\/www.copealcoy.es\\\/es\\\/la-oposicion-echa-en-falta-un-plan-estrategico-en-los-presupuestos\\\/#breadcrumb\"},\"inLanguage\":\"es\",\"potentialAction\":[{\"@type\":\"ReadAction\",\"target\":[\"https:\\\/\\\/www.copealcoy.es\\\/es\\\/la-oposicion-echa-en-falta-un-plan-estrategico-en-los-presupuestos\\\/\"]}]},{\"@type\":\"ImageObject\",\"inLanguage\":\"es\",\"@id\":\"https:\\\/\\\/www.copealcoy.es\\\/es\\\/la-oposicion-echa-en-falta-un-plan-estrategico-en-los-presupuestos\\\/#primaryimage\",\"url\":\"https:\\\/\\\/www.copealcoy.es\\\/wp-content\\\/uploads\\\/2015\\\/11\\\/CUHJEeFXIAAh-hA.jpg-large.jpeg\",\"contentUrl\":\"https:\\\/\\\/www.copealcoy.es\\\/wp-content\\\/uploads\\\/2015\\\/11\\\/CUHJEeFXIAAh-hA.jpg-large.jpeg\",\"width\":832,\"height\":520,\"caption\":\"Un instante de la comisi\u00f3n celebrada en el mi\u00e9rcoles 18 de noviembre \\\/ Foto: Twitter alcald\u00eda\"},{\"@type\":\"BreadcrumbList\",\"@id\":\"https:\\\/\\\/www.copealcoy.es\\\/es\\\/la-oposicion-echa-en-falta-un-plan-estrategico-en-los-presupuestos\\\/#breadcrumb\",\"itemListElement\":[{\"@type\":\"ListItem\",\"position\":1,\"name\":\"Portada\",\"item\":\"https:\\\/\\\/www.copealcoy.es\\\/es\\\/\"},{\"@type\":\"ListItem\",\"position\":2,\"name\":\"La oposici\u00f3n echa en falta un plan estrat\u00e9gico en los Presupuestos\"}]},{\"@type\":\"WebSite\",\"@id\":\"https:\\\/\\\/www.copealcoy.es\\\/es\\\/#website\",\"url\":\"https:\\\/\\\/www.copealcoy.es\\\/es\\\/\",\"name\":\"COPE Alcoy\",\"description\":\"Emisora COPE de radio local con emisi\u00f3n online. Pont de Sant Jordi 8-10 03803 Alcoy\",\"potentialAction\":[{\"@type\":\"SearchAction\",\"target\":{\"@type\":\"EntryPoint\",\"urlTemplate\":\"https:\\\/\\\/www.copealcoy.es\\\/es\\\/?s={search_term_string}\"},\"query-input\":{\"@type\":\"PropertyValueSpecification\",\"valueRequired\":true,\"valueName\":\"search_term_string\"}}],\"inLanguage\":\"es\"},{\"@type\":\"Person\",\"@id\":\"https:\\\/\\\/www.copealcoy.es\\\/es\\\/#\\\/schema\\\/person\\\/e777c87fa024e57d40170af9df39882c\",\"name\":\"Cope Alcoy\",\"image\":{\"@type\":\"ImageObject\",\"inLanguage\":\"es\",\"@id\":\"https:\\\/\\\/secure.gravatar.com\\\/avatar\\\/bb65d0283347e303893ba14f0692005417c1e0e690a325a4c5d8bb2b3943ee14?s=96&d=mm&r=g\",\"url\":\"https:\\\/\\\/secure.gravatar.com\\\/avatar\\\/bb65d0283347e303893ba14f0692005417c1e0e690a325a4c5d8bb2b3943ee14?s=96&d=mm&r=g\",\"contentUrl\":\"https:\\\/\\\/secure.gravatar.com\\\/avatar\\\/bb65d0283347e303893ba14f0692005417c1e0e690a325a4c5d8bb2b3943ee14?s=96&d=mm&r=g\",\"caption\":\"Cope Alcoy\"}}]}<\/script>\n<!-- \/ Yoast SEO plugin. -->","yoast_head_json":{"title":"La oposici\u00f3n echa en falta un plan estrat\u00e9gico en los Presupuestos - COPE Alcoy","robots":{"index":"index","follow":"follow","max-snippet":"max-snippet:-1","max-image-preview":"max-image-preview:large","max-video-preview":"max-video-preview:-1"},"canonical":"https:\/\/www.copealcoy.es\/es\/la-oposicion-echa-en-falta-un-plan-estrategico-en-los-presupuestos\/","og_locale":"es_ES","og_type":"article","og_title":"La oposici\u00f3n echa en falta un plan estrat\u00e9gico en los Presupuestos - COPE Alcoy","og_description":"Los\u00a0grupos pol\u00edticos en la oposici\u00f3n siguen analizando el borrador de los Presupuestos Municipales para el pr\u00f3ximo a\u00f1o 2016 de cara...","og_url":"https:\/\/www.copealcoy.es\/es\/la-oposicion-echa-en-falta-un-plan-estrategico-en-los-presupuestos\/","og_site_name":"COPE Alcoy","article_published_time":"2015-11-24T16:07:37+00:00","og_image":[{"width":832,"height":520,"url":"https:\/\/www.copealcoy.es\/wp-content\/uploads\/2015\/11\/CUHJEeFXIAAh-hA.jpg-large.jpeg","type":"image\/jpeg"}],"author":"Cope Alcoy","twitter_misc":{"Escrito por":"Cope Alcoy","Tiempo de lectura":"2 minutos"},"schema":{"@context":"https:\/\/schema.org","@graph":[{"@type":"Article","@id":"https:\/\/www.copealcoy.es\/es\/la-oposicion-echa-en-falta-un-plan-estrategico-en-los-presupuestos\/#article","isPartOf":{"@id":"https:\/\/www.copealcoy.es\/es\/la-oposicion-echa-en-falta-un-plan-estrategico-en-los-presupuestos\/"},"author":{"name":"Cope Alcoy","@id":"https:\/\/www.copealcoy.es\/es\/#\/schema\/person\/e777c87fa024e57d40170af9df39882c"},"headline":"La oposici\u00f3n echa en falta un plan estrat\u00e9gico en los Presupuestos","datePublished":"2015-11-24T16:07:37+00:00","mainEntityOfPage":{"@id":"https:\/\/www.copealcoy.es\/es\/la-oposicion-echa-en-falta-un-plan-estrategico-en-los-presupuestos\/"},"wordCount":419,"commentCount":0,"image":{"@id":"https:\/\/www.copealcoy.es\/es\/la-oposicion-echa-en-falta-un-plan-estrategico-en-los-presupuestos\/#primaryimage"},"thumbnailUrl":"https:\/\/www.copealcoy.es\/wp-content\/uploads\/2015\/11\/CUHJEeFXIAAh-hA.jpg-large.jpeg","keywords":["Alcoy","Econom\u00eda","Oposici\u00f3n","Presupuestos"],"articleSection":["Alcoy","Noticias","Portada"],"inLanguage":"es"},{"@type":"WebPage","@id":"https:\/\/www.copealcoy.es\/es\/la-oposicion-echa-en-falta-un-plan-estrategico-en-los-presupuestos\/","url":"https:\/\/www.copealcoy.es\/es\/la-oposicion-echa-en-falta-un-plan-estrategico-en-los-presupuestos\/","name":"La oposici\u00f3n echa en falta un plan estrat\u00e9gico en los Presupuestos - COPE Alcoy","isPartOf":{"@id":"https:\/\/www.copealcoy.es\/es\/#website"},"primaryImageOfPage":{"@id":"https:\/\/www.copealcoy.es\/es\/la-oposicion-echa-en-falta-un-plan-estrategico-en-los-presupuestos\/#primaryimage"},"image":{"@id":"https:\/\/www.copealcoy.es\/es\/la-oposicion-echa-en-falta-un-plan-estrategico-en-los-presupuestos\/#primaryimage"},"thumbnailUrl":"https:\/\/www.copealcoy.es\/wp-content\/uploads\/2015\/11\/CUHJEeFXIAAh-hA.jpg-large.jpeg","datePublished":"2015-11-24T16:07:37+00:00","author":{"@id":"https:\/\/www.copealcoy.es\/es\/#\/schema\/person\/e777c87fa024e57d40170af9df39882c"},"breadcrumb":{"@id":"https:\/\/www.copealcoy.es\/es\/la-oposicion-echa-en-falta-un-plan-estrategico-en-los-presupuestos\/#breadcrumb"},"inLanguage":"es","potentialAction":[{"@type":"ReadAction","target":["https:\/\/www.copealcoy.es\/es\/la-oposicion-echa-en-falta-un-plan-estrategico-en-los-presupuestos\/"]}]},{"@type":"ImageObject","inLanguage":"es","@id":"https:\/\/www.copealcoy.es\/es\/la-oposicion-echa-en-falta-un-plan-estrategico-en-los-presupuestos\/#primaryimage","url":"https:\/\/www.copealcoy.es\/wp-content\/uploads\/2015\/11\/CUHJEeFXIAAh-hA.jpg-large.jpeg","contentUrl":"https:\/\/www.copealcoy.es\/wp-content\/uploads\/2015\/11\/CUHJEeFXIAAh-hA.jpg-large.jpeg","width":832,"height":520,"caption":"Un instante de la comisi\u00f3n celebrada en el mi\u00e9rcoles 18 de noviembre \/ Foto: Twitter alcald\u00eda"},{"@type":"BreadcrumbList","@id":"https:\/\/www.copealcoy.es\/es\/la-oposicion-echa-en-falta-un-plan-estrategico-en-los-presupuestos\/#breadcrumb","itemListElement":[{"@type":"ListItem","position":1,"name":"Portada","item":"https:\/\/www.copealcoy.es\/es\/"},{"@type":"ListItem","position":2,"name":"La oposici\u00f3n echa en falta un plan estrat\u00e9gico en los Presupuestos"}]},{"@type":"WebSite","@id":"https:\/\/www.copealcoy.es\/es\/#website","url":"https:\/\/www.copealcoy.es\/es\/","name":"COPE Alcoy","description":"Emisora COPE de radio local con emisi\u00f3n online. Pont de Sant Jordi 8-10 03803 Alcoy","potentialAction":[{"@type":"SearchAction","target":{"@type":"EntryPoint","urlTemplate":"https:\/\/www.copealcoy.es\/es\/?s={search_term_string}"},"query-input":{"@type":"PropertyValueSpecification","valueRequired":true,"valueName":"search_term_string"}}],"inLanguage":"es"},{"@type":"Person","@id":"https:\/\/www.copealcoy.es\/es\/#\/schema\/person\/e777c87fa024e57d40170af9df39882c","name":"Cope Alcoy","image":{"@type":"ImageObject","inLanguage":"es","@id":"https:\/\/secure.gravatar.com\/avatar\/bb65d0283347e303893ba14f0692005417c1e0e690a325a4c5d8bb2b3943ee14?s=96&d=mm&r=g","url":"https:\/\/secure.gravatar.com\/avatar\/bb65d0283347e303893ba14f0692005417c1e0e690a325a4c5d8bb2b3943ee14?s=96&d=mm&r=g","contentUrl":"https:\/\/secure.gravatar.com\/avatar\/bb65d0283347e303893ba14f0692005417c1e0e690a325a4c5d8bb2b3943ee14?s=96&d=mm&r=g","caption":"Cope Alcoy"}}]}},"_links":{"self":[{"href":"https:\/\/www.copealcoy.es\/es\/wp-json\/wp\/v2\/posts\/17223","targetHints":{"allow":["GET"]}}],"collection":[{"href":"https:\/\/www.copealcoy.es\/es\/wp-json\/wp\/v2\/posts"}],"about":[{"href":"https:\/\/www.copealcoy.es\/es\/wp-json\/wp\/v2\/types\/post"}],"author":[{"embeddable":true,"href":"https:\/\/www.copealcoy.es\/es\/wp-json\/wp\/v2\/users\/1"}],"replies":[{"embeddable":true,"href":"https:\/\/www.copealcoy.es\/es\/wp-json\/wp\/v2\/comments?post=17223"}],"version-history":[{"count":0,"href":"https:\/\/www.copealcoy.es\/es\/wp-json\/wp\/v2\/posts\/17223\/revisions"}],"wp:featuredmedia":[{"embeddable":true,"href":"https:\/\/www.copealcoy.es\/es\/wp-json\/wp\/v2\/media\/17124"}],"wp:attachment":[{"href":"https:\/\/www.copealcoy.es\/es\/wp-json\/wp\/v2\/media?parent=17223"}],"wp:term":[{"taxonomy":"category","embeddable":true,"href":"https:\/\/www.copealcoy.es\/es\/wp-json\/wp\/v2\/categories?post=17223"},{"taxonomy":"post_tag","embeddable":true,"href":"https:\/\/www.copealcoy.es\/es\/wp-json\/wp\/v2\/tags?post=17223"}],"curies":[{"name":"wp","href":"https:\/\/api.w.org\/{rel}","templated":true}]}}