{"id":17207,"date":"2015-11-23T17:00:47","date_gmt":"2015-11-23T17:00:47","guid":{"rendered":"http:\/\/copealcoi.es\/new\/?p=17207"},"modified":"2015-11-23T17:02:03","modified_gmt":"2015-11-23T17:02:03","slug":"17207-2","status":"publish","type":"post","link":"https:\/\/www.copealcoy.es\/es\/17207-2\/","title":{"rendered":"Ciudadanos recoge 1.045 avales para las Generales"},"content":{"rendered":"<p style=\"text-align: justify;\">Ciudadanos ha recogido en la ciudad de Alcoy un total de 1.045 avales para las Elecciones Generales del pr\u00f3ximo 20 de diciembre de los 5.200 que se han obtenido en el conjunto de la provincia de Alicante. Estos avales permitir\u00e1 facilitar las candidaturas para los comicios y desde la formaci\u00f3n naranja han destacado que la captaci\u00f3n en la ciudad se ha desarrollado aprovechando los mercadillos de San Mateo y Batoy. La iniciativa se enmarca dentro de las acciones para consolidar a Ciudadanos en las comarcas del Comtat y de l\u00b4 Alcoi\u00e0.<\/p>\n","protected":false},"excerpt":{"rendered":"<p>Ciudadanos ha recogido en la ciudad de Alcoy un total de 1.045 avales para las Elecciones Generales del pr\u00f3ximo 20&#8230;<\/p>\n","protected":false},"author":1,"featured_media":17208,"comment_status":"open","ping_status":"open","sticky":false,"template":"","format":"standard","meta":{"footnotes":""},"categories":[75,79],"tags":[1494,1634,349,1438],"class_list":["post-17207","post","type-post","status-publish","format-standard","has-post-thumbnail","hentry","category-noticias","category-politicayeconomia","tag-alcoy","tag-avales","tag-ciudadanos","tag-elecciones-generales"],"yoast_head":"<!-- This site is optimized with the Yoast SEO plugin v27.3 - https:\/\/yoast.com\/product\/yoast-seo-wordpress\/ -->\n<title>Ciudadanos recoge 1.045 avales para las Generales - COPE Alcoy<\/title>\n<meta name=\"robots\" content=\"index, follow, max-snippet:-1, max-image-preview:large, max-video-preview:-1\" \/>\n<link rel=\"canonical\" href=\"https:\/\/www.copealcoy.es\/es\/17207-2\/\" \/>\n<meta property=\"og:locale\" content=\"es_ES\" \/>\n<meta property=\"og:type\" content=\"article\" \/>\n<meta property=\"og:title\" content=\"Ciudadanos recoge 1.045 avales para las Generales - COPE Alcoy\" \/>\n<meta property=\"og:description\" content=\"Ciudadanos ha recogido en la ciudad de Alcoy un total de 1.045 avales para las Elecciones Generales del pr\u00f3ximo 20...\" \/>\n<meta property=\"og:url\" content=\"https:\/\/www.copealcoy.es\/es\/17207-2\/\" \/>\n<meta property=\"og:site_name\" content=\"COPE Alcoy\" \/>\n<meta property=\"article:published_time\" content=\"2015-11-23T17:00:47+00:00\" \/>\n<meta property=\"article:modified_time\" content=\"2015-11-23T17:02:03+00:00\" \/>\n<meta property=\"og:image\" content=\"https:\/\/www.copealcoy.es\/wp-content\/uploads\/2015\/11\/img_22401.jpg\" \/>\n\t<meta property=\"og:image:width\" content=\"670\" \/>\n\t<meta property=\"og:image:height\" content=\"377\" \/>\n\t<meta property=\"og:image:type\" content=\"image\/jpeg\" \/>\n<meta name=\"author\" content=\"Cope Alcoy\" \/>\n<meta name=\"twitter:label1\" content=\"Escrito por\" \/>\n\t<meta name=\"twitter:data1\" content=\"Cope Alcoy\" \/>\n<script type=\"application\/ld+json\" class=\"yoast-schema-graph\">{\"@context\":\"https:\\\/\\\/schema.org\",\"@graph\":[{\"@type\":\"Article\",\"@id\":\"https:\\\/\\\/www.copealcoy.es\\\/es\\\/17207-2\\\/#article\",\"isPartOf\":{\"@id\":\"https:\\\/\\\/www.copealcoy.es\\\/es\\\/17207-2\\\/\"},\"author\":{\"name\":\"Cope Alcoy\",\"@id\":\"https:\\\/\\\/www.copealcoy.es\\\/es\\\/#\\\/schema\\\/person\\\/e777c87fa024e57d40170af9df39882c\"},\"headline\":\"Ciudadanos recoge 1.045 avales para las Generales\",\"datePublished\":\"2015-11-23T17:00:47+00:00\",\"dateModified\":\"2015-11-23T17:02:03+00:00\",\"mainEntityOfPage\":{\"@id\":\"https:\\\/\\\/www.copealcoy.es\\\/es\\\/17207-2\\\/\"},\"wordCount\":97,\"commentCount\":0,\"image\":{\"@id\":\"https:\\\/\\\/www.copealcoy.es\\\/es\\\/17207-2\\\/#primaryimage\"},\"thumbnailUrl\":\"https:\\\/\\\/www.copealcoy.es\\\/wp-content\\\/uploads\\\/2015\\\/11\\\/img_22401.jpg\",\"keywords\":[\"Alcoy\",\"Avales\",\"Ciudadanos\",\"Elecciones Generales\"],\"articleSection\":[\"Noticias\",\"Pol\u00edtica y Econom\u00eda\"],\"inLanguage\":\"es\"},{\"@type\":\"WebPage\",\"@id\":\"https:\\\/\\\/www.copealcoy.es\\\/es\\\/17207-2\\\/\",\"url\":\"https:\\\/\\\/www.copealcoy.es\\\/es\\\/17207-2\\\/\",\"name\":\"Ciudadanos recoge 1.045 avales para las Generales - COPE Alcoy\",\"isPartOf\":{\"@id\":\"https:\\\/\\\/www.copealcoy.es\\\/es\\\/#website\"},\"primaryImageOfPage\":{\"@id\":\"https:\\\/\\\/www.copealcoy.es\\\/es\\\/17207-2\\\/#primaryimage\"},\"image\":{\"@id\":\"https:\\\/\\\/www.copealcoy.es\\\/es\\\/17207-2\\\/#primaryimage\"},\"thumbnailUrl\":\"https:\\\/\\\/www.copealcoy.es\\\/wp-content\\\/uploads\\\/2015\\\/11\\\/img_22401.jpg\",\"datePublished\":\"2015-11-23T17:00:47+00:00\",\"dateModified\":\"2015-11-23T17:02:03+00:00\",\"author\":{\"@id\":\"https:\\\/\\\/www.copealcoy.es\\\/es\\\/#\\\/schema\\\/person\\\/e777c87fa024e57d40170af9df39882c\"},\"breadcrumb\":{\"@id\":\"https:\\\/\\\/www.copealcoy.es\\\/es\\\/17207-2\\\/#breadcrumb\"},\"inLanguage\":\"es\",\"potentialAction\":[{\"@type\":\"ReadAction\",\"target\":[\"https:\\\/\\\/www.copealcoy.es\\\/es\\\/17207-2\\\/\"]}]},{\"@type\":\"ImageObject\",\"inLanguage\":\"es\",\"@id\":\"https:\\\/\\\/www.copealcoy.es\\\/es\\\/17207-2\\\/#primaryimage\",\"url\":\"https:\\\/\\\/www.copealcoy.es\\\/wp-content\\\/uploads\\\/2015\\\/11\\\/img_22401.jpg\",\"contentUrl\":\"https:\\\/\\\/www.copealcoy.es\\\/wp-content\\\/uploads\\\/2015\\\/11\\\/img_22401.jpg\",\"width\":670,\"height\":377,\"caption\":\"Recogida de avales de Ciudadanos\"},{\"@type\":\"BreadcrumbList\",\"@id\":\"https:\\\/\\\/www.copealcoy.es\\\/es\\\/17207-2\\\/#breadcrumb\",\"itemListElement\":[{\"@type\":\"ListItem\",\"position\":1,\"name\":\"Portada\",\"item\":\"https:\\\/\\\/www.copealcoy.es\\\/es\\\/\"},{\"@type\":\"ListItem\",\"position\":2,\"name\":\"Ciudadanos recoge 1.045 avales para las Generales\"}]},{\"@type\":\"WebSite\",\"@id\":\"https:\\\/\\\/www.copealcoy.es\\\/es\\\/#website\",\"url\":\"https:\\\/\\\/www.copealcoy.es\\\/es\\\/\",\"name\":\"COPE Alcoy\",\"description\":\"Emisora COPE de radio local con emisi\u00f3n online. Pont de Sant Jordi 8-10 03803 Alcoy\",\"potentialAction\":[{\"@type\":\"SearchAction\",\"target\":{\"@type\":\"EntryPoint\",\"urlTemplate\":\"https:\\\/\\\/www.copealcoy.es\\\/es\\\/?s={search_term_string}\"},\"query-input\":{\"@type\":\"PropertyValueSpecification\",\"valueRequired\":true,\"valueName\":\"search_term_string\"}}],\"inLanguage\":\"es\"},{\"@type\":\"Person\",\"@id\":\"https:\\\/\\\/www.copealcoy.es\\\/es\\\/#\\\/schema\\\/person\\\/e777c87fa024e57d40170af9df39882c\",\"name\":\"Cope Alcoy\",\"image\":{\"@type\":\"ImageObject\",\"inLanguage\":\"es\",\"@id\":\"https:\\\/\\\/secure.gravatar.com\\\/avatar\\\/bb65d0283347e303893ba14f0692005417c1e0e690a325a4c5d8bb2b3943ee14?s=96&d=mm&r=g\",\"url\":\"https:\\\/\\\/secure.gravatar.com\\\/avatar\\\/bb65d0283347e303893ba14f0692005417c1e0e690a325a4c5d8bb2b3943ee14?s=96&d=mm&r=g\",\"contentUrl\":\"https:\\\/\\\/secure.gravatar.com\\\/avatar\\\/bb65d0283347e303893ba14f0692005417c1e0e690a325a4c5d8bb2b3943ee14?s=96&d=mm&r=g\",\"caption\":\"Cope Alcoy\"}}]}<\/script>\n<!-- \/ Yoast SEO plugin. -->","yoast_head_json":{"title":"Ciudadanos recoge 1.045 avales para las Generales - COPE Alcoy","robots":{"index":"index","follow":"follow","max-snippet":"max-snippet:-1","max-image-preview":"max-image-preview:large","max-video-preview":"max-video-preview:-1"},"canonical":"https:\/\/www.copealcoy.es\/es\/17207-2\/","og_locale":"es_ES","og_type":"article","og_title":"Ciudadanos recoge 1.045 avales para las Generales - COPE Alcoy","og_description":"Ciudadanos ha recogido en la ciudad de Alcoy un total de 1.045 avales para las Elecciones Generales del pr\u00f3ximo 20...","og_url":"https:\/\/www.copealcoy.es\/es\/17207-2\/","og_site_name":"COPE Alcoy","article_published_time":"2015-11-23T17:00:47+00:00","article_modified_time":"2015-11-23T17:02:03+00:00","og_image":[{"width":670,"height":377,"url":"https:\/\/www.copealcoy.es\/wp-content\/uploads\/2015\/11\/img_22401.jpg","type":"image\/jpeg"}],"author":"Cope Alcoy","twitter_misc":{"Escrito por":"Cope Alcoy"},"schema":{"@context":"https:\/\/schema.org","@graph":[{"@type":"Article","@id":"https:\/\/www.copealcoy.es\/es\/17207-2\/#article","isPartOf":{"@id":"https:\/\/www.copealcoy.es\/es\/17207-2\/"},"author":{"name":"Cope Alcoy","@id":"https:\/\/www.copealcoy.es\/es\/#\/schema\/person\/e777c87fa024e57d40170af9df39882c"},"headline":"Ciudadanos recoge 1.045 avales para las Generales","datePublished":"2015-11-23T17:00:47+00:00","dateModified":"2015-11-23T17:02:03+00:00","mainEntityOfPage":{"@id":"https:\/\/www.copealcoy.es\/es\/17207-2\/"},"wordCount":97,"commentCount":0,"image":{"@id":"https:\/\/www.copealcoy.es\/es\/17207-2\/#primaryimage"},"thumbnailUrl":"https:\/\/www.copealcoy.es\/wp-content\/uploads\/2015\/11\/img_22401.jpg","keywords":["Alcoy","Avales","Ciudadanos","Elecciones Generales"],"articleSection":["Noticias","Pol\u00edtica y Econom\u00eda"],"inLanguage":"es"},{"@type":"WebPage","@id":"https:\/\/www.copealcoy.es\/es\/17207-2\/","url":"https:\/\/www.copealcoy.es\/es\/17207-2\/","name":"Ciudadanos recoge 1.045 avales para las Generales - COPE Alcoy","isPartOf":{"@id":"https:\/\/www.copealcoy.es\/es\/#website"},"primaryImageOfPage":{"@id":"https:\/\/www.copealcoy.es\/es\/17207-2\/#primaryimage"},"image":{"@id":"https:\/\/www.copealcoy.es\/es\/17207-2\/#primaryimage"},"thumbnailUrl":"https:\/\/www.copealcoy.es\/wp-content\/uploads\/2015\/11\/img_22401.jpg","datePublished":"2015-11-23T17:00:47+00:00","dateModified":"2015-11-23T17:02:03+00:00","author":{"@id":"https:\/\/www.copealcoy.es\/es\/#\/schema\/person\/e777c87fa024e57d40170af9df39882c"},"breadcrumb":{"@id":"https:\/\/www.copealcoy.es\/es\/17207-2\/#breadcrumb"},"inLanguage":"es","potentialAction":[{"@type":"ReadAction","target":["https:\/\/www.copealcoy.es\/es\/17207-2\/"]}]},{"@type":"ImageObject","inLanguage":"es","@id":"https:\/\/www.copealcoy.es\/es\/17207-2\/#primaryimage","url":"https:\/\/www.copealcoy.es\/wp-content\/uploads\/2015\/11\/img_22401.jpg","contentUrl":"https:\/\/www.copealcoy.es\/wp-content\/uploads\/2015\/11\/img_22401.jpg","width":670,"height":377,"caption":"Recogida de avales de Ciudadanos"},{"@type":"BreadcrumbList","@id":"https:\/\/www.copealcoy.es\/es\/17207-2\/#breadcrumb","itemListElement":[{"@type":"ListItem","position":1,"name":"Portada","item":"https:\/\/www.copealcoy.es\/es\/"},{"@type":"ListItem","position":2,"name":"Ciudadanos recoge 1.045 avales para las Generales"}]},{"@type":"WebSite","@id":"https:\/\/www.copealcoy.es\/es\/#website","url":"https:\/\/www.copealcoy.es\/es\/","name":"COPE Alcoy","description":"Emisora COPE de radio local con emisi\u00f3n online. Pont de Sant Jordi 8-10 03803 Alcoy","potentialAction":[{"@type":"SearchAction","target":{"@type":"EntryPoint","urlTemplate":"https:\/\/www.copealcoy.es\/es\/?s={search_term_string}"},"query-input":{"@type":"PropertyValueSpecification","valueRequired":true,"valueName":"search_term_string"}}],"inLanguage":"es"},{"@type":"Person","@id":"https:\/\/www.copealcoy.es\/es\/#\/schema\/person\/e777c87fa024e57d40170af9df39882c","name":"Cope Alcoy","image":{"@type":"ImageObject","inLanguage":"es","@id":"https:\/\/secure.gravatar.com\/avatar\/bb65d0283347e303893ba14f0692005417c1e0e690a325a4c5d8bb2b3943ee14?s=96&d=mm&r=g","url":"https:\/\/secure.gravatar.com\/avatar\/bb65d0283347e303893ba14f0692005417c1e0e690a325a4c5d8bb2b3943ee14?s=96&d=mm&r=g","contentUrl":"https:\/\/secure.gravatar.com\/avatar\/bb65d0283347e303893ba14f0692005417c1e0e690a325a4c5d8bb2b3943ee14?s=96&d=mm&r=g","caption":"Cope Alcoy"}}]}},"_links":{"self":[{"href":"https:\/\/www.copealcoy.es\/es\/wp-json\/wp\/v2\/posts\/17207","targetHints":{"allow":["GET"]}}],"collection":[{"href":"https:\/\/www.copealcoy.es\/es\/wp-json\/wp\/v2\/posts"}],"about":[{"href":"https:\/\/www.copealcoy.es\/es\/wp-json\/wp\/v2\/types\/post"}],"author":[{"embeddable":true,"href":"https:\/\/www.copealcoy.es\/es\/wp-json\/wp\/v2\/users\/1"}],"replies":[{"embeddable":true,"href":"https:\/\/www.copealcoy.es\/es\/wp-json\/wp\/v2\/comments?post=17207"}],"version-history":[{"count":0,"href":"https:\/\/www.copealcoy.es\/es\/wp-json\/wp\/v2\/posts\/17207\/revisions"}],"wp:featuredmedia":[{"embeddable":true,"href":"https:\/\/www.copealcoy.es\/es\/wp-json\/wp\/v2\/media\/17208"}],"wp:attachment":[{"href":"https:\/\/www.copealcoy.es\/es\/wp-json\/wp\/v2\/media?parent=17207"}],"wp:term":[{"taxonomy":"category","embeddable":true,"href":"https:\/\/www.copealcoy.es\/es\/wp-json\/wp\/v2\/categories?post=17207"},{"taxonomy":"post_tag","embeddable":true,"href":"https:\/\/www.copealcoy.es\/es\/wp-json\/wp\/v2\/tags?post=17207"}],"curies":[{"name":"wp","href":"https:\/\/api.w.org\/{rel}","templated":true}]}}