{"id":17194,"date":"2015-11-23T15:55:04","date_gmt":"2015-11-23T15:55:04","guid":{"rendered":"http:\/\/copealcoi.es\/new\/?p=17194"},"modified":"2015-11-23T15:55:04","modified_gmt":"2015-11-23T15:55:04","slug":"el-ateneu-celebra-su-treinta-aniversario","status":"publish","type":"post","link":"https:\/\/www.copealcoy.es\/es\/el-ateneu-celebra-su-treinta-aniversario\/","title":{"rendered":"El Ateneu celebra su treinta aniversario"},"content":{"rendered":"<p style=\"text-align: justify;\">El Ateneu Musical de Cocentaina iniciaba ayer domingo los actos en honor a Santa Cecilia marcados por el treinta aniversario de su fundaci\u00f3n. La jornada comenz\u00f3 con una misa en honor a la patrona de los m\u00fasicos en la iglesia de Santa Mar\u00eda y seguidamente se efectu\u00f3 la tradicional\u00a0<em>arrepleg\u00e0\u00a0<\/em>de los nuevos componentes\u00a0que entran a formar parte de la banda en\u00a0sus respectivos domicilios. Adem\u00e1s se realiz\u00f3 una el patio de armas del Palau Comtal se realiz\u00f3 la foto oficial de esta efem\u00e9ride y las actividades culminaron con la proyecci\u00f3n del documental Athenea en el Centro Cultural El Teular en el que se repasa la historia reciente de la formaci\u00f3n musical.<\/p>\n<p style=\"text-align: justify;\">La programaci\u00f3n en honor a Santa Cecilia ha contado tambi\u00e9n con un partido de f\u00fatbol sala entre las secciones de ca\u00f1a y metal disputado el domingo 15 de noviembre en el Polideportivo Municipal y con una audici\u00f3n en la misma tarde en la Sala de Exposiciones del Teular. Adem\u00e1s este viernes d\u00eda 27 tendr\u00e1 lugar a las ocho y media un concierto de c\u00e1mara de metales y percusi\u00f3n. Por \u00faltimo el s\u00e1bado, a partir de las siete de la tarde, se desarrollar\u00e1 en el mismo Teular el gran concierto con motivo de Santa Cecilia en el que participar\u00e1 tambi\u00e9n la banda jove.<\/p>\n<p style=\"text-align: justify;\"><strong>Pasacalle de la Uni\u00f3n Musical y concierto de Just Sansalvador<\/strong><\/p>\n<p style=\"text-align: justify;\">La Uni\u00f3n Musical Contestana por su parte llev\u00f3 a cabo el s\u00e1bado un pasacalle seguido de una misa solemne tambi\u00e9n en el templo de Santa Mar\u00eda en honor a Santa Cecilia. La programaci\u00f3n seguir\u00e1 en las pr\u00f3ximas semanas con un partido de f\u00fatbol sala y varias audiciones para culminar el 12 de diciembre con el gran concierto en el que se presentar\u00e1n los nuevos m\u00fasicos que entran a la banda y se despedir\u00e1 al actual director Mario Roig Vila. Por su parte el Coro Just Sansalvador ofreci\u00f3 un concierto en la tarde del domingo para conmemorar su veinticinco aniversario<\/p>\n","protected":false},"excerpt":{"rendered":"<p>El Ateneu Musical de Cocentaina iniciaba ayer domingo los actos en honor a Santa Cecilia marcados por el treinta aniversario&#8230;<\/p>\n","protected":false},"author":1,"featured_media":17195,"comment_status":"open","ping_status":"open","sticky":false,"template":"","format":"standard","meta":{"footnotes":""},"categories":[98,75],"tags":[1251,132,237,377,1628,447],"class_list":["post-17194","post","type-post","status-publish","format-standard","has-post-thumbnail","hentry","category-comarcas","category-noticias","tag-ateneu-musical","tag-cocentaina","tag-comtat","tag-musica","tag-santa-cecilia","tag-tradiciones"],"yoast_head":"<!-- This site is optimized with the Yoast SEO plugin v27.3 - https:\/\/yoast.com\/product\/yoast-seo-wordpress\/ -->\n<title>El Ateneu celebra su treinta aniversario - COPE Alcoy<\/title>\n<meta name=\"robots\" content=\"index, follow, max-snippet:-1, max-image-preview:large, max-video-preview:-1\" \/>\n<link rel=\"canonical\" href=\"https:\/\/www.copealcoy.es\/es\/el-ateneu-celebra-su-treinta-aniversario\/\" \/>\n<meta property=\"og:locale\" content=\"es_ES\" \/>\n<meta property=\"og:type\" content=\"article\" \/>\n<meta property=\"og:title\" content=\"El Ateneu celebra su treinta aniversario - COPE Alcoy\" \/>\n<meta property=\"og:description\" content=\"El Ateneu Musical de Cocentaina iniciaba ayer domingo los actos en honor a Santa Cecilia marcados por el treinta aniversario...\" \/>\n<meta property=\"og:url\" content=\"https:\/\/www.copealcoy.es\/es\/el-ateneu-celebra-su-treinta-aniversario\/\" \/>\n<meta property=\"og:site_name\" content=\"COPE Alcoy\" \/>\n<meta property=\"article:published_time\" content=\"2015-11-23T15:55:04+00:00\" \/>\n<meta property=\"og:image\" content=\"https:\/\/www.copealcoy.es\/wp-content\/uploads\/2015\/11\/Foto-Oficial-Ateneu-30-aniversario.jpg\" \/>\n\t<meta property=\"og:image:width\" content=\"786\" \/>\n\t<meta property=\"og:image:height\" content=\"519\" \/>\n\t<meta property=\"og:image:type\" content=\"image\/jpeg\" \/>\n<meta name=\"author\" content=\"Cope Alcoy\" \/>\n<meta name=\"twitter:label1\" content=\"Escrito por\" \/>\n\t<meta name=\"twitter:data1\" content=\"Cope Alcoy\" \/>\n\t<meta name=\"twitter:label2\" content=\"Tiempo de lectura\" \/>\n\t<meta name=\"twitter:data2\" content=\"2 minutos\" \/>\n<script type=\"application\/ld+json\" class=\"yoast-schema-graph\">{\"@context\":\"https:\\\/\\\/schema.org\",\"@graph\":[{\"@type\":\"Article\",\"@id\":\"https:\\\/\\\/www.copealcoy.es\\\/es\\\/el-ateneu-celebra-su-treinta-aniversario\\\/#article\",\"isPartOf\":{\"@id\":\"https:\\\/\\\/www.copealcoy.es\\\/es\\\/el-ateneu-celebra-su-treinta-aniversario\\\/\"},\"author\":{\"name\":\"Cope Alcoy\",\"@id\":\"https:\\\/\\\/www.copealcoy.es\\\/es\\\/#\\\/schema\\\/person\\\/e777c87fa024e57d40170af9df39882c\"},\"headline\":\"El Ateneu celebra su treinta aniversario\",\"datePublished\":\"2015-11-23T15:55:04+00:00\",\"mainEntityOfPage\":{\"@id\":\"https:\\\/\\\/www.copealcoy.es\\\/es\\\/el-ateneu-celebra-su-treinta-aniversario\\\/\"},\"wordCount\":355,\"commentCount\":0,\"image\":{\"@id\":\"https:\\\/\\\/www.copealcoy.es\\\/es\\\/el-ateneu-celebra-su-treinta-aniversario\\\/#primaryimage\"},\"thumbnailUrl\":\"https:\\\/\\\/www.copealcoy.es\\\/wp-content\\\/uploads\\\/2015\\\/11\\\/Foto-Oficial-Ateneu-30-aniversario.jpg\",\"keywords\":[\"Ateneu Musical\",\"Cocentaina\",\"Comtat\",\"M\u00fasica\",\"Santa Cecilia\",\"Tradiciones\"],\"articleSection\":[\"Comarcas\",\"Noticias\"],\"inLanguage\":\"es\"},{\"@type\":\"WebPage\",\"@id\":\"https:\\\/\\\/www.copealcoy.es\\\/es\\\/el-ateneu-celebra-su-treinta-aniversario\\\/\",\"url\":\"https:\\\/\\\/www.copealcoy.es\\\/es\\\/el-ateneu-celebra-su-treinta-aniversario\\\/\",\"name\":\"El Ateneu celebra su treinta aniversario - COPE Alcoy\",\"isPartOf\":{\"@id\":\"https:\\\/\\\/www.copealcoy.es\\\/es\\\/#website\"},\"primaryImageOfPage\":{\"@id\":\"https:\\\/\\\/www.copealcoy.es\\\/es\\\/el-ateneu-celebra-su-treinta-aniversario\\\/#primaryimage\"},\"image\":{\"@id\":\"https:\\\/\\\/www.copealcoy.es\\\/es\\\/el-ateneu-celebra-su-treinta-aniversario\\\/#primaryimage\"},\"thumbnailUrl\":\"https:\\\/\\\/www.copealcoy.es\\\/wp-content\\\/uploads\\\/2015\\\/11\\\/Foto-Oficial-Ateneu-30-aniversario.jpg\",\"datePublished\":\"2015-11-23T15:55:04+00:00\",\"author\":{\"@id\":\"https:\\\/\\\/www.copealcoy.es\\\/es\\\/#\\\/schema\\\/person\\\/e777c87fa024e57d40170af9df39882c\"},\"breadcrumb\":{\"@id\":\"https:\\\/\\\/www.copealcoy.es\\\/es\\\/el-ateneu-celebra-su-treinta-aniversario\\\/#breadcrumb\"},\"inLanguage\":\"es\",\"potentialAction\":[{\"@type\":\"ReadAction\",\"target\":[\"https:\\\/\\\/www.copealcoy.es\\\/es\\\/el-ateneu-celebra-su-treinta-aniversario\\\/\"]}]},{\"@type\":\"ImageObject\",\"inLanguage\":\"es\",\"@id\":\"https:\\\/\\\/www.copealcoy.es\\\/es\\\/el-ateneu-celebra-su-treinta-aniversario\\\/#primaryimage\",\"url\":\"https:\\\/\\\/www.copealcoy.es\\\/wp-content\\\/uploads\\\/2015\\\/11\\\/Foto-Oficial-Ateneu-30-aniversario.jpg\",\"contentUrl\":\"https:\\\/\\\/www.copealcoy.es\\\/wp-content\\\/uploads\\\/2015\\\/11\\\/Foto-Oficial-Ateneu-30-aniversario.jpg\",\"width\":786,\"height\":519,\"caption\":\"Los componentes de la banda posaron para una foto oficial \\\/ Foto: ulldepeix fotograf\u00eda\"},{\"@type\":\"BreadcrumbList\",\"@id\":\"https:\\\/\\\/www.copealcoy.es\\\/es\\\/el-ateneu-celebra-su-treinta-aniversario\\\/#breadcrumb\",\"itemListElement\":[{\"@type\":\"ListItem\",\"position\":1,\"name\":\"Portada\",\"item\":\"https:\\\/\\\/www.copealcoy.es\\\/es\\\/\"},{\"@type\":\"ListItem\",\"position\":2,\"name\":\"El Ateneu celebra su treinta aniversario\"}]},{\"@type\":\"WebSite\",\"@id\":\"https:\\\/\\\/www.copealcoy.es\\\/es\\\/#website\",\"url\":\"https:\\\/\\\/www.copealcoy.es\\\/es\\\/\",\"name\":\"COPE Alcoy\",\"description\":\"Emisora COPE de radio local con emisi\u00f3n online. Pont de Sant Jordi 8-10 03803 Alcoy\",\"potentialAction\":[{\"@type\":\"SearchAction\",\"target\":{\"@type\":\"EntryPoint\",\"urlTemplate\":\"https:\\\/\\\/www.copealcoy.es\\\/es\\\/?s={search_term_string}\"},\"query-input\":{\"@type\":\"PropertyValueSpecification\",\"valueRequired\":true,\"valueName\":\"search_term_string\"}}],\"inLanguage\":\"es\"},{\"@type\":\"Person\",\"@id\":\"https:\\\/\\\/www.copealcoy.es\\\/es\\\/#\\\/schema\\\/person\\\/e777c87fa024e57d40170af9df39882c\",\"name\":\"Cope Alcoy\",\"image\":{\"@type\":\"ImageObject\",\"inLanguage\":\"es\",\"@id\":\"https:\\\/\\\/secure.gravatar.com\\\/avatar\\\/bb65d0283347e303893ba14f0692005417c1e0e690a325a4c5d8bb2b3943ee14?s=96&d=mm&r=g\",\"url\":\"https:\\\/\\\/secure.gravatar.com\\\/avatar\\\/bb65d0283347e303893ba14f0692005417c1e0e690a325a4c5d8bb2b3943ee14?s=96&d=mm&r=g\",\"contentUrl\":\"https:\\\/\\\/secure.gravatar.com\\\/avatar\\\/bb65d0283347e303893ba14f0692005417c1e0e690a325a4c5d8bb2b3943ee14?s=96&d=mm&r=g\",\"caption\":\"Cope Alcoy\"}}]}<\/script>\n<!-- \/ Yoast SEO plugin. -->","yoast_head_json":{"title":"El Ateneu celebra su treinta aniversario - COPE Alcoy","robots":{"index":"index","follow":"follow","max-snippet":"max-snippet:-1","max-image-preview":"max-image-preview:large","max-video-preview":"max-video-preview:-1"},"canonical":"https:\/\/www.copealcoy.es\/es\/el-ateneu-celebra-su-treinta-aniversario\/","og_locale":"es_ES","og_type":"article","og_title":"El Ateneu celebra su treinta aniversario - COPE Alcoy","og_description":"El Ateneu Musical de Cocentaina iniciaba ayer domingo los actos en honor a Santa Cecilia marcados por el treinta aniversario...","og_url":"https:\/\/www.copealcoy.es\/es\/el-ateneu-celebra-su-treinta-aniversario\/","og_site_name":"COPE Alcoy","article_published_time":"2015-11-23T15:55:04+00:00","og_image":[{"width":786,"height":519,"url":"https:\/\/www.copealcoy.es\/wp-content\/uploads\/2015\/11\/Foto-Oficial-Ateneu-30-aniversario.jpg","type":"image\/jpeg"}],"author":"Cope Alcoy","twitter_misc":{"Escrito por":"Cope Alcoy","Tiempo de lectura":"2 minutos"},"schema":{"@context":"https:\/\/schema.org","@graph":[{"@type":"Article","@id":"https:\/\/www.copealcoy.es\/es\/el-ateneu-celebra-su-treinta-aniversario\/#article","isPartOf":{"@id":"https:\/\/www.copealcoy.es\/es\/el-ateneu-celebra-su-treinta-aniversario\/"},"author":{"name":"Cope Alcoy","@id":"https:\/\/www.copealcoy.es\/es\/#\/schema\/person\/e777c87fa024e57d40170af9df39882c"},"headline":"El Ateneu celebra su treinta aniversario","datePublished":"2015-11-23T15:55:04+00:00","mainEntityOfPage":{"@id":"https:\/\/www.copealcoy.es\/es\/el-ateneu-celebra-su-treinta-aniversario\/"},"wordCount":355,"commentCount":0,"image":{"@id":"https:\/\/www.copealcoy.es\/es\/el-ateneu-celebra-su-treinta-aniversario\/#primaryimage"},"thumbnailUrl":"https:\/\/www.copealcoy.es\/wp-content\/uploads\/2015\/11\/Foto-Oficial-Ateneu-30-aniversario.jpg","keywords":["Ateneu Musical","Cocentaina","Comtat","M\u00fasica","Santa Cecilia","Tradiciones"],"articleSection":["Comarcas","Noticias"],"inLanguage":"es"},{"@type":"WebPage","@id":"https:\/\/www.copealcoy.es\/es\/el-ateneu-celebra-su-treinta-aniversario\/","url":"https:\/\/www.copealcoy.es\/es\/el-ateneu-celebra-su-treinta-aniversario\/","name":"El Ateneu celebra su treinta aniversario - COPE Alcoy","isPartOf":{"@id":"https:\/\/www.copealcoy.es\/es\/#website"},"primaryImageOfPage":{"@id":"https:\/\/www.copealcoy.es\/es\/el-ateneu-celebra-su-treinta-aniversario\/#primaryimage"},"image":{"@id":"https:\/\/www.copealcoy.es\/es\/el-ateneu-celebra-su-treinta-aniversario\/#primaryimage"},"thumbnailUrl":"https:\/\/www.copealcoy.es\/wp-content\/uploads\/2015\/11\/Foto-Oficial-Ateneu-30-aniversario.jpg","datePublished":"2015-11-23T15:55:04+00:00","author":{"@id":"https:\/\/www.copealcoy.es\/es\/#\/schema\/person\/e777c87fa024e57d40170af9df39882c"},"breadcrumb":{"@id":"https:\/\/www.copealcoy.es\/es\/el-ateneu-celebra-su-treinta-aniversario\/#breadcrumb"},"inLanguage":"es","potentialAction":[{"@type":"ReadAction","target":["https:\/\/www.copealcoy.es\/es\/el-ateneu-celebra-su-treinta-aniversario\/"]}]},{"@type":"ImageObject","inLanguage":"es","@id":"https:\/\/www.copealcoy.es\/es\/el-ateneu-celebra-su-treinta-aniversario\/#primaryimage","url":"https:\/\/www.copealcoy.es\/wp-content\/uploads\/2015\/11\/Foto-Oficial-Ateneu-30-aniversario.jpg","contentUrl":"https:\/\/www.copealcoy.es\/wp-content\/uploads\/2015\/11\/Foto-Oficial-Ateneu-30-aniversario.jpg","width":786,"height":519,"caption":"Los componentes de la banda posaron para una foto oficial \/ Foto: ulldepeix fotograf\u00eda"},{"@type":"BreadcrumbList","@id":"https:\/\/www.copealcoy.es\/es\/el-ateneu-celebra-su-treinta-aniversario\/#breadcrumb","itemListElement":[{"@type":"ListItem","position":1,"name":"Portada","item":"https:\/\/www.copealcoy.es\/es\/"},{"@type":"ListItem","position":2,"name":"El Ateneu celebra su treinta aniversario"}]},{"@type":"WebSite","@id":"https:\/\/www.copealcoy.es\/es\/#website","url":"https:\/\/www.copealcoy.es\/es\/","name":"COPE Alcoy","description":"Emisora COPE de radio local con emisi\u00f3n online. Pont de Sant Jordi 8-10 03803 Alcoy","potentialAction":[{"@type":"SearchAction","target":{"@type":"EntryPoint","urlTemplate":"https:\/\/www.copealcoy.es\/es\/?s={search_term_string}"},"query-input":{"@type":"PropertyValueSpecification","valueRequired":true,"valueName":"search_term_string"}}],"inLanguage":"es"},{"@type":"Person","@id":"https:\/\/www.copealcoy.es\/es\/#\/schema\/person\/e777c87fa024e57d40170af9df39882c","name":"Cope Alcoy","image":{"@type":"ImageObject","inLanguage":"es","@id":"https:\/\/secure.gravatar.com\/avatar\/bb65d0283347e303893ba14f0692005417c1e0e690a325a4c5d8bb2b3943ee14?s=96&d=mm&r=g","url":"https:\/\/secure.gravatar.com\/avatar\/bb65d0283347e303893ba14f0692005417c1e0e690a325a4c5d8bb2b3943ee14?s=96&d=mm&r=g","contentUrl":"https:\/\/secure.gravatar.com\/avatar\/bb65d0283347e303893ba14f0692005417c1e0e690a325a4c5d8bb2b3943ee14?s=96&d=mm&r=g","caption":"Cope Alcoy"}}]}},"_links":{"self":[{"href":"https:\/\/www.copealcoy.es\/es\/wp-json\/wp\/v2\/posts\/17194","targetHints":{"allow":["GET"]}}],"collection":[{"href":"https:\/\/www.copealcoy.es\/es\/wp-json\/wp\/v2\/posts"}],"about":[{"href":"https:\/\/www.copealcoy.es\/es\/wp-json\/wp\/v2\/types\/post"}],"author":[{"embeddable":true,"href":"https:\/\/www.copealcoy.es\/es\/wp-json\/wp\/v2\/users\/1"}],"replies":[{"embeddable":true,"href":"https:\/\/www.copealcoy.es\/es\/wp-json\/wp\/v2\/comments?post=17194"}],"version-history":[{"count":0,"href":"https:\/\/www.copealcoy.es\/es\/wp-json\/wp\/v2\/posts\/17194\/revisions"}],"wp:featuredmedia":[{"embeddable":true,"href":"https:\/\/www.copealcoy.es\/es\/wp-json\/wp\/v2\/media\/17195"}],"wp:attachment":[{"href":"https:\/\/www.copealcoy.es\/es\/wp-json\/wp\/v2\/media?parent=17194"}],"wp:term":[{"taxonomy":"category","embeddable":true,"href":"https:\/\/www.copealcoy.es\/es\/wp-json\/wp\/v2\/categories?post=17194"},{"taxonomy":"post_tag","embeddable":true,"href":"https:\/\/www.copealcoy.es\/es\/wp-json\/wp\/v2\/tags?post=17194"}],"curies":[{"name":"wp","href":"https:\/\/api.w.org\/{rel}","templated":true}]}}