{"id":17187,"date":"2015-11-22T22:04:06","date_gmt":"2015-11-22T22:04:06","guid":{"rendered":"http:\/\/copealcoi.es\/new\/?p=17187"},"modified":"2015-11-22T22:04:06","modified_gmt":"2015-11-22T22:04:06","slug":"alcoy-festeja-a-santa-cecilia","status":"publish","type":"post","link":"https:\/\/www.copealcoy.es\/es\/alcoy-festeja-a-santa-cecilia\/","title":{"rendered":"Alcoy festeja a Santa Cecilia"},"content":{"rendered":"<p style=\"text-align: justify;\">Alcoy ha celebrado\u00a0este fin de semana la festividad de la patrona de los m\u00fasicos, Santa Cecilia, con dos conciertos, una misa y una actuaci\u00f3n de danzas.\u00a0Las actividades comenzaron el pasado viernes, a las ocho de la tarde,\u00a0con el recital del Cor l\u2019Aplec de la Societat Uni\u00f3 Musical d\u2019Alcoi, dirigido por Andr\u00e9s Ar\u00e9valo Cots, en la iglesia de San Jorge. Ayer s\u00e1bado se celebr\u00f3\u00a0la misa en honor a Santa Cecilia en la parroquia de San Vicente y San Antonio con el acompa\u00f1amiento de la Orquesta Sinf\u00f3nica Alcoyana, dirigida por Gregorio Casasempere, y el Grupo Cantores de Alcoy, dirigido por Alfonso Marco. A continuaci\u00f3n se efectu\u00f3 un pasacalle por las calles del Centro hasta el Teatro Calder\u00f3n con\u00a0el Grup de Dol\u00e7ainers i Tabaleters La Degoll\u00e0 y el Grup Barxell de Dol\u00e7aines i Tabals junto a la colaboraci\u00f3n del Grup La Cordeta.<\/p>\n<p style=\"text-align: justify;\">A las 19 horas dio comienzo el concierto en honor a Santa Cecilia en el Teatre Calder\u00f3n que corri\u00f3\u00a0a cargo de la Uni\u00f3n Musical, la Primitiva y la Nova. Finalmente hoy domingo, d\u00eda de la fiesta de Santa Cecilia, culminaron\u00a0los actos con la actuaci\u00f3n \u201cFent Mem\u00f2ria\u201d que protagonizaron\u00a0el Grup de Danses Sant Jordi d\u2019Alcoi a las 12 horas del mediod\u00eda en el C\u00edrculo Industrial.<\/p>\n","protected":false},"excerpt":{"rendered":"<p>Alcoy ha celebrado\u00a0este fin de semana la festividad de la patrona de los m\u00fasicos, Santa Cecilia, con dos conciertos, una&#8230;<\/p>\n","protected":false},"author":1,"featured_media":17188,"comment_status":"open","ping_status":"open","sticky":false,"template":"","format":"standard","meta":{"footnotes":""},"categories":[97,78,75],"tags":[1494,978,377,1628],"class_list":["post-17187","post","type-post","status-publish","format-standard","has-post-thumbnail","hentry","category-alcoy","category-fiestaycultura","category-noticias","tag-alcoy","tag-bandas","tag-musica","tag-santa-cecilia"],"yoast_head":"<!-- This site is optimized with the Yoast SEO plugin v27.3 - https:\/\/yoast.com\/product\/yoast-seo-wordpress\/ -->\n<title>Alcoy festeja a Santa Cecilia - COPE Alcoy<\/title>\n<meta name=\"robots\" content=\"index, follow, max-snippet:-1, max-image-preview:large, max-video-preview:-1\" \/>\n<link rel=\"canonical\" href=\"https:\/\/www.copealcoy.es\/es\/alcoy-festeja-a-santa-cecilia\/\" \/>\n<meta property=\"og:locale\" content=\"es_ES\" \/>\n<meta property=\"og:type\" content=\"article\" \/>\n<meta property=\"og:title\" content=\"Alcoy festeja a Santa Cecilia - COPE Alcoy\" \/>\n<meta property=\"og:description\" content=\"Alcoy ha celebrado\u00a0este fin de semana la festividad de la patrona de los m\u00fasicos, Santa Cecilia, con dos conciertos, una...\" \/>\n<meta property=\"og:url\" content=\"https:\/\/www.copealcoy.es\/es\/alcoy-festeja-a-santa-cecilia\/\" \/>\n<meta property=\"og:site_name\" content=\"COPE Alcoy\" \/>\n<meta property=\"article:published_time\" content=\"2015-11-22T22:04:06+00:00\" \/>\n<meta property=\"og:image\" content=\"https:\/\/www.copealcoy.es\/wp-content\/uploads\/2015\/11\/CUW3UdIVEAQilxq.jpg\" \/>\n\t<meta property=\"og:image:width\" content=\"600\" \/>\n\t<meta property=\"og:image:height\" content=\"450\" \/>\n\t<meta property=\"og:image:type\" content=\"image\/jpeg\" \/>\n<meta name=\"author\" content=\"Cope Alcoy\" \/>\n<meta name=\"twitter:label1\" content=\"Escrito por\" \/>\n\t<meta name=\"twitter:data1\" content=\"Cope Alcoy\" \/>\n\t<meta name=\"twitter:label2\" content=\"Tiempo de lectura\" \/>\n\t<meta name=\"twitter:data2\" content=\"1 minuto\" \/>\n<script type=\"application\/ld+json\" class=\"yoast-schema-graph\">{\"@context\":\"https:\\\/\\\/schema.org\",\"@graph\":[{\"@type\":\"Article\",\"@id\":\"https:\\\/\\\/www.copealcoy.es\\\/es\\\/alcoy-festeja-a-santa-cecilia\\\/#article\",\"isPartOf\":{\"@id\":\"https:\\\/\\\/www.copealcoy.es\\\/es\\\/alcoy-festeja-a-santa-cecilia\\\/\"},\"author\":{\"name\":\"Cope Alcoy\",\"@id\":\"https:\\\/\\\/www.copealcoy.es\\\/es\\\/#\\\/schema\\\/person\\\/e777c87fa024e57d40170af9df39882c\"},\"headline\":\"Alcoy festeja a Santa Cecilia\",\"datePublished\":\"2015-11-22T22:04:06+00:00\",\"mainEntityOfPage\":{\"@id\":\"https:\\\/\\\/www.copealcoy.es\\\/es\\\/alcoy-festeja-a-santa-cecilia\\\/\"},\"wordCount\":236,\"commentCount\":0,\"image\":{\"@id\":\"https:\\\/\\\/www.copealcoy.es\\\/es\\\/alcoy-festeja-a-santa-cecilia\\\/#primaryimage\"},\"thumbnailUrl\":\"https:\\\/\\\/www.copealcoy.es\\\/wp-content\\\/uploads\\\/2015\\\/11\\\/CUW3UdIVEAQilxq.jpg\",\"keywords\":[\"Alcoy\",\"Bandas\",\"M\u00fasica\",\"Santa Cecilia\"],\"articleSection\":[\"Alcoy\",\"Fiesta y Cultura\",\"Noticias\"],\"inLanguage\":\"es\"},{\"@type\":\"WebPage\",\"@id\":\"https:\\\/\\\/www.copealcoy.es\\\/es\\\/alcoy-festeja-a-santa-cecilia\\\/\",\"url\":\"https:\\\/\\\/www.copealcoy.es\\\/es\\\/alcoy-festeja-a-santa-cecilia\\\/\",\"name\":\"Alcoy festeja a Santa Cecilia - COPE Alcoy\",\"isPartOf\":{\"@id\":\"https:\\\/\\\/www.copealcoy.es\\\/es\\\/#website\"},\"primaryImageOfPage\":{\"@id\":\"https:\\\/\\\/www.copealcoy.es\\\/es\\\/alcoy-festeja-a-santa-cecilia\\\/#primaryimage\"},\"image\":{\"@id\":\"https:\\\/\\\/www.copealcoy.es\\\/es\\\/alcoy-festeja-a-santa-cecilia\\\/#primaryimage\"},\"thumbnailUrl\":\"https:\\\/\\\/www.copealcoy.es\\\/wp-content\\\/uploads\\\/2015\\\/11\\\/CUW3UdIVEAQilxq.jpg\",\"datePublished\":\"2015-11-22T22:04:06+00:00\",\"author\":{\"@id\":\"https:\\\/\\\/www.copealcoy.es\\\/es\\\/#\\\/schema\\\/person\\\/e777c87fa024e57d40170af9df39882c\"},\"breadcrumb\":{\"@id\":\"https:\\\/\\\/www.copealcoy.es\\\/es\\\/alcoy-festeja-a-santa-cecilia\\\/#breadcrumb\"},\"inLanguage\":\"es\",\"potentialAction\":[{\"@type\":\"ReadAction\",\"target\":[\"https:\\\/\\\/www.copealcoy.es\\\/es\\\/alcoy-festeja-a-santa-cecilia\\\/\"]}]},{\"@type\":\"ImageObject\",\"inLanguage\":\"es\",\"@id\":\"https:\\\/\\\/www.copealcoy.es\\\/es\\\/alcoy-festeja-a-santa-cecilia\\\/#primaryimage\",\"url\":\"https:\\\/\\\/www.copealcoy.es\\\/wp-content\\\/uploads\\\/2015\\\/11\\\/CUW3UdIVEAQilxq.jpg\",\"contentUrl\":\"https:\\\/\\\/www.copealcoy.es\\\/wp-content\\\/uploads\\\/2015\\\/11\\\/CUW3UdIVEAQilxq.jpg\",\"width\":600,\"height\":450,\"caption\":\"El concierto tuvo lugar en el Teatro Calder\u00f3n\"},{\"@type\":\"BreadcrumbList\",\"@id\":\"https:\\\/\\\/www.copealcoy.es\\\/es\\\/alcoy-festeja-a-santa-cecilia\\\/#breadcrumb\",\"itemListElement\":[{\"@type\":\"ListItem\",\"position\":1,\"name\":\"Portada\",\"item\":\"https:\\\/\\\/www.copealcoy.es\\\/es\\\/\"},{\"@type\":\"ListItem\",\"position\":2,\"name\":\"Alcoy festeja a Santa Cecilia\"}]},{\"@type\":\"WebSite\",\"@id\":\"https:\\\/\\\/www.copealcoy.es\\\/es\\\/#website\",\"url\":\"https:\\\/\\\/www.copealcoy.es\\\/es\\\/\",\"name\":\"COPE Alcoy\",\"description\":\"Emisora COPE de radio local con emisi\u00f3n online. Pont de Sant Jordi 8-10 03803 Alcoy\",\"potentialAction\":[{\"@type\":\"SearchAction\",\"target\":{\"@type\":\"EntryPoint\",\"urlTemplate\":\"https:\\\/\\\/www.copealcoy.es\\\/es\\\/?s={search_term_string}\"},\"query-input\":{\"@type\":\"PropertyValueSpecification\",\"valueRequired\":true,\"valueName\":\"search_term_string\"}}],\"inLanguage\":\"es\"},{\"@type\":\"Person\",\"@id\":\"https:\\\/\\\/www.copealcoy.es\\\/es\\\/#\\\/schema\\\/person\\\/e777c87fa024e57d40170af9df39882c\",\"name\":\"Cope Alcoy\",\"image\":{\"@type\":\"ImageObject\",\"inLanguage\":\"es\",\"@id\":\"https:\\\/\\\/secure.gravatar.com\\\/avatar\\\/bb65d0283347e303893ba14f0692005417c1e0e690a325a4c5d8bb2b3943ee14?s=96&d=mm&r=g\",\"url\":\"https:\\\/\\\/secure.gravatar.com\\\/avatar\\\/bb65d0283347e303893ba14f0692005417c1e0e690a325a4c5d8bb2b3943ee14?s=96&d=mm&r=g\",\"contentUrl\":\"https:\\\/\\\/secure.gravatar.com\\\/avatar\\\/bb65d0283347e303893ba14f0692005417c1e0e690a325a4c5d8bb2b3943ee14?s=96&d=mm&r=g\",\"caption\":\"Cope Alcoy\"}}]}<\/script>\n<!-- \/ Yoast SEO plugin. -->","yoast_head_json":{"title":"Alcoy festeja a Santa Cecilia - COPE Alcoy","robots":{"index":"index","follow":"follow","max-snippet":"max-snippet:-1","max-image-preview":"max-image-preview:large","max-video-preview":"max-video-preview:-1"},"canonical":"https:\/\/www.copealcoy.es\/es\/alcoy-festeja-a-santa-cecilia\/","og_locale":"es_ES","og_type":"article","og_title":"Alcoy festeja a Santa Cecilia - COPE Alcoy","og_description":"Alcoy ha celebrado\u00a0este fin de semana la festividad de la patrona de los m\u00fasicos, Santa Cecilia, con dos conciertos, una...","og_url":"https:\/\/www.copealcoy.es\/es\/alcoy-festeja-a-santa-cecilia\/","og_site_name":"COPE Alcoy","article_published_time":"2015-11-22T22:04:06+00:00","og_image":[{"width":600,"height":450,"url":"https:\/\/www.copealcoy.es\/wp-content\/uploads\/2015\/11\/CUW3UdIVEAQilxq.jpg","type":"image\/jpeg"}],"author":"Cope Alcoy","twitter_misc":{"Escrito por":"Cope Alcoy","Tiempo de lectura":"1 minuto"},"schema":{"@context":"https:\/\/schema.org","@graph":[{"@type":"Article","@id":"https:\/\/www.copealcoy.es\/es\/alcoy-festeja-a-santa-cecilia\/#article","isPartOf":{"@id":"https:\/\/www.copealcoy.es\/es\/alcoy-festeja-a-santa-cecilia\/"},"author":{"name":"Cope Alcoy","@id":"https:\/\/www.copealcoy.es\/es\/#\/schema\/person\/e777c87fa024e57d40170af9df39882c"},"headline":"Alcoy festeja a Santa Cecilia","datePublished":"2015-11-22T22:04:06+00:00","mainEntityOfPage":{"@id":"https:\/\/www.copealcoy.es\/es\/alcoy-festeja-a-santa-cecilia\/"},"wordCount":236,"commentCount":0,"image":{"@id":"https:\/\/www.copealcoy.es\/es\/alcoy-festeja-a-santa-cecilia\/#primaryimage"},"thumbnailUrl":"https:\/\/www.copealcoy.es\/wp-content\/uploads\/2015\/11\/CUW3UdIVEAQilxq.jpg","keywords":["Alcoy","Bandas","M\u00fasica","Santa Cecilia"],"articleSection":["Alcoy","Fiesta y Cultura","Noticias"],"inLanguage":"es"},{"@type":"WebPage","@id":"https:\/\/www.copealcoy.es\/es\/alcoy-festeja-a-santa-cecilia\/","url":"https:\/\/www.copealcoy.es\/es\/alcoy-festeja-a-santa-cecilia\/","name":"Alcoy festeja a Santa Cecilia - COPE Alcoy","isPartOf":{"@id":"https:\/\/www.copealcoy.es\/es\/#website"},"primaryImageOfPage":{"@id":"https:\/\/www.copealcoy.es\/es\/alcoy-festeja-a-santa-cecilia\/#primaryimage"},"image":{"@id":"https:\/\/www.copealcoy.es\/es\/alcoy-festeja-a-santa-cecilia\/#primaryimage"},"thumbnailUrl":"https:\/\/www.copealcoy.es\/wp-content\/uploads\/2015\/11\/CUW3UdIVEAQilxq.jpg","datePublished":"2015-11-22T22:04:06+00:00","author":{"@id":"https:\/\/www.copealcoy.es\/es\/#\/schema\/person\/e777c87fa024e57d40170af9df39882c"},"breadcrumb":{"@id":"https:\/\/www.copealcoy.es\/es\/alcoy-festeja-a-santa-cecilia\/#breadcrumb"},"inLanguage":"es","potentialAction":[{"@type":"ReadAction","target":["https:\/\/www.copealcoy.es\/es\/alcoy-festeja-a-santa-cecilia\/"]}]},{"@type":"ImageObject","inLanguage":"es","@id":"https:\/\/www.copealcoy.es\/es\/alcoy-festeja-a-santa-cecilia\/#primaryimage","url":"https:\/\/www.copealcoy.es\/wp-content\/uploads\/2015\/11\/CUW3UdIVEAQilxq.jpg","contentUrl":"https:\/\/www.copealcoy.es\/wp-content\/uploads\/2015\/11\/CUW3UdIVEAQilxq.jpg","width":600,"height":450,"caption":"El concierto tuvo lugar en el Teatro Calder\u00f3n"},{"@type":"BreadcrumbList","@id":"https:\/\/www.copealcoy.es\/es\/alcoy-festeja-a-santa-cecilia\/#breadcrumb","itemListElement":[{"@type":"ListItem","position":1,"name":"Portada","item":"https:\/\/www.copealcoy.es\/es\/"},{"@type":"ListItem","position":2,"name":"Alcoy festeja a Santa Cecilia"}]},{"@type":"WebSite","@id":"https:\/\/www.copealcoy.es\/es\/#website","url":"https:\/\/www.copealcoy.es\/es\/","name":"COPE Alcoy","description":"Emisora COPE de radio local con emisi\u00f3n online. Pont de Sant Jordi 8-10 03803 Alcoy","potentialAction":[{"@type":"SearchAction","target":{"@type":"EntryPoint","urlTemplate":"https:\/\/www.copealcoy.es\/es\/?s={search_term_string}"},"query-input":{"@type":"PropertyValueSpecification","valueRequired":true,"valueName":"search_term_string"}}],"inLanguage":"es"},{"@type":"Person","@id":"https:\/\/www.copealcoy.es\/es\/#\/schema\/person\/e777c87fa024e57d40170af9df39882c","name":"Cope Alcoy","image":{"@type":"ImageObject","inLanguage":"es","@id":"https:\/\/secure.gravatar.com\/avatar\/bb65d0283347e303893ba14f0692005417c1e0e690a325a4c5d8bb2b3943ee14?s=96&d=mm&r=g","url":"https:\/\/secure.gravatar.com\/avatar\/bb65d0283347e303893ba14f0692005417c1e0e690a325a4c5d8bb2b3943ee14?s=96&d=mm&r=g","contentUrl":"https:\/\/secure.gravatar.com\/avatar\/bb65d0283347e303893ba14f0692005417c1e0e690a325a4c5d8bb2b3943ee14?s=96&d=mm&r=g","caption":"Cope Alcoy"}}]}},"_links":{"self":[{"href":"https:\/\/www.copealcoy.es\/es\/wp-json\/wp\/v2\/posts\/17187","targetHints":{"allow":["GET"]}}],"collection":[{"href":"https:\/\/www.copealcoy.es\/es\/wp-json\/wp\/v2\/posts"}],"about":[{"href":"https:\/\/www.copealcoy.es\/es\/wp-json\/wp\/v2\/types\/post"}],"author":[{"embeddable":true,"href":"https:\/\/www.copealcoy.es\/es\/wp-json\/wp\/v2\/users\/1"}],"replies":[{"embeddable":true,"href":"https:\/\/www.copealcoy.es\/es\/wp-json\/wp\/v2\/comments?post=17187"}],"version-history":[{"count":0,"href":"https:\/\/www.copealcoy.es\/es\/wp-json\/wp\/v2\/posts\/17187\/revisions"}],"wp:featuredmedia":[{"embeddable":true,"href":"https:\/\/www.copealcoy.es\/es\/wp-json\/wp\/v2\/media\/17188"}],"wp:attachment":[{"href":"https:\/\/www.copealcoy.es\/es\/wp-json\/wp\/v2\/media?parent=17187"}],"wp:term":[{"taxonomy":"category","embeddable":true,"href":"https:\/\/www.copealcoy.es\/es\/wp-json\/wp\/v2\/categories?post=17187"},{"taxonomy":"post_tag","embeddable":true,"href":"https:\/\/www.copealcoy.es\/es\/wp-json\/wp\/v2\/tags?post=17187"}],"curies":[{"name":"wp","href":"https:\/\/api.w.org\/{rel}","templated":true}]}}