{"id":17138,"date":"2015-11-19T08:46:34","date_gmt":"2015-11-19T08:46:34","guid":{"rendered":"http:\/\/copealcoi.es\/new\/?p=17138"},"modified":"2015-11-19T22:00:36","modified_gmt":"2015-11-19T22:00:36","slug":"puig-se-compromete-a-agilizar-la-subestacion-electrica-de-la-foia","status":"publish","type":"post","link":"https:\/\/www.copealcoy.es\/es\/puig-se-compromete-a-agilizar-la-subestacion-electrica-de-la-foia\/","title":{"rendered":"Puig se compromete a agilizar la subestaci\u00f3n el\u00e9ctrica de la Foia"},"content":{"rendered":"<p style=\"text-align: justify;\">El Presidente de la Generalitat Valenciana, Ximo Puig, visit\u00f3 ayer el Ayuntamiento de\u00a0Castalla<strong>,<\/strong> recorri\u00f3 las instalaciones de\u00a0Actiu<strong>,<\/strong> donde se reuni\u00f3 con un centenar de\u00a0empresarios de La Foia<strong>,<\/strong> y se mostr\u00f3 partidario de respaldar a los consistorios de la zona\u00a0en su demanda contra Iberdrola\u00a0por no dotar de suministro el\u00e9ctrico suficiente para que la comarca pueda expandir su industria. El jefe del Consell manifest\u00f3 su preocupaci\u00f3n por la construcci\u00f3n de la subestaci\u00f3n el\u00e9ctrica de Castalla que deb\u00eda comenzar a construirse en el 2018 y ha quedado aplazada hasta el 2020 &#8220;no se puede entender que eso suceda en un espacio industrial en continuo crecimiento y\u00a0la Generalitat\u00a0est\u00e1 comprometida a desbloquear esta situaci\u00f3n, va a estar al lado de los ayuntamientos y de los empresarios para si lo consideran oportuno, estudiar la demanda y sumarse de la forma que sea m\u00e1s efectiva&#8221;, indic\u00f3 Puig. Adem\u00e1s se comprometi\u00f3 a presionar al Ejecutivo Central para que adelante los plazos de construcci\u00f3n de esta infraestructura .<\/p>\n<p style=\"text-align: justify;\">Por otra parte Ximo Puig abog\u00f3 por un cambio en el modelo productivo basado en la innovaci\u00f3n &#8220;impulsado\u00a0el crecimiento econ\u00f3mico, \u00a0la modernizaci\u00f3n\u201d\u00a0mediante la ayuda a las empresas,\u00a0\u201clas encargadas de crear puestos de trabajo\u201d,\u00a0indic\u00f3. Finalmente asever\u00f3 que l\u00b4 Alcoi\u00e0 est\u00e1 experimentado cientos indicios de recuperaci\u00f3n econ\u00f3mica &#8220;gracias a los esfuerzos de empresas y trabajadores\u201d\u00a0y tambi\u00e9n\u00a0\u00a0&#8220;a\u00a0la capacidad de internacionalizaci\u00f3n que ha tenido la econom\u00eda valenciana&#8221;, concluy\u00f3.<\/p>\n<p>&nbsp;<\/p>\n<p>&nbsp;<\/p>\n","protected":false},"excerpt":{"rendered":"<p>El Presidente de la Generalitat Valenciana, Ximo Puig, visit\u00f3 ayer el Ayuntamiento de\u00a0Castalla, recorri\u00f3 las instalaciones de\u00a0Actiu, donde se reuni\u00f3&#8230;<\/p>\n","protected":false},"author":1,"featured_media":17139,"comment_status":"open","ping_status":"open","sticky":false,"template":"","format":"standard","meta":{"footnotes":""},"categories":[98,75],"tags":[482,1619,390,394,243,433,1479,1620],"class_list":["post-17138","post","type-post","status-publish","format-standard","has-post-thumbnail","hentry","category-comarcas","category-noticias","tag-alcoia","tag-castalla","tag-economia","tag-empleo","tag-generalitat","tag-industria","tag-president","tag-subestacion"],"yoast_head":"<!-- This site is optimized with the Yoast SEO plugin v27.3 - https:\/\/yoast.com\/product\/yoast-seo-wordpress\/ -->\n<title>Puig se compromete a agilizar la subestaci\u00f3n el\u00e9ctrica de la Foia - COPE Alcoy<\/title>\n<meta name=\"robots\" content=\"index, follow, max-snippet:-1, max-image-preview:large, max-video-preview:-1\" \/>\n<link rel=\"canonical\" href=\"https:\/\/www.copealcoy.es\/es\/puig-se-compromete-a-agilizar-la-subestacion-electrica-de-la-foia\/\" \/>\n<meta property=\"og:locale\" content=\"es_ES\" \/>\n<meta property=\"og:type\" content=\"article\" \/>\n<meta property=\"og:title\" content=\"Puig se compromete a agilizar la subestaci\u00f3n el\u00e9ctrica de la Foia - COPE Alcoy\" \/>\n<meta property=\"og:description\" content=\"El Presidente de la Generalitat Valenciana, Ximo Puig, visit\u00f3 ayer el Ayuntamiento de\u00a0Castalla, recorri\u00f3 las instalaciones de\u00a0Actiu, donde se reuni\u00f3...\" \/>\n<meta property=\"og:url\" content=\"https:\/\/www.copealcoy.es\/es\/puig-se-compromete-a-agilizar-la-subestacion-electrica-de-la-foia\/\" \/>\n<meta property=\"og:site_name\" content=\"COPE Alcoy\" \/>\n<meta property=\"article:published_time\" content=\"2015-11-19T08:46:34+00:00\" \/>\n<meta property=\"article:modified_time\" content=\"2015-11-19T22:00:36+00:00\" \/>\n<meta property=\"og:image\" content=\"https:\/\/www.copealcoy.es\/wp-content\/uploads\/2015\/11\/actiu-300x200.jpg\" \/>\n\t<meta property=\"og:image:width\" content=\"300\" \/>\n\t<meta property=\"og:image:height\" content=\"200\" \/>\n\t<meta property=\"og:image:type\" content=\"image\/jpeg\" \/>\n<meta name=\"author\" content=\"Cope Alcoy\" \/>\n<meta name=\"twitter:label1\" content=\"Escrito por\" \/>\n\t<meta name=\"twitter:data1\" content=\"Cope Alcoy\" \/>\n\t<meta name=\"twitter:label2\" content=\"Tiempo de lectura\" \/>\n\t<meta name=\"twitter:data2\" content=\"1 minuto\" \/>\n<script type=\"application\/ld+json\" class=\"yoast-schema-graph\">{\"@context\":\"https:\\\/\\\/schema.org\",\"@graph\":[{\"@type\":\"Article\",\"@id\":\"https:\\\/\\\/www.copealcoy.es\\\/es\\\/puig-se-compromete-a-agilizar-la-subestacion-electrica-de-la-foia\\\/#article\",\"isPartOf\":{\"@id\":\"https:\\\/\\\/www.copealcoy.es\\\/es\\\/puig-se-compromete-a-agilizar-la-subestacion-electrica-de-la-foia\\\/\"},\"author\":{\"name\":\"Cope Alcoy\",\"@id\":\"https:\\\/\\\/www.copealcoy.es\\\/es\\\/#\\\/schema\\\/person\\\/e777c87fa024e57d40170af9df39882c\"},\"headline\":\"Puig se compromete a agilizar la subestaci\u00f3n el\u00e9ctrica de la Foia\",\"datePublished\":\"2015-11-19T08:46:34+00:00\",\"dateModified\":\"2015-11-19T22:00:36+00:00\",\"mainEntityOfPage\":{\"@id\":\"https:\\\/\\\/www.copealcoy.es\\\/es\\\/puig-se-compromete-a-agilizar-la-subestacion-electrica-de-la-foia\\\/\"},\"wordCount\":267,\"commentCount\":0,\"image\":{\"@id\":\"https:\\\/\\\/www.copealcoy.es\\\/es\\\/puig-se-compromete-a-agilizar-la-subestacion-electrica-de-la-foia\\\/#primaryimage\"},\"thumbnailUrl\":\"https:\\\/\\\/www.copealcoy.es\\\/wp-content\\\/uploads\\\/2015\\\/11\\\/actiu-300x200.jpg\",\"keywords\":[\"Alcoi\u00e0\",\"Castalla\",\"Econom\u00eda\",\"Empleo\",\"Generalitat\",\"Industria\",\"President\",\"Subestaci\u00f3n\"],\"articleSection\":[\"Comarcas\",\"Noticias\"],\"inLanguage\":\"es\"},{\"@type\":\"WebPage\",\"@id\":\"https:\\\/\\\/www.copealcoy.es\\\/es\\\/puig-se-compromete-a-agilizar-la-subestacion-electrica-de-la-foia\\\/\",\"url\":\"https:\\\/\\\/www.copealcoy.es\\\/es\\\/puig-se-compromete-a-agilizar-la-subestacion-electrica-de-la-foia\\\/\",\"name\":\"Puig se compromete a agilizar la subestaci\u00f3n el\u00e9ctrica de la Foia - COPE Alcoy\",\"isPartOf\":{\"@id\":\"https:\\\/\\\/www.copealcoy.es\\\/es\\\/#website\"},\"primaryImageOfPage\":{\"@id\":\"https:\\\/\\\/www.copealcoy.es\\\/es\\\/puig-se-compromete-a-agilizar-la-subestacion-electrica-de-la-foia\\\/#primaryimage\"},\"image\":{\"@id\":\"https:\\\/\\\/www.copealcoy.es\\\/es\\\/puig-se-compromete-a-agilizar-la-subestacion-electrica-de-la-foia\\\/#primaryimage\"},\"thumbnailUrl\":\"https:\\\/\\\/www.copealcoy.es\\\/wp-content\\\/uploads\\\/2015\\\/11\\\/actiu-300x200.jpg\",\"datePublished\":\"2015-11-19T08:46:34+00:00\",\"dateModified\":\"2015-11-19T22:00:36+00:00\",\"author\":{\"@id\":\"https:\\\/\\\/www.copealcoy.es\\\/es\\\/#\\\/schema\\\/person\\\/e777c87fa024e57d40170af9df39882c\"},\"breadcrumb\":{\"@id\":\"https:\\\/\\\/www.copealcoy.es\\\/es\\\/puig-se-compromete-a-agilizar-la-subestacion-electrica-de-la-foia\\\/#breadcrumb\"},\"inLanguage\":\"es\",\"potentialAction\":[{\"@type\":\"ReadAction\",\"target\":[\"https:\\\/\\\/www.copealcoy.es\\\/es\\\/puig-se-compromete-a-agilizar-la-subestacion-electrica-de-la-foia\\\/\"]}]},{\"@type\":\"ImageObject\",\"inLanguage\":\"es\",\"@id\":\"https:\\\/\\\/www.copealcoy.es\\\/es\\\/puig-se-compromete-a-agilizar-la-subestacion-electrica-de-la-foia\\\/#primaryimage\",\"url\":\"https:\\\/\\\/www.copealcoy.es\\\/wp-content\\\/uploads\\\/2015\\\/11\\\/actiu-300x200.jpg\",\"contentUrl\":\"https:\\\/\\\/www.copealcoy.es\\\/wp-content\\\/uploads\\\/2015\\\/11\\\/actiu-300x200.jpg\",\"width\":300,\"height\":200,\"caption\":\"Ximo Puig recorri\u00f3 las instalaciones de ACTIU\"},{\"@type\":\"BreadcrumbList\",\"@id\":\"https:\\\/\\\/www.copealcoy.es\\\/es\\\/puig-se-compromete-a-agilizar-la-subestacion-electrica-de-la-foia\\\/#breadcrumb\",\"itemListElement\":[{\"@type\":\"ListItem\",\"position\":1,\"name\":\"Portada\",\"item\":\"https:\\\/\\\/www.copealcoy.es\\\/es\\\/\"},{\"@type\":\"ListItem\",\"position\":2,\"name\":\"Puig se compromete a agilizar la subestaci\u00f3n el\u00e9ctrica de la Foia\"}]},{\"@type\":\"WebSite\",\"@id\":\"https:\\\/\\\/www.copealcoy.es\\\/es\\\/#website\",\"url\":\"https:\\\/\\\/www.copealcoy.es\\\/es\\\/\",\"name\":\"COPE Alcoy\",\"description\":\"Emisora COPE de radio local con emisi\u00f3n online. Pont de Sant Jordi 8-10 03803 Alcoy\",\"potentialAction\":[{\"@type\":\"SearchAction\",\"target\":{\"@type\":\"EntryPoint\",\"urlTemplate\":\"https:\\\/\\\/www.copealcoy.es\\\/es\\\/?s={search_term_string}\"},\"query-input\":{\"@type\":\"PropertyValueSpecification\",\"valueRequired\":true,\"valueName\":\"search_term_string\"}}],\"inLanguage\":\"es\"},{\"@type\":\"Person\",\"@id\":\"https:\\\/\\\/www.copealcoy.es\\\/es\\\/#\\\/schema\\\/person\\\/e777c87fa024e57d40170af9df39882c\",\"name\":\"Cope Alcoy\",\"image\":{\"@type\":\"ImageObject\",\"inLanguage\":\"es\",\"@id\":\"https:\\\/\\\/secure.gravatar.com\\\/avatar\\\/bb65d0283347e303893ba14f0692005417c1e0e690a325a4c5d8bb2b3943ee14?s=96&d=mm&r=g\",\"url\":\"https:\\\/\\\/secure.gravatar.com\\\/avatar\\\/bb65d0283347e303893ba14f0692005417c1e0e690a325a4c5d8bb2b3943ee14?s=96&d=mm&r=g\",\"contentUrl\":\"https:\\\/\\\/secure.gravatar.com\\\/avatar\\\/bb65d0283347e303893ba14f0692005417c1e0e690a325a4c5d8bb2b3943ee14?s=96&d=mm&r=g\",\"caption\":\"Cope Alcoy\"}}]}<\/script>\n<!-- \/ Yoast SEO plugin. -->","yoast_head_json":{"title":"Puig se compromete a agilizar la subestaci\u00f3n el\u00e9ctrica de la Foia - COPE Alcoy","robots":{"index":"index","follow":"follow","max-snippet":"max-snippet:-1","max-image-preview":"max-image-preview:large","max-video-preview":"max-video-preview:-1"},"canonical":"https:\/\/www.copealcoy.es\/es\/puig-se-compromete-a-agilizar-la-subestacion-electrica-de-la-foia\/","og_locale":"es_ES","og_type":"article","og_title":"Puig se compromete a agilizar la subestaci\u00f3n el\u00e9ctrica de la Foia - COPE Alcoy","og_description":"El Presidente de la Generalitat Valenciana, Ximo Puig, visit\u00f3 ayer el Ayuntamiento de\u00a0Castalla, recorri\u00f3 las instalaciones de\u00a0Actiu, donde se reuni\u00f3...","og_url":"https:\/\/www.copealcoy.es\/es\/puig-se-compromete-a-agilizar-la-subestacion-electrica-de-la-foia\/","og_site_name":"COPE Alcoy","article_published_time":"2015-11-19T08:46:34+00:00","article_modified_time":"2015-11-19T22:00:36+00:00","og_image":[{"width":300,"height":200,"url":"https:\/\/www.copealcoy.es\/wp-content\/uploads\/2015\/11\/actiu-300x200.jpg","type":"image\/jpeg"}],"author":"Cope Alcoy","twitter_misc":{"Escrito por":"Cope Alcoy","Tiempo de lectura":"1 minuto"},"schema":{"@context":"https:\/\/schema.org","@graph":[{"@type":"Article","@id":"https:\/\/www.copealcoy.es\/es\/puig-se-compromete-a-agilizar-la-subestacion-electrica-de-la-foia\/#article","isPartOf":{"@id":"https:\/\/www.copealcoy.es\/es\/puig-se-compromete-a-agilizar-la-subestacion-electrica-de-la-foia\/"},"author":{"name":"Cope Alcoy","@id":"https:\/\/www.copealcoy.es\/es\/#\/schema\/person\/e777c87fa024e57d40170af9df39882c"},"headline":"Puig se compromete a agilizar la subestaci\u00f3n el\u00e9ctrica de la Foia","datePublished":"2015-11-19T08:46:34+00:00","dateModified":"2015-11-19T22:00:36+00:00","mainEntityOfPage":{"@id":"https:\/\/www.copealcoy.es\/es\/puig-se-compromete-a-agilizar-la-subestacion-electrica-de-la-foia\/"},"wordCount":267,"commentCount":0,"image":{"@id":"https:\/\/www.copealcoy.es\/es\/puig-se-compromete-a-agilizar-la-subestacion-electrica-de-la-foia\/#primaryimage"},"thumbnailUrl":"https:\/\/www.copealcoy.es\/wp-content\/uploads\/2015\/11\/actiu-300x200.jpg","keywords":["Alcoi\u00e0","Castalla","Econom\u00eda","Empleo","Generalitat","Industria","President","Subestaci\u00f3n"],"articleSection":["Comarcas","Noticias"],"inLanguage":"es"},{"@type":"WebPage","@id":"https:\/\/www.copealcoy.es\/es\/puig-se-compromete-a-agilizar-la-subestacion-electrica-de-la-foia\/","url":"https:\/\/www.copealcoy.es\/es\/puig-se-compromete-a-agilizar-la-subestacion-electrica-de-la-foia\/","name":"Puig se compromete a agilizar la subestaci\u00f3n el\u00e9ctrica de la Foia - COPE Alcoy","isPartOf":{"@id":"https:\/\/www.copealcoy.es\/es\/#website"},"primaryImageOfPage":{"@id":"https:\/\/www.copealcoy.es\/es\/puig-se-compromete-a-agilizar-la-subestacion-electrica-de-la-foia\/#primaryimage"},"image":{"@id":"https:\/\/www.copealcoy.es\/es\/puig-se-compromete-a-agilizar-la-subestacion-electrica-de-la-foia\/#primaryimage"},"thumbnailUrl":"https:\/\/www.copealcoy.es\/wp-content\/uploads\/2015\/11\/actiu-300x200.jpg","datePublished":"2015-11-19T08:46:34+00:00","dateModified":"2015-11-19T22:00:36+00:00","author":{"@id":"https:\/\/www.copealcoy.es\/es\/#\/schema\/person\/e777c87fa024e57d40170af9df39882c"},"breadcrumb":{"@id":"https:\/\/www.copealcoy.es\/es\/puig-se-compromete-a-agilizar-la-subestacion-electrica-de-la-foia\/#breadcrumb"},"inLanguage":"es","potentialAction":[{"@type":"ReadAction","target":["https:\/\/www.copealcoy.es\/es\/puig-se-compromete-a-agilizar-la-subestacion-electrica-de-la-foia\/"]}]},{"@type":"ImageObject","inLanguage":"es","@id":"https:\/\/www.copealcoy.es\/es\/puig-se-compromete-a-agilizar-la-subestacion-electrica-de-la-foia\/#primaryimage","url":"https:\/\/www.copealcoy.es\/wp-content\/uploads\/2015\/11\/actiu-300x200.jpg","contentUrl":"https:\/\/www.copealcoy.es\/wp-content\/uploads\/2015\/11\/actiu-300x200.jpg","width":300,"height":200,"caption":"Ximo Puig recorri\u00f3 las instalaciones de ACTIU"},{"@type":"BreadcrumbList","@id":"https:\/\/www.copealcoy.es\/es\/puig-se-compromete-a-agilizar-la-subestacion-electrica-de-la-foia\/#breadcrumb","itemListElement":[{"@type":"ListItem","position":1,"name":"Portada","item":"https:\/\/www.copealcoy.es\/es\/"},{"@type":"ListItem","position":2,"name":"Puig se compromete a agilizar la subestaci\u00f3n el\u00e9ctrica de la Foia"}]},{"@type":"WebSite","@id":"https:\/\/www.copealcoy.es\/es\/#website","url":"https:\/\/www.copealcoy.es\/es\/","name":"COPE Alcoy","description":"Emisora COPE de radio local con emisi\u00f3n online. Pont de Sant Jordi 8-10 03803 Alcoy","potentialAction":[{"@type":"SearchAction","target":{"@type":"EntryPoint","urlTemplate":"https:\/\/www.copealcoy.es\/es\/?s={search_term_string}"},"query-input":{"@type":"PropertyValueSpecification","valueRequired":true,"valueName":"search_term_string"}}],"inLanguage":"es"},{"@type":"Person","@id":"https:\/\/www.copealcoy.es\/es\/#\/schema\/person\/e777c87fa024e57d40170af9df39882c","name":"Cope Alcoy","image":{"@type":"ImageObject","inLanguage":"es","@id":"https:\/\/secure.gravatar.com\/avatar\/bb65d0283347e303893ba14f0692005417c1e0e690a325a4c5d8bb2b3943ee14?s=96&d=mm&r=g","url":"https:\/\/secure.gravatar.com\/avatar\/bb65d0283347e303893ba14f0692005417c1e0e690a325a4c5d8bb2b3943ee14?s=96&d=mm&r=g","contentUrl":"https:\/\/secure.gravatar.com\/avatar\/bb65d0283347e303893ba14f0692005417c1e0e690a325a4c5d8bb2b3943ee14?s=96&d=mm&r=g","caption":"Cope Alcoy"}}]}},"_links":{"self":[{"href":"https:\/\/www.copealcoy.es\/es\/wp-json\/wp\/v2\/posts\/17138","targetHints":{"allow":["GET"]}}],"collection":[{"href":"https:\/\/www.copealcoy.es\/es\/wp-json\/wp\/v2\/posts"}],"about":[{"href":"https:\/\/www.copealcoy.es\/es\/wp-json\/wp\/v2\/types\/post"}],"author":[{"embeddable":true,"href":"https:\/\/www.copealcoy.es\/es\/wp-json\/wp\/v2\/users\/1"}],"replies":[{"embeddable":true,"href":"https:\/\/www.copealcoy.es\/es\/wp-json\/wp\/v2\/comments?post=17138"}],"version-history":[{"count":0,"href":"https:\/\/www.copealcoy.es\/es\/wp-json\/wp\/v2\/posts\/17138\/revisions"}],"wp:featuredmedia":[{"embeddable":true,"href":"https:\/\/www.copealcoy.es\/es\/wp-json\/wp\/v2\/media\/17139"}],"wp:attachment":[{"href":"https:\/\/www.copealcoy.es\/es\/wp-json\/wp\/v2\/media?parent=17138"}],"wp:term":[{"taxonomy":"category","embeddable":true,"href":"https:\/\/www.copealcoy.es\/es\/wp-json\/wp\/v2\/categories?post=17138"},{"taxonomy":"post_tag","embeddable":true,"href":"https:\/\/www.copealcoy.es\/es\/wp-json\/wp\/v2\/tags?post=17138"}],"curies":[{"name":"wp","href":"https:\/\/api.w.org\/{rel}","templated":true}]}}