{"id":17131,"date":"2015-11-19T06:15:58","date_gmt":"2015-11-19T06:15:58","guid":{"rendered":"http:\/\/copealcoi.es\/new\/?p=17131"},"modified":"2015-11-19T21:28:34","modified_gmt":"2015-11-19T21:28:34","slug":"primeros-pasos-para-declarar-la-fira-bic","status":"publish","type":"post","link":"https:\/\/www.copealcoy.es\/es\/primeros-pasos-para-declarar-la-fira-bic\/","title":{"rendered":"Primeros pasos para declarar la Fira BIC"},"content":{"rendered":"<p style=\"text-align: justify;\">El Ayuntamiento de Cocentaina ha iniciado ya los tr\u00e1mites para conseguir que la Fira de Tots Sants sea declarada Bien de Inter\u00e9s Cultural Inmaterial tal y como anunci\u00f3 el Presidente de la Generalitat, Ximo Puig, en el transcurso del acto de la inauguraci\u00f3n oficial el pasado 30 de octubre. La alcaldesa, Mireia Estepa, y la t\u00e9cnico de Patrimonio del Consistorio, Elisa Dom\u00e9nech, han visitado esta semana el Servicio Territorial de la Conseller\u00eda de Cultura para conocer de cerca el procedimiento que se pondr\u00e1 en marcha a partir de ahora.<\/p>\n<p style=\"text-align: justify;\">La primera edil de la Villa Condal ha significado que conseguir este reconocimiento es una prioridad para el Gobierno Municipal &#8220;debemos tener presente que contamos en este proceso con un total apoyo del Presidente de la Generalitat Ximo Puig (como ya manifest\u00f3 durante su visita a la Feria) y de nuestro diputado Rafa Briet. As\u00ed es que esperamos tener pronto\u00a0una Feria declarada BIC para impulsar a continuaci\u00f3n\u00a0la distinci\u00f3n de Fiesta de Inter\u00e9s Tur\u00edstico Internacional&#8221;, asegura.<\/p>\n<p style=\"text-align: justify;\">Finalmente Estepa\u00a0ha explicado al respecto que en primer lugar se elaborar\u00e1\u00a0un anexo descriptivo donde se fundamentan las principales caracter\u00edsticas patrimoniales y culturales de la Fira.\u00a0En este sentido se\u00f1ala que para confeccionar\u00a0este documento se ha decidido constituir una comisi\u00f3n interdisciplinaria que trabaje de forma conjunta las diferentes cuestiones a tratar. Este organismo\u00a0lo integrar\u00e1n diferentes personalidades del municipio\u00a0implicadas, desde un \u00e1mbito u otro, en la celebraci\u00f3n del Certamen Contestano. En las pr\u00f3ximas semanas se iniciar\u00e1 el proceso de constituci\u00f3n de la misma, siempre pendientes en primera instancia de lo que consideren los propios t\u00e9cnicos municipales.<\/p>\n","protected":false},"excerpt":{"rendered":"<p>El Ayuntamiento de Cocentaina ha iniciado ya los tr\u00e1mites para conseguir que la Fira de Tots Sants sea declarada Bien&#8230;<\/p>\n","protected":false},"author":1,"featured_media":17133,"comment_status":"open","ping_status":"open","sticky":false,"template":"","format":"standard","meta":{"footnotes":""},"categories":[98,75],"tags":[1616,132,237,414,1541],"class_list":["post-17131","post","type-post","status-publish","format-standard","has-post-thumbnail","hentry","category-comarcas","category-noticias","tag-bic","tag-cocentaina","tag-comtat","tag-cultura","tag-fira-tots-sants"],"yoast_head":"<!-- This site is optimized with the Yoast SEO plugin v27.3 - https:\/\/yoast.com\/product\/yoast-seo-wordpress\/ -->\n<title>Primeros pasos para declarar la Fira BIC - COPE Alcoy<\/title>\n<meta name=\"robots\" content=\"index, follow, max-snippet:-1, max-image-preview:large, max-video-preview:-1\" \/>\n<link rel=\"canonical\" href=\"https:\/\/www.copealcoy.es\/es\/primeros-pasos-para-declarar-la-fira-bic\/\" \/>\n<meta property=\"og:locale\" content=\"es_ES\" \/>\n<meta property=\"og:type\" content=\"article\" \/>\n<meta property=\"og:title\" content=\"Primeros pasos para declarar la Fira BIC - COPE Alcoy\" \/>\n<meta property=\"og:description\" content=\"El Ayuntamiento de Cocentaina ha iniciado ya los tr\u00e1mites para conseguir que la Fira de Tots Sants sea declarada Bien...\" \/>\n<meta property=\"og:url\" content=\"https:\/\/www.copealcoy.es\/es\/primeros-pasos-para-declarar-la-fira-bic\/\" \/>\n<meta property=\"og:site_name\" content=\"COPE Alcoy\" \/>\n<meta property=\"article:published_time\" content=\"2015-11-19T06:15:58+00:00\" \/>\n<meta property=\"article:modified_time\" content=\"2015-11-19T21:28:34+00:00\" \/>\n<meta property=\"og:image\" content=\"https:\/\/www.copealcoy.es\/wp-content\/uploads\/2015\/11\/151118_fira_BIC_20151119024800.jpg\" \/>\n\t<meta property=\"og:image:width\" content=\"768\" \/>\n\t<meta property=\"og:image:height\" content=\"648\" \/>\n\t<meta property=\"og:image:type\" content=\"image\/jpeg\" \/>\n<meta name=\"author\" content=\"Cope Alcoy\" \/>\n<meta name=\"twitter:label1\" content=\"Escrito por\" \/>\n\t<meta name=\"twitter:data1\" content=\"Cope Alcoy\" \/>\n\t<meta name=\"twitter:label2\" content=\"Tiempo de lectura\" \/>\n\t<meta name=\"twitter:data2\" content=\"1 minuto\" \/>\n<script type=\"application\/ld+json\" class=\"yoast-schema-graph\">{\"@context\":\"https:\\\/\\\/schema.org\",\"@graph\":[{\"@type\":\"Article\",\"@id\":\"https:\\\/\\\/www.copealcoy.es\\\/es\\\/primeros-pasos-para-declarar-la-fira-bic\\\/#article\",\"isPartOf\":{\"@id\":\"https:\\\/\\\/www.copealcoy.es\\\/es\\\/primeros-pasos-para-declarar-la-fira-bic\\\/\"},\"author\":{\"name\":\"Cope Alcoy\",\"@id\":\"https:\\\/\\\/www.copealcoy.es\\\/es\\\/#\\\/schema\\\/person\\\/e777c87fa024e57d40170af9df39882c\"},\"headline\":\"Primeros pasos para declarar la Fira BIC\",\"datePublished\":\"2015-11-19T06:15:58+00:00\",\"dateModified\":\"2015-11-19T21:28:34+00:00\",\"mainEntityOfPage\":{\"@id\":\"https:\\\/\\\/www.copealcoy.es\\\/es\\\/primeros-pasos-para-declarar-la-fira-bic\\\/\"},\"wordCount\":289,\"commentCount\":0,\"image\":{\"@id\":\"https:\\\/\\\/www.copealcoy.es\\\/es\\\/primeros-pasos-para-declarar-la-fira-bic\\\/#primaryimage\"},\"thumbnailUrl\":\"https:\\\/\\\/www.copealcoy.es\\\/wp-content\\\/uploads\\\/2015\\\/11\\\/151118_fira_BIC_20151119024800.jpg\",\"keywords\":[\"BIC\",\"Cocentaina\",\"Comtat\",\"Cultura\",\"Fira Tots Sants\"],\"articleSection\":[\"Comarcas\",\"Noticias\"],\"inLanguage\":\"es\"},{\"@type\":\"WebPage\",\"@id\":\"https:\\\/\\\/www.copealcoy.es\\\/es\\\/primeros-pasos-para-declarar-la-fira-bic\\\/\",\"url\":\"https:\\\/\\\/www.copealcoy.es\\\/es\\\/primeros-pasos-para-declarar-la-fira-bic\\\/\",\"name\":\"Primeros pasos para declarar la Fira BIC - COPE Alcoy\",\"isPartOf\":{\"@id\":\"https:\\\/\\\/www.copealcoy.es\\\/es\\\/#website\"},\"primaryImageOfPage\":{\"@id\":\"https:\\\/\\\/www.copealcoy.es\\\/es\\\/primeros-pasos-para-declarar-la-fira-bic\\\/#primaryimage\"},\"image\":{\"@id\":\"https:\\\/\\\/www.copealcoy.es\\\/es\\\/primeros-pasos-para-declarar-la-fira-bic\\\/#primaryimage\"},\"thumbnailUrl\":\"https:\\\/\\\/www.copealcoy.es\\\/wp-content\\\/uploads\\\/2015\\\/11\\\/151118_fira_BIC_20151119024800.jpg\",\"datePublished\":\"2015-11-19T06:15:58+00:00\",\"dateModified\":\"2015-11-19T21:28:34+00:00\",\"author\":{\"@id\":\"https:\\\/\\\/www.copealcoy.es\\\/es\\\/#\\\/schema\\\/person\\\/e777c87fa024e57d40170af9df39882c\"},\"breadcrumb\":{\"@id\":\"https:\\\/\\\/www.copealcoy.es\\\/es\\\/primeros-pasos-para-declarar-la-fira-bic\\\/#breadcrumb\"},\"inLanguage\":\"es\",\"potentialAction\":[{\"@type\":\"ReadAction\",\"target\":[\"https:\\\/\\\/www.copealcoy.es\\\/es\\\/primeros-pasos-para-declarar-la-fira-bic\\\/\"]}]},{\"@type\":\"ImageObject\",\"inLanguage\":\"es\",\"@id\":\"https:\\\/\\\/www.copealcoy.es\\\/es\\\/primeros-pasos-para-declarar-la-fira-bic\\\/#primaryimage\",\"url\":\"https:\\\/\\\/www.copealcoy.es\\\/wp-content\\\/uploads\\\/2015\\\/11\\\/151118_fira_BIC_20151119024800.jpg\",\"contentUrl\":\"https:\\\/\\\/www.copealcoy.es\\\/wp-content\\\/uploads\\\/2015\\\/11\\\/151118_fira_BIC_20151119024800.jpg\",\"width\":768,\"height\":648,\"caption\":\"Elisa Dom\u00e9nech y Mireia Estepa en su visita al Servicio Territorial de la Conseller\u00eda de Cultura\"},{\"@type\":\"BreadcrumbList\",\"@id\":\"https:\\\/\\\/www.copealcoy.es\\\/es\\\/primeros-pasos-para-declarar-la-fira-bic\\\/#breadcrumb\",\"itemListElement\":[{\"@type\":\"ListItem\",\"position\":1,\"name\":\"Portada\",\"item\":\"https:\\\/\\\/www.copealcoy.es\\\/es\\\/\"},{\"@type\":\"ListItem\",\"position\":2,\"name\":\"Primeros pasos para declarar la Fira BIC\"}]},{\"@type\":\"WebSite\",\"@id\":\"https:\\\/\\\/www.copealcoy.es\\\/es\\\/#website\",\"url\":\"https:\\\/\\\/www.copealcoy.es\\\/es\\\/\",\"name\":\"COPE Alcoy\",\"description\":\"Emisora COPE de radio local con emisi\u00f3n online. Pont de Sant Jordi 8-10 03803 Alcoy\",\"potentialAction\":[{\"@type\":\"SearchAction\",\"target\":{\"@type\":\"EntryPoint\",\"urlTemplate\":\"https:\\\/\\\/www.copealcoy.es\\\/es\\\/?s={search_term_string}\"},\"query-input\":{\"@type\":\"PropertyValueSpecification\",\"valueRequired\":true,\"valueName\":\"search_term_string\"}}],\"inLanguage\":\"es\"},{\"@type\":\"Person\",\"@id\":\"https:\\\/\\\/www.copealcoy.es\\\/es\\\/#\\\/schema\\\/person\\\/e777c87fa024e57d40170af9df39882c\",\"name\":\"Cope Alcoy\",\"image\":{\"@type\":\"ImageObject\",\"inLanguage\":\"es\",\"@id\":\"https:\\\/\\\/secure.gravatar.com\\\/avatar\\\/bb65d0283347e303893ba14f0692005417c1e0e690a325a4c5d8bb2b3943ee14?s=96&d=mm&r=g\",\"url\":\"https:\\\/\\\/secure.gravatar.com\\\/avatar\\\/bb65d0283347e303893ba14f0692005417c1e0e690a325a4c5d8bb2b3943ee14?s=96&d=mm&r=g\",\"contentUrl\":\"https:\\\/\\\/secure.gravatar.com\\\/avatar\\\/bb65d0283347e303893ba14f0692005417c1e0e690a325a4c5d8bb2b3943ee14?s=96&d=mm&r=g\",\"caption\":\"Cope Alcoy\"}}]}<\/script>\n<!-- \/ Yoast SEO plugin. -->","yoast_head_json":{"title":"Primeros pasos para declarar la Fira BIC - COPE Alcoy","robots":{"index":"index","follow":"follow","max-snippet":"max-snippet:-1","max-image-preview":"max-image-preview:large","max-video-preview":"max-video-preview:-1"},"canonical":"https:\/\/www.copealcoy.es\/es\/primeros-pasos-para-declarar-la-fira-bic\/","og_locale":"es_ES","og_type":"article","og_title":"Primeros pasos para declarar la Fira BIC - COPE Alcoy","og_description":"El Ayuntamiento de Cocentaina ha iniciado ya los tr\u00e1mites para conseguir que la Fira de Tots Sants sea declarada Bien...","og_url":"https:\/\/www.copealcoy.es\/es\/primeros-pasos-para-declarar-la-fira-bic\/","og_site_name":"COPE Alcoy","article_published_time":"2015-11-19T06:15:58+00:00","article_modified_time":"2015-11-19T21:28:34+00:00","og_image":[{"width":768,"height":648,"url":"https:\/\/www.copealcoy.es\/wp-content\/uploads\/2015\/11\/151118_fira_BIC_20151119024800.jpg","type":"image\/jpeg"}],"author":"Cope Alcoy","twitter_misc":{"Escrito por":"Cope Alcoy","Tiempo de lectura":"1 minuto"},"schema":{"@context":"https:\/\/schema.org","@graph":[{"@type":"Article","@id":"https:\/\/www.copealcoy.es\/es\/primeros-pasos-para-declarar-la-fira-bic\/#article","isPartOf":{"@id":"https:\/\/www.copealcoy.es\/es\/primeros-pasos-para-declarar-la-fira-bic\/"},"author":{"name":"Cope Alcoy","@id":"https:\/\/www.copealcoy.es\/es\/#\/schema\/person\/e777c87fa024e57d40170af9df39882c"},"headline":"Primeros pasos para declarar la Fira BIC","datePublished":"2015-11-19T06:15:58+00:00","dateModified":"2015-11-19T21:28:34+00:00","mainEntityOfPage":{"@id":"https:\/\/www.copealcoy.es\/es\/primeros-pasos-para-declarar-la-fira-bic\/"},"wordCount":289,"commentCount":0,"image":{"@id":"https:\/\/www.copealcoy.es\/es\/primeros-pasos-para-declarar-la-fira-bic\/#primaryimage"},"thumbnailUrl":"https:\/\/www.copealcoy.es\/wp-content\/uploads\/2015\/11\/151118_fira_BIC_20151119024800.jpg","keywords":["BIC","Cocentaina","Comtat","Cultura","Fira Tots Sants"],"articleSection":["Comarcas","Noticias"],"inLanguage":"es"},{"@type":"WebPage","@id":"https:\/\/www.copealcoy.es\/es\/primeros-pasos-para-declarar-la-fira-bic\/","url":"https:\/\/www.copealcoy.es\/es\/primeros-pasos-para-declarar-la-fira-bic\/","name":"Primeros pasos para declarar la Fira BIC - COPE Alcoy","isPartOf":{"@id":"https:\/\/www.copealcoy.es\/es\/#website"},"primaryImageOfPage":{"@id":"https:\/\/www.copealcoy.es\/es\/primeros-pasos-para-declarar-la-fira-bic\/#primaryimage"},"image":{"@id":"https:\/\/www.copealcoy.es\/es\/primeros-pasos-para-declarar-la-fira-bic\/#primaryimage"},"thumbnailUrl":"https:\/\/www.copealcoy.es\/wp-content\/uploads\/2015\/11\/151118_fira_BIC_20151119024800.jpg","datePublished":"2015-11-19T06:15:58+00:00","dateModified":"2015-11-19T21:28:34+00:00","author":{"@id":"https:\/\/www.copealcoy.es\/es\/#\/schema\/person\/e777c87fa024e57d40170af9df39882c"},"breadcrumb":{"@id":"https:\/\/www.copealcoy.es\/es\/primeros-pasos-para-declarar-la-fira-bic\/#breadcrumb"},"inLanguage":"es","potentialAction":[{"@type":"ReadAction","target":["https:\/\/www.copealcoy.es\/es\/primeros-pasos-para-declarar-la-fira-bic\/"]}]},{"@type":"ImageObject","inLanguage":"es","@id":"https:\/\/www.copealcoy.es\/es\/primeros-pasos-para-declarar-la-fira-bic\/#primaryimage","url":"https:\/\/www.copealcoy.es\/wp-content\/uploads\/2015\/11\/151118_fira_BIC_20151119024800.jpg","contentUrl":"https:\/\/www.copealcoy.es\/wp-content\/uploads\/2015\/11\/151118_fira_BIC_20151119024800.jpg","width":768,"height":648,"caption":"Elisa Dom\u00e9nech y Mireia Estepa en su visita al Servicio Territorial de la Conseller\u00eda de Cultura"},{"@type":"BreadcrumbList","@id":"https:\/\/www.copealcoy.es\/es\/primeros-pasos-para-declarar-la-fira-bic\/#breadcrumb","itemListElement":[{"@type":"ListItem","position":1,"name":"Portada","item":"https:\/\/www.copealcoy.es\/es\/"},{"@type":"ListItem","position":2,"name":"Primeros pasos para declarar la Fira BIC"}]},{"@type":"WebSite","@id":"https:\/\/www.copealcoy.es\/es\/#website","url":"https:\/\/www.copealcoy.es\/es\/","name":"COPE Alcoy","description":"Emisora COPE de radio local con emisi\u00f3n online. Pont de Sant Jordi 8-10 03803 Alcoy","potentialAction":[{"@type":"SearchAction","target":{"@type":"EntryPoint","urlTemplate":"https:\/\/www.copealcoy.es\/es\/?s={search_term_string}"},"query-input":{"@type":"PropertyValueSpecification","valueRequired":true,"valueName":"search_term_string"}}],"inLanguage":"es"},{"@type":"Person","@id":"https:\/\/www.copealcoy.es\/es\/#\/schema\/person\/e777c87fa024e57d40170af9df39882c","name":"Cope Alcoy","image":{"@type":"ImageObject","inLanguage":"es","@id":"https:\/\/secure.gravatar.com\/avatar\/bb65d0283347e303893ba14f0692005417c1e0e690a325a4c5d8bb2b3943ee14?s=96&d=mm&r=g","url":"https:\/\/secure.gravatar.com\/avatar\/bb65d0283347e303893ba14f0692005417c1e0e690a325a4c5d8bb2b3943ee14?s=96&d=mm&r=g","contentUrl":"https:\/\/secure.gravatar.com\/avatar\/bb65d0283347e303893ba14f0692005417c1e0e690a325a4c5d8bb2b3943ee14?s=96&d=mm&r=g","caption":"Cope Alcoy"}}]}},"_links":{"self":[{"href":"https:\/\/www.copealcoy.es\/es\/wp-json\/wp\/v2\/posts\/17131","targetHints":{"allow":["GET"]}}],"collection":[{"href":"https:\/\/www.copealcoy.es\/es\/wp-json\/wp\/v2\/posts"}],"about":[{"href":"https:\/\/www.copealcoy.es\/es\/wp-json\/wp\/v2\/types\/post"}],"author":[{"embeddable":true,"href":"https:\/\/www.copealcoy.es\/es\/wp-json\/wp\/v2\/users\/1"}],"replies":[{"embeddable":true,"href":"https:\/\/www.copealcoy.es\/es\/wp-json\/wp\/v2\/comments?post=17131"}],"version-history":[{"count":0,"href":"https:\/\/www.copealcoy.es\/es\/wp-json\/wp\/v2\/posts\/17131\/revisions"}],"wp:featuredmedia":[{"embeddable":true,"href":"https:\/\/www.copealcoy.es\/es\/wp-json\/wp\/v2\/media\/17133"}],"wp:attachment":[{"href":"https:\/\/www.copealcoy.es\/es\/wp-json\/wp\/v2\/media?parent=17131"}],"wp:term":[{"taxonomy":"category","embeddable":true,"href":"https:\/\/www.copealcoy.es\/es\/wp-json\/wp\/v2\/categories?post=17131"},{"taxonomy":"post_tag","embeddable":true,"href":"https:\/\/www.copealcoy.es\/es\/wp-json\/wp\/v2\/tags?post=17131"}],"curies":[{"name":"wp","href":"https:\/\/api.w.org\/{rel}","templated":true}]}}