{"id":17123,"date":"2015-11-19T15:36:13","date_gmt":"2015-11-19T15:36:13","guid":{"rendered":"http:\/\/copealcoi.es\/new\/?p=17123"},"modified":"2015-11-19T15:36:13","modified_gmt":"2015-11-19T15:36:13","slug":"la-oposicion-se-abstiene-en-la-comision-de-presupuestos","status":"publish","type":"post","link":"https:\/\/www.copealcoy.es\/es\/la-oposicion-se-abstiene-en-la-comision-de-presupuestos\/","title":{"rendered":"La oposici\u00f3n se abstiene en la comisi\u00f3n de presupuestos"},"content":{"rendered":"<p style=\"text-align: justify;\">El Sal\u00f3n de Plenos del Ayuntamiento de Alcoy acogi\u00f3 ayer mi\u00e9rcoles por la tarde la comisi\u00f3n de hacienda en la que los ediles del Gobierno Municipal detallaron las diferentes partidas de los presupuestos locales para el 2016. La sesi\u00f3n, seg\u00fan ha explicado en Cope Alcoy la edil Vanessa Molt\u00f3, \u00a0acab\u00f3 con dictamen favorable mediante\u00a0el voto del partido socialista y la abstenci\u00f3n de la oposici\u00f3n. Ahora el siguiente paso ser\u00e1 de nuevo una ronda de contactos con los portavoces de las formaciones &#8220;con el fin de incluir posibles cambios\u00a0antes de ultimar el borrador final que ser\u00e1 llevado a debate en el pleno del d\u00eda 30 de noviembre&#8221;, explica Molt\u00f3. Adem\u00e1s la concejal\u00a0insiste en que no hay motivos para que los presupuestos no se aprueben a finales de este mes &#8220;se han incluido la gran mayor\u00eda de las propuestas de la oposici\u00f3n y se detall\u00f3 cada partida en la comisi\u00f3n de ayer que acab\u00f3 pasadas las diez de la noche&#8221;, matiza.<\/p>\n<p style=\"text-align: justify;\">Recordar que los presupuestos municipales del 2016 rondar\u00e1n los 53 millones de euros con un incremento del 6% con respecto a las \u00faltimas cuentas aprobadas.\u00a0Las l\u00edneas b\u00e1sicas de las mismas contemplan un aumento\u00a0en las partidas destinadas a pol\u00edticas sociales, promoci\u00f3n econ\u00f3mica, educaci\u00f3n, cooperaci\u00f3n y solidaridad, deportes y juventud. Adem\u00e1s el gasto del Ayuntamiento se reduce en un 30%. Tambi\u00e9n se prev\u00e9n inversiones por valor de cuatro millones de euros en importantes proyectos como la \u00a0creaci\u00f3n de los accesos al Santiago Pay\u00e0, la consolidaci\u00f3n de la Manzana de Rodes o los proyectos para la construcci\u00f3n de las rotondas del acceso norte y de la zona del Collao; entre otros. Desde el Ejecutivo Municipal se espera que puedan llegar estas inversiones hasta los 6 millones con el remanente de tesorer\u00eda.<\/p>\n<p style=\"text-align: justify;\">\n","protected":false},"excerpt":{"rendered":"<p>El Sal\u00f3n de Plenos del Ayuntamiento de Alcoy acogi\u00f3 ayer mi\u00e9rcoles por la tarde la comisi\u00f3n de hacienda en la&#8230;<\/p>\n","protected":false},"author":1,"featured_media":17124,"comment_status":"open","ping_status":"open","sticky":false,"template":"","format":"standard","meta":{"footnotes":""},"categories":[97,75,125],"tags":[1494,390,1091,422,316],"class_list":["post-17123","post","type-post","status-publish","format-standard","has-post-thumbnail","hentry","category-alcoy","category-noticias","category-portada","tag-alcoy","tag-economia","tag-oposicion","tag-politica","tag-presupuestos"],"yoast_head":"<!-- This site is optimized with the Yoast SEO plugin v27.3 - https:\/\/yoast.com\/product\/yoast-seo-wordpress\/ -->\n<title>La oposici\u00f3n se abstiene en la comisi\u00f3n de presupuestos - COPE Alcoy<\/title>\n<meta name=\"robots\" content=\"index, follow, max-snippet:-1, max-image-preview:large, max-video-preview:-1\" \/>\n<link rel=\"canonical\" href=\"https:\/\/www.copealcoy.es\/es\/la-oposicion-se-abstiene-en-la-comision-de-presupuestos\/\" \/>\n<meta property=\"og:locale\" content=\"es_ES\" \/>\n<meta property=\"og:type\" content=\"article\" \/>\n<meta property=\"og:title\" content=\"La oposici\u00f3n se abstiene en la comisi\u00f3n de presupuestos - COPE Alcoy\" \/>\n<meta property=\"og:description\" content=\"El Sal\u00f3n de Plenos del Ayuntamiento de Alcoy acogi\u00f3 ayer mi\u00e9rcoles por la tarde la comisi\u00f3n de hacienda en la...\" \/>\n<meta property=\"og:url\" content=\"https:\/\/www.copealcoy.es\/es\/la-oposicion-se-abstiene-en-la-comision-de-presupuestos\/\" \/>\n<meta property=\"og:site_name\" content=\"COPE Alcoy\" \/>\n<meta property=\"article:published_time\" content=\"2015-11-19T15:36:13+00:00\" \/>\n<meta property=\"og:image\" content=\"https:\/\/www.copealcoy.es\/wp-content\/uploads\/2015\/11\/CUHJEeFXIAAh-hA.jpg-large.jpeg\" \/>\n\t<meta property=\"og:image:width\" content=\"832\" \/>\n\t<meta property=\"og:image:height\" content=\"520\" \/>\n\t<meta property=\"og:image:type\" content=\"image\/jpeg\" \/>\n<meta name=\"author\" content=\"Cope Alcoy\" \/>\n<meta name=\"twitter:label1\" content=\"Escrito por\" \/>\n\t<meta name=\"twitter:data1\" content=\"Cope Alcoy\" \/>\n\t<meta name=\"twitter:label2\" content=\"Tiempo de lectura\" \/>\n\t<meta name=\"twitter:data2\" content=\"2 minutos\" \/>\n<script type=\"application\/ld+json\" class=\"yoast-schema-graph\">{\"@context\":\"https:\\\/\\\/schema.org\",\"@graph\":[{\"@type\":\"Article\",\"@id\":\"https:\\\/\\\/www.copealcoy.es\\\/es\\\/la-oposicion-se-abstiene-en-la-comision-de-presupuestos\\\/#article\",\"isPartOf\":{\"@id\":\"https:\\\/\\\/www.copealcoy.es\\\/es\\\/la-oposicion-se-abstiene-en-la-comision-de-presupuestos\\\/\"},\"author\":{\"name\":\"Cope Alcoy\",\"@id\":\"https:\\\/\\\/www.copealcoy.es\\\/es\\\/#\\\/schema\\\/person\\\/e777c87fa024e57d40170af9df39882c\"},\"headline\":\"La oposici\u00f3n se abstiene en la comisi\u00f3n de presupuestos\",\"datePublished\":\"2015-11-19T15:36:13+00:00\",\"mainEntityOfPage\":{\"@id\":\"https:\\\/\\\/www.copealcoy.es\\\/es\\\/la-oposicion-se-abstiene-en-la-comision-de-presupuestos\\\/\"},\"wordCount\":323,\"commentCount\":0,\"image\":{\"@id\":\"https:\\\/\\\/www.copealcoy.es\\\/es\\\/la-oposicion-se-abstiene-en-la-comision-de-presupuestos\\\/#primaryimage\"},\"thumbnailUrl\":\"https:\\\/\\\/www.copealcoy.es\\\/wp-content\\\/uploads\\\/2015\\\/11\\\/CUHJEeFXIAAh-hA.jpg-large.jpeg\",\"keywords\":[\"Alcoy\",\"Econom\u00eda\",\"Oposici\u00f3n\",\"Pol\u00edtica\",\"Presupuestos\"],\"articleSection\":[\"Alcoy\",\"Noticias\",\"Portada\"],\"inLanguage\":\"es\"},{\"@type\":\"WebPage\",\"@id\":\"https:\\\/\\\/www.copealcoy.es\\\/es\\\/la-oposicion-se-abstiene-en-la-comision-de-presupuestos\\\/\",\"url\":\"https:\\\/\\\/www.copealcoy.es\\\/es\\\/la-oposicion-se-abstiene-en-la-comision-de-presupuestos\\\/\",\"name\":\"La oposici\u00f3n se abstiene en la comisi\u00f3n de presupuestos - COPE Alcoy\",\"isPartOf\":{\"@id\":\"https:\\\/\\\/www.copealcoy.es\\\/es\\\/#website\"},\"primaryImageOfPage\":{\"@id\":\"https:\\\/\\\/www.copealcoy.es\\\/es\\\/la-oposicion-se-abstiene-en-la-comision-de-presupuestos\\\/#primaryimage\"},\"image\":{\"@id\":\"https:\\\/\\\/www.copealcoy.es\\\/es\\\/la-oposicion-se-abstiene-en-la-comision-de-presupuestos\\\/#primaryimage\"},\"thumbnailUrl\":\"https:\\\/\\\/www.copealcoy.es\\\/wp-content\\\/uploads\\\/2015\\\/11\\\/CUHJEeFXIAAh-hA.jpg-large.jpeg\",\"datePublished\":\"2015-11-19T15:36:13+00:00\",\"author\":{\"@id\":\"https:\\\/\\\/www.copealcoy.es\\\/es\\\/#\\\/schema\\\/person\\\/e777c87fa024e57d40170af9df39882c\"},\"breadcrumb\":{\"@id\":\"https:\\\/\\\/www.copealcoy.es\\\/es\\\/la-oposicion-se-abstiene-en-la-comision-de-presupuestos\\\/#breadcrumb\"},\"inLanguage\":\"es\",\"potentialAction\":[{\"@type\":\"ReadAction\",\"target\":[\"https:\\\/\\\/www.copealcoy.es\\\/es\\\/la-oposicion-se-abstiene-en-la-comision-de-presupuestos\\\/\"]}]},{\"@type\":\"ImageObject\",\"inLanguage\":\"es\",\"@id\":\"https:\\\/\\\/www.copealcoy.es\\\/es\\\/la-oposicion-se-abstiene-en-la-comision-de-presupuestos\\\/#primaryimage\",\"url\":\"https:\\\/\\\/www.copealcoy.es\\\/wp-content\\\/uploads\\\/2015\\\/11\\\/CUHJEeFXIAAh-hA.jpg-large.jpeg\",\"contentUrl\":\"https:\\\/\\\/www.copealcoy.es\\\/wp-content\\\/uploads\\\/2015\\\/11\\\/CUHJEeFXIAAh-hA.jpg-large.jpeg\",\"width\":832,\"height\":520,\"caption\":\"Un instante de la comisi\u00f3n celebrada en el mi\u00e9rcoles 18 de noviembre \\\/ Foto: Twitter alcald\u00eda\"},{\"@type\":\"BreadcrumbList\",\"@id\":\"https:\\\/\\\/www.copealcoy.es\\\/es\\\/la-oposicion-se-abstiene-en-la-comision-de-presupuestos\\\/#breadcrumb\",\"itemListElement\":[{\"@type\":\"ListItem\",\"position\":1,\"name\":\"Portada\",\"item\":\"https:\\\/\\\/www.copealcoy.es\\\/es\\\/\"},{\"@type\":\"ListItem\",\"position\":2,\"name\":\"La oposici\u00f3n se abstiene en la comisi\u00f3n de presupuestos\"}]},{\"@type\":\"WebSite\",\"@id\":\"https:\\\/\\\/www.copealcoy.es\\\/es\\\/#website\",\"url\":\"https:\\\/\\\/www.copealcoy.es\\\/es\\\/\",\"name\":\"COPE Alcoy\",\"description\":\"Emisora COPE de radio local con emisi\u00f3n online. Pont de Sant Jordi 8-10 03803 Alcoy\",\"potentialAction\":[{\"@type\":\"SearchAction\",\"target\":{\"@type\":\"EntryPoint\",\"urlTemplate\":\"https:\\\/\\\/www.copealcoy.es\\\/es\\\/?s={search_term_string}\"},\"query-input\":{\"@type\":\"PropertyValueSpecification\",\"valueRequired\":true,\"valueName\":\"search_term_string\"}}],\"inLanguage\":\"es\"},{\"@type\":\"Person\",\"@id\":\"https:\\\/\\\/www.copealcoy.es\\\/es\\\/#\\\/schema\\\/person\\\/e777c87fa024e57d40170af9df39882c\",\"name\":\"Cope Alcoy\",\"image\":{\"@type\":\"ImageObject\",\"inLanguage\":\"es\",\"@id\":\"https:\\\/\\\/secure.gravatar.com\\\/avatar\\\/bb65d0283347e303893ba14f0692005417c1e0e690a325a4c5d8bb2b3943ee14?s=96&d=mm&r=g\",\"url\":\"https:\\\/\\\/secure.gravatar.com\\\/avatar\\\/bb65d0283347e303893ba14f0692005417c1e0e690a325a4c5d8bb2b3943ee14?s=96&d=mm&r=g\",\"contentUrl\":\"https:\\\/\\\/secure.gravatar.com\\\/avatar\\\/bb65d0283347e303893ba14f0692005417c1e0e690a325a4c5d8bb2b3943ee14?s=96&d=mm&r=g\",\"caption\":\"Cope Alcoy\"}}]}<\/script>\n<!-- \/ Yoast SEO plugin. -->","yoast_head_json":{"title":"La oposici\u00f3n se abstiene en la comisi\u00f3n de presupuestos - COPE Alcoy","robots":{"index":"index","follow":"follow","max-snippet":"max-snippet:-1","max-image-preview":"max-image-preview:large","max-video-preview":"max-video-preview:-1"},"canonical":"https:\/\/www.copealcoy.es\/es\/la-oposicion-se-abstiene-en-la-comision-de-presupuestos\/","og_locale":"es_ES","og_type":"article","og_title":"La oposici\u00f3n se abstiene en la comisi\u00f3n de presupuestos - COPE Alcoy","og_description":"El Sal\u00f3n de Plenos del Ayuntamiento de Alcoy acogi\u00f3 ayer mi\u00e9rcoles por la tarde la comisi\u00f3n de hacienda en la...","og_url":"https:\/\/www.copealcoy.es\/es\/la-oposicion-se-abstiene-en-la-comision-de-presupuestos\/","og_site_name":"COPE Alcoy","article_published_time":"2015-11-19T15:36:13+00:00","og_image":[{"width":832,"height":520,"url":"https:\/\/www.copealcoy.es\/wp-content\/uploads\/2015\/11\/CUHJEeFXIAAh-hA.jpg-large.jpeg","type":"image\/jpeg"}],"author":"Cope Alcoy","twitter_misc":{"Escrito por":"Cope Alcoy","Tiempo de lectura":"2 minutos"},"schema":{"@context":"https:\/\/schema.org","@graph":[{"@type":"Article","@id":"https:\/\/www.copealcoy.es\/es\/la-oposicion-se-abstiene-en-la-comision-de-presupuestos\/#article","isPartOf":{"@id":"https:\/\/www.copealcoy.es\/es\/la-oposicion-se-abstiene-en-la-comision-de-presupuestos\/"},"author":{"name":"Cope Alcoy","@id":"https:\/\/www.copealcoy.es\/es\/#\/schema\/person\/e777c87fa024e57d40170af9df39882c"},"headline":"La oposici\u00f3n se abstiene en la comisi\u00f3n de presupuestos","datePublished":"2015-11-19T15:36:13+00:00","mainEntityOfPage":{"@id":"https:\/\/www.copealcoy.es\/es\/la-oposicion-se-abstiene-en-la-comision-de-presupuestos\/"},"wordCount":323,"commentCount":0,"image":{"@id":"https:\/\/www.copealcoy.es\/es\/la-oposicion-se-abstiene-en-la-comision-de-presupuestos\/#primaryimage"},"thumbnailUrl":"https:\/\/www.copealcoy.es\/wp-content\/uploads\/2015\/11\/CUHJEeFXIAAh-hA.jpg-large.jpeg","keywords":["Alcoy","Econom\u00eda","Oposici\u00f3n","Pol\u00edtica","Presupuestos"],"articleSection":["Alcoy","Noticias","Portada"],"inLanguage":"es"},{"@type":"WebPage","@id":"https:\/\/www.copealcoy.es\/es\/la-oposicion-se-abstiene-en-la-comision-de-presupuestos\/","url":"https:\/\/www.copealcoy.es\/es\/la-oposicion-se-abstiene-en-la-comision-de-presupuestos\/","name":"La oposici\u00f3n se abstiene en la comisi\u00f3n de presupuestos - COPE Alcoy","isPartOf":{"@id":"https:\/\/www.copealcoy.es\/es\/#website"},"primaryImageOfPage":{"@id":"https:\/\/www.copealcoy.es\/es\/la-oposicion-se-abstiene-en-la-comision-de-presupuestos\/#primaryimage"},"image":{"@id":"https:\/\/www.copealcoy.es\/es\/la-oposicion-se-abstiene-en-la-comision-de-presupuestos\/#primaryimage"},"thumbnailUrl":"https:\/\/www.copealcoy.es\/wp-content\/uploads\/2015\/11\/CUHJEeFXIAAh-hA.jpg-large.jpeg","datePublished":"2015-11-19T15:36:13+00:00","author":{"@id":"https:\/\/www.copealcoy.es\/es\/#\/schema\/person\/e777c87fa024e57d40170af9df39882c"},"breadcrumb":{"@id":"https:\/\/www.copealcoy.es\/es\/la-oposicion-se-abstiene-en-la-comision-de-presupuestos\/#breadcrumb"},"inLanguage":"es","potentialAction":[{"@type":"ReadAction","target":["https:\/\/www.copealcoy.es\/es\/la-oposicion-se-abstiene-en-la-comision-de-presupuestos\/"]}]},{"@type":"ImageObject","inLanguage":"es","@id":"https:\/\/www.copealcoy.es\/es\/la-oposicion-se-abstiene-en-la-comision-de-presupuestos\/#primaryimage","url":"https:\/\/www.copealcoy.es\/wp-content\/uploads\/2015\/11\/CUHJEeFXIAAh-hA.jpg-large.jpeg","contentUrl":"https:\/\/www.copealcoy.es\/wp-content\/uploads\/2015\/11\/CUHJEeFXIAAh-hA.jpg-large.jpeg","width":832,"height":520,"caption":"Un instante de la comisi\u00f3n celebrada en el mi\u00e9rcoles 18 de noviembre \/ Foto: Twitter alcald\u00eda"},{"@type":"BreadcrumbList","@id":"https:\/\/www.copealcoy.es\/es\/la-oposicion-se-abstiene-en-la-comision-de-presupuestos\/#breadcrumb","itemListElement":[{"@type":"ListItem","position":1,"name":"Portada","item":"https:\/\/www.copealcoy.es\/es\/"},{"@type":"ListItem","position":2,"name":"La oposici\u00f3n se abstiene en la comisi\u00f3n de presupuestos"}]},{"@type":"WebSite","@id":"https:\/\/www.copealcoy.es\/es\/#website","url":"https:\/\/www.copealcoy.es\/es\/","name":"COPE Alcoy","description":"Emisora COPE de radio local con emisi\u00f3n online. Pont de Sant Jordi 8-10 03803 Alcoy","potentialAction":[{"@type":"SearchAction","target":{"@type":"EntryPoint","urlTemplate":"https:\/\/www.copealcoy.es\/es\/?s={search_term_string}"},"query-input":{"@type":"PropertyValueSpecification","valueRequired":true,"valueName":"search_term_string"}}],"inLanguage":"es"},{"@type":"Person","@id":"https:\/\/www.copealcoy.es\/es\/#\/schema\/person\/e777c87fa024e57d40170af9df39882c","name":"Cope Alcoy","image":{"@type":"ImageObject","inLanguage":"es","@id":"https:\/\/secure.gravatar.com\/avatar\/bb65d0283347e303893ba14f0692005417c1e0e690a325a4c5d8bb2b3943ee14?s=96&d=mm&r=g","url":"https:\/\/secure.gravatar.com\/avatar\/bb65d0283347e303893ba14f0692005417c1e0e690a325a4c5d8bb2b3943ee14?s=96&d=mm&r=g","contentUrl":"https:\/\/secure.gravatar.com\/avatar\/bb65d0283347e303893ba14f0692005417c1e0e690a325a4c5d8bb2b3943ee14?s=96&d=mm&r=g","caption":"Cope Alcoy"}}]}},"_links":{"self":[{"href":"https:\/\/www.copealcoy.es\/es\/wp-json\/wp\/v2\/posts\/17123","targetHints":{"allow":["GET"]}}],"collection":[{"href":"https:\/\/www.copealcoy.es\/es\/wp-json\/wp\/v2\/posts"}],"about":[{"href":"https:\/\/www.copealcoy.es\/es\/wp-json\/wp\/v2\/types\/post"}],"author":[{"embeddable":true,"href":"https:\/\/www.copealcoy.es\/es\/wp-json\/wp\/v2\/users\/1"}],"replies":[{"embeddable":true,"href":"https:\/\/www.copealcoy.es\/es\/wp-json\/wp\/v2\/comments?post=17123"}],"version-history":[{"count":0,"href":"https:\/\/www.copealcoy.es\/es\/wp-json\/wp\/v2\/posts\/17123\/revisions"}],"wp:featuredmedia":[{"embeddable":true,"href":"https:\/\/www.copealcoy.es\/es\/wp-json\/wp\/v2\/media\/17124"}],"wp:attachment":[{"href":"https:\/\/www.copealcoy.es\/es\/wp-json\/wp\/v2\/media?parent=17123"}],"wp:term":[{"taxonomy":"category","embeddable":true,"href":"https:\/\/www.copealcoy.es\/es\/wp-json\/wp\/v2\/categories?post=17123"},{"taxonomy":"post_tag","embeddable":true,"href":"https:\/\/www.copealcoy.es\/es\/wp-json\/wp\/v2\/tags?post=17123"}],"curies":[{"name":"wp","href":"https:\/\/api.w.org\/{rel}","templated":true}]}}