{"id":17094,"date":"2015-11-17T22:08:51","date_gmt":"2015-11-17T22:08:51","guid":{"rendered":"http:\/\/copealcoi.es\/new\/?p=17094"},"modified":"2015-11-17T22:08:51","modified_gmt":"2015-11-17T22:08:51","slug":"la-diputacion-habilitara-un-centro-de-visitantes-en-la-torre-de-almudaina","status":"publish","type":"post","link":"https:\/\/www.copealcoy.es\/es\/la-diputacion-habilitara-un-centro-de-visitantes-en-la-torre-de-almudaina\/","title":{"rendered":"La Diputaci\u00f3n habilitar\u00e1 un centro de visitantes en la Torre de Almudaina"},"content":{"rendered":"<p style=\"text-align: justify;\">La Diputaci\u00f3n Provincial de Alicante ha anunciado que pondr\u00e1 en marcha un centro de atenci\u00f3n al visitante en la Torre de Almudaina. As\u00ed lo anunci\u00f3 ayer el presidente del ente, C\u00e9sar S\u00e1nchez, durante su visita a esta localidad del Comtat y tambi\u00e9n a l\u00b4 Alquer\u00eda d\u00b4 Asnar donde adem\u00e1s conoci\u00f3 de cerca el estado de las obras de rehabilitaci\u00f3n del antiguo ayuntamiento as\u00ed como los trabajos para construir un gimnasio en las instalaciones de la piscina municipal. Tambi\u00e9n fue informado por el alcalde Jaume Pascual del hallazgo en el edificio que albergaba el Consistorio de una calavera incrustada en un muro del siglo XV que ahora ser\u00e1 analizado con detalle para averiguar si se trata de una cripta puesto que en la parte superior est\u00e1 la iglesia parroquial.<\/p>\n<p style=\"text-align: justify;\">En ambas poblaciones S\u00e1nchez detall\u00f3 que la Diputaci\u00f3n iniciar\u00e1 un programa de ayudas para pueblos de menos de 5.000 habitantes y plante\u00f3 tambi\u00e9n la posibilidad de que la empresa provincial Proaguas asuma y gestione el servicio as\u00ed como la gesti\u00f3n del agua potable. En este sentido C\u00e9sar S\u00e1nchez afirm\u00f3 que la medida permitir\u00e1 optimizar recursos y generar un importante\u00a0ahorro ahorro econ\u00f3mico en los municipios peque\u00f1os.<\/p>\n","protected":false},"excerpt":{"rendered":"<p>La Diputaci\u00f3n Provincial de Alicante ha anunciado que pondr\u00e1 en marcha un centro de atenci\u00f3n al visitante en la Torre&#8230;<\/p>\n","protected":false},"author":1,"featured_media":17095,"comment_status":"open","ping_status":"open","sticky":false,"template":"","format":"standard","meta":{"footnotes":""},"categories":[98,75],"tags":[935,1608,234,1609],"class_list":["post-17094","post","type-post","status-publish","format-standard","has-post-thumbnail","hentry","category-comarcas","category-noticias","tag-almudaina","tag-centro-visitantes","tag-diputacion","tag-torre"],"yoast_head":"<!-- This site is optimized with the Yoast SEO plugin v27.3 - https:\/\/yoast.com\/product\/yoast-seo-wordpress\/ -->\n<title>La Diputaci\u00f3n habilitar\u00e1 un centro de visitantes en la Torre de Almudaina - COPE Alcoy<\/title>\n<meta name=\"robots\" content=\"index, follow, max-snippet:-1, max-image-preview:large, max-video-preview:-1\" \/>\n<link rel=\"canonical\" href=\"https:\/\/www.copealcoy.es\/es\/la-diputacion-habilitara-un-centro-de-visitantes-en-la-torre-de-almudaina\/\" \/>\n<meta property=\"og:locale\" content=\"es_ES\" \/>\n<meta property=\"og:type\" content=\"article\" \/>\n<meta property=\"og:title\" content=\"La Diputaci\u00f3n habilitar\u00e1 un centro de visitantes en la Torre de Almudaina - COPE Alcoy\" \/>\n<meta property=\"og:description\" content=\"La Diputaci\u00f3n Provincial de Alicante ha anunciado que pondr\u00e1 en marcha un centro de atenci\u00f3n al visitante en la Torre...\" \/>\n<meta property=\"og:url\" content=\"https:\/\/www.copealcoy.es\/es\/la-diputacion-habilitara-un-centro-de-visitantes-en-la-torre-de-almudaina\/\" \/>\n<meta property=\"og:site_name\" content=\"COPE Alcoy\" \/>\n<meta property=\"article:published_time\" content=\"2015-11-17T22:08:51+00:00\" \/>\n<meta property=\"og:image\" content=\"https:\/\/www.copealcoy.es\/wp-content\/uploads\/2015\/11\/thumb-1.jpeg\" \/>\n\t<meta property=\"og:image:width\" content=\"646\" \/>\n\t<meta property=\"og:image:height\" content=\"431\" \/>\n\t<meta property=\"og:image:type\" content=\"image\/jpeg\" \/>\n<meta name=\"author\" content=\"Cope Alcoy\" \/>\n<meta name=\"twitter:label1\" content=\"Escrito por\" \/>\n\t<meta name=\"twitter:data1\" content=\"Cope Alcoy\" \/>\n\t<meta name=\"twitter:label2\" content=\"Tiempo de lectura\" \/>\n\t<meta name=\"twitter:data2\" content=\"1 minuto\" \/>\n<script type=\"application\/ld+json\" class=\"yoast-schema-graph\">{\"@context\":\"https:\\\/\\\/schema.org\",\"@graph\":[{\"@type\":\"Article\",\"@id\":\"https:\\\/\\\/www.copealcoy.es\\\/es\\\/la-diputacion-habilitara-un-centro-de-visitantes-en-la-torre-de-almudaina\\\/#article\",\"isPartOf\":{\"@id\":\"https:\\\/\\\/www.copealcoy.es\\\/es\\\/la-diputacion-habilitara-un-centro-de-visitantes-en-la-torre-de-almudaina\\\/\"},\"author\":{\"name\":\"Cope Alcoy\",\"@id\":\"https:\\\/\\\/www.copealcoy.es\\\/es\\\/#\\\/schema\\\/person\\\/e777c87fa024e57d40170af9df39882c\"},\"headline\":\"La Diputaci\u00f3n habilitar\u00e1 un centro de visitantes en la Torre de Almudaina\",\"datePublished\":\"2015-11-17T22:08:51+00:00\",\"mainEntityOfPage\":{\"@id\":\"https:\\\/\\\/www.copealcoy.es\\\/es\\\/la-diputacion-habilitara-un-centro-de-visitantes-en-la-torre-de-almudaina\\\/\"},\"wordCount\":223,\"commentCount\":0,\"image\":{\"@id\":\"https:\\\/\\\/www.copealcoy.es\\\/es\\\/la-diputacion-habilitara-un-centro-de-visitantes-en-la-torre-de-almudaina\\\/#primaryimage\"},\"thumbnailUrl\":\"https:\\\/\\\/www.copealcoy.es\\\/wp-content\\\/uploads\\\/2015\\\/11\\\/thumb-1.jpeg\",\"keywords\":[\"Almudaina\",\"Centro Visitantes\",\"Diputaci\u00f3n\",\"Torre\"],\"articleSection\":[\"Comarcas\",\"Noticias\"],\"inLanguage\":\"es\"},{\"@type\":\"WebPage\",\"@id\":\"https:\\\/\\\/www.copealcoy.es\\\/es\\\/la-diputacion-habilitara-un-centro-de-visitantes-en-la-torre-de-almudaina\\\/\",\"url\":\"https:\\\/\\\/www.copealcoy.es\\\/es\\\/la-diputacion-habilitara-un-centro-de-visitantes-en-la-torre-de-almudaina\\\/\",\"name\":\"La Diputaci\u00f3n habilitar\u00e1 un centro de visitantes en la Torre de Almudaina - COPE Alcoy\",\"isPartOf\":{\"@id\":\"https:\\\/\\\/www.copealcoy.es\\\/es\\\/#website\"},\"primaryImageOfPage\":{\"@id\":\"https:\\\/\\\/www.copealcoy.es\\\/es\\\/la-diputacion-habilitara-un-centro-de-visitantes-en-la-torre-de-almudaina\\\/#primaryimage\"},\"image\":{\"@id\":\"https:\\\/\\\/www.copealcoy.es\\\/es\\\/la-diputacion-habilitara-un-centro-de-visitantes-en-la-torre-de-almudaina\\\/#primaryimage\"},\"thumbnailUrl\":\"https:\\\/\\\/www.copealcoy.es\\\/wp-content\\\/uploads\\\/2015\\\/11\\\/thumb-1.jpeg\",\"datePublished\":\"2015-11-17T22:08:51+00:00\",\"author\":{\"@id\":\"https:\\\/\\\/www.copealcoy.es\\\/es\\\/#\\\/schema\\\/person\\\/e777c87fa024e57d40170af9df39882c\"},\"breadcrumb\":{\"@id\":\"https:\\\/\\\/www.copealcoy.es\\\/es\\\/la-diputacion-habilitara-un-centro-de-visitantes-en-la-torre-de-almudaina\\\/#breadcrumb\"},\"inLanguage\":\"es\",\"potentialAction\":[{\"@type\":\"ReadAction\",\"target\":[\"https:\\\/\\\/www.copealcoy.es\\\/es\\\/la-diputacion-habilitara-un-centro-de-visitantes-en-la-torre-de-almudaina\\\/\"]}]},{\"@type\":\"ImageObject\",\"inLanguage\":\"es\",\"@id\":\"https:\\\/\\\/www.copealcoy.es\\\/es\\\/la-diputacion-habilitara-un-centro-de-visitantes-en-la-torre-de-almudaina\\\/#primaryimage\",\"url\":\"https:\\\/\\\/www.copealcoy.es\\\/wp-content\\\/uploads\\\/2015\\\/11\\\/thumb-1.jpeg\",\"contentUrl\":\"https:\\\/\\\/www.copealcoy.es\\\/wp-content\\\/uploads\\\/2015\\\/11\\\/thumb-1.jpeg\",\"width\":646,\"height\":431,\"caption\":\"Visita de S\u00e1nchez a Almudaina\"},{\"@type\":\"BreadcrumbList\",\"@id\":\"https:\\\/\\\/www.copealcoy.es\\\/es\\\/la-diputacion-habilitara-un-centro-de-visitantes-en-la-torre-de-almudaina\\\/#breadcrumb\",\"itemListElement\":[{\"@type\":\"ListItem\",\"position\":1,\"name\":\"Portada\",\"item\":\"https:\\\/\\\/www.copealcoy.es\\\/es\\\/\"},{\"@type\":\"ListItem\",\"position\":2,\"name\":\"La Diputaci\u00f3n habilitar\u00e1 un centro de visitantes en la Torre de Almudaina\"}]},{\"@type\":\"WebSite\",\"@id\":\"https:\\\/\\\/www.copealcoy.es\\\/es\\\/#website\",\"url\":\"https:\\\/\\\/www.copealcoy.es\\\/es\\\/\",\"name\":\"COPE Alcoy\",\"description\":\"Emisora COPE de radio local con emisi\u00f3n online. Pont de Sant Jordi 8-10 03803 Alcoy\",\"potentialAction\":[{\"@type\":\"SearchAction\",\"target\":{\"@type\":\"EntryPoint\",\"urlTemplate\":\"https:\\\/\\\/www.copealcoy.es\\\/es\\\/?s={search_term_string}\"},\"query-input\":{\"@type\":\"PropertyValueSpecification\",\"valueRequired\":true,\"valueName\":\"search_term_string\"}}],\"inLanguage\":\"es\"},{\"@type\":\"Person\",\"@id\":\"https:\\\/\\\/www.copealcoy.es\\\/es\\\/#\\\/schema\\\/person\\\/e777c87fa024e57d40170af9df39882c\",\"name\":\"Cope Alcoy\",\"image\":{\"@type\":\"ImageObject\",\"inLanguage\":\"es\",\"@id\":\"https:\\\/\\\/secure.gravatar.com\\\/avatar\\\/bb65d0283347e303893ba14f0692005417c1e0e690a325a4c5d8bb2b3943ee14?s=96&d=mm&r=g\",\"url\":\"https:\\\/\\\/secure.gravatar.com\\\/avatar\\\/bb65d0283347e303893ba14f0692005417c1e0e690a325a4c5d8bb2b3943ee14?s=96&d=mm&r=g\",\"contentUrl\":\"https:\\\/\\\/secure.gravatar.com\\\/avatar\\\/bb65d0283347e303893ba14f0692005417c1e0e690a325a4c5d8bb2b3943ee14?s=96&d=mm&r=g\",\"caption\":\"Cope Alcoy\"}}]}<\/script>\n<!-- \/ Yoast SEO plugin. -->","yoast_head_json":{"title":"La Diputaci\u00f3n habilitar\u00e1 un centro de visitantes en la Torre de Almudaina - COPE Alcoy","robots":{"index":"index","follow":"follow","max-snippet":"max-snippet:-1","max-image-preview":"max-image-preview:large","max-video-preview":"max-video-preview:-1"},"canonical":"https:\/\/www.copealcoy.es\/es\/la-diputacion-habilitara-un-centro-de-visitantes-en-la-torre-de-almudaina\/","og_locale":"es_ES","og_type":"article","og_title":"La Diputaci\u00f3n habilitar\u00e1 un centro de visitantes en la Torre de Almudaina - COPE Alcoy","og_description":"La Diputaci\u00f3n Provincial de Alicante ha anunciado que pondr\u00e1 en marcha un centro de atenci\u00f3n al visitante en la Torre...","og_url":"https:\/\/www.copealcoy.es\/es\/la-diputacion-habilitara-un-centro-de-visitantes-en-la-torre-de-almudaina\/","og_site_name":"COPE Alcoy","article_published_time":"2015-11-17T22:08:51+00:00","og_image":[{"width":646,"height":431,"url":"https:\/\/www.copealcoy.es\/wp-content\/uploads\/2015\/11\/thumb-1.jpeg","type":"image\/jpeg"}],"author":"Cope Alcoy","twitter_misc":{"Escrito por":"Cope Alcoy","Tiempo de lectura":"1 minuto"},"schema":{"@context":"https:\/\/schema.org","@graph":[{"@type":"Article","@id":"https:\/\/www.copealcoy.es\/es\/la-diputacion-habilitara-un-centro-de-visitantes-en-la-torre-de-almudaina\/#article","isPartOf":{"@id":"https:\/\/www.copealcoy.es\/es\/la-diputacion-habilitara-un-centro-de-visitantes-en-la-torre-de-almudaina\/"},"author":{"name":"Cope Alcoy","@id":"https:\/\/www.copealcoy.es\/es\/#\/schema\/person\/e777c87fa024e57d40170af9df39882c"},"headline":"La Diputaci\u00f3n habilitar\u00e1 un centro de visitantes en la Torre de Almudaina","datePublished":"2015-11-17T22:08:51+00:00","mainEntityOfPage":{"@id":"https:\/\/www.copealcoy.es\/es\/la-diputacion-habilitara-un-centro-de-visitantes-en-la-torre-de-almudaina\/"},"wordCount":223,"commentCount":0,"image":{"@id":"https:\/\/www.copealcoy.es\/es\/la-diputacion-habilitara-un-centro-de-visitantes-en-la-torre-de-almudaina\/#primaryimage"},"thumbnailUrl":"https:\/\/www.copealcoy.es\/wp-content\/uploads\/2015\/11\/thumb-1.jpeg","keywords":["Almudaina","Centro Visitantes","Diputaci\u00f3n","Torre"],"articleSection":["Comarcas","Noticias"],"inLanguage":"es"},{"@type":"WebPage","@id":"https:\/\/www.copealcoy.es\/es\/la-diputacion-habilitara-un-centro-de-visitantes-en-la-torre-de-almudaina\/","url":"https:\/\/www.copealcoy.es\/es\/la-diputacion-habilitara-un-centro-de-visitantes-en-la-torre-de-almudaina\/","name":"La Diputaci\u00f3n habilitar\u00e1 un centro de visitantes en la Torre de Almudaina - COPE Alcoy","isPartOf":{"@id":"https:\/\/www.copealcoy.es\/es\/#website"},"primaryImageOfPage":{"@id":"https:\/\/www.copealcoy.es\/es\/la-diputacion-habilitara-un-centro-de-visitantes-en-la-torre-de-almudaina\/#primaryimage"},"image":{"@id":"https:\/\/www.copealcoy.es\/es\/la-diputacion-habilitara-un-centro-de-visitantes-en-la-torre-de-almudaina\/#primaryimage"},"thumbnailUrl":"https:\/\/www.copealcoy.es\/wp-content\/uploads\/2015\/11\/thumb-1.jpeg","datePublished":"2015-11-17T22:08:51+00:00","author":{"@id":"https:\/\/www.copealcoy.es\/es\/#\/schema\/person\/e777c87fa024e57d40170af9df39882c"},"breadcrumb":{"@id":"https:\/\/www.copealcoy.es\/es\/la-diputacion-habilitara-un-centro-de-visitantes-en-la-torre-de-almudaina\/#breadcrumb"},"inLanguage":"es","potentialAction":[{"@type":"ReadAction","target":["https:\/\/www.copealcoy.es\/es\/la-diputacion-habilitara-un-centro-de-visitantes-en-la-torre-de-almudaina\/"]}]},{"@type":"ImageObject","inLanguage":"es","@id":"https:\/\/www.copealcoy.es\/es\/la-diputacion-habilitara-un-centro-de-visitantes-en-la-torre-de-almudaina\/#primaryimage","url":"https:\/\/www.copealcoy.es\/wp-content\/uploads\/2015\/11\/thumb-1.jpeg","contentUrl":"https:\/\/www.copealcoy.es\/wp-content\/uploads\/2015\/11\/thumb-1.jpeg","width":646,"height":431,"caption":"Visita de S\u00e1nchez a Almudaina"},{"@type":"BreadcrumbList","@id":"https:\/\/www.copealcoy.es\/es\/la-diputacion-habilitara-un-centro-de-visitantes-en-la-torre-de-almudaina\/#breadcrumb","itemListElement":[{"@type":"ListItem","position":1,"name":"Portada","item":"https:\/\/www.copealcoy.es\/es\/"},{"@type":"ListItem","position":2,"name":"La Diputaci\u00f3n habilitar\u00e1 un centro de visitantes en la Torre de Almudaina"}]},{"@type":"WebSite","@id":"https:\/\/www.copealcoy.es\/es\/#website","url":"https:\/\/www.copealcoy.es\/es\/","name":"COPE Alcoy","description":"Emisora COPE de radio local con emisi\u00f3n online. Pont de Sant Jordi 8-10 03803 Alcoy","potentialAction":[{"@type":"SearchAction","target":{"@type":"EntryPoint","urlTemplate":"https:\/\/www.copealcoy.es\/es\/?s={search_term_string}"},"query-input":{"@type":"PropertyValueSpecification","valueRequired":true,"valueName":"search_term_string"}}],"inLanguage":"es"},{"@type":"Person","@id":"https:\/\/www.copealcoy.es\/es\/#\/schema\/person\/e777c87fa024e57d40170af9df39882c","name":"Cope Alcoy","image":{"@type":"ImageObject","inLanguage":"es","@id":"https:\/\/secure.gravatar.com\/avatar\/bb65d0283347e303893ba14f0692005417c1e0e690a325a4c5d8bb2b3943ee14?s=96&d=mm&r=g","url":"https:\/\/secure.gravatar.com\/avatar\/bb65d0283347e303893ba14f0692005417c1e0e690a325a4c5d8bb2b3943ee14?s=96&d=mm&r=g","contentUrl":"https:\/\/secure.gravatar.com\/avatar\/bb65d0283347e303893ba14f0692005417c1e0e690a325a4c5d8bb2b3943ee14?s=96&d=mm&r=g","caption":"Cope Alcoy"}}]}},"_links":{"self":[{"href":"https:\/\/www.copealcoy.es\/es\/wp-json\/wp\/v2\/posts\/17094","targetHints":{"allow":["GET"]}}],"collection":[{"href":"https:\/\/www.copealcoy.es\/es\/wp-json\/wp\/v2\/posts"}],"about":[{"href":"https:\/\/www.copealcoy.es\/es\/wp-json\/wp\/v2\/types\/post"}],"author":[{"embeddable":true,"href":"https:\/\/www.copealcoy.es\/es\/wp-json\/wp\/v2\/users\/1"}],"replies":[{"embeddable":true,"href":"https:\/\/www.copealcoy.es\/es\/wp-json\/wp\/v2\/comments?post=17094"}],"version-history":[{"count":0,"href":"https:\/\/www.copealcoy.es\/es\/wp-json\/wp\/v2\/posts\/17094\/revisions"}],"wp:featuredmedia":[{"embeddable":true,"href":"https:\/\/www.copealcoy.es\/es\/wp-json\/wp\/v2\/media\/17095"}],"wp:attachment":[{"href":"https:\/\/www.copealcoy.es\/es\/wp-json\/wp\/v2\/media?parent=17094"}],"wp:term":[{"taxonomy":"category","embeddable":true,"href":"https:\/\/www.copealcoy.es\/es\/wp-json\/wp\/v2\/categories?post=17094"},{"taxonomy":"post_tag","embeddable":true,"href":"https:\/\/www.copealcoy.es\/es\/wp-json\/wp\/v2\/tags?post=17094"}],"curies":[{"name":"wp","href":"https:\/\/api.w.org\/{rel}","templated":true}]}}