{"id":17070,"date":"2015-11-02T19:16:37","date_gmt":"2015-11-02T19:16:37","guid":{"rendered":"http:\/\/copealcoi.es\/new\/?p=17070"},"modified":"2016-03-05T12:52:45","modified_gmt":"2016-03-05T12:52:45","slug":"cope-alcoy-de-nuevo-con-la-fira-de-tots-sants","status":"publish","type":"post","link":"https:\/\/www.copealcoy.es\/es\/cope-alcoy-de-nuevo-con-la-fira-de-tots-sants\/","title":{"rendered":"Cope Alcoy de nuevo con la Fira de Tots Sants"},"content":{"rendered":"<p style=\"text-align: justify;\">Cope Alcoy se ha volcado un a\u00f1o m\u00e1s con la Fira de Tots Sants de Cocentaina para acercar toda la actualidad del Certamen a trav\u00e9s de la radio y de Internet. Tras dar cuenta de los actos previos a la Fira como la presentaci\u00f3n del <a href=\"https:\/\/www.copealcoy.es\/la-fira-de-cocentaina-presenta-su-669-edicion\/\" target=\"_blank\"><strong>cartel<\/strong> <\/a>e informar de las principales <strong><a href=\"https:\/\/www.copealcoy.es\/la-fira-potencia-el-espacio-gourmet\/\" target=\"_blank\">novedades<\/a><\/strong> de la edici\u00f3n de este 2015, el lunes 26 de octubre estuvo en La Ma\u00f1ana de Cope Alcoy el Diputado de Turismo, Eduardo Dol\u00f3n, para explicar las caracter\u00edsticas que el Patronato Costa Blanca ha presentado en su <strong><a href=\"https:\/\/www.copealcoy.es\/el-patronato-costa-blanca-estara-presente-en-la-fira-de-cocentaina\/\" target=\"_blank\">stand <\/a><\/strong>en el que ha ofrecido informaci\u00f3n de los municipios de la provincia de Alicante. Al d\u00eda siguiente la edil, Mariona Carbonell, nos explic\u00f3 las claves del Certamen de este a\u00f1o mientras que el mi\u00e9rcoles 28 de octubre la alcaldesa, Mireia Estepa, fue la protagonista en el espacio La Nostra Festa. Por \u00faltimo hablamos de las <strong><a href=\"https:\/\/www.copealcoy.es\/la-cultura-abre-la-cuenta-atras-hacia-la-fira\/\" target=\"_blank\">exposiciones<\/a> <\/strong>culturales, vivimos la<strong><a href=\"https:\/\/www.copealcoy.es\/la-fira-de-tots-sants-abre-sus-puertas\/\" target=\"_blank\"> inauguraci\u00f3n<\/a> <\/strong>oficial y compartimos las primeras <strong><a href=\"https:\/\/www.copealcoy.es\/la-fira-de-cocentaina-cierra-con-afluencia-de-visitantes\/\" target=\"_blank\">valoraciones<\/a><\/strong>.<\/p>\n<p style=\"text-align: justify;\">El viernes 30 de octubre se desplazaron hasta Cocentaina nuestros compa\u00f1eros de Cope Comunidad Valenciana para ofrecer durante hora y media un programa especial centrado en la Fira conducido por Silvia Soria y Neus \u00dabeda. Por los micr\u00f3fonos desfilaron la alcaldesa y la concejal de Fira al mismo tiempo que conocimos los or\u00edgenes de esta tradici\u00f3n contestana con Ver\u00f3nica Cant\u00f3. Tambi\u00e9n hablamos del turismo de interior con Indira Amaya,\u00a0descubrimos la oferta de Ecosonnen\u00a0y el Colegio Muntori al mismo tiempo que hablamos con los responsables de Mercedes Visauto y Licores Sinc. Todos ellos estaban presentes como expositores en la feria contestana.<\/p>\n<p style=\"text-align: justify;\"><a href=\"https:\/\/www.copealcoy.es\/wp-content\/uploads\/2015\/11\/12193454_739725752837579_692879272971206541_n.jpg\"><img loading=\"lazy\" decoding=\"async\" class=\"alignleft size-full wp-image-17071\" src=\"https:\/\/www.copealcoy.es\/wp-content\/uploads\/2015\/11\/12193454_739725752837579_692879272971206541_n.jpg\" alt=\"12193454_739725752837579_692879272971206541_n\" width=\"960\" height=\"720\" srcset=\"https:\/\/www.copealcoy.es\/wp-content\/uploads\/2015\/11\/12193454_739725752837579_692879272971206541_n.jpg 960w, https:\/\/www.copealcoy.es\/wp-content\/uploads\/2015\/11\/12193454_739725752837579_692879272971206541_n-300x225.jpg 300w\" sizes=\"auto, (max-width: 960px) 100vw, 960px\" \/><\/a><\/p>\n<p style=\"text-align: justify;\">\n<p style=\"text-align: justify;\">\n<p style=\"text-align: justify;\">\n<p style=\"text-align: justify;\">\n<p style=\"text-align: justify;\">\n<p style=\"text-align: justify;\">\n<p style=\"text-align: justify;\">Al d\u00eda siguiente, s\u00e1bado 31 de octubre, iniciamos un programa especial a las doce del mediod\u00eda desde el stand del Passeig del Comtat conducido por Gabriel Pascual. Durante dos horas en riguroso directo conocimos las valoraciones del primer d\u00eda de Fira con la alcaldesa y los concejales de Mariona Carbonell y Marcos Castell\u00f3. Por su parte nos visit\u00f3 el pregonero del 2015, Romu Agull\u00f3, y hablamos de las exposici\u00f3n de arte sacro con el p\u00e1rroco de Santa Mar\u00eda Eduardo Rengel. Tambi\u00e9n nos visitaron responsables del Partido Popular a nivel regional, los portavoces\u00a0del PP en Alcoy y Cocentaina, Rafa Mir\u00f3 y Rafael Montava; as\u00ed como el Diputado Auton\u00f3mico Rafa Briet y la Diputada Nacional Patricia Blanquer. Finalmente hablamos de nuevas tecnolog\u00edas con Ximo Sandoval, Quino Palac\u00ed y Vicent Sanch\u00eds.<\/p>\n<p style=\"text-align: justify;\"><a href=\"https:\/\/www.copealcoy.es\/wp-content\/uploads\/2015\/11\/12063744_10207130096547487_6624329315362095241_n.jpg\"><img loading=\"lazy\" decoding=\"async\" class=\"alignleft size-full wp-image-17072\" src=\"https:\/\/www.copealcoy.es\/wp-content\/uploads\/2015\/11\/12063744_10207130096547487_6624329315362095241_n.jpg\" alt=\"12063744_10207130096547487_6624329315362095241_n\" width=\"960\" height=\"720\" srcset=\"https:\/\/www.copealcoy.es\/wp-content\/uploads\/2015\/11\/12063744_10207130096547487_6624329315362095241_n.jpg 960w, https:\/\/www.copealcoy.es\/wp-content\/uploads\/2015\/11\/12063744_10207130096547487_6624329315362095241_n-300x225.jpg 300w\" sizes=\"auto, (max-width: 960px) 100vw, 960px\" \/><\/a><\/p>\n<p style=\"text-align: justify;\">El 1 de noviembre, D\u00eda de Tots Sants, pudimos ver en nuestro Facebook fotograf\u00edas del\u00a0<em>Esmor\u00e7ar de Fira\u00a0<\/em>mientras que en www.copealcoy.es seguimos contando toda la <strong><a href=\"https:\/\/www.copealcoy.es\/la-fira-de-cocentaina-a-pleno-rendimiento\/\" target=\"_blank\">actualidad<\/a><\/strong> que iba generando una Fira que de nuevo ha sido multitudinaria. Tambi\u00e9n a trav\u00e9s de Twitter dimos a conocer todos los datos que gener\u00f3 Cocentaina durante estos tres intensos d\u00edas.<\/p>\n<p style=\"text-align: justify;\">\n","protected":false},"excerpt":{"rendered":"<p>Cope Alcoy se ha volcado un a\u00f1o m\u00e1s con la Fira de Tots Sants de Cocentaina para acercar toda la&#8230;<\/p>\n","protected":false},"author":1,"featured_media":17073,"comment_status":"open","ping_status":"open","sticky":false,"template":"","format":"standard","meta":{"footnotes":""},"categories":[1577],"tags":[989,132,1045,676,990,148],"class_list":["post-17070","post","type-post","status-publish","format-standard","has-post-thumbnail","hentry","category-cope-alcoy","tag-actualidad","tag-cocentaina","tag-cope-alcoy","tag-fira","tag-informacion","tag-radio"],"yoast_head":"<!-- This site is optimized with the Yoast SEO plugin v27.3 - https:\/\/yoast.com\/product\/yoast-seo-wordpress\/ -->\n<title>Cope Alcoy de nuevo con la Fira de Tots Sants - COPE Alcoy<\/title>\n<meta name=\"robots\" content=\"index, follow, max-snippet:-1, max-image-preview:large, max-video-preview:-1\" \/>\n<link rel=\"canonical\" href=\"https:\/\/www.copealcoy.es\/es\/cope-alcoy-de-nuevo-con-la-fira-de-tots-sants\/\" \/>\n<meta property=\"og:locale\" content=\"es_ES\" \/>\n<meta property=\"og:type\" content=\"article\" \/>\n<meta property=\"og:title\" content=\"Cope Alcoy de nuevo con la Fira de Tots Sants - COPE Alcoy\" \/>\n<meta property=\"og:description\" content=\"Cope Alcoy se ha volcado un a\u00f1o m\u00e1s con la Fira de Tots Sants de Cocentaina para acercar toda la...\" \/>\n<meta property=\"og:url\" content=\"https:\/\/www.copealcoy.es\/es\/cope-alcoy-de-nuevo-con-la-fira-de-tots-sants\/\" \/>\n<meta property=\"og:site_name\" content=\"COPE Alcoy\" \/>\n<meta property=\"article:published_time\" content=\"2015-11-02T19:16:37+00:00\" \/>\n<meta property=\"article:modified_time\" content=\"2016-03-05T12:52:45+00:00\" \/>\n<meta property=\"og:image\" content=\"https:\/\/www.copealcoy.es\/wp-content\/uploads\/2015\/11\/12109290_739708566172631_1504472447987920852_n.jpg\" \/>\n\t<meta property=\"og:image:width\" content=\"960\" \/>\n\t<meta property=\"og:image:height\" content=\"720\" \/>\n\t<meta property=\"og:image:type\" content=\"image\/jpeg\" \/>\n<meta name=\"author\" content=\"Cope Alcoy\" \/>\n<meta name=\"twitter:label1\" content=\"Escrito por\" \/>\n\t<meta name=\"twitter:data1\" content=\"Cope Alcoy\" \/>\n\t<meta name=\"twitter:label2\" content=\"Tiempo de lectura\" \/>\n\t<meta name=\"twitter:data2\" content=\"2 minutos\" \/>\n<script type=\"application\/ld+json\" class=\"yoast-schema-graph\">{\"@context\":\"https:\\\/\\\/schema.org\",\"@graph\":[{\"@type\":\"Article\",\"@id\":\"https:\\\/\\\/www.copealcoy.es\\\/es\\\/cope-alcoy-de-nuevo-con-la-fira-de-tots-sants\\\/#article\",\"isPartOf\":{\"@id\":\"https:\\\/\\\/www.copealcoy.es\\\/es\\\/cope-alcoy-de-nuevo-con-la-fira-de-tots-sants\\\/\"},\"author\":{\"name\":\"Cope Alcoy\",\"@id\":\"https:\\\/\\\/www.copealcoy.es\\\/es\\\/#\\\/schema\\\/person\\\/e777c87fa024e57d40170af9df39882c\"},\"headline\":\"Cope Alcoy de nuevo con la Fira de Tots Sants\",\"datePublished\":\"2015-11-02T19:16:37+00:00\",\"dateModified\":\"2016-03-05T12:52:45+00:00\",\"mainEntityOfPage\":{\"@id\":\"https:\\\/\\\/www.copealcoy.es\\\/es\\\/cope-alcoy-de-nuevo-con-la-fira-de-tots-sants\\\/\"},\"wordCount\":485,\"commentCount\":0,\"image\":{\"@id\":\"https:\\\/\\\/www.copealcoy.es\\\/es\\\/cope-alcoy-de-nuevo-con-la-fira-de-tots-sants\\\/#primaryimage\"},\"thumbnailUrl\":\"https:\\\/\\\/www.copealcoy.es\\\/wp-content\\\/uploads\\\/2015\\\/11\\\/12109290_739708566172631_1504472447987920852_n.jpg\",\"keywords\":[\"Actualidad\",\"Cocentaina\",\"Cope Alcoy\",\"Fira\",\"Informaci\u00f3n\",\"Radio\"],\"articleSection\":[\"Cope Alcoy\"],\"inLanguage\":\"es\"},{\"@type\":\"WebPage\",\"@id\":\"https:\\\/\\\/www.copealcoy.es\\\/es\\\/cope-alcoy-de-nuevo-con-la-fira-de-tots-sants\\\/\",\"url\":\"https:\\\/\\\/www.copealcoy.es\\\/es\\\/cope-alcoy-de-nuevo-con-la-fira-de-tots-sants\\\/\",\"name\":\"Cope Alcoy de nuevo con la Fira de Tots Sants - COPE Alcoy\",\"isPartOf\":{\"@id\":\"https:\\\/\\\/www.copealcoy.es\\\/es\\\/#website\"},\"primaryImageOfPage\":{\"@id\":\"https:\\\/\\\/www.copealcoy.es\\\/es\\\/cope-alcoy-de-nuevo-con-la-fira-de-tots-sants\\\/#primaryimage\"},\"image\":{\"@id\":\"https:\\\/\\\/www.copealcoy.es\\\/es\\\/cope-alcoy-de-nuevo-con-la-fira-de-tots-sants\\\/#primaryimage\"},\"thumbnailUrl\":\"https:\\\/\\\/www.copealcoy.es\\\/wp-content\\\/uploads\\\/2015\\\/11\\\/12109290_739708566172631_1504472447987920852_n.jpg\",\"datePublished\":\"2015-11-02T19:16:37+00:00\",\"dateModified\":\"2016-03-05T12:52:45+00:00\",\"author\":{\"@id\":\"https:\\\/\\\/www.copealcoy.es\\\/es\\\/#\\\/schema\\\/person\\\/e777c87fa024e57d40170af9df39882c\"},\"breadcrumb\":{\"@id\":\"https:\\\/\\\/www.copealcoy.es\\\/es\\\/cope-alcoy-de-nuevo-con-la-fira-de-tots-sants\\\/#breadcrumb\"},\"inLanguage\":\"es\",\"potentialAction\":[{\"@type\":\"ReadAction\",\"target\":[\"https:\\\/\\\/www.copealcoy.es\\\/es\\\/cope-alcoy-de-nuevo-con-la-fira-de-tots-sants\\\/\"]}]},{\"@type\":\"ImageObject\",\"inLanguage\":\"es\",\"@id\":\"https:\\\/\\\/www.copealcoy.es\\\/es\\\/cope-alcoy-de-nuevo-con-la-fira-de-tots-sants\\\/#primaryimage\",\"url\":\"https:\\\/\\\/www.copealcoy.es\\\/wp-content\\\/uploads\\\/2015\\\/11\\\/12109290_739708566172631_1504472447987920852_n.jpg\",\"contentUrl\":\"https:\\\/\\\/www.copealcoy.es\\\/wp-content\\\/uploads\\\/2015\\\/11\\\/12109290_739708566172631_1504472447987920852_n.jpg\",\"width\":960,\"height\":720,\"caption\":\"Cope Comunidad Valenciana emiti\u00f3 en directo desde la Fira el viernes\"},{\"@type\":\"BreadcrumbList\",\"@id\":\"https:\\\/\\\/www.copealcoy.es\\\/es\\\/cope-alcoy-de-nuevo-con-la-fira-de-tots-sants\\\/#breadcrumb\",\"itemListElement\":[{\"@type\":\"ListItem\",\"position\":1,\"name\":\"Portada\",\"item\":\"https:\\\/\\\/www.copealcoy.es\\\/es\\\/\"},{\"@type\":\"ListItem\",\"position\":2,\"name\":\"Cope Alcoy de nuevo con la Fira de Tots Sants\"}]},{\"@type\":\"WebSite\",\"@id\":\"https:\\\/\\\/www.copealcoy.es\\\/es\\\/#website\",\"url\":\"https:\\\/\\\/www.copealcoy.es\\\/es\\\/\",\"name\":\"COPE Alcoy\",\"description\":\"Emisora COPE de radio local con emisi\u00f3n online. Pont de Sant Jordi 8-10 03803 Alcoy\",\"potentialAction\":[{\"@type\":\"SearchAction\",\"target\":{\"@type\":\"EntryPoint\",\"urlTemplate\":\"https:\\\/\\\/www.copealcoy.es\\\/es\\\/?s={search_term_string}\"},\"query-input\":{\"@type\":\"PropertyValueSpecification\",\"valueRequired\":true,\"valueName\":\"search_term_string\"}}],\"inLanguage\":\"es\"},{\"@type\":\"Person\",\"@id\":\"https:\\\/\\\/www.copealcoy.es\\\/es\\\/#\\\/schema\\\/person\\\/e777c87fa024e57d40170af9df39882c\",\"name\":\"Cope Alcoy\",\"image\":{\"@type\":\"ImageObject\",\"inLanguage\":\"es\",\"@id\":\"https:\\\/\\\/secure.gravatar.com\\\/avatar\\\/bb65d0283347e303893ba14f0692005417c1e0e690a325a4c5d8bb2b3943ee14?s=96&d=mm&r=g\",\"url\":\"https:\\\/\\\/secure.gravatar.com\\\/avatar\\\/bb65d0283347e303893ba14f0692005417c1e0e690a325a4c5d8bb2b3943ee14?s=96&d=mm&r=g\",\"contentUrl\":\"https:\\\/\\\/secure.gravatar.com\\\/avatar\\\/bb65d0283347e303893ba14f0692005417c1e0e690a325a4c5d8bb2b3943ee14?s=96&d=mm&r=g\",\"caption\":\"Cope Alcoy\"}}]}<\/script>\n<!-- \/ Yoast SEO plugin. -->","yoast_head_json":{"title":"Cope Alcoy de nuevo con la Fira de Tots Sants - COPE Alcoy","robots":{"index":"index","follow":"follow","max-snippet":"max-snippet:-1","max-image-preview":"max-image-preview:large","max-video-preview":"max-video-preview:-1"},"canonical":"https:\/\/www.copealcoy.es\/es\/cope-alcoy-de-nuevo-con-la-fira-de-tots-sants\/","og_locale":"es_ES","og_type":"article","og_title":"Cope Alcoy de nuevo con la Fira de Tots Sants - COPE Alcoy","og_description":"Cope Alcoy se ha volcado un a\u00f1o m\u00e1s con la Fira de Tots Sants de Cocentaina para acercar toda la...","og_url":"https:\/\/www.copealcoy.es\/es\/cope-alcoy-de-nuevo-con-la-fira-de-tots-sants\/","og_site_name":"COPE Alcoy","article_published_time":"2015-11-02T19:16:37+00:00","article_modified_time":"2016-03-05T12:52:45+00:00","og_image":[{"width":960,"height":720,"url":"https:\/\/www.copealcoy.es\/wp-content\/uploads\/2015\/11\/12109290_739708566172631_1504472447987920852_n.jpg","type":"image\/jpeg"}],"author":"Cope Alcoy","twitter_misc":{"Escrito por":"Cope Alcoy","Tiempo de lectura":"2 minutos"},"schema":{"@context":"https:\/\/schema.org","@graph":[{"@type":"Article","@id":"https:\/\/www.copealcoy.es\/es\/cope-alcoy-de-nuevo-con-la-fira-de-tots-sants\/#article","isPartOf":{"@id":"https:\/\/www.copealcoy.es\/es\/cope-alcoy-de-nuevo-con-la-fira-de-tots-sants\/"},"author":{"name":"Cope Alcoy","@id":"https:\/\/www.copealcoy.es\/es\/#\/schema\/person\/e777c87fa024e57d40170af9df39882c"},"headline":"Cope Alcoy de nuevo con la Fira de Tots Sants","datePublished":"2015-11-02T19:16:37+00:00","dateModified":"2016-03-05T12:52:45+00:00","mainEntityOfPage":{"@id":"https:\/\/www.copealcoy.es\/es\/cope-alcoy-de-nuevo-con-la-fira-de-tots-sants\/"},"wordCount":485,"commentCount":0,"image":{"@id":"https:\/\/www.copealcoy.es\/es\/cope-alcoy-de-nuevo-con-la-fira-de-tots-sants\/#primaryimage"},"thumbnailUrl":"https:\/\/www.copealcoy.es\/wp-content\/uploads\/2015\/11\/12109290_739708566172631_1504472447987920852_n.jpg","keywords":["Actualidad","Cocentaina","Cope Alcoy","Fira","Informaci\u00f3n","Radio"],"articleSection":["Cope Alcoy"],"inLanguage":"es"},{"@type":"WebPage","@id":"https:\/\/www.copealcoy.es\/es\/cope-alcoy-de-nuevo-con-la-fira-de-tots-sants\/","url":"https:\/\/www.copealcoy.es\/es\/cope-alcoy-de-nuevo-con-la-fira-de-tots-sants\/","name":"Cope Alcoy de nuevo con la Fira de Tots Sants - COPE Alcoy","isPartOf":{"@id":"https:\/\/www.copealcoy.es\/es\/#website"},"primaryImageOfPage":{"@id":"https:\/\/www.copealcoy.es\/es\/cope-alcoy-de-nuevo-con-la-fira-de-tots-sants\/#primaryimage"},"image":{"@id":"https:\/\/www.copealcoy.es\/es\/cope-alcoy-de-nuevo-con-la-fira-de-tots-sants\/#primaryimage"},"thumbnailUrl":"https:\/\/www.copealcoy.es\/wp-content\/uploads\/2015\/11\/12109290_739708566172631_1504472447987920852_n.jpg","datePublished":"2015-11-02T19:16:37+00:00","dateModified":"2016-03-05T12:52:45+00:00","author":{"@id":"https:\/\/www.copealcoy.es\/es\/#\/schema\/person\/e777c87fa024e57d40170af9df39882c"},"breadcrumb":{"@id":"https:\/\/www.copealcoy.es\/es\/cope-alcoy-de-nuevo-con-la-fira-de-tots-sants\/#breadcrumb"},"inLanguage":"es","potentialAction":[{"@type":"ReadAction","target":["https:\/\/www.copealcoy.es\/es\/cope-alcoy-de-nuevo-con-la-fira-de-tots-sants\/"]}]},{"@type":"ImageObject","inLanguage":"es","@id":"https:\/\/www.copealcoy.es\/es\/cope-alcoy-de-nuevo-con-la-fira-de-tots-sants\/#primaryimage","url":"https:\/\/www.copealcoy.es\/wp-content\/uploads\/2015\/11\/12109290_739708566172631_1504472447987920852_n.jpg","contentUrl":"https:\/\/www.copealcoy.es\/wp-content\/uploads\/2015\/11\/12109290_739708566172631_1504472447987920852_n.jpg","width":960,"height":720,"caption":"Cope Comunidad Valenciana emiti\u00f3 en directo desde la Fira el viernes"},{"@type":"BreadcrumbList","@id":"https:\/\/www.copealcoy.es\/es\/cope-alcoy-de-nuevo-con-la-fira-de-tots-sants\/#breadcrumb","itemListElement":[{"@type":"ListItem","position":1,"name":"Portada","item":"https:\/\/www.copealcoy.es\/es\/"},{"@type":"ListItem","position":2,"name":"Cope Alcoy de nuevo con la Fira de Tots Sants"}]},{"@type":"WebSite","@id":"https:\/\/www.copealcoy.es\/es\/#website","url":"https:\/\/www.copealcoy.es\/es\/","name":"COPE Alcoy","description":"Emisora COPE de radio local con emisi\u00f3n online. Pont de Sant Jordi 8-10 03803 Alcoy","potentialAction":[{"@type":"SearchAction","target":{"@type":"EntryPoint","urlTemplate":"https:\/\/www.copealcoy.es\/es\/?s={search_term_string}"},"query-input":{"@type":"PropertyValueSpecification","valueRequired":true,"valueName":"search_term_string"}}],"inLanguage":"es"},{"@type":"Person","@id":"https:\/\/www.copealcoy.es\/es\/#\/schema\/person\/e777c87fa024e57d40170af9df39882c","name":"Cope Alcoy","image":{"@type":"ImageObject","inLanguage":"es","@id":"https:\/\/secure.gravatar.com\/avatar\/bb65d0283347e303893ba14f0692005417c1e0e690a325a4c5d8bb2b3943ee14?s=96&d=mm&r=g","url":"https:\/\/secure.gravatar.com\/avatar\/bb65d0283347e303893ba14f0692005417c1e0e690a325a4c5d8bb2b3943ee14?s=96&d=mm&r=g","contentUrl":"https:\/\/secure.gravatar.com\/avatar\/bb65d0283347e303893ba14f0692005417c1e0e690a325a4c5d8bb2b3943ee14?s=96&d=mm&r=g","caption":"Cope Alcoy"}}]}},"_links":{"self":[{"href":"https:\/\/www.copealcoy.es\/es\/wp-json\/wp\/v2\/posts\/17070","targetHints":{"allow":["GET"]}}],"collection":[{"href":"https:\/\/www.copealcoy.es\/es\/wp-json\/wp\/v2\/posts"}],"about":[{"href":"https:\/\/www.copealcoy.es\/es\/wp-json\/wp\/v2\/types\/post"}],"author":[{"embeddable":true,"href":"https:\/\/www.copealcoy.es\/es\/wp-json\/wp\/v2\/users\/1"}],"replies":[{"embeddable":true,"href":"https:\/\/www.copealcoy.es\/es\/wp-json\/wp\/v2\/comments?post=17070"}],"version-history":[{"count":0,"href":"https:\/\/www.copealcoy.es\/es\/wp-json\/wp\/v2\/posts\/17070\/revisions"}],"wp:featuredmedia":[{"embeddable":true,"href":"https:\/\/www.copealcoy.es\/es\/wp-json\/wp\/v2\/media\/17073"}],"wp:attachment":[{"href":"https:\/\/www.copealcoy.es\/es\/wp-json\/wp\/v2\/media?parent=17070"}],"wp:term":[{"taxonomy":"category","embeddable":true,"href":"https:\/\/www.copealcoy.es\/es\/wp-json\/wp\/v2\/categories?post=17070"},{"taxonomy":"post_tag","embeddable":true,"href":"https:\/\/www.copealcoy.es\/es\/wp-json\/wp\/v2\/tags?post=17070"}],"curies":[{"name":"wp","href":"https:\/\/api.w.org\/{rel}","templated":true}]}}