{"id":17060,"date":"2015-11-16T18:09:56","date_gmt":"2015-11-16T18:09:56","guid":{"rendered":"http:\/\/copealcoi.es\/new\/?p=17060"},"modified":"2015-11-16T18:09:56","modified_gmt":"2015-11-16T18:09:56","slug":"guanyar-alcoi-pide-la-revision-de-oficio-de-alcoinnova","status":"publish","type":"post","link":"https:\/\/www.copealcoy.es\/es\/guanyar-alcoi-pide-la-revision-de-oficio-de-alcoinnova\/","title":{"rendered":"Guanyar Alcoi pide la revisi\u00f3n de oficio de Alcoinnova"},"content":{"rendered":"<p style=\"text-align: justify;\">Guanyar Alcoi ha anunciado que ha remitido una solicitud a la Conseller\u00eda de Agricultura, Medio Ambiente, Cambio Clim\u00e1tico y Desarrollo Rural para la revisi\u00f3n de oficio del proyecto Alcoinnova. La portavoz de la plataforma, Estefan\u00eda Blanes, ha asegurado que es prioritario revisar el expediente para determinar si se cumplen determinadas cuestiones como las medidas contra incendios forestales o que las conducciones atraviesan el parque natural por encima del Acu\u00edfero del Molinar. Adem\u00e1s Blanes ha destacado que en la Comisi\u00f3n Informativa de este lunes han solicitado informaci\u00f3n al Gobierno Local para conocer el estado de la tramitaci\u00f3n de Alcoinnova &#8220;en primer lugar, queremos saber si el Ayuntamiento ha pedido la suspensi\u00f3n cautelar del proyecto hasta que haya sentencias firmes a los contenciosos interpuestos. Y en segundo, si el Gobierno piensa reclamar los citados informes sobre incendios forestales y conducciones desde la ciudad hasta el pol\u00edgono atravesando el Parque Natural&#8221;, manifiesta.<\/p>\n<p style=\"text-align: justify;\">\n<div class=\"single_content\">\n<div class=\"txt_gen\">\n<p style=\"text-align: justify;\">Por otra parte Guanyar ha destacado que ha mantenido diversas reuniones con el Diputado de Podemos Josep Francesc Almer\u00eda para llevar a cabo acciones en defensa de La Canal. De hecho esta formaci\u00f3n pol\u00edtica ha pedido por medio de una Proposici\u00f3n No de Ley que la Generalitat renuncie a la defensa en los contenciosos que ahora mismo se encuentran en proceso judicial &#8220;desde Guanyar seguiremos estando al lado de Salvem l\u00b4Aq\u00fc\u00edfer y respaldaremos todas las acciones que se acuerden. No obstante vemos cada vez m\u00e1s la ambig\u00fcedad en la postura del Gobierno Local que cada d\u00eda varia de postura. Es\u00a0necesario que todas las administraciones implicadas ponen fin a esta recalificaci\u00f3n a la carta que pone en peligro el agua que bebemos, el equilibrio del parque natural, la fauna de la zona y los valores hist\u00f3ricos, arqueol\u00f3gicos, naturales y paisaj\u00edsticos de la zona&#8221;, concluye.<\/p>\n<p style=\"text-align: justify;\">\n<\/div>\n<\/div>\n<div><\/div>\n","protected":false},"excerpt":{"rendered":"<p>Guanyar Alcoi ha anunciado que ha remitido una solicitud a la Conseller\u00eda de Agricultura, Medio Ambiente, Cambio Clim\u00e1tico y Desarrollo&#8230;<\/p>\n","protected":false},"author":1,"featured_media":16839,"comment_status":"open","ping_status":"open","sticky":false,"template":"","format":"standard","meta":{"footnotes":""},"categories":[97,75,79],"tags":[478,1494,1602,422,1563],"class_list":["post-17060","post","type-post","status-publish","format-standard","has-post-thumbnail","hentry","category-alcoy","category-noticias","category-politicayeconomia","tag-alcoinnova","tag-alcoy","tag-ganyar","tag-politica","tag-revision-de-oficio"],"yoast_head":"<!-- This site is optimized with the Yoast SEO plugin v27.3 - https:\/\/yoast.com\/product\/yoast-seo-wordpress\/ -->\n<title>Guanyar Alcoi pide la revisi\u00f3n de oficio de Alcoinnova - COPE Alcoy<\/title>\n<meta name=\"robots\" content=\"index, follow, max-snippet:-1, max-image-preview:large, max-video-preview:-1\" \/>\n<link rel=\"canonical\" href=\"https:\/\/www.copealcoy.es\/es\/guanyar-alcoi-pide-la-revision-de-oficio-de-alcoinnova\/\" \/>\n<meta property=\"og:locale\" content=\"es_ES\" \/>\n<meta property=\"og:type\" content=\"article\" \/>\n<meta property=\"og:title\" content=\"Guanyar Alcoi pide la revisi\u00f3n de oficio de Alcoinnova - COPE Alcoy\" \/>\n<meta property=\"og:description\" content=\"Guanyar Alcoi ha anunciado que ha remitido una solicitud a la Conseller\u00eda de Agricultura, Medio Ambiente, Cambio Clim\u00e1tico y Desarrollo...\" \/>\n<meta property=\"og:url\" content=\"https:\/\/www.copealcoy.es\/es\/guanyar-alcoi-pide-la-revision-de-oficio-de-alcoinnova\/\" \/>\n<meta property=\"og:site_name\" content=\"COPE Alcoy\" \/>\n<meta property=\"article:published_time\" content=\"2015-11-16T18:09:56+00:00\" \/>\n<meta property=\"og:image\" content=\"https:\/\/www.copealcoy.es\/wp-content\/uploads\/2015\/11\/IMG-20151103-WA0000.jpg\" \/>\n\t<meta property=\"og:image:width\" content=\"1600\" \/>\n\t<meta property=\"og:image:height\" content=\"1200\" \/>\n\t<meta property=\"og:image:type\" content=\"image\/jpeg\" \/>\n<meta name=\"author\" content=\"Cope Alcoy\" \/>\n<meta name=\"twitter:label1\" content=\"Escrito por\" \/>\n\t<meta name=\"twitter:data1\" content=\"Cope Alcoy\" \/>\n\t<meta name=\"twitter:label2\" content=\"Tiempo de lectura\" \/>\n\t<meta name=\"twitter:data2\" content=\"2 minutos\" \/>\n<script type=\"application\/ld+json\" class=\"yoast-schema-graph\">{\"@context\":\"https:\\\/\\\/schema.org\",\"@graph\":[{\"@type\":\"Article\",\"@id\":\"https:\\\/\\\/www.copealcoy.es\\\/es\\\/guanyar-alcoi-pide-la-revision-de-oficio-de-alcoinnova\\\/#article\",\"isPartOf\":{\"@id\":\"https:\\\/\\\/www.copealcoy.es\\\/es\\\/guanyar-alcoi-pide-la-revision-de-oficio-de-alcoinnova\\\/\"},\"author\":{\"name\":\"Cope Alcoy\",\"@id\":\"https:\\\/\\\/www.copealcoy.es\\\/es\\\/#\\\/schema\\\/person\\\/e777c87fa024e57d40170af9df39882c\"},\"headline\":\"Guanyar Alcoi pide la revisi\u00f3n de oficio de Alcoinnova\",\"datePublished\":\"2015-11-16T18:09:56+00:00\",\"mainEntityOfPage\":{\"@id\":\"https:\\\/\\\/www.copealcoy.es\\\/es\\\/guanyar-alcoi-pide-la-revision-de-oficio-de-alcoinnova\\\/\"},\"wordCount\":327,\"commentCount\":0,\"image\":{\"@id\":\"https:\\\/\\\/www.copealcoy.es\\\/es\\\/guanyar-alcoi-pide-la-revision-de-oficio-de-alcoinnova\\\/#primaryimage\"},\"thumbnailUrl\":\"https:\\\/\\\/www.copealcoy.es\\\/wp-content\\\/uploads\\\/2015\\\/11\\\/IMG-20151103-WA0000.jpg\",\"keywords\":[\"Alcoinnova\",\"Alcoy\",\"Ganyar\",\"Pol\u00edtica\",\"Revisi\u00f3n de Oficio\"],\"articleSection\":[\"Alcoy\",\"Noticias\",\"Pol\u00edtica y Econom\u00eda\"],\"inLanguage\":\"es\"},{\"@type\":\"WebPage\",\"@id\":\"https:\\\/\\\/www.copealcoy.es\\\/es\\\/guanyar-alcoi-pide-la-revision-de-oficio-de-alcoinnova\\\/\",\"url\":\"https:\\\/\\\/www.copealcoy.es\\\/es\\\/guanyar-alcoi-pide-la-revision-de-oficio-de-alcoinnova\\\/\",\"name\":\"Guanyar Alcoi pide la revisi\u00f3n de oficio de Alcoinnova - COPE Alcoy\",\"isPartOf\":{\"@id\":\"https:\\\/\\\/www.copealcoy.es\\\/es\\\/#website\"},\"primaryImageOfPage\":{\"@id\":\"https:\\\/\\\/www.copealcoy.es\\\/es\\\/guanyar-alcoi-pide-la-revision-de-oficio-de-alcoinnova\\\/#primaryimage\"},\"image\":{\"@id\":\"https:\\\/\\\/www.copealcoy.es\\\/es\\\/guanyar-alcoi-pide-la-revision-de-oficio-de-alcoinnova\\\/#primaryimage\"},\"thumbnailUrl\":\"https:\\\/\\\/www.copealcoy.es\\\/wp-content\\\/uploads\\\/2015\\\/11\\\/IMG-20151103-WA0000.jpg\",\"datePublished\":\"2015-11-16T18:09:56+00:00\",\"author\":{\"@id\":\"https:\\\/\\\/www.copealcoy.es\\\/es\\\/#\\\/schema\\\/person\\\/e777c87fa024e57d40170af9df39882c\"},\"breadcrumb\":{\"@id\":\"https:\\\/\\\/www.copealcoy.es\\\/es\\\/guanyar-alcoi-pide-la-revision-de-oficio-de-alcoinnova\\\/#breadcrumb\"},\"inLanguage\":\"es\",\"potentialAction\":[{\"@type\":\"ReadAction\",\"target\":[\"https:\\\/\\\/www.copealcoy.es\\\/es\\\/guanyar-alcoi-pide-la-revision-de-oficio-de-alcoinnova\\\/\"]}]},{\"@type\":\"ImageObject\",\"inLanguage\":\"es\",\"@id\":\"https:\\\/\\\/www.copealcoy.es\\\/es\\\/guanyar-alcoi-pide-la-revision-de-oficio-de-alcoinnova\\\/#primaryimage\",\"url\":\"https:\\\/\\\/www.copealcoy.es\\\/wp-content\\\/uploads\\\/2015\\\/11\\\/IMG-20151103-WA0000.jpg\",\"contentUrl\":\"https:\\\/\\\/www.copealcoy.es\\\/wp-content\\\/uploads\\\/2015\\\/11\\\/IMG-20151103-WA0000.jpg\",\"width\":1600,\"height\":1200,\"caption\":\"Los ediles Estefan\u00eda Blanes, Naiara Dav\u00f3 y Cristian Santiago han hecho balance de los primeros meses de legislatura\"},{\"@type\":\"BreadcrumbList\",\"@id\":\"https:\\\/\\\/www.copealcoy.es\\\/es\\\/guanyar-alcoi-pide-la-revision-de-oficio-de-alcoinnova\\\/#breadcrumb\",\"itemListElement\":[{\"@type\":\"ListItem\",\"position\":1,\"name\":\"Portada\",\"item\":\"https:\\\/\\\/www.copealcoy.es\\\/es\\\/\"},{\"@type\":\"ListItem\",\"position\":2,\"name\":\"Guanyar Alcoi pide la revisi\u00f3n de oficio de Alcoinnova\"}]},{\"@type\":\"WebSite\",\"@id\":\"https:\\\/\\\/www.copealcoy.es\\\/es\\\/#website\",\"url\":\"https:\\\/\\\/www.copealcoy.es\\\/es\\\/\",\"name\":\"COPE Alcoy\",\"description\":\"Emisora COPE de radio local con emisi\u00f3n online. Pont de Sant Jordi 8-10 03803 Alcoy\",\"potentialAction\":[{\"@type\":\"SearchAction\",\"target\":{\"@type\":\"EntryPoint\",\"urlTemplate\":\"https:\\\/\\\/www.copealcoy.es\\\/es\\\/?s={search_term_string}\"},\"query-input\":{\"@type\":\"PropertyValueSpecification\",\"valueRequired\":true,\"valueName\":\"search_term_string\"}}],\"inLanguage\":\"es\"},{\"@type\":\"Person\",\"@id\":\"https:\\\/\\\/www.copealcoy.es\\\/es\\\/#\\\/schema\\\/person\\\/e777c87fa024e57d40170af9df39882c\",\"name\":\"Cope Alcoy\",\"image\":{\"@type\":\"ImageObject\",\"inLanguage\":\"es\",\"@id\":\"https:\\\/\\\/secure.gravatar.com\\\/avatar\\\/bb65d0283347e303893ba14f0692005417c1e0e690a325a4c5d8bb2b3943ee14?s=96&d=mm&r=g\",\"url\":\"https:\\\/\\\/secure.gravatar.com\\\/avatar\\\/bb65d0283347e303893ba14f0692005417c1e0e690a325a4c5d8bb2b3943ee14?s=96&d=mm&r=g\",\"contentUrl\":\"https:\\\/\\\/secure.gravatar.com\\\/avatar\\\/bb65d0283347e303893ba14f0692005417c1e0e690a325a4c5d8bb2b3943ee14?s=96&d=mm&r=g\",\"caption\":\"Cope Alcoy\"}}]}<\/script>\n<!-- \/ Yoast SEO plugin. -->","yoast_head_json":{"title":"Guanyar Alcoi pide la revisi\u00f3n de oficio de Alcoinnova - COPE Alcoy","robots":{"index":"index","follow":"follow","max-snippet":"max-snippet:-1","max-image-preview":"max-image-preview:large","max-video-preview":"max-video-preview:-1"},"canonical":"https:\/\/www.copealcoy.es\/es\/guanyar-alcoi-pide-la-revision-de-oficio-de-alcoinnova\/","og_locale":"es_ES","og_type":"article","og_title":"Guanyar Alcoi pide la revisi\u00f3n de oficio de Alcoinnova - COPE Alcoy","og_description":"Guanyar Alcoi ha anunciado que ha remitido una solicitud a la Conseller\u00eda de Agricultura, Medio Ambiente, Cambio Clim\u00e1tico y Desarrollo...","og_url":"https:\/\/www.copealcoy.es\/es\/guanyar-alcoi-pide-la-revision-de-oficio-de-alcoinnova\/","og_site_name":"COPE Alcoy","article_published_time":"2015-11-16T18:09:56+00:00","og_image":[{"width":1600,"height":1200,"url":"https:\/\/www.copealcoy.es\/wp-content\/uploads\/2015\/11\/IMG-20151103-WA0000.jpg","type":"image\/jpeg"}],"author":"Cope Alcoy","twitter_misc":{"Escrito por":"Cope Alcoy","Tiempo de lectura":"2 minutos"},"schema":{"@context":"https:\/\/schema.org","@graph":[{"@type":"Article","@id":"https:\/\/www.copealcoy.es\/es\/guanyar-alcoi-pide-la-revision-de-oficio-de-alcoinnova\/#article","isPartOf":{"@id":"https:\/\/www.copealcoy.es\/es\/guanyar-alcoi-pide-la-revision-de-oficio-de-alcoinnova\/"},"author":{"name":"Cope Alcoy","@id":"https:\/\/www.copealcoy.es\/es\/#\/schema\/person\/e777c87fa024e57d40170af9df39882c"},"headline":"Guanyar Alcoi pide la revisi\u00f3n de oficio de Alcoinnova","datePublished":"2015-11-16T18:09:56+00:00","mainEntityOfPage":{"@id":"https:\/\/www.copealcoy.es\/es\/guanyar-alcoi-pide-la-revision-de-oficio-de-alcoinnova\/"},"wordCount":327,"commentCount":0,"image":{"@id":"https:\/\/www.copealcoy.es\/es\/guanyar-alcoi-pide-la-revision-de-oficio-de-alcoinnova\/#primaryimage"},"thumbnailUrl":"https:\/\/www.copealcoy.es\/wp-content\/uploads\/2015\/11\/IMG-20151103-WA0000.jpg","keywords":["Alcoinnova","Alcoy","Ganyar","Pol\u00edtica","Revisi\u00f3n de Oficio"],"articleSection":["Alcoy","Noticias","Pol\u00edtica y Econom\u00eda"],"inLanguage":"es"},{"@type":"WebPage","@id":"https:\/\/www.copealcoy.es\/es\/guanyar-alcoi-pide-la-revision-de-oficio-de-alcoinnova\/","url":"https:\/\/www.copealcoy.es\/es\/guanyar-alcoi-pide-la-revision-de-oficio-de-alcoinnova\/","name":"Guanyar Alcoi pide la revisi\u00f3n de oficio de Alcoinnova - COPE Alcoy","isPartOf":{"@id":"https:\/\/www.copealcoy.es\/es\/#website"},"primaryImageOfPage":{"@id":"https:\/\/www.copealcoy.es\/es\/guanyar-alcoi-pide-la-revision-de-oficio-de-alcoinnova\/#primaryimage"},"image":{"@id":"https:\/\/www.copealcoy.es\/es\/guanyar-alcoi-pide-la-revision-de-oficio-de-alcoinnova\/#primaryimage"},"thumbnailUrl":"https:\/\/www.copealcoy.es\/wp-content\/uploads\/2015\/11\/IMG-20151103-WA0000.jpg","datePublished":"2015-11-16T18:09:56+00:00","author":{"@id":"https:\/\/www.copealcoy.es\/es\/#\/schema\/person\/e777c87fa024e57d40170af9df39882c"},"breadcrumb":{"@id":"https:\/\/www.copealcoy.es\/es\/guanyar-alcoi-pide-la-revision-de-oficio-de-alcoinnova\/#breadcrumb"},"inLanguage":"es","potentialAction":[{"@type":"ReadAction","target":["https:\/\/www.copealcoy.es\/es\/guanyar-alcoi-pide-la-revision-de-oficio-de-alcoinnova\/"]}]},{"@type":"ImageObject","inLanguage":"es","@id":"https:\/\/www.copealcoy.es\/es\/guanyar-alcoi-pide-la-revision-de-oficio-de-alcoinnova\/#primaryimage","url":"https:\/\/www.copealcoy.es\/wp-content\/uploads\/2015\/11\/IMG-20151103-WA0000.jpg","contentUrl":"https:\/\/www.copealcoy.es\/wp-content\/uploads\/2015\/11\/IMG-20151103-WA0000.jpg","width":1600,"height":1200,"caption":"Los ediles Estefan\u00eda Blanes, Naiara Dav\u00f3 y Cristian Santiago han hecho balance de los primeros meses de legislatura"},{"@type":"BreadcrumbList","@id":"https:\/\/www.copealcoy.es\/es\/guanyar-alcoi-pide-la-revision-de-oficio-de-alcoinnova\/#breadcrumb","itemListElement":[{"@type":"ListItem","position":1,"name":"Portada","item":"https:\/\/www.copealcoy.es\/es\/"},{"@type":"ListItem","position":2,"name":"Guanyar Alcoi pide la revisi\u00f3n de oficio de Alcoinnova"}]},{"@type":"WebSite","@id":"https:\/\/www.copealcoy.es\/es\/#website","url":"https:\/\/www.copealcoy.es\/es\/","name":"COPE Alcoy","description":"Emisora COPE de radio local con emisi\u00f3n online. Pont de Sant Jordi 8-10 03803 Alcoy","potentialAction":[{"@type":"SearchAction","target":{"@type":"EntryPoint","urlTemplate":"https:\/\/www.copealcoy.es\/es\/?s={search_term_string}"},"query-input":{"@type":"PropertyValueSpecification","valueRequired":true,"valueName":"search_term_string"}}],"inLanguage":"es"},{"@type":"Person","@id":"https:\/\/www.copealcoy.es\/es\/#\/schema\/person\/e777c87fa024e57d40170af9df39882c","name":"Cope Alcoy","image":{"@type":"ImageObject","inLanguage":"es","@id":"https:\/\/secure.gravatar.com\/avatar\/bb65d0283347e303893ba14f0692005417c1e0e690a325a4c5d8bb2b3943ee14?s=96&d=mm&r=g","url":"https:\/\/secure.gravatar.com\/avatar\/bb65d0283347e303893ba14f0692005417c1e0e690a325a4c5d8bb2b3943ee14?s=96&d=mm&r=g","contentUrl":"https:\/\/secure.gravatar.com\/avatar\/bb65d0283347e303893ba14f0692005417c1e0e690a325a4c5d8bb2b3943ee14?s=96&d=mm&r=g","caption":"Cope Alcoy"}}]}},"_links":{"self":[{"href":"https:\/\/www.copealcoy.es\/es\/wp-json\/wp\/v2\/posts\/17060","targetHints":{"allow":["GET"]}}],"collection":[{"href":"https:\/\/www.copealcoy.es\/es\/wp-json\/wp\/v2\/posts"}],"about":[{"href":"https:\/\/www.copealcoy.es\/es\/wp-json\/wp\/v2\/types\/post"}],"author":[{"embeddable":true,"href":"https:\/\/www.copealcoy.es\/es\/wp-json\/wp\/v2\/users\/1"}],"replies":[{"embeddable":true,"href":"https:\/\/www.copealcoy.es\/es\/wp-json\/wp\/v2\/comments?post=17060"}],"version-history":[{"count":0,"href":"https:\/\/www.copealcoy.es\/es\/wp-json\/wp\/v2\/posts\/17060\/revisions"}],"wp:featuredmedia":[{"embeddable":true,"href":"https:\/\/www.copealcoy.es\/es\/wp-json\/wp\/v2\/media\/16839"}],"wp:attachment":[{"href":"https:\/\/www.copealcoy.es\/es\/wp-json\/wp\/v2\/media?parent=17060"}],"wp:term":[{"taxonomy":"category","embeddable":true,"href":"https:\/\/www.copealcoy.es\/es\/wp-json\/wp\/v2\/categories?post=17060"},{"taxonomy":"post_tag","embeddable":true,"href":"https:\/\/www.copealcoy.es\/es\/wp-json\/wp\/v2\/tags?post=17060"}],"curies":[{"name":"wp","href":"https:\/\/api.w.org\/{rel}","templated":true}]}}