{"id":16981,"date":"2015-11-12T20:30:09","date_gmt":"2015-11-12T20:30:09","guid":{"rendered":"http:\/\/copealcoi.es\/new\/?p=16981"},"modified":"2016-03-05T12:52:37","modified_gmt":"2016-03-05T12:52:37","slug":"oscar-climent-renuncia-tras-la-polemica-del-cartel-de-la-cabalgata","status":"publish","type":"post","link":"https:\/\/www.copealcoy.es\/es\/oscar-climent-renuncia-tras-la-polemica-del-cartel-de-la-cabalgata\/","title":{"rendered":"\u00d3scar Climent renuncia tras la pol\u00e9mica del cartel de la Cabalgata"},"content":{"rendered":"<p style=\"text-align: justify;\">\u00d3scar Climent, elegido ganador del concurso del cartel de la Cabalgata de los Reyes Magos de Alcoy del 2016, ha anunciado que renuncia al premio tras la pol\u00e9mica generada en las \u00faltimas horas en relaci\u00f3n a un presunto plagio de otras obras que hab\u00edan anunciado los Carnavales de Madrid e Ir\u00fan en 2010 y 2012 respectivamente. El autor ha emitido un comunicado a trav\u00e9s de su muro de Facebook en el que asegura que se inspir\u00f3 en el cartel de Madrid para realizar su pieza al mismo tiempo que deja claro que en ning\u00fan momento\u00a0su intenci\u00f3n era hacer una copia. Adem\u00e1s ha explicado que su dise\u00f1o representa a los cinco personajes de la fiesta simulando una corona y ha pedido perd\u00f3n a todos aquellos que puedan haberse sentido ofendidos por este hecho.<\/p>\n<p style=\"text-align: justify;\">Recordar que la pol\u00e9mica saltaba ayer a mediod\u00eda despu\u00e9s de que en el Facebook de Cope Alcoy varios seguidores advirtieran de\u00a0la situaci\u00f3n aportando tambi\u00e9n capturas de im\u00e1genes en las que se pod\u00eda ver la aparente similitud del cartel de Climent junto a los de Madrid e Ir\u00fan. Tambi\u00e9n desde Comprom\u00eds ped\u00edan este jueves una pronta soluci\u00f3n para subsanar el error seg\u00fan apuntaba en el Tiempo del An\u00e1lisis de La Ma\u00f1ana su Secretario Local, Marius Ivorra.<\/p>\n<p style=\"text-align: justify;\">Adjuntamos el comunicado que Oscar Climent emit\u00eda en su Facebook:<\/p>\n<p style=\"text-align: justify;\"><a href=\"https:\/\/www.copealcoy.es\/wp-content\/uploads\/2015\/11\/12208502_744301519046669_1814179475223507190_n.jpg\"><img loading=\"lazy\" decoding=\"async\" class=\"alignleft size-full wp-image-16982\" src=\"https:\/\/www.copealcoy.es\/wp-content\/uploads\/2015\/11\/12208502_744301519046669_1814179475223507190_n.jpg\" alt=\"\" width=\"290\" height=\"395\" srcset=\"https:\/\/www.copealcoy.es\/wp-content\/uploads\/2015\/11\/12208502_744301519046669_1814179475223507190_n.jpg 290w, https:\/\/www.copealcoy.es\/wp-content\/uploads\/2015\/11\/12208502_744301519046669_1814179475223507190_n-220x300.jpg 220w\" sizes=\"auto, (max-width: 290px) 100vw, 290px\" \/><\/a><\/p>\n<p>&nbsp;<\/p>\n","protected":false},"excerpt":{"rendered":"<p>\u00d3scar Climent, elegido ganador del concurso del cartel de la Cabalgata de los Reyes Magos de Alcoy del 2016, ha&#8230;<\/p>\n","protected":false},"author":1,"featured_media":16952,"comment_status":"open","ping_status":"open","sticky":false,"template":"","format":"standard","meta":{"footnotes":""},"categories":[97,78,75],"tags":[1494,368,908,1590,370],"class_list":["post-16981","post","type-post","status-publish","format-standard","has-post-thumbnail","hentry","category-alcoy","category-fiestaycultura","category-noticias","tag-alcoy","tag-cabalgata","tag-cartel","tag-plagio","tag-polemica"],"yoast_head":"<!-- This site is optimized with the Yoast SEO plugin v27.3 - https:\/\/yoast.com\/product\/yoast-seo-wordpress\/ -->\n<title>\u00d3scar Climent renuncia tras la pol\u00e9mica del cartel de la Cabalgata - COPE Alcoy<\/title>\n<meta name=\"robots\" content=\"index, follow, max-snippet:-1, max-image-preview:large, max-video-preview:-1\" \/>\n<link rel=\"canonical\" href=\"https:\/\/www.copealcoy.es\/es\/oscar-climent-renuncia-tras-la-polemica-del-cartel-de-la-cabalgata\/\" \/>\n<meta property=\"og:locale\" content=\"es_ES\" \/>\n<meta property=\"og:type\" content=\"article\" \/>\n<meta property=\"og:title\" content=\"\u00d3scar Climent renuncia tras la pol\u00e9mica del cartel de la Cabalgata - COPE Alcoy\" \/>\n<meta property=\"og:description\" content=\"\u00d3scar Climent, elegido ganador del concurso del cartel de la Cabalgata de los Reyes Magos de Alcoy del 2016, ha...\" \/>\n<meta property=\"og:url\" content=\"https:\/\/www.copealcoy.es\/es\/oscar-climent-renuncia-tras-la-polemica-del-cartel-de-la-cabalgata\/\" \/>\n<meta property=\"og:site_name\" content=\"COPE Alcoy\" \/>\n<meta property=\"article:published_time\" content=\"2015-11-12T20:30:09+00:00\" \/>\n<meta property=\"article:modified_time\" content=\"2016-03-05T12:52:37+00:00\" \/>\n<meta property=\"og:image\" content=\"https:\/\/www.copealcoy.es\/wp-content\/uploads\/2015\/11\/12227699_743787605764727_2878552533567157247_n.jpg\" \/>\n\t<meta property=\"og:image:width\" content=\"960\" \/>\n\t<meta property=\"og:image:height\" content=\"640\" \/>\n\t<meta property=\"og:image:type\" content=\"image\/jpeg\" \/>\n<meta name=\"author\" content=\"Cope Alcoy\" \/>\n<meta name=\"twitter:label1\" content=\"Escrito por\" \/>\n\t<meta name=\"twitter:data1\" content=\"Cope Alcoy\" \/>\n\t<meta name=\"twitter:label2\" content=\"Tiempo de lectura\" \/>\n\t<meta name=\"twitter:data2\" content=\"1 minuto\" \/>\n<script type=\"application\/ld+json\" class=\"yoast-schema-graph\">{\"@context\":\"https:\\\/\\\/schema.org\",\"@graph\":[{\"@type\":\"Article\",\"@id\":\"https:\\\/\\\/www.copealcoy.es\\\/es\\\/oscar-climent-renuncia-tras-la-polemica-del-cartel-de-la-cabalgata\\\/#article\",\"isPartOf\":{\"@id\":\"https:\\\/\\\/www.copealcoy.es\\\/es\\\/oscar-climent-renuncia-tras-la-polemica-del-cartel-de-la-cabalgata\\\/\"},\"author\":{\"name\":\"Cope Alcoy\",\"@id\":\"https:\\\/\\\/www.copealcoy.es\\\/es\\\/#\\\/schema\\\/person\\\/e777c87fa024e57d40170af9df39882c\"},\"headline\":\"\u00d3scar Climent renuncia tras la pol\u00e9mica del cartel de la Cabalgata\",\"datePublished\":\"2015-11-12T20:30:09+00:00\",\"dateModified\":\"2016-03-05T12:52:37+00:00\",\"mainEntityOfPage\":{\"@id\":\"https:\\\/\\\/www.copealcoy.es\\\/es\\\/oscar-climent-renuncia-tras-la-polemica-del-cartel-de-la-cabalgata\\\/\"},\"wordCount\":255,\"commentCount\":0,\"image\":{\"@id\":\"https:\\\/\\\/www.copealcoy.es\\\/es\\\/oscar-climent-renuncia-tras-la-polemica-del-cartel-de-la-cabalgata\\\/#primaryimage\"},\"thumbnailUrl\":\"https:\\\/\\\/www.copealcoy.es\\\/wp-content\\\/uploads\\\/2015\\\/11\\\/12227699_743787605764727_2878552533567157247_n.jpg\",\"keywords\":[\"Alcoy\",\"Cabalgata\",\"Cartel\",\"Plagio\",\"Pol\u00e9mica\"],\"articleSection\":[\"Alcoy\",\"Fiesta y Cultura\",\"Noticias\"],\"inLanguage\":\"es\"},{\"@type\":\"WebPage\",\"@id\":\"https:\\\/\\\/www.copealcoy.es\\\/es\\\/oscar-climent-renuncia-tras-la-polemica-del-cartel-de-la-cabalgata\\\/\",\"url\":\"https:\\\/\\\/www.copealcoy.es\\\/es\\\/oscar-climent-renuncia-tras-la-polemica-del-cartel-de-la-cabalgata\\\/\",\"name\":\"\u00d3scar Climent renuncia tras la pol\u00e9mica del cartel de la Cabalgata - COPE Alcoy\",\"isPartOf\":{\"@id\":\"https:\\\/\\\/www.copealcoy.es\\\/es\\\/#website\"},\"primaryImageOfPage\":{\"@id\":\"https:\\\/\\\/www.copealcoy.es\\\/es\\\/oscar-climent-renuncia-tras-la-polemica-del-cartel-de-la-cabalgata\\\/#primaryimage\"},\"image\":{\"@id\":\"https:\\\/\\\/www.copealcoy.es\\\/es\\\/oscar-climent-renuncia-tras-la-polemica-del-cartel-de-la-cabalgata\\\/#primaryimage\"},\"thumbnailUrl\":\"https:\\\/\\\/www.copealcoy.es\\\/wp-content\\\/uploads\\\/2015\\\/11\\\/12227699_743787605764727_2878552533567157247_n.jpg\",\"datePublished\":\"2015-11-12T20:30:09+00:00\",\"dateModified\":\"2016-03-05T12:52:37+00:00\",\"author\":{\"@id\":\"https:\\\/\\\/www.copealcoy.es\\\/es\\\/#\\\/schema\\\/person\\\/e777c87fa024e57d40170af9df39882c\"},\"breadcrumb\":{\"@id\":\"https:\\\/\\\/www.copealcoy.es\\\/es\\\/oscar-climent-renuncia-tras-la-polemica-del-cartel-de-la-cabalgata\\\/#breadcrumb\"},\"inLanguage\":\"es\",\"potentialAction\":[{\"@type\":\"ReadAction\",\"target\":[\"https:\\\/\\\/www.copealcoy.es\\\/es\\\/oscar-climent-renuncia-tras-la-polemica-del-cartel-de-la-cabalgata\\\/\"]}]},{\"@type\":\"ImageObject\",\"inLanguage\":\"es\",\"@id\":\"https:\\\/\\\/www.copealcoy.es\\\/es\\\/oscar-climent-renuncia-tras-la-polemica-del-cartel-de-la-cabalgata\\\/#primaryimage\",\"url\":\"https:\\\/\\\/www.copealcoy.es\\\/wp-content\\\/uploads\\\/2015\\\/11\\\/12227699_743787605764727_2878552533567157247_n.jpg\",\"contentUrl\":\"https:\\\/\\\/www.copealcoy.es\\\/wp-content\\\/uploads\\\/2015\\\/11\\\/12227699_743787605764727_2878552533567157247_n.jpg\",\"width\":960,\"height\":640,\"caption\":\"\u00d3scar Climent mostrando su obra junto al concejal de Fiestas Ra\u00fcl Llopis\"},{\"@type\":\"BreadcrumbList\",\"@id\":\"https:\\\/\\\/www.copealcoy.es\\\/es\\\/oscar-climent-renuncia-tras-la-polemica-del-cartel-de-la-cabalgata\\\/#breadcrumb\",\"itemListElement\":[{\"@type\":\"ListItem\",\"position\":1,\"name\":\"Portada\",\"item\":\"https:\\\/\\\/www.copealcoy.es\\\/es\\\/\"},{\"@type\":\"ListItem\",\"position\":2,\"name\":\"\u00d3scar Climent renuncia tras la pol\u00e9mica del cartel de la Cabalgata\"}]},{\"@type\":\"WebSite\",\"@id\":\"https:\\\/\\\/www.copealcoy.es\\\/es\\\/#website\",\"url\":\"https:\\\/\\\/www.copealcoy.es\\\/es\\\/\",\"name\":\"COPE Alcoy\",\"description\":\"Emisora COPE de radio local con emisi\u00f3n online. Pont de Sant Jordi 8-10 03803 Alcoy\",\"potentialAction\":[{\"@type\":\"SearchAction\",\"target\":{\"@type\":\"EntryPoint\",\"urlTemplate\":\"https:\\\/\\\/www.copealcoy.es\\\/es\\\/?s={search_term_string}\"},\"query-input\":{\"@type\":\"PropertyValueSpecification\",\"valueRequired\":true,\"valueName\":\"search_term_string\"}}],\"inLanguage\":\"es\"},{\"@type\":\"Person\",\"@id\":\"https:\\\/\\\/www.copealcoy.es\\\/es\\\/#\\\/schema\\\/person\\\/e777c87fa024e57d40170af9df39882c\",\"name\":\"Cope Alcoy\",\"image\":{\"@type\":\"ImageObject\",\"inLanguage\":\"es\",\"@id\":\"https:\\\/\\\/secure.gravatar.com\\\/avatar\\\/bb65d0283347e303893ba14f0692005417c1e0e690a325a4c5d8bb2b3943ee14?s=96&d=mm&r=g\",\"url\":\"https:\\\/\\\/secure.gravatar.com\\\/avatar\\\/bb65d0283347e303893ba14f0692005417c1e0e690a325a4c5d8bb2b3943ee14?s=96&d=mm&r=g\",\"contentUrl\":\"https:\\\/\\\/secure.gravatar.com\\\/avatar\\\/bb65d0283347e303893ba14f0692005417c1e0e690a325a4c5d8bb2b3943ee14?s=96&d=mm&r=g\",\"caption\":\"Cope Alcoy\"}}]}<\/script>\n<!-- \/ Yoast SEO plugin. -->","yoast_head_json":{"title":"\u00d3scar Climent renuncia tras la pol\u00e9mica del cartel de la Cabalgata - COPE Alcoy","robots":{"index":"index","follow":"follow","max-snippet":"max-snippet:-1","max-image-preview":"max-image-preview:large","max-video-preview":"max-video-preview:-1"},"canonical":"https:\/\/www.copealcoy.es\/es\/oscar-climent-renuncia-tras-la-polemica-del-cartel-de-la-cabalgata\/","og_locale":"es_ES","og_type":"article","og_title":"\u00d3scar Climent renuncia tras la pol\u00e9mica del cartel de la Cabalgata - COPE Alcoy","og_description":"\u00d3scar Climent, elegido ganador del concurso del cartel de la Cabalgata de los Reyes Magos de Alcoy del 2016, ha...","og_url":"https:\/\/www.copealcoy.es\/es\/oscar-climent-renuncia-tras-la-polemica-del-cartel-de-la-cabalgata\/","og_site_name":"COPE Alcoy","article_published_time":"2015-11-12T20:30:09+00:00","article_modified_time":"2016-03-05T12:52:37+00:00","og_image":[{"width":960,"height":640,"url":"https:\/\/www.copealcoy.es\/wp-content\/uploads\/2015\/11\/12227699_743787605764727_2878552533567157247_n.jpg","type":"image\/jpeg"}],"author":"Cope Alcoy","twitter_misc":{"Escrito por":"Cope Alcoy","Tiempo de lectura":"1 minuto"},"schema":{"@context":"https:\/\/schema.org","@graph":[{"@type":"Article","@id":"https:\/\/www.copealcoy.es\/es\/oscar-climent-renuncia-tras-la-polemica-del-cartel-de-la-cabalgata\/#article","isPartOf":{"@id":"https:\/\/www.copealcoy.es\/es\/oscar-climent-renuncia-tras-la-polemica-del-cartel-de-la-cabalgata\/"},"author":{"name":"Cope Alcoy","@id":"https:\/\/www.copealcoy.es\/es\/#\/schema\/person\/e777c87fa024e57d40170af9df39882c"},"headline":"\u00d3scar Climent renuncia tras la pol\u00e9mica del cartel de la Cabalgata","datePublished":"2015-11-12T20:30:09+00:00","dateModified":"2016-03-05T12:52:37+00:00","mainEntityOfPage":{"@id":"https:\/\/www.copealcoy.es\/es\/oscar-climent-renuncia-tras-la-polemica-del-cartel-de-la-cabalgata\/"},"wordCount":255,"commentCount":0,"image":{"@id":"https:\/\/www.copealcoy.es\/es\/oscar-climent-renuncia-tras-la-polemica-del-cartel-de-la-cabalgata\/#primaryimage"},"thumbnailUrl":"https:\/\/www.copealcoy.es\/wp-content\/uploads\/2015\/11\/12227699_743787605764727_2878552533567157247_n.jpg","keywords":["Alcoy","Cabalgata","Cartel","Plagio","Pol\u00e9mica"],"articleSection":["Alcoy","Fiesta y Cultura","Noticias"],"inLanguage":"es"},{"@type":"WebPage","@id":"https:\/\/www.copealcoy.es\/es\/oscar-climent-renuncia-tras-la-polemica-del-cartel-de-la-cabalgata\/","url":"https:\/\/www.copealcoy.es\/es\/oscar-climent-renuncia-tras-la-polemica-del-cartel-de-la-cabalgata\/","name":"\u00d3scar Climent renuncia tras la pol\u00e9mica del cartel de la Cabalgata - COPE Alcoy","isPartOf":{"@id":"https:\/\/www.copealcoy.es\/es\/#website"},"primaryImageOfPage":{"@id":"https:\/\/www.copealcoy.es\/es\/oscar-climent-renuncia-tras-la-polemica-del-cartel-de-la-cabalgata\/#primaryimage"},"image":{"@id":"https:\/\/www.copealcoy.es\/es\/oscar-climent-renuncia-tras-la-polemica-del-cartel-de-la-cabalgata\/#primaryimage"},"thumbnailUrl":"https:\/\/www.copealcoy.es\/wp-content\/uploads\/2015\/11\/12227699_743787605764727_2878552533567157247_n.jpg","datePublished":"2015-11-12T20:30:09+00:00","dateModified":"2016-03-05T12:52:37+00:00","author":{"@id":"https:\/\/www.copealcoy.es\/es\/#\/schema\/person\/e777c87fa024e57d40170af9df39882c"},"breadcrumb":{"@id":"https:\/\/www.copealcoy.es\/es\/oscar-climent-renuncia-tras-la-polemica-del-cartel-de-la-cabalgata\/#breadcrumb"},"inLanguage":"es","potentialAction":[{"@type":"ReadAction","target":["https:\/\/www.copealcoy.es\/es\/oscar-climent-renuncia-tras-la-polemica-del-cartel-de-la-cabalgata\/"]}]},{"@type":"ImageObject","inLanguage":"es","@id":"https:\/\/www.copealcoy.es\/es\/oscar-climent-renuncia-tras-la-polemica-del-cartel-de-la-cabalgata\/#primaryimage","url":"https:\/\/www.copealcoy.es\/wp-content\/uploads\/2015\/11\/12227699_743787605764727_2878552533567157247_n.jpg","contentUrl":"https:\/\/www.copealcoy.es\/wp-content\/uploads\/2015\/11\/12227699_743787605764727_2878552533567157247_n.jpg","width":960,"height":640,"caption":"\u00d3scar Climent mostrando su obra junto al concejal de Fiestas Ra\u00fcl Llopis"},{"@type":"BreadcrumbList","@id":"https:\/\/www.copealcoy.es\/es\/oscar-climent-renuncia-tras-la-polemica-del-cartel-de-la-cabalgata\/#breadcrumb","itemListElement":[{"@type":"ListItem","position":1,"name":"Portada","item":"https:\/\/www.copealcoy.es\/es\/"},{"@type":"ListItem","position":2,"name":"\u00d3scar Climent renuncia tras la pol\u00e9mica del cartel de la Cabalgata"}]},{"@type":"WebSite","@id":"https:\/\/www.copealcoy.es\/es\/#website","url":"https:\/\/www.copealcoy.es\/es\/","name":"COPE Alcoy","description":"Emisora COPE de radio local con emisi\u00f3n online. Pont de Sant Jordi 8-10 03803 Alcoy","potentialAction":[{"@type":"SearchAction","target":{"@type":"EntryPoint","urlTemplate":"https:\/\/www.copealcoy.es\/es\/?s={search_term_string}"},"query-input":{"@type":"PropertyValueSpecification","valueRequired":true,"valueName":"search_term_string"}}],"inLanguage":"es"},{"@type":"Person","@id":"https:\/\/www.copealcoy.es\/es\/#\/schema\/person\/e777c87fa024e57d40170af9df39882c","name":"Cope Alcoy","image":{"@type":"ImageObject","inLanguage":"es","@id":"https:\/\/secure.gravatar.com\/avatar\/bb65d0283347e303893ba14f0692005417c1e0e690a325a4c5d8bb2b3943ee14?s=96&d=mm&r=g","url":"https:\/\/secure.gravatar.com\/avatar\/bb65d0283347e303893ba14f0692005417c1e0e690a325a4c5d8bb2b3943ee14?s=96&d=mm&r=g","contentUrl":"https:\/\/secure.gravatar.com\/avatar\/bb65d0283347e303893ba14f0692005417c1e0e690a325a4c5d8bb2b3943ee14?s=96&d=mm&r=g","caption":"Cope Alcoy"}}]}},"_links":{"self":[{"href":"https:\/\/www.copealcoy.es\/es\/wp-json\/wp\/v2\/posts\/16981","targetHints":{"allow":["GET"]}}],"collection":[{"href":"https:\/\/www.copealcoy.es\/es\/wp-json\/wp\/v2\/posts"}],"about":[{"href":"https:\/\/www.copealcoy.es\/es\/wp-json\/wp\/v2\/types\/post"}],"author":[{"embeddable":true,"href":"https:\/\/www.copealcoy.es\/es\/wp-json\/wp\/v2\/users\/1"}],"replies":[{"embeddable":true,"href":"https:\/\/www.copealcoy.es\/es\/wp-json\/wp\/v2\/comments?post=16981"}],"version-history":[{"count":0,"href":"https:\/\/www.copealcoy.es\/es\/wp-json\/wp\/v2\/posts\/16981\/revisions"}],"wp:featuredmedia":[{"embeddable":true,"href":"https:\/\/www.copealcoy.es\/es\/wp-json\/wp\/v2\/media\/16952"}],"wp:attachment":[{"href":"https:\/\/www.copealcoy.es\/es\/wp-json\/wp\/v2\/media?parent=16981"}],"wp:term":[{"taxonomy":"category","embeddable":true,"href":"https:\/\/www.copealcoy.es\/es\/wp-json\/wp\/v2\/categories?post=16981"},{"taxonomy":"post_tag","embeddable":true,"href":"https:\/\/www.copealcoy.es\/es\/wp-json\/wp\/v2\/tags?post=16981"}],"curies":[{"name":"wp","href":"https:\/\/api.w.org\/{rel}","templated":true}]}}