{"id":16969,"date":"2015-11-12T16:43:25","date_gmt":"2015-11-12T16:43:25","guid":{"rendered":"http:\/\/copealcoi.es\/new\/?p=16969"},"modified":"2015-11-12T16:43:25","modified_gmt":"2015-11-12T16:43:25","slug":"polemica-por-el-presunto-plagio-del-cartel-de-la-cabalgata","status":"publish","type":"post","link":"https:\/\/www.copealcoy.es\/es\/polemica-por-el-presunto-plagio-del-cartel-de-la-cabalgata\/","title":{"rendered":"Pol\u00e9mica por el presunto plagio del cartel de la Cabalgata"},"content":{"rendered":"<p style=\"text-align: justify;\">El cartel de la Cabalgata de los Reyes Magos del 2016 ha suscitado la pol\u00e9mica a trav\u00e9s de las Redes Sociales despu\u00e9s de que varios seguidores denunciaran en el Facebook de Cope Alcoy el presunto plagio de la obra al tener el dise\u00f1o de \u00d3scar Climent ciertas\u00a0similitudes con\u00a0otros trabajos previos. En concreto el cartel tiene similitud con el segundo premio del concurso que el\u00a0Ayuntamiento de Madrid hizo en 2010 para anunciar el Carnaval y que gan\u00f3 Modesto Garc\u00eda. Posteriormente, en 2012, se reprodujo casi totalmente esta obra en el Carnaval de Ir\u00fan siendo descalificada del concurso.<\/p>\n<p style=\"text-align: justify;\">En el caso de Alcoy todav\u00eda no se ha tomado ninguna decisi\u00f3n al respecto pero desde el Grupo Municipal de Comprom\u00eds han lamentado que se haya dado esta situaci\u00f3n y han abogado por una mayor profesionalizaci\u00f3n de este tipo de concursos en la ciudad. El Secretario Local de la formaci\u00f3n nacionalista, M\u00e0rius Ivorra, ha destacado este jueves en el Tiempo del An\u00e1lisis de La Ma\u00f1ana de Cope Alcoy &#8220;hay que analizar lo que ha pasado y tratar de rectificar este error por respeto al resto de artistas que han presentado su obra al concurso del cartel&#8221;, concluye.<\/p>\n<p style=\"text-align: justify;\">Recordar que<\/p>\n<p style=\"text-align: justify;\">\u00a0la posibilidad de recurrir el fallo durante los 30 d\u00edas posteriores a la decisi\u00f3n del jurado.<\/p>\n<p style=\"text-align: justify;\">\n","protected":false},"excerpt":{"rendered":"<p>El cartel de la Cabalgata de los Reyes Magos del 2016 ha suscitado la pol\u00e9mica a trav\u00e9s de las Redes&#8230;<\/p>\n","protected":false},"author":1,"featured_media":16970,"comment_status":"open","ping_status":"open","sticky":false,"template":"","format":"standard","meta":{"footnotes":""},"categories":[97,78,75],"tags":[1494,368,908,152],"class_list":["post-16969","post","type-post","status-publish","format-standard","has-post-thumbnail","hentry","category-alcoy","category-fiestaycultura","category-noticias","tag-alcoy","tag-cabalgata","tag-cartel","tag-compromis"],"yoast_head":"<!-- This site is optimized with the Yoast SEO plugin v27.3 - https:\/\/yoast.com\/product\/yoast-seo-wordpress\/ -->\n<title>Pol\u00e9mica por el presunto plagio del cartel de la Cabalgata - COPE Alcoy<\/title>\n<meta name=\"robots\" content=\"index, follow, max-snippet:-1, max-image-preview:large, max-video-preview:-1\" \/>\n<link rel=\"canonical\" href=\"https:\/\/www.copealcoy.es\/es\/polemica-por-el-presunto-plagio-del-cartel-de-la-cabalgata\/\" \/>\n<meta property=\"og:locale\" content=\"es_ES\" \/>\n<meta property=\"og:type\" content=\"article\" \/>\n<meta property=\"og:title\" content=\"Pol\u00e9mica por el presunto plagio del cartel de la Cabalgata - COPE Alcoy\" \/>\n<meta property=\"og:description\" content=\"El cartel de la Cabalgata de los Reyes Magos del 2016 ha suscitado la pol\u00e9mica a trav\u00e9s de las Redes...\" \/>\n<meta property=\"og:url\" content=\"https:\/\/www.copealcoy.es\/es\/polemica-por-el-presunto-plagio-del-cartel-de-la-cabalgata\/\" \/>\n<meta property=\"og:site_name\" content=\"COPE Alcoy\" \/>\n<meta property=\"article:published_time\" content=\"2015-11-12T16:43:25+00:00\" \/>\n<meta property=\"og:image\" content=\"https:\/\/www.copealcoy.es\/wp-content\/uploads\/2015\/11\/11223542_10208208807846772_4301778442018166864_n.jpg\" \/>\n\t<meta property=\"og:image:width\" content=\"478\" \/>\n\t<meta property=\"og:image:height\" content=\"341\" \/>\n\t<meta property=\"og:image:type\" content=\"image\/jpeg\" \/>\n<meta name=\"author\" content=\"Cope Alcoy\" \/>\n<meta name=\"twitter:label1\" content=\"Escrito por\" \/>\n\t<meta name=\"twitter:data1\" content=\"Cope Alcoy\" \/>\n\t<meta name=\"twitter:label2\" content=\"Tiempo de lectura\" \/>\n\t<meta name=\"twitter:data2\" content=\"1 minuto\" \/>\n<script type=\"application\/ld+json\" class=\"yoast-schema-graph\">{\"@context\":\"https:\\\/\\\/schema.org\",\"@graph\":[{\"@type\":\"Article\",\"@id\":\"https:\\\/\\\/www.copealcoy.es\\\/es\\\/polemica-por-el-presunto-plagio-del-cartel-de-la-cabalgata\\\/#article\",\"isPartOf\":{\"@id\":\"https:\\\/\\\/www.copealcoy.es\\\/es\\\/polemica-por-el-presunto-plagio-del-cartel-de-la-cabalgata\\\/\"},\"author\":{\"name\":\"Cope Alcoy\",\"@id\":\"https:\\\/\\\/www.copealcoy.es\\\/es\\\/#\\\/schema\\\/person\\\/e777c87fa024e57d40170af9df39882c\"},\"headline\":\"Pol\u00e9mica por el presunto plagio del cartel de la Cabalgata\",\"datePublished\":\"2015-11-12T16:43:25+00:00\",\"mainEntityOfPage\":{\"@id\":\"https:\\\/\\\/www.copealcoy.es\\\/es\\\/polemica-por-el-presunto-plagio-del-cartel-de-la-cabalgata\\\/\"},\"wordCount\":238,\"commentCount\":0,\"image\":{\"@id\":\"https:\\\/\\\/www.copealcoy.es\\\/es\\\/polemica-por-el-presunto-plagio-del-cartel-de-la-cabalgata\\\/#primaryimage\"},\"thumbnailUrl\":\"https:\\\/\\\/www.copealcoy.es\\\/wp-content\\\/uploads\\\/2015\\\/11\\\/11223542_10208208807846772_4301778442018166864_n.jpg\",\"keywords\":[\"Alcoy\",\"Cabalgata\",\"Cartel\",\"Comprom\u00eds\"],\"articleSection\":[\"Alcoy\",\"Fiesta y Cultura\",\"Noticias\"],\"inLanguage\":\"es\"},{\"@type\":\"WebPage\",\"@id\":\"https:\\\/\\\/www.copealcoy.es\\\/es\\\/polemica-por-el-presunto-plagio-del-cartel-de-la-cabalgata\\\/\",\"url\":\"https:\\\/\\\/www.copealcoy.es\\\/es\\\/polemica-por-el-presunto-plagio-del-cartel-de-la-cabalgata\\\/\",\"name\":\"Pol\u00e9mica por el presunto plagio del cartel de la Cabalgata - COPE Alcoy\",\"isPartOf\":{\"@id\":\"https:\\\/\\\/www.copealcoy.es\\\/es\\\/#website\"},\"primaryImageOfPage\":{\"@id\":\"https:\\\/\\\/www.copealcoy.es\\\/es\\\/polemica-por-el-presunto-plagio-del-cartel-de-la-cabalgata\\\/#primaryimage\"},\"image\":{\"@id\":\"https:\\\/\\\/www.copealcoy.es\\\/es\\\/polemica-por-el-presunto-plagio-del-cartel-de-la-cabalgata\\\/#primaryimage\"},\"thumbnailUrl\":\"https:\\\/\\\/www.copealcoy.es\\\/wp-content\\\/uploads\\\/2015\\\/11\\\/11223542_10208208807846772_4301778442018166864_n.jpg\",\"datePublished\":\"2015-11-12T16:43:25+00:00\",\"author\":{\"@id\":\"https:\\\/\\\/www.copealcoy.es\\\/es\\\/#\\\/schema\\\/person\\\/e777c87fa024e57d40170af9df39882c\"},\"breadcrumb\":{\"@id\":\"https:\\\/\\\/www.copealcoy.es\\\/es\\\/polemica-por-el-presunto-plagio-del-cartel-de-la-cabalgata\\\/#breadcrumb\"},\"inLanguage\":\"es\",\"potentialAction\":[{\"@type\":\"ReadAction\",\"target\":[\"https:\\\/\\\/www.copealcoy.es\\\/es\\\/polemica-por-el-presunto-plagio-del-cartel-de-la-cabalgata\\\/\"]}]},{\"@type\":\"ImageObject\",\"inLanguage\":\"es\",\"@id\":\"https:\\\/\\\/www.copealcoy.es\\\/es\\\/polemica-por-el-presunto-plagio-del-cartel-de-la-cabalgata\\\/#primaryimage\",\"url\":\"https:\\\/\\\/www.copealcoy.es\\\/wp-content\\\/uploads\\\/2015\\\/11\\\/11223542_10208208807846772_4301778442018166864_n.jpg\",\"contentUrl\":\"https:\\\/\\\/www.copealcoy.es\\\/wp-content\\\/uploads\\\/2015\\\/11\\\/11223542_10208208807846772_4301778442018166864_n.jpg\",\"width\":478,\"height\":341,\"caption\":\"Carteles similares a la obra que anuncia la Cabalgata de Alcoy del 2016\"},{\"@type\":\"BreadcrumbList\",\"@id\":\"https:\\\/\\\/www.copealcoy.es\\\/es\\\/polemica-por-el-presunto-plagio-del-cartel-de-la-cabalgata\\\/#breadcrumb\",\"itemListElement\":[{\"@type\":\"ListItem\",\"position\":1,\"name\":\"Portada\",\"item\":\"https:\\\/\\\/www.copealcoy.es\\\/es\\\/\"},{\"@type\":\"ListItem\",\"position\":2,\"name\":\"Pol\u00e9mica por el presunto plagio del cartel de la Cabalgata\"}]},{\"@type\":\"WebSite\",\"@id\":\"https:\\\/\\\/www.copealcoy.es\\\/es\\\/#website\",\"url\":\"https:\\\/\\\/www.copealcoy.es\\\/es\\\/\",\"name\":\"COPE Alcoy\",\"description\":\"Emisora COPE de radio local con emisi\u00f3n online. Pont de Sant Jordi 8-10 03803 Alcoy\",\"potentialAction\":[{\"@type\":\"SearchAction\",\"target\":{\"@type\":\"EntryPoint\",\"urlTemplate\":\"https:\\\/\\\/www.copealcoy.es\\\/es\\\/?s={search_term_string}\"},\"query-input\":{\"@type\":\"PropertyValueSpecification\",\"valueRequired\":true,\"valueName\":\"search_term_string\"}}],\"inLanguage\":\"es\"},{\"@type\":\"Person\",\"@id\":\"https:\\\/\\\/www.copealcoy.es\\\/es\\\/#\\\/schema\\\/person\\\/e777c87fa024e57d40170af9df39882c\",\"name\":\"Cope Alcoy\",\"image\":{\"@type\":\"ImageObject\",\"inLanguage\":\"es\",\"@id\":\"https:\\\/\\\/secure.gravatar.com\\\/avatar\\\/bb65d0283347e303893ba14f0692005417c1e0e690a325a4c5d8bb2b3943ee14?s=96&d=mm&r=g\",\"url\":\"https:\\\/\\\/secure.gravatar.com\\\/avatar\\\/bb65d0283347e303893ba14f0692005417c1e0e690a325a4c5d8bb2b3943ee14?s=96&d=mm&r=g\",\"contentUrl\":\"https:\\\/\\\/secure.gravatar.com\\\/avatar\\\/bb65d0283347e303893ba14f0692005417c1e0e690a325a4c5d8bb2b3943ee14?s=96&d=mm&r=g\",\"caption\":\"Cope Alcoy\"}}]}<\/script>\n<!-- \/ Yoast SEO plugin. -->","yoast_head_json":{"title":"Pol\u00e9mica por el presunto plagio del cartel de la Cabalgata - COPE Alcoy","robots":{"index":"index","follow":"follow","max-snippet":"max-snippet:-1","max-image-preview":"max-image-preview:large","max-video-preview":"max-video-preview:-1"},"canonical":"https:\/\/www.copealcoy.es\/es\/polemica-por-el-presunto-plagio-del-cartel-de-la-cabalgata\/","og_locale":"es_ES","og_type":"article","og_title":"Pol\u00e9mica por el presunto plagio del cartel de la Cabalgata - COPE Alcoy","og_description":"El cartel de la Cabalgata de los Reyes Magos del 2016 ha suscitado la pol\u00e9mica a trav\u00e9s de las Redes...","og_url":"https:\/\/www.copealcoy.es\/es\/polemica-por-el-presunto-plagio-del-cartel-de-la-cabalgata\/","og_site_name":"COPE Alcoy","article_published_time":"2015-11-12T16:43:25+00:00","og_image":[{"width":478,"height":341,"url":"https:\/\/www.copealcoy.es\/wp-content\/uploads\/2015\/11\/11223542_10208208807846772_4301778442018166864_n.jpg","type":"image\/jpeg"}],"author":"Cope Alcoy","twitter_misc":{"Escrito por":"Cope Alcoy","Tiempo de lectura":"1 minuto"},"schema":{"@context":"https:\/\/schema.org","@graph":[{"@type":"Article","@id":"https:\/\/www.copealcoy.es\/es\/polemica-por-el-presunto-plagio-del-cartel-de-la-cabalgata\/#article","isPartOf":{"@id":"https:\/\/www.copealcoy.es\/es\/polemica-por-el-presunto-plagio-del-cartel-de-la-cabalgata\/"},"author":{"name":"Cope Alcoy","@id":"https:\/\/www.copealcoy.es\/es\/#\/schema\/person\/e777c87fa024e57d40170af9df39882c"},"headline":"Pol\u00e9mica por el presunto plagio del cartel de la Cabalgata","datePublished":"2015-11-12T16:43:25+00:00","mainEntityOfPage":{"@id":"https:\/\/www.copealcoy.es\/es\/polemica-por-el-presunto-plagio-del-cartel-de-la-cabalgata\/"},"wordCount":238,"commentCount":0,"image":{"@id":"https:\/\/www.copealcoy.es\/es\/polemica-por-el-presunto-plagio-del-cartel-de-la-cabalgata\/#primaryimage"},"thumbnailUrl":"https:\/\/www.copealcoy.es\/wp-content\/uploads\/2015\/11\/11223542_10208208807846772_4301778442018166864_n.jpg","keywords":["Alcoy","Cabalgata","Cartel","Comprom\u00eds"],"articleSection":["Alcoy","Fiesta y Cultura","Noticias"],"inLanguage":"es"},{"@type":"WebPage","@id":"https:\/\/www.copealcoy.es\/es\/polemica-por-el-presunto-plagio-del-cartel-de-la-cabalgata\/","url":"https:\/\/www.copealcoy.es\/es\/polemica-por-el-presunto-plagio-del-cartel-de-la-cabalgata\/","name":"Pol\u00e9mica por el presunto plagio del cartel de la Cabalgata - COPE Alcoy","isPartOf":{"@id":"https:\/\/www.copealcoy.es\/es\/#website"},"primaryImageOfPage":{"@id":"https:\/\/www.copealcoy.es\/es\/polemica-por-el-presunto-plagio-del-cartel-de-la-cabalgata\/#primaryimage"},"image":{"@id":"https:\/\/www.copealcoy.es\/es\/polemica-por-el-presunto-plagio-del-cartel-de-la-cabalgata\/#primaryimage"},"thumbnailUrl":"https:\/\/www.copealcoy.es\/wp-content\/uploads\/2015\/11\/11223542_10208208807846772_4301778442018166864_n.jpg","datePublished":"2015-11-12T16:43:25+00:00","author":{"@id":"https:\/\/www.copealcoy.es\/es\/#\/schema\/person\/e777c87fa024e57d40170af9df39882c"},"breadcrumb":{"@id":"https:\/\/www.copealcoy.es\/es\/polemica-por-el-presunto-plagio-del-cartel-de-la-cabalgata\/#breadcrumb"},"inLanguage":"es","potentialAction":[{"@type":"ReadAction","target":["https:\/\/www.copealcoy.es\/es\/polemica-por-el-presunto-plagio-del-cartel-de-la-cabalgata\/"]}]},{"@type":"ImageObject","inLanguage":"es","@id":"https:\/\/www.copealcoy.es\/es\/polemica-por-el-presunto-plagio-del-cartel-de-la-cabalgata\/#primaryimage","url":"https:\/\/www.copealcoy.es\/wp-content\/uploads\/2015\/11\/11223542_10208208807846772_4301778442018166864_n.jpg","contentUrl":"https:\/\/www.copealcoy.es\/wp-content\/uploads\/2015\/11\/11223542_10208208807846772_4301778442018166864_n.jpg","width":478,"height":341,"caption":"Carteles similares a la obra que anuncia la Cabalgata de Alcoy del 2016"},{"@type":"BreadcrumbList","@id":"https:\/\/www.copealcoy.es\/es\/polemica-por-el-presunto-plagio-del-cartel-de-la-cabalgata\/#breadcrumb","itemListElement":[{"@type":"ListItem","position":1,"name":"Portada","item":"https:\/\/www.copealcoy.es\/es\/"},{"@type":"ListItem","position":2,"name":"Pol\u00e9mica por el presunto plagio del cartel de la Cabalgata"}]},{"@type":"WebSite","@id":"https:\/\/www.copealcoy.es\/es\/#website","url":"https:\/\/www.copealcoy.es\/es\/","name":"COPE Alcoy","description":"Emisora COPE de radio local con emisi\u00f3n online. Pont de Sant Jordi 8-10 03803 Alcoy","potentialAction":[{"@type":"SearchAction","target":{"@type":"EntryPoint","urlTemplate":"https:\/\/www.copealcoy.es\/es\/?s={search_term_string}"},"query-input":{"@type":"PropertyValueSpecification","valueRequired":true,"valueName":"search_term_string"}}],"inLanguage":"es"},{"@type":"Person","@id":"https:\/\/www.copealcoy.es\/es\/#\/schema\/person\/e777c87fa024e57d40170af9df39882c","name":"Cope Alcoy","image":{"@type":"ImageObject","inLanguage":"es","@id":"https:\/\/secure.gravatar.com\/avatar\/bb65d0283347e303893ba14f0692005417c1e0e690a325a4c5d8bb2b3943ee14?s=96&d=mm&r=g","url":"https:\/\/secure.gravatar.com\/avatar\/bb65d0283347e303893ba14f0692005417c1e0e690a325a4c5d8bb2b3943ee14?s=96&d=mm&r=g","contentUrl":"https:\/\/secure.gravatar.com\/avatar\/bb65d0283347e303893ba14f0692005417c1e0e690a325a4c5d8bb2b3943ee14?s=96&d=mm&r=g","caption":"Cope Alcoy"}}]}},"_links":{"self":[{"href":"https:\/\/www.copealcoy.es\/es\/wp-json\/wp\/v2\/posts\/16969","targetHints":{"allow":["GET"]}}],"collection":[{"href":"https:\/\/www.copealcoy.es\/es\/wp-json\/wp\/v2\/posts"}],"about":[{"href":"https:\/\/www.copealcoy.es\/es\/wp-json\/wp\/v2\/types\/post"}],"author":[{"embeddable":true,"href":"https:\/\/www.copealcoy.es\/es\/wp-json\/wp\/v2\/users\/1"}],"replies":[{"embeddable":true,"href":"https:\/\/www.copealcoy.es\/es\/wp-json\/wp\/v2\/comments?post=16969"}],"version-history":[{"count":0,"href":"https:\/\/www.copealcoy.es\/es\/wp-json\/wp\/v2\/posts\/16969\/revisions"}],"wp:featuredmedia":[{"embeddable":true,"href":"https:\/\/www.copealcoy.es\/es\/wp-json\/wp\/v2\/media\/16970"}],"wp:attachment":[{"href":"https:\/\/www.copealcoy.es\/es\/wp-json\/wp\/v2\/media?parent=16969"}],"wp:term":[{"taxonomy":"category","embeddable":true,"href":"https:\/\/www.copealcoy.es\/es\/wp-json\/wp\/v2\/categories?post=16969"},{"taxonomy":"post_tag","embeddable":true,"href":"https:\/\/www.copealcoy.es\/es\/wp-json\/wp\/v2\/tags?post=16969"}],"curies":[{"name":"wp","href":"https:\/\/api.w.org\/{rel}","templated":true}]}}