{"id":16957,"date":"2015-11-11T17:25:13","date_gmt":"2015-11-11T17:25:13","guid":{"rendered":"http:\/\/copealcoi.es\/new\/?p=16957"},"modified":"2015-11-11T17:27:46","modified_gmt":"2015-11-11T17:27:46","slug":"alcoy-presente-en-focus-innova-pyme","status":"publish","type":"post","link":"https:\/\/www.copealcoy.es\/es\/alcoy-presente-en-focus-innova-pyme\/","title":{"rendered":"Alcoy presente en Focus Innova Pyme"},"content":{"rendered":"<p style=\"text-align: justify;\">La ciudad de Alicante ha acogido hoy mi\u00e9rcoles la renovada edici\u00f3n del D\u00eda de la Persona Emprendedora de la Comunidad Valenciana bajo el marco de Focus Innova Pyme y que en esta jornada se ha centrado en la provincia con una asistencia de m\u00e1s de 1.500 personas.<\/p>\n<p style=\"text-align: justify;\">El evento ha contado con numerosas actividades centradas en la innovaci\u00f3n y el emprendedurismo as\u00ed como en las oportunidades que ofrecen los fondos europeos para las empresas de reciente creaci\u00f3n. Adem\u00e1s se han desarrollado conferencias\u00a0y varias propuestas entre las que ha destacado el\u00a0asesoramiento empresarial, networking, muestra de empresas e iniciativas innovadoras y de comunicaci\u00f3n para abordar varias cuestiones\u00a0como el marketing,\u00a0la innovaci\u00f3n, la internacionalizaci\u00f3n, o la gesti\u00f3n empresarial y econ\u00f3mica.<\/p>\n<p style=\"text-align: justify;\">El edil de Formaci\u00f3n y Empresa, Manolo Gomicia, se\u00f1ala que este Certamen es una oportunidad magn\u00edfica &#8220;para demostrar la labor que hacen las empresas que\u00a0surgen en nuestro entorno, los recursos de que disponen,\u00a0y sobre todo el potencial que tenemos para definirnos como una ciudad potencialmente emprendedora&#8221;, matiza. Por su parte la Directora General de Industria de la Generalitat Valenciana, la alcoyana Julia Company, \u00a0se ha referido en la inauguraci\u00f3n oficial esta ma\u00f1ana a la implicaci\u00f3n de universidades y agentes para dar apoyo al emprendedor en la provincia.<\/p>\n<p style=\"text-align: justify;\">Alcoy ha estado presente por medio del CEEI que ha ofrecido una muestra de todos sus servicios al igual que el Campus de la UPV junto a al Instituto Ideas que ha aprovechado el Certamen para presentar los proyectos impulsados por los estudiantes\u00a0junto a varias empresas as\u00ed como aquellos que est\u00e1n promovidos por antiguos alumnos. Tambi\u00e9n el Ayuntamiento ha informado de la actividad del espacio \u00c1gora y de las diferentes iniciativas\u00a0que pretende llevar adelante para hacer de Alcoy una ciudad Smart City. Finalmente se han dado cita empresas\u00a0de las comarcas del Comtat y de l\u00b4 Alcoi\u00e0 que han explicado sus casos de \u00e9xito.<\/p>\n<p style=\"text-align: justify;\">\n","protected":false},"excerpt":{"rendered":"<p>La ciudad de Alicante ha acogido hoy mi\u00e9rcoles la renovada edici\u00f3n del D\u00eda de la Persona Emprendedora de la Comunidad&#8230;<\/p>\n","protected":false},"author":1,"featured_media":16958,"comment_status":"open","ping_status":"open","sticky":false,"template":"","format":"standard","meta":{"footnotes":""},"categories":[97,75,125],"tags":[783,1494,390,394,675,1112,1583,243,817],"class_list":["post-16957","post","type-post","status-publish","format-standard","has-post-thumbnail","hentry","category-alcoy","category-noticias","category-portada","tag-agora","tag-alcoy","tag-economia","tag-empleo","tag-emprendedurismo","tag-empresa","tag-focus-innova-pyme","tag-generalitat","tag-innovacion"],"yoast_head":"<!-- This site is optimized with the Yoast SEO plugin v27.3 - https:\/\/yoast.com\/product\/yoast-seo-wordpress\/ -->\n<title>Alcoy presente en Focus Innova Pyme - COPE Alcoy<\/title>\n<meta name=\"robots\" content=\"index, follow, max-snippet:-1, max-image-preview:large, max-video-preview:-1\" \/>\n<link rel=\"canonical\" href=\"https:\/\/www.copealcoy.es\/es\/alcoy-presente-en-focus-innova-pyme\/\" \/>\n<meta property=\"og:locale\" content=\"es_ES\" \/>\n<meta property=\"og:type\" content=\"article\" \/>\n<meta property=\"og:title\" content=\"Alcoy presente en Focus Innova Pyme - COPE Alcoy\" \/>\n<meta property=\"og:description\" content=\"La ciudad de Alicante ha acogido hoy mi\u00e9rcoles la renovada edici\u00f3n del D\u00eda de la Persona Emprendedora de la Comunidad...\" \/>\n<meta property=\"og:url\" content=\"https:\/\/www.copealcoy.es\/es\/alcoy-presente-en-focus-innova-pyme\/\" \/>\n<meta property=\"og:site_name\" content=\"COPE Alcoy\" \/>\n<meta property=\"article:published_time\" content=\"2015-11-11T17:25:13+00:00\" \/>\n<meta property=\"article:modified_time\" content=\"2015-11-11T17:27:46+00:00\" \/>\n<meta property=\"og:image\" content=\"https:\/\/www.copealcoy.es\/wp-content\/uploads\/2015\/11\/CThmNGMWwAAnP16.jpg-large.jpeg\" \/>\n\t<meta property=\"og:image:width\" content=\"1024\" \/>\n\t<meta property=\"og:image:height\" content=\"768\" \/>\n\t<meta property=\"og:image:type\" content=\"image\/jpeg\" \/>\n<meta name=\"author\" content=\"Cope Alcoy\" \/>\n<meta name=\"twitter:label1\" content=\"Escrito por\" \/>\n\t<meta name=\"twitter:data1\" content=\"Cope Alcoy\" \/>\n\t<meta name=\"twitter:label2\" content=\"Tiempo de lectura\" \/>\n\t<meta name=\"twitter:data2\" content=\"2 minutos\" \/>\n<script type=\"application\/ld+json\" class=\"yoast-schema-graph\">{\"@context\":\"https:\\\/\\\/schema.org\",\"@graph\":[{\"@type\":\"Article\",\"@id\":\"https:\\\/\\\/www.copealcoy.es\\\/es\\\/alcoy-presente-en-focus-innova-pyme\\\/#article\",\"isPartOf\":{\"@id\":\"https:\\\/\\\/www.copealcoy.es\\\/es\\\/alcoy-presente-en-focus-innova-pyme\\\/\"},\"author\":{\"name\":\"Cope Alcoy\",\"@id\":\"https:\\\/\\\/www.copealcoy.es\\\/es\\\/#\\\/schema\\\/person\\\/e777c87fa024e57d40170af9df39882c\"},\"headline\":\"Alcoy presente en Focus Innova Pyme\",\"datePublished\":\"2015-11-11T17:25:13+00:00\",\"dateModified\":\"2015-11-11T17:27:46+00:00\",\"mainEntityOfPage\":{\"@id\":\"https:\\\/\\\/www.copealcoy.es\\\/es\\\/alcoy-presente-en-focus-innova-pyme\\\/\"},\"wordCount\":340,\"commentCount\":0,\"image\":{\"@id\":\"https:\\\/\\\/www.copealcoy.es\\\/es\\\/alcoy-presente-en-focus-innova-pyme\\\/#primaryimage\"},\"thumbnailUrl\":\"https:\\\/\\\/www.copealcoy.es\\\/wp-content\\\/uploads\\\/2015\\\/11\\\/CThmNGMWwAAnP16.jpg-large.jpeg\",\"keywords\":[\"\u00c1gora\",\"Alcoy\",\"Econom\u00eda\",\"Empleo\",\"Emprendedurismo\",\"Empresa\",\"Focus Innova Pyme\",\"Generalitat\",\"Innovaci\u00f3n\"],\"articleSection\":[\"Alcoy\",\"Noticias\",\"Portada\"],\"inLanguage\":\"es\"},{\"@type\":\"WebPage\",\"@id\":\"https:\\\/\\\/www.copealcoy.es\\\/es\\\/alcoy-presente-en-focus-innova-pyme\\\/\",\"url\":\"https:\\\/\\\/www.copealcoy.es\\\/es\\\/alcoy-presente-en-focus-innova-pyme\\\/\",\"name\":\"Alcoy presente en Focus Innova Pyme - COPE Alcoy\",\"isPartOf\":{\"@id\":\"https:\\\/\\\/www.copealcoy.es\\\/es\\\/#website\"},\"primaryImageOfPage\":{\"@id\":\"https:\\\/\\\/www.copealcoy.es\\\/es\\\/alcoy-presente-en-focus-innova-pyme\\\/#primaryimage\"},\"image\":{\"@id\":\"https:\\\/\\\/www.copealcoy.es\\\/es\\\/alcoy-presente-en-focus-innova-pyme\\\/#primaryimage\"},\"thumbnailUrl\":\"https:\\\/\\\/www.copealcoy.es\\\/wp-content\\\/uploads\\\/2015\\\/11\\\/CThmNGMWwAAnP16.jpg-large.jpeg\",\"datePublished\":\"2015-11-11T17:25:13+00:00\",\"dateModified\":\"2015-11-11T17:27:46+00:00\",\"author\":{\"@id\":\"https:\\\/\\\/www.copealcoy.es\\\/es\\\/#\\\/schema\\\/person\\\/e777c87fa024e57d40170af9df39882c\"},\"breadcrumb\":{\"@id\":\"https:\\\/\\\/www.copealcoy.es\\\/es\\\/alcoy-presente-en-focus-innova-pyme\\\/#breadcrumb\"},\"inLanguage\":\"es\",\"potentialAction\":[{\"@type\":\"ReadAction\",\"target\":[\"https:\\\/\\\/www.copealcoy.es\\\/es\\\/alcoy-presente-en-focus-innova-pyme\\\/\"]}]},{\"@type\":\"ImageObject\",\"inLanguage\":\"es\",\"@id\":\"https:\\\/\\\/www.copealcoy.es\\\/es\\\/alcoy-presente-en-focus-innova-pyme\\\/#primaryimage\",\"url\":\"https:\\\/\\\/www.copealcoy.es\\\/wp-content\\\/uploads\\\/2015\\\/11\\\/CThmNGMWwAAnP16.jpg-large.jpeg\",\"contentUrl\":\"https:\\\/\\\/www.copealcoy.es\\\/wp-content\\\/uploads\\\/2015\\\/11\\\/CThmNGMWwAAnP16.jpg-large.jpeg\",\"width\":1024,\"height\":768,\"caption\":\"Parte de la representaci\u00f3n que esta ma\u00f1ana ha acudido al Certamen en Alicante\"},{\"@type\":\"BreadcrumbList\",\"@id\":\"https:\\\/\\\/www.copealcoy.es\\\/es\\\/alcoy-presente-en-focus-innova-pyme\\\/#breadcrumb\",\"itemListElement\":[{\"@type\":\"ListItem\",\"position\":1,\"name\":\"Portada\",\"item\":\"https:\\\/\\\/www.copealcoy.es\\\/es\\\/\"},{\"@type\":\"ListItem\",\"position\":2,\"name\":\"Alcoy presente en Focus Innova Pyme\"}]},{\"@type\":\"WebSite\",\"@id\":\"https:\\\/\\\/www.copealcoy.es\\\/es\\\/#website\",\"url\":\"https:\\\/\\\/www.copealcoy.es\\\/es\\\/\",\"name\":\"COPE Alcoy\",\"description\":\"Emisora COPE de radio local con emisi\u00f3n online. Pont de Sant Jordi 8-10 03803 Alcoy\",\"potentialAction\":[{\"@type\":\"SearchAction\",\"target\":{\"@type\":\"EntryPoint\",\"urlTemplate\":\"https:\\\/\\\/www.copealcoy.es\\\/es\\\/?s={search_term_string}\"},\"query-input\":{\"@type\":\"PropertyValueSpecification\",\"valueRequired\":true,\"valueName\":\"search_term_string\"}}],\"inLanguage\":\"es\"},{\"@type\":\"Person\",\"@id\":\"https:\\\/\\\/www.copealcoy.es\\\/es\\\/#\\\/schema\\\/person\\\/e777c87fa024e57d40170af9df39882c\",\"name\":\"Cope Alcoy\",\"image\":{\"@type\":\"ImageObject\",\"inLanguage\":\"es\",\"@id\":\"https:\\\/\\\/secure.gravatar.com\\\/avatar\\\/bb65d0283347e303893ba14f0692005417c1e0e690a325a4c5d8bb2b3943ee14?s=96&d=mm&r=g\",\"url\":\"https:\\\/\\\/secure.gravatar.com\\\/avatar\\\/bb65d0283347e303893ba14f0692005417c1e0e690a325a4c5d8bb2b3943ee14?s=96&d=mm&r=g\",\"contentUrl\":\"https:\\\/\\\/secure.gravatar.com\\\/avatar\\\/bb65d0283347e303893ba14f0692005417c1e0e690a325a4c5d8bb2b3943ee14?s=96&d=mm&r=g\",\"caption\":\"Cope Alcoy\"}}]}<\/script>\n<!-- \/ Yoast SEO plugin. -->","yoast_head_json":{"title":"Alcoy presente en Focus Innova Pyme - COPE Alcoy","robots":{"index":"index","follow":"follow","max-snippet":"max-snippet:-1","max-image-preview":"max-image-preview:large","max-video-preview":"max-video-preview:-1"},"canonical":"https:\/\/www.copealcoy.es\/es\/alcoy-presente-en-focus-innova-pyme\/","og_locale":"es_ES","og_type":"article","og_title":"Alcoy presente en Focus Innova Pyme - COPE Alcoy","og_description":"La ciudad de Alicante ha acogido hoy mi\u00e9rcoles la renovada edici\u00f3n del D\u00eda de la Persona Emprendedora de la Comunidad...","og_url":"https:\/\/www.copealcoy.es\/es\/alcoy-presente-en-focus-innova-pyme\/","og_site_name":"COPE Alcoy","article_published_time":"2015-11-11T17:25:13+00:00","article_modified_time":"2015-11-11T17:27:46+00:00","og_image":[{"width":1024,"height":768,"url":"https:\/\/www.copealcoy.es\/wp-content\/uploads\/2015\/11\/CThmNGMWwAAnP16.jpg-large.jpeg","type":"image\/jpeg"}],"author":"Cope Alcoy","twitter_misc":{"Escrito por":"Cope Alcoy","Tiempo de lectura":"2 minutos"},"schema":{"@context":"https:\/\/schema.org","@graph":[{"@type":"Article","@id":"https:\/\/www.copealcoy.es\/es\/alcoy-presente-en-focus-innova-pyme\/#article","isPartOf":{"@id":"https:\/\/www.copealcoy.es\/es\/alcoy-presente-en-focus-innova-pyme\/"},"author":{"name":"Cope Alcoy","@id":"https:\/\/www.copealcoy.es\/es\/#\/schema\/person\/e777c87fa024e57d40170af9df39882c"},"headline":"Alcoy presente en Focus Innova Pyme","datePublished":"2015-11-11T17:25:13+00:00","dateModified":"2015-11-11T17:27:46+00:00","mainEntityOfPage":{"@id":"https:\/\/www.copealcoy.es\/es\/alcoy-presente-en-focus-innova-pyme\/"},"wordCount":340,"commentCount":0,"image":{"@id":"https:\/\/www.copealcoy.es\/es\/alcoy-presente-en-focus-innova-pyme\/#primaryimage"},"thumbnailUrl":"https:\/\/www.copealcoy.es\/wp-content\/uploads\/2015\/11\/CThmNGMWwAAnP16.jpg-large.jpeg","keywords":["\u00c1gora","Alcoy","Econom\u00eda","Empleo","Emprendedurismo","Empresa","Focus Innova Pyme","Generalitat","Innovaci\u00f3n"],"articleSection":["Alcoy","Noticias","Portada"],"inLanguage":"es"},{"@type":"WebPage","@id":"https:\/\/www.copealcoy.es\/es\/alcoy-presente-en-focus-innova-pyme\/","url":"https:\/\/www.copealcoy.es\/es\/alcoy-presente-en-focus-innova-pyme\/","name":"Alcoy presente en Focus Innova Pyme - COPE Alcoy","isPartOf":{"@id":"https:\/\/www.copealcoy.es\/es\/#website"},"primaryImageOfPage":{"@id":"https:\/\/www.copealcoy.es\/es\/alcoy-presente-en-focus-innova-pyme\/#primaryimage"},"image":{"@id":"https:\/\/www.copealcoy.es\/es\/alcoy-presente-en-focus-innova-pyme\/#primaryimage"},"thumbnailUrl":"https:\/\/www.copealcoy.es\/wp-content\/uploads\/2015\/11\/CThmNGMWwAAnP16.jpg-large.jpeg","datePublished":"2015-11-11T17:25:13+00:00","dateModified":"2015-11-11T17:27:46+00:00","author":{"@id":"https:\/\/www.copealcoy.es\/es\/#\/schema\/person\/e777c87fa024e57d40170af9df39882c"},"breadcrumb":{"@id":"https:\/\/www.copealcoy.es\/es\/alcoy-presente-en-focus-innova-pyme\/#breadcrumb"},"inLanguage":"es","potentialAction":[{"@type":"ReadAction","target":["https:\/\/www.copealcoy.es\/es\/alcoy-presente-en-focus-innova-pyme\/"]}]},{"@type":"ImageObject","inLanguage":"es","@id":"https:\/\/www.copealcoy.es\/es\/alcoy-presente-en-focus-innova-pyme\/#primaryimage","url":"https:\/\/www.copealcoy.es\/wp-content\/uploads\/2015\/11\/CThmNGMWwAAnP16.jpg-large.jpeg","contentUrl":"https:\/\/www.copealcoy.es\/wp-content\/uploads\/2015\/11\/CThmNGMWwAAnP16.jpg-large.jpeg","width":1024,"height":768,"caption":"Parte de la representaci\u00f3n que esta ma\u00f1ana ha acudido al Certamen en Alicante"},{"@type":"BreadcrumbList","@id":"https:\/\/www.copealcoy.es\/es\/alcoy-presente-en-focus-innova-pyme\/#breadcrumb","itemListElement":[{"@type":"ListItem","position":1,"name":"Portada","item":"https:\/\/www.copealcoy.es\/es\/"},{"@type":"ListItem","position":2,"name":"Alcoy presente en Focus Innova Pyme"}]},{"@type":"WebSite","@id":"https:\/\/www.copealcoy.es\/es\/#website","url":"https:\/\/www.copealcoy.es\/es\/","name":"COPE Alcoy","description":"Emisora COPE de radio local con emisi\u00f3n online. Pont de Sant Jordi 8-10 03803 Alcoy","potentialAction":[{"@type":"SearchAction","target":{"@type":"EntryPoint","urlTemplate":"https:\/\/www.copealcoy.es\/es\/?s={search_term_string}"},"query-input":{"@type":"PropertyValueSpecification","valueRequired":true,"valueName":"search_term_string"}}],"inLanguage":"es"},{"@type":"Person","@id":"https:\/\/www.copealcoy.es\/es\/#\/schema\/person\/e777c87fa024e57d40170af9df39882c","name":"Cope Alcoy","image":{"@type":"ImageObject","inLanguage":"es","@id":"https:\/\/secure.gravatar.com\/avatar\/bb65d0283347e303893ba14f0692005417c1e0e690a325a4c5d8bb2b3943ee14?s=96&d=mm&r=g","url":"https:\/\/secure.gravatar.com\/avatar\/bb65d0283347e303893ba14f0692005417c1e0e690a325a4c5d8bb2b3943ee14?s=96&d=mm&r=g","contentUrl":"https:\/\/secure.gravatar.com\/avatar\/bb65d0283347e303893ba14f0692005417c1e0e690a325a4c5d8bb2b3943ee14?s=96&d=mm&r=g","caption":"Cope Alcoy"}}]}},"_links":{"self":[{"href":"https:\/\/www.copealcoy.es\/es\/wp-json\/wp\/v2\/posts\/16957","targetHints":{"allow":["GET"]}}],"collection":[{"href":"https:\/\/www.copealcoy.es\/es\/wp-json\/wp\/v2\/posts"}],"about":[{"href":"https:\/\/www.copealcoy.es\/es\/wp-json\/wp\/v2\/types\/post"}],"author":[{"embeddable":true,"href":"https:\/\/www.copealcoy.es\/es\/wp-json\/wp\/v2\/users\/1"}],"replies":[{"embeddable":true,"href":"https:\/\/www.copealcoy.es\/es\/wp-json\/wp\/v2\/comments?post=16957"}],"version-history":[{"count":0,"href":"https:\/\/www.copealcoy.es\/es\/wp-json\/wp\/v2\/posts\/16957\/revisions"}],"wp:featuredmedia":[{"embeddable":true,"href":"https:\/\/www.copealcoy.es\/es\/wp-json\/wp\/v2\/media\/16958"}],"wp:attachment":[{"href":"https:\/\/www.copealcoy.es\/es\/wp-json\/wp\/v2\/media?parent=16957"}],"wp:term":[{"taxonomy":"category","embeddable":true,"href":"https:\/\/www.copealcoy.es\/es\/wp-json\/wp\/v2\/categories?post=16957"},{"taxonomy":"post_tag","embeddable":true,"href":"https:\/\/www.copealcoy.es\/es\/wp-json\/wp\/v2\/tags?post=16957"}],"curies":[{"name":"wp","href":"https:\/\/api.w.org\/{rel}","templated":true}]}}