{"id":16931,"date":"2015-11-09T17:32:11","date_gmt":"2015-11-09T17:32:11","guid":{"rendered":"http:\/\/copealcoi.es\/new\/?p=16931"},"modified":"2015-11-09T17:32:11","modified_gmt":"2015-11-09T17:32:11","slug":"descubierto-un-relieve-romano-tras-el-escudo-de-los-corella","status":"publish","type":"post","link":"https:\/\/www.copealcoy.es\/es\/descubierto-un-relieve-romano-tras-el-escudo-de-los-corella\/","title":{"rendered":"Descubierto un relieve romano tras el escudo de Los Corella"},"content":{"rendered":"<p style=\"text-align: justify;\">El Museo Arqueol\u00f3gico de Alicante, el MARQ, inaugur\u00f3 oficialmente el pasado 29 de octubre la exposici\u00f3n\u00a0<em>Cocentaina, Arqueolog\u00eda y Museo\u00a0<\/em>que hasta el mes de febrero\u00a0ofrecer\u00e1\u00a0un total de 270 piezas procedentes de Cocentaina y que se ubican en dos salas de este espacio cultural. En la muestra se pueden ver varios elementos cedidos por la Villa Condal\u00a0entre las que destaca el Retablo de Santa B\u00e1rbara, la Biblia Sacra, el Escudo de la Familia Corella o incluso la partitura original del Pasodoble Paquito El Chocolatero. Adem\u00e1s el taller del MARQ ha llevado a cabo la restauraci\u00f3n de algunas de las obras, especialmente taulellets y paneles cer\u00e1micos, que han permitido el hallazgo de un relieve romano de gran valor arqueol\u00f3gico tras el escudo de los Corella de Cocentaina.<\/p>\n<p style=\"text-align: justify;\">El director t\u00e9cnico del MARQ, Manolo Olcina, ha explicado este lunes en La Ma\u00f1ana de Cope Alcoy que este elemento &#8220;forma parte de un entablamento romano, posiblemente de un templo, que casi con total seguridad trajo el Conde de Cocentaina desde Italia tras la conquista de N\u00e1poles en el a\u00f1o 1443&#8221; y ha a\u00f1adido que la pieza &#8220;servir\u00eda para decorar su palacio pero finalmente esculpi\u00f3 su escudo en la cara posterior&#8221;, asegura. \u00a0Por \u00faltimo ha indicado que este descubrimiento &#8220;da m\u00e1s valor si cabe a esta exposici\u00f3n que aporta al que la contempla\u00a0una completa visi\u00f3n del patrimonio hist\u00f3rico y art\u00edstico de Cocentaina&#8221;, concluye.<\/p>\n<p style=\"text-align: justify;\">La apertura de la exposici\u00f3n estuvo presidida por la alcaldesa de Cocentaina Mireia Estepa junto al Diputado de Cultura C\u00e9sar Augusto Asencio y los comisarios de la misma Elisa Dom\u00e9nech y Pere Ferrer.<\/p>\n<p><iframe loading=\"lazy\" title=\"Exposici\u00f3n &quot;Cocentaina. Arqueolog\u00eda y Museos&quot; en el MARQ\" width=\"1200\" height=\"675\" src=\"https:\/\/www.youtube.com\/embed\/Cj6HWjBKCBQ?feature=oembed\" frameborder=\"0\" allow=\"accelerometer; autoplay; encrypted-media; gyroscope; picture-in-picture\" allowfullscreen><\/iframe><\/p>\n<p style=\"text-align: justify;\">\n","protected":false},"excerpt":{"rendered":"<p>El Museo Arqueol\u00f3gico de Alicante, el MARQ, inaugur\u00f3 oficialmente el pasado 29 de octubre la exposici\u00f3n\u00a0Cocentaina, Arqueolog\u00eda y Museo\u00a0que hasta&#8230;<\/p>\n","protected":false},"author":1,"featured_media":16932,"comment_status":"open","ping_status":"open","sticky":false,"template":"","format":"standard","meta":{"footnotes":""},"categories":[98,75],"tags":[1580,1546,414,1581,1579,1031],"class_list":["post-16931","post","type-post","status-publish","format-standard","has-post-thumbnail","hentry","category-comarcas","category-noticias","tag-cocentaina-historia","tag-corella","tag-cultura","tag-escudo","tag-exposicion","tag-marq"],"yoast_head":"<!-- This site is optimized with the Yoast SEO plugin v27.3 - https:\/\/yoast.com\/product\/yoast-seo-wordpress\/ -->\n<title>Descubierto un relieve romano tras el escudo de Los Corella - COPE Alcoy<\/title>\n<meta name=\"robots\" content=\"index, follow, max-snippet:-1, max-image-preview:large, max-video-preview:-1\" \/>\n<link rel=\"canonical\" href=\"https:\/\/www.copealcoy.es\/es\/descubierto-un-relieve-romano-tras-el-escudo-de-los-corella\/\" \/>\n<meta property=\"og:locale\" content=\"es_ES\" \/>\n<meta property=\"og:type\" content=\"article\" \/>\n<meta property=\"og:title\" content=\"Descubierto un relieve romano tras el escudo de Los Corella - COPE Alcoy\" \/>\n<meta property=\"og:description\" content=\"El Museo Arqueol\u00f3gico de Alicante, el MARQ, inaugur\u00f3 oficialmente el pasado 29 de octubre la exposici\u00f3n\u00a0Cocentaina, Arqueolog\u00eda y Museo\u00a0que hasta...\" \/>\n<meta property=\"og:url\" content=\"https:\/\/www.copealcoy.es\/es\/descubierto-un-relieve-romano-tras-el-escudo-de-los-corella\/\" \/>\n<meta property=\"og:site_name\" content=\"COPE Alcoy\" \/>\n<meta property=\"article:published_time\" content=\"2015-11-09T17:32:11+00:00\" \/>\n<meta property=\"og:image\" content=\"https:\/\/www.copealcoy.es\/wp-content\/uploads\/2015\/11\/img_21667.jpg\" \/>\n\t<meta property=\"og:image:width\" content=\"670\" \/>\n\t<meta property=\"og:image:height\" content=\"377\" \/>\n\t<meta property=\"og:image:type\" content=\"image\/jpeg\" \/>\n<meta name=\"author\" content=\"Cope Alcoy\" \/>\n<meta name=\"twitter:label1\" content=\"Escrito por\" \/>\n\t<meta name=\"twitter:data1\" content=\"Cope Alcoy\" \/>\n\t<meta name=\"twitter:label2\" content=\"Tiempo de lectura\" \/>\n\t<meta name=\"twitter:data2\" content=\"1 minuto\" \/>\n<script type=\"application\/ld+json\" class=\"yoast-schema-graph\">{\"@context\":\"https:\\\/\\\/schema.org\",\"@graph\":[{\"@type\":\"Article\",\"@id\":\"https:\\\/\\\/www.copealcoy.es\\\/es\\\/descubierto-un-relieve-romano-tras-el-escudo-de-los-corella\\\/#article\",\"isPartOf\":{\"@id\":\"https:\\\/\\\/www.copealcoy.es\\\/es\\\/descubierto-un-relieve-romano-tras-el-escudo-de-los-corella\\\/\"},\"author\":{\"name\":\"Cope Alcoy\",\"@id\":\"https:\\\/\\\/www.copealcoy.es\\\/es\\\/#\\\/schema\\\/person\\\/e777c87fa024e57d40170af9df39882c\"},\"headline\":\"Descubierto un relieve romano tras el escudo de Los Corella\",\"datePublished\":\"2015-11-09T17:32:11+00:00\",\"mainEntityOfPage\":{\"@id\":\"https:\\\/\\\/www.copealcoy.es\\\/es\\\/descubierto-un-relieve-romano-tras-el-escudo-de-los-corella\\\/\"},\"wordCount\":303,\"commentCount\":0,\"image\":{\"@id\":\"https:\\\/\\\/www.copealcoy.es\\\/es\\\/descubierto-un-relieve-romano-tras-el-escudo-de-los-corella\\\/#primaryimage\"},\"thumbnailUrl\":\"https:\\\/\\\/www.copealcoy.es\\\/wp-content\\\/uploads\\\/2015\\\/11\\\/img_21667.jpg\",\"keywords\":[\"Cocentaina. Historia\",\"Corella\",\"Cultura\",\"Escudo\",\"Exposici\u00f3n\",\"MARQ\"],\"articleSection\":[\"Comarcas\",\"Noticias\"],\"inLanguage\":\"es\"},{\"@type\":\"WebPage\",\"@id\":\"https:\\\/\\\/www.copealcoy.es\\\/es\\\/descubierto-un-relieve-romano-tras-el-escudo-de-los-corella\\\/\",\"url\":\"https:\\\/\\\/www.copealcoy.es\\\/es\\\/descubierto-un-relieve-romano-tras-el-escudo-de-los-corella\\\/\",\"name\":\"Descubierto un relieve romano tras el escudo de Los Corella - COPE Alcoy\",\"isPartOf\":{\"@id\":\"https:\\\/\\\/www.copealcoy.es\\\/es\\\/#website\"},\"primaryImageOfPage\":{\"@id\":\"https:\\\/\\\/www.copealcoy.es\\\/es\\\/descubierto-un-relieve-romano-tras-el-escudo-de-los-corella\\\/#primaryimage\"},\"image\":{\"@id\":\"https:\\\/\\\/www.copealcoy.es\\\/es\\\/descubierto-un-relieve-romano-tras-el-escudo-de-los-corella\\\/#primaryimage\"},\"thumbnailUrl\":\"https:\\\/\\\/www.copealcoy.es\\\/wp-content\\\/uploads\\\/2015\\\/11\\\/img_21667.jpg\",\"datePublished\":\"2015-11-09T17:32:11+00:00\",\"author\":{\"@id\":\"https:\\\/\\\/www.copealcoy.es\\\/es\\\/#\\\/schema\\\/person\\\/e777c87fa024e57d40170af9df39882c\"},\"breadcrumb\":{\"@id\":\"https:\\\/\\\/www.copealcoy.es\\\/es\\\/descubierto-un-relieve-romano-tras-el-escudo-de-los-corella\\\/#breadcrumb\"},\"inLanguage\":\"es\",\"potentialAction\":[{\"@type\":\"ReadAction\",\"target\":[\"https:\\\/\\\/www.copealcoy.es\\\/es\\\/descubierto-un-relieve-romano-tras-el-escudo-de-los-corella\\\/\"]}]},{\"@type\":\"ImageObject\",\"inLanguage\":\"es\",\"@id\":\"https:\\\/\\\/www.copealcoy.es\\\/es\\\/descubierto-un-relieve-romano-tras-el-escudo-de-los-corella\\\/#primaryimage\",\"url\":\"https:\\\/\\\/www.copealcoy.es\\\/wp-content\\\/uploads\\\/2015\\\/11\\\/img_21667.jpg\",\"contentUrl\":\"https:\\\/\\\/www.copealcoy.es\\\/wp-content\\\/uploads\\\/2015\\\/11\\\/img_21667.jpg\",\"width\":670,\"height\":377,\"caption\":\"Un instante de la inauguraci\u00f3n de la exposici\u00f3n el pasado octubre\"},{\"@type\":\"BreadcrumbList\",\"@id\":\"https:\\\/\\\/www.copealcoy.es\\\/es\\\/descubierto-un-relieve-romano-tras-el-escudo-de-los-corella\\\/#breadcrumb\",\"itemListElement\":[{\"@type\":\"ListItem\",\"position\":1,\"name\":\"Portada\",\"item\":\"https:\\\/\\\/www.copealcoy.es\\\/es\\\/\"},{\"@type\":\"ListItem\",\"position\":2,\"name\":\"Descubierto un relieve romano tras el escudo de Los Corella\"}]},{\"@type\":\"WebSite\",\"@id\":\"https:\\\/\\\/www.copealcoy.es\\\/es\\\/#website\",\"url\":\"https:\\\/\\\/www.copealcoy.es\\\/es\\\/\",\"name\":\"COPE Alcoy\",\"description\":\"Emisora COPE de radio local con emisi\u00f3n online. Pont de Sant Jordi 8-10 03803 Alcoy\",\"potentialAction\":[{\"@type\":\"SearchAction\",\"target\":{\"@type\":\"EntryPoint\",\"urlTemplate\":\"https:\\\/\\\/www.copealcoy.es\\\/es\\\/?s={search_term_string}\"},\"query-input\":{\"@type\":\"PropertyValueSpecification\",\"valueRequired\":true,\"valueName\":\"search_term_string\"}}],\"inLanguage\":\"es\"},{\"@type\":\"Person\",\"@id\":\"https:\\\/\\\/www.copealcoy.es\\\/es\\\/#\\\/schema\\\/person\\\/e777c87fa024e57d40170af9df39882c\",\"name\":\"Cope Alcoy\",\"image\":{\"@type\":\"ImageObject\",\"inLanguage\":\"es\",\"@id\":\"https:\\\/\\\/secure.gravatar.com\\\/avatar\\\/bb65d0283347e303893ba14f0692005417c1e0e690a325a4c5d8bb2b3943ee14?s=96&d=mm&r=g\",\"url\":\"https:\\\/\\\/secure.gravatar.com\\\/avatar\\\/bb65d0283347e303893ba14f0692005417c1e0e690a325a4c5d8bb2b3943ee14?s=96&d=mm&r=g\",\"contentUrl\":\"https:\\\/\\\/secure.gravatar.com\\\/avatar\\\/bb65d0283347e303893ba14f0692005417c1e0e690a325a4c5d8bb2b3943ee14?s=96&d=mm&r=g\",\"caption\":\"Cope Alcoy\"}}]}<\/script>\n<!-- \/ Yoast SEO plugin. -->","yoast_head_json":{"title":"Descubierto un relieve romano tras el escudo de Los Corella - COPE Alcoy","robots":{"index":"index","follow":"follow","max-snippet":"max-snippet:-1","max-image-preview":"max-image-preview:large","max-video-preview":"max-video-preview:-1"},"canonical":"https:\/\/www.copealcoy.es\/es\/descubierto-un-relieve-romano-tras-el-escudo-de-los-corella\/","og_locale":"es_ES","og_type":"article","og_title":"Descubierto un relieve romano tras el escudo de Los Corella - COPE Alcoy","og_description":"El Museo Arqueol\u00f3gico de Alicante, el MARQ, inaugur\u00f3 oficialmente el pasado 29 de octubre la exposici\u00f3n\u00a0Cocentaina, Arqueolog\u00eda y Museo\u00a0que hasta...","og_url":"https:\/\/www.copealcoy.es\/es\/descubierto-un-relieve-romano-tras-el-escudo-de-los-corella\/","og_site_name":"COPE Alcoy","article_published_time":"2015-11-09T17:32:11+00:00","og_image":[{"width":670,"height":377,"url":"https:\/\/www.copealcoy.es\/wp-content\/uploads\/2015\/11\/img_21667.jpg","type":"image\/jpeg"}],"author":"Cope Alcoy","twitter_misc":{"Escrito por":"Cope Alcoy","Tiempo de lectura":"1 minuto"},"schema":{"@context":"https:\/\/schema.org","@graph":[{"@type":"Article","@id":"https:\/\/www.copealcoy.es\/es\/descubierto-un-relieve-romano-tras-el-escudo-de-los-corella\/#article","isPartOf":{"@id":"https:\/\/www.copealcoy.es\/es\/descubierto-un-relieve-romano-tras-el-escudo-de-los-corella\/"},"author":{"name":"Cope Alcoy","@id":"https:\/\/www.copealcoy.es\/es\/#\/schema\/person\/e777c87fa024e57d40170af9df39882c"},"headline":"Descubierto un relieve romano tras el escudo de Los Corella","datePublished":"2015-11-09T17:32:11+00:00","mainEntityOfPage":{"@id":"https:\/\/www.copealcoy.es\/es\/descubierto-un-relieve-romano-tras-el-escudo-de-los-corella\/"},"wordCount":303,"commentCount":0,"image":{"@id":"https:\/\/www.copealcoy.es\/es\/descubierto-un-relieve-romano-tras-el-escudo-de-los-corella\/#primaryimage"},"thumbnailUrl":"https:\/\/www.copealcoy.es\/wp-content\/uploads\/2015\/11\/img_21667.jpg","keywords":["Cocentaina. Historia","Corella","Cultura","Escudo","Exposici\u00f3n","MARQ"],"articleSection":["Comarcas","Noticias"],"inLanguage":"es"},{"@type":"WebPage","@id":"https:\/\/www.copealcoy.es\/es\/descubierto-un-relieve-romano-tras-el-escudo-de-los-corella\/","url":"https:\/\/www.copealcoy.es\/es\/descubierto-un-relieve-romano-tras-el-escudo-de-los-corella\/","name":"Descubierto un relieve romano tras el escudo de Los Corella - COPE Alcoy","isPartOf":{"@id":"https:\/\/www.copealcoy.es\/es\/#website"},"primaryImageOfPage":{"@id":"https:\/\/www.copealcoy.es\/es\/descubierto-un-relieve-romano-tras-el-escudo-de-los-corella\/#primaryimage"},"image":{"@id":"https:\/\/www.copealcoy.es\/es\/descubierto-un-relieve-romano-tras-el-escudo-de-los-corella\/#primaryimage"},"thumbnailUrl":"https:\/\/www.copealcoy.es\/wp-content\/uploads\/2015\/11\/img_21667.jpg","datePublished":"2015-11-09T17:32:11+00:00","author":{"@id":"https:\/\/www.copealcoy.es\/es\/#\/schema\/person\/e777c87fa024e57d40170af9df39882c"},"breadcrumb":{"@id":"https:\/\/www.copealcoy.es\/es\/descubierto-un-relieve-romano-tras-el-escudo-de-los-corella\/#breadcrumb"},"inLanguage":"es","potentialAction":[{"@type":"ReadAction","target":["https:\/\/www.copealcoy.es\/es\/descubierto-un-relieve-romano-tras-el-escudo-de-los-corella\/"]}]},{"@type":"ImageObject","inLanguage":"es","@id":"https:\/\/www.copealcoy.es\/es\/descubierto-un-relieve-romano-tras-el-escudo-de-los-corella\/#primaryimage","url":"https:\/\/www.copealcoy.es\/wp-content\/uploads\/2015\/11\/img_21667.jpg","contentUrl":"https:\/\/www.copealcoy.es\/wp-content\/uploads\/2015\/11\/img_21667.jpg","width":670,"height":377,"caption":"Un instante de la inauguraci\u00f3n de la exposici\u00f3n el pasado octubre"},{"@type":"BreadcrumbList","@id":"https:\/\/www.copealcoy.es\/es\/descubierto-un-relieve-romano-tras-el-escudo-de-los-corella\/#breadcrumb","itemListElement":[{"@type":"ListItem","position":1,"name":"Portada","item":"https:\/\/www.copealcoy.es\/es\/"},{"@type":"ListItem","position":2,"name":"Descubierto un relieve romano tras el escudo de Los Corella"}]},{"@type":"WebSite","@id":"https:\/\/www.copealcoy.es\/es\/#website","url":"https:\/\/www.copealcoy.es\/es\/","name":"COPE Alcoy","description":"Emisora COPE de radio local con emisi\u00f3n online. Pont de Sant Jordi 8-10 03803 Alcoy","potentialAction":[{"@type":"SearchAction","target":{"@type":"EntryPoint","urlTemplate":"https:\/\/www.copealcoy.es\/es\/?s={search_term_string}"},"query-input":{"@type":"PropertyValueSpecification","valueRequired":true,"valueName":"search_term_string"}}],"inLanguage":"es"},{"@type":"Person","@id":"https:\/\/www.copealcoy.es\/es\/#\/schema\/person\/e777c87fa024e57d40170af9df39882c","name":"Cope Alcoy","image":{"@type":"ImageObject","inLanguage":"es","@id":"https:\/\/secure.gravatar.com\/avatar\/bb65d0283347e303893ba14f0692005417c1e0e690a325a4c5d8bb2b3943ee14?s=96&d=mm&r=g","url":"https:\/\/secure.gravatar.com\/avatar\/bb65d0283347e303893ba14f0692005417c1e0e690a325a4c5d8bb2b3943ee14?s=96&d=mm&r=g","contentUrl":"https:\/\/secure.gravatar.com\/avatar\/bb65d0283347e303893ba14f0692005417c1e0e690a325a4c5d8bb2b3943ee14?s=96&d=mm&r=g","caption":"Cope Alcoy"}}]}},"_links":{"self":[{"href":"https:\/\/www.copealcoy.es\/es\/wp-json\/wp\/v2\/posts\/16931","targetHints":{"allow":["GET"]}}],"collection":[{"href":"https:\/\/www.copealcoy.es\/es\/wp-json\/wp\/v2\/posts"}],"about":[{"href":"https:\/\/www.copealcoy.es\/es\/wp-json\/wp\/v2\/types\/post"}],"author":[{"embeddable":true,"href":"https:\/\/www.copealcoy.es\/es\/wp-json\/wp\/v2\/users\/1"}],"replies":[{"embeddable":true,"href":"https:\/\/www.copealcoy.es\/es\/wp-json\/wp\/v2\/comments?post=16931"}],"version-history":[{"count":0,"href":"https:\/\/www.copealcoy.es\/es\/wp-json\/wp\/v2\/posts\/16931\/revisions"}],"wp:featuredmedia":[{"embeddable":true,"href":"https:\/\/www.copealcoy.es\/es\/wp-json\/wp\/v2\/media\/16932"}],"wp:attachment":[{"href":"https:\/\/www.copealcoy.es\/es\/wp-json\/wp\/v2\/media?parent=16931"}],"wp:term":[{"taxonomy":"category","embeddable":true,"href":"https:\/\/www.copealcoy.es\/es\/wp-json\/wp\/v2\/categories?post=16931"},{"taxonomy":"post_tag","embeddable":true,"href":"https:\/\/www.copealcoy.es\/es\/wp-json\/wp\/v2\/tags?post=16931"}],"curies":[{"name":"wp","href":"https:\/\/api.w.org\/{rel}","templated":true}]}}