{"id":16908,"date":"2015-11-08T18:01:00","date_gmt":"2015-11-08T18:01:00","guid":{"rendered":"http:\/\/copealcoi.es\/new\/?p=16908"},"modified":"2015-11-08T18:01:00","modified_gmt":"2015-11-08T18:01:00","slug":"el-coro-ad-libitum-de-quart-de-poblet-gana-el-certamen-coral-de-la-fira","status":"publish","type":"post","link":"https:\/\/www.copealcoy.es\/es\/el-coro-ad-libitum-de-quart-de-poblet-gana-el-certamen-coral-de-la-fira\/","title":{"rendered":"El Coro Ad Libitum de Quart de Poblet gana el Certamen Coral de la Fira"},"content":{"rendered":"<p style=\"text-align: justify;\">El Certamen Coral Fira de Tots Sants de Cocentaina volvi\u00f3 a llenar de p\u00fablico en la tarde del s\u00e1bado el Centro Cultural El Teular en su 35 edici\u00f3n. A las siete de la tarde dio comienzo el acto con la presentaci\u00f3n a cargo de Milagro Sell\u00e9s y seguidamente tom\u00f3 el escenario el Coro Ad Libitum de Quart de Poblet que fue el primero en actuar. Los valencianos interpretaron\u00a0&#8216;Ave Mar\u00eda&#8217; de Tom\u00e1s Luis de Victoria,\u00a0Sfogava con le stele&#8217; de Claudio Monteverdi,\u00a0Canci\u00f3n de la noche en el mar&#8217; de Rafael S\u00e1nchez Monbiedro,\u00a0 &#8216;Rytmus&#8217; de Ivan Hrusovsky,\u00a0&#8216;Xivarri song&#8217;s&#8217; de Albert Alcaraz y\u00a0&#8216;Kondalilla&#8217; de Stephen Leek.\u00a0A continuaci\u00f3n lleg\u00f3 el turno del\u00a0Coro Diatessaron de Molina del Segura (Murcia) que present\u00f3 las obras\u00a0Le chant des Oyseaux&#8217; de Cl\u00e9ment Janequin, &#8216;Ave Verum Corpus&#8217; de Imant Raminsh,\u00a0&#8216;El Guayaboso&#8217; de\u00a0Guido L\u00f3pez-Gavil\u00e1n,\u00a0&#8216;Sanctus&#8217; de Pekka Kostiainen,\u00a0&#8216;Salve Regina&#8217; de Josep Vila y\u00a0&#8216;Plenti \u00a0Good Room&#8217; de Kirby Shaw. Finalmente la Coral \u00c1ngel Barja de Le\u00f3n ofreci\u00f3 &#8216;Duo Seraphim Clamabant&#8217; de Francisco Guerrero,\u00a0&#8216;Beati Quorum Via&#8217; de Charles Villiers,\u00a0&#8216;Sanctus&#8217; de Ola Gjeilo,\u00a0 &#8216;Rondes&#8217; del sueco Folke Rabe y\u00a0&#8216;Papones&#8217; de Albert Alcaraz. Hay que significar que todos ellos hicieron tambi\u00e9n sonar en su turno de participaci\u00f3n la obra obligada de este a\u00f1o,\u00a0&#8216;Can\u00e7\u00f3 de Bressol&#8217; de Rafael S\u00e1nchez Mombiedro.\u00a0Tras la m\u00fasica lleg\u00f3 el turno de la deliberaci\u00f3n del jurado y la actuaci\u00f3n del Grupo de Muro Poquel\u00edn Teatre que puso en escena\u00a0el corto\u00a0<em>La Il\u00b7lusi\u00f3 de la Terrasa.\u00a0<\/em><\/p>\n<p style=\"text-align: justify;\">En la recta final del Certamen se dieron a conocer los premios de este 2015 y en primer lugar el coordinador, Ra\u00fal Belda, agradeci\u00f3 a todas las personas y entidades que han hecho posible esta 35 edici\u00f3n, y\u00a0la alcadesa contestana, Mireia Estepa, felicit\u00f3 a toda la organizaci\u00f3n por el buen desarrollo del evento.<\/p>\n<p style=\"text-align: justify;\">Indicar que en cuanto a los galardones el Coro \u00c1ngel Barja de Le\u00f3n obtuvo el tercer premio (1.200 euros) mientras que el Coro Diatessaron de Murcia gan\u00f3 el segundo (1.800 euros) y el Coro Ad Libitum de Quart de Poblet gan\u00f3 el primero valorado en 3.000 euros y que adem\u00e1s le sirve para participar en el\u00a0IV Firacor que se celebrar\u00e1 el pr\u00f3ximo a\u00f1o con la participaci\u00f3n de los vencedores en las dos \u00faltimas ediciones. Adem\u00e1s la coral valenciana tambi\u00e9n se llev\u00f3 el galard\u00f3n del p\u00fablico con una cuant\u00eda de 600 euros.<\/p>\n<p style=\"text-align: justify;\">El Certamen Coral volvi\u00f3 a contar con el apoyo del Ayuntamiento de Cocentaina y la Diputaci\u00f3n de Alicante y la recaudaci\u00f3n de las entradas fue\u00a0destinada \u00edntegramente a la asociaci\u00f3n\u00a0<em>Il\u00b7lusiona\u2019t. Diversitat Funcional.\u00a0<\/em><\/p>\n","protected":false},"excerpt":{"rendered":"<p>El Certamen Coral Fira de Tots Sants de Cocentaina volvi\u00f3 a llenar de p\u00fablico en la tarde del s\u00e1bado el&#8230;<\/p>\n","protected":false},"author":1,"featured_media":16909,"comment_status":"open","ping_status":"open","sticky":false,"template":"","format":"standard","meta":{"footnotes":""},"categories":[98,75],"tags":[1569,132,237,414,1541,377],"class_list":["post-16908","post","type-post","status-publish","format-standard","has-post-thumbnail","hentry","category-comarcas","category-noticias","tag-certamen-coral","tag-cocentaina","tag-comtat","tag-cultura","tag-fira-tots-sants","tag-musica"],"yoast_head":"<!-- This site is optimized with the Yoast SEO plugin v27.3 - https:\/\/yoast.com\/product\/yoast-seo-wordpress\/ -->\n<title>El Coro Ad Libitum de Quart de Poblet gana el Certamen Coral de la Fira - COPE Alcoy<\/title>\n<meta name=\"robots\" content=\"index, follow, max-snippet:-1, max-image-preview:large, max-video-preview:-1\" \/>\n<link rel=\"canonical\" href=\"https:\/\/www.copealcoy.es\/es\/el-coro-ad-libitum-de-quart-de-poblet-gana-el-certamen-coral-de-la-fira\/\" \/>\n<meta property=\"og:locale\" content=\"es_ES\" \/>\n<meta property=\"og:type\" content=\"article\" \/>\n<meta property=\"og:title\" content=\"El Coro Ad Libitum de Quart de Poblet gana el Certamen Coral de la Fira - COPE Alcoy\" \/>\n<meta property=\"og:description\" content=\"El Certamen Coral Fira de Tots Sants de Cocentaina volvi\u00f3 a llenar de p\u00fablico en la tarde del s\u00e1bado el...\" \/>\n<meta property=\"og:url\" content=\"https:\/\/www.copealcoy.es\/es\/el-coro-ad-libitum-de-quart-de-poblet-gana-el-certamen-coral-de-la-fira\/\" \/>\n<meta property=\"og:site_name\" content=\"COPE Alcoy\" \/>\n<meta property=\"article:published_time\" content=\"2015-11-08T18:01:00+00:00\" \/>\n<meta property=\"og:image\" content=\"https:\/\/www.copealcoy.es\/wp-content\/uploads\/2015\/11\/1uuurjw0-SlvOzgfYT2EXmieT3x3ESQYESBZnd3CvtE.jpeg\" \/>\n\t<meta property=\"og:image:width\" content=\"1024\" \/>\n\t<meta property=\"og:image:height\" content=\"596\" \/>\n\t<meta property=\"og:image:type\" content=\"image\/jpeg\" \/>\n<meta name=\"author\" content=\"Cope Alcoy\" \/>\n<meta name=\"twitter:label1\" content=\"Escrito por\" \/>\n\t<meta name=\"twitter:data1\" content=\"Cope Alcoy\" \/>\n\t<meta name=\"twitter:label2\" content=\"Tiempo de lectura\" \/>\n\t<meta name=\"twitter:data2\" content=\"2 minutos\" \/>\n<script type=\"application\/ld+json\" class=\"yoast-schema-graph\">{\"@context\":\"https:\\\/\\\/schema.org\",\"@graph\":[{\"@type\":\"Article\",\"@id\":\"https:\\\/\\\/www.copealcoy.es\\\/es\\\/el-coro-ad-libitum-de-quart-de-poblet-gana-el-certamen-coral-de-la-fira\\\/#article\",\"isPartOf\":{\"@id\":\"https:\\\/\\\/www.copealcoy.es\\\/es\\\/el-coro-ad-libitum-de-quart-de-poblet-gana-el-certamen-coral-de-la-fira\\\/\"},\"author\":{\"name\":\"Cope Alcoy\",\"@id\":\"https:\\\/\\\/www.copealcoy.es\\\/es\\\/#\\\/schema\\\/person\\\/e777c87fa024e57d40170af9df39882c\"},\"headline\":\"El Coro Ad Libitum de Quart de Poblet gana el Certamen Coral de la Fira\",\"datePublished\":\"2015-11-08T18:01:00+00:00\",\"mainEntityOfPage\":{\"@id\":\"https:\\\/\\\/www.copealcoy.es\\\/es\\\/el-coro-ad-libitum-de-quart-de-poblet-gana-el-certamen-coral-de-la-fira\\\/\"},\"wordCount\":479,\"commentCount\":0,\"image\":{\"@id\":\"https:\\\/\\\/www.copealcoy.es\\\/es\\\/el-coro-ad-libitum-de-quart-de-poblet-gana-el-certamen-coral-de-la-fira\\\/#primaryimage\"},\"thumbnailUrl\":\"https:\\\/\\\/www.copealcoy.es\\\/wp-content\\\/uploads\\\/2015\\\/11\\\/1uuurjw0-SlvOzgfYT2EXmieT3x3ESQYESBZnd3CvtE.jpeg\",\"keywords\":[\"Certamen Coral\",\"Cocentaina\",\"Comtat\",\"Cultura\",\"Fira Tots Sants\",\"M\u00fasica\"],\"articleSection\":[\"Comarcas\",\"Noticias\"],\"inLanguage\":\"es\"},{\"@type\":\"WebPage\",\"@id\":\"https:\\\/\\\/www.copealcoy.es\\\/es\\\/el-coro-ad-libitum-de-quart-de-poblet-gana-el-certamen-coral-de-la-fira\\\/\",\"url\":\"https:\\\/\\\/www.copealcoy.es\\\/es\\\/el-coro-ad-libitum-de-quart-de-poblet-gana-el-certamen-coral-de-la-fira\\\/\",\"name\":\"El Coro Ad Libitum de Quart de Poblet gana el Certamen Coral de la Fira - COPE Alcoy\",\"isPartOf\":{\"@id\":\"https:\\\/\\\/www.copealcoy.es\\\/es\\\/#website\"},\"primaryImageOfPage\":{\"@id\":\"https:\\\/\\\/www.copealcoy.es\\\/es\\\/el-coro-ad-libitum-de-quart-de-poblet-gana-el-certamen-coral-de-la-fira\\\/#primaryimage\"},\"image\":{\"@id\":\"https:\\\/\\\/www.copealcoy.es\\\/es\\\/el-coro-ad-libitum-de-quart-de-poblet-gana-el-certamen-coral-de-la-fira\\\/#primaryimage\"},\"thumbnailUrl\":\"https:\\\/\\\/www.copealcoy.es\\\/wp-content\\\/uploads\\\/2015\\\/11\\\/1uuurjw0-SlvOzgfYT2EXmieT3x3ESQYESBZnd3CvtE.jpeg\",\"datePublished\":\"2015-11-08T18:01:00+00:00\",\"author\":{\"@id\":\"https:\\\/\\\/www.copealcoy.es\\\/es\\\/#\\\/schema\\\/person\\\/e777c87fa024e57d40170af9df39882c\"},\"breadcrumb\":{\"@id\":\"https:\\\/\\\/www.copealcoy.es\\\/es\\\/el-coro-ad-libitum-de-quart-de-poblet-gana-el-certamen-coral-de-la-fira\\\/#breadcrumb\"},\"inLanguage\":\"es\",\"potentialAction\":[{\"@type\":\"ReadAction\",\"target\":[\"https:\\\/\\\/www.copealcoy.es\\\/es\\\/el-coro-ad-libitum-de-quart-de-poblet-gana-el-certamen-coral-de-la-fira\\\/\"]}]},{\"@type\":\"ImageObject\",\"inLanguage\":\"es\",\"@id\":\"https:\\\/\\\/www.copealcoy.es\\\/es\\\/el-coro-ad-libitum-de-quart-de-poblet-gana-el-certamen-coral-de-la-fira\\\/#primaryimage\",\"url\":\"https:\\\/\\\/www.copealcoy.es\\\/wp-content\\\/uploads\\\/2015\\\/11\\\/1uuurjw0-SlvOzgfYT2EXmieT3x3ESQYESBZnd3CvtE.jpeg\",\"contentUrl\":\"https:\\\/\\\/www.copealcoy.es\\\/wp-content\\\/uploads\\\/2015\\\/11\\\/1uuurjw0-SlvOzgfYT2EXmieT3x3ESQYESBZnd3CvtE.jpeg\",\"width\":1024,\"height\":596,\"caption\":\"El Coro Ad Libitum de Quart de Poblet festejando gan\u00f3 el Certamen en 2015\"},{\"@type\":\"BreadcrumbList\",\"@id\":\"https:\\\/\\\/www.copealcoy.es\\\/es\\\/el-coro-ad-libitum-de-quart-de-poblet-gana-el-certamen-coral-de-la-fira\\\/#breadcrumb\",\"itemListElement\":[{\"@type\":\"ListItem\",\"position\":1,\"name\":\"Portada\",\"item\":\"https:\\\/\\\/www.copealcoy.es\\\/es\\\/\"},{\"@type\":\"ListItem\",\"position\":2,\"name\":\"El Coro Ad Libitum de Quart de Poblet gana el Certamen Coral de la Fira\"}]},{\"@type\":\"WebSite\",\"@id\":\"https:\\\/\\\/www.copealcoy.es\\\/es\\\/#website\",\"url\":\"https:\\\/\\\/www.copealcoy.es\\\/es\\\/\",\"name\":\"COPE Alcoy\",\"description\":\"Emisora COPE de radio local con emisi\u00f3n online. Pont de Sant Jordi 8-10 03803 Alcoy\",\"potentialAction\":[{\"@type\":\"SearchAction\",\"target\":{\"@type\":\"EntryPoint\",\"urlTemplate\":\"https:\\\/\\\/www.copealcoy.es\\\/es\\\/?s={search_term_string}\"},\"query-input\":{\"@type\":\"PropertyValueSpecification\",\"valueRequired\":true,\"valueName\":\"search_term_string\"}}],\"inLanguage\":\"es\"},{\"@type\":\"Person\",\"@id\":\"https:\\\/\\\/www.copealcoy.es\\\/es\\\/#\\\/schema\\\/person\\\/e777c87fa024e57d40170af9df39882c\",\"name\":\"Cope Alcoy\",\"image\":{\"@type\":\"ImageObject\",\"inLanguage\":\"es\",\"@id\":\"https:\\\/\\\/secure.gravatar.com\\\/avatar\\\/bb65d0283347e303893ba14f0692005417c1e0e690a325a4c5d8bb2b3943ee14?s=96&d=mm&r=g\",\"url\":\"https:\\\/\\\/secure.gravatar.com\\\/avatar\\\/bb65d0283347e303893ba14f0692005417c1e0e690a325a4c5d8bb2b3943ee14?s=96&d=mm&r=g\",\"contentUrl\":\"https:\\\/\\\/secure.gravatar.com\\\/avatar\\\/bb65d0283347e303893ba14f0692005417c1e0e690a325a4c5d8bb2b3943ee14?s=96&d=mm&r=g\",\"caption\":\"Cope Alcoy\"}}]}<\/script>\n<!-- \/ Yoast SEO plugin. -->","yoast_head_json":{"title":"El Coro Ad Libitum de Quart de Poblet gana el Certamen Coral de la Fira - COPE Alcoy","robots":{"index":"index","follow":"follow","max-snippet":"max-snippet:-1","max-image-preview":"max-image-preview:large","max-video-preview":"max-video-preview:-1"},"canonical":"https:\/\/www.copealcoy.es\/es\/el-coro-ad-libitum-de-quart-de-poblet-gana-el-certamen-coral-de-la-fira\/","og_locale":"es_ES","og_type":"article","og_title":"El Coro Ad Libitum de Quart de Poblet gana el Certamen Coral de la Fira - COPE Alcoy","og_description":"El Certamen Coral Fira de Tots Sants de Cocentaina volvi\u00f3 a llenar de p\u00fablico en la tarde del s\u00e1bado el...","og_url":"https:\/\/www.copealcoy.es\/es\/el-coro-ad-libitum-de-quart-de-poblet-gana-el-certamen-coral-de-la-fira\/","og_site_name":"COPE Alcoy","article_published_time":"2015-11-08T18:01:00+00:00","og_image":[{"width":1024,"height":596,"url":"https:\/\/www.copealcoy.es\/wp-content\/uploads\/2015\/11\/1uuurjw0-SlvOzgfYT2EXmieT3x3ESQYESBZnd3CvtE.jpeg","type":"image\/jpeg"}],"author":"Cope Alcoy","twitter_misc":{"Escrito por":"Cope Alcoy","Tiempo de lectura":"2 minutos"},"schema":{"@context":"https:\/\/schema.org","@graph":[{"@type":"Article","@id":"https:\/\/www.copealcoy.es\/es\/el-coro-ad-libitum-de-quart-de-poblet-gana-el-certamen-coral-de-la-fira\/#article","isPartOf":{"@id":"https:\/\/www.copealcoy.es\/es\/el-coro-ad-libitum-de-quart-de-poblet-gana-el-certamen-coral-de-la-fira\/"},"author":{"name":"Cope Alcoy","@id":"https:\/\/www.copealcoy.es\/es\/#\/schema\/person\/e777c87fa024e57d40170af9df39882c"},"headline":"El Coro Ad Libitum de Quart de Poblet gana el Certamen Coral de la Fira","datePublished":"2015-11-08T18:01:00+00:00","mainEntityOfPage":{"@id":"https:\/\/www.copealcoy.es\/es\/el-coro-ad-libitum-de-quart-de-poblet-gana-el-certamen-coral-de-la-fira\/"},"wordCount":479,"commentCount":0,"image":{"@id":"https:\/\/www.copealcoy.es\/es\/el-coro-ad-libitum-de-quart-de-poblet-gana-el-certamen-coral-de-la-fira\/#primaryimage"},"thumbnailUrl":"https:\/\/www.copealcoy.es\/wp-content\/uploads\/2015\/11\/1uuurjw0-SlvOzgfYT2EXmieT3x3ESQYESBZnd3CvtE.jpeg","keywords":["Certamen Coral","Cocentaina","Comtat","Cultura","Fira Tots Sants","M\u00fasica"],"articleSection":["Comarcas","Noticias"],"inLanguage":"es"},{"@type":"WebPage","@id":"https:\/\/www.copealcoy.es\/es\/el-coro-ad-libitum-de-quart-de-poblet-gana-el-certamen-coral-de-la-fira\/","url":"https:\/\/www.copealcoy.es\/es\/el-coro-ad-libitum-de-quart-de-poblet-gana-el-certamen-coral-de-la-fira\/","name":"El Coro Ad Libitum de Quart de Poblet gana el Certamen Coral de la Fira - COPE Alcoy","isPartOf":{"@id":"https:\/\/www.copealcoy.es\/es\/#website"},"primaryImageOfPage":{"@id":"https:\/\/www.copealcoy.es\/es\/el-coro-ad-libitum-de-quart-de-poblet-gana-el-certamen-coral-de-la-fira\/#primaryimage"},"image":{"@id":"https:\/\/www.copealcoy.es\/es\/el-coro-ad-libitum-de-quart-de-poblet-gana-el-certamen-coral-de-la-fira\/#primaryimage"},"thumbnailUrl":"https:\/\/www.copealcoy.es\/wp-content\/uploads\/2015\/11\/1uuurjw0-SlvOzgfYT2EXmieT3x3ESQYESBZnd3CvtE.jpeg","datePublished":"2015-11-08T18:01:00+00:00","author":{"@id":"https:\/\/www.copealcoy.es\/es\/#\/schema\/person\/e777c87fa024e57d40170af9df39882c"},"breadcrumb":{"@id":"https:\/\/www.copealcoy.es\/es\/el-coro-ad-libitum-de-quart-de-poblet-gana-el-certamen-coral-de-la-fira\/#breadcrumb"},"inLanguage":"es","potentialAction":[{"@type":"ReadAction","target":["https:\/\/www.copealcoy.es\/es\/el-coro-ad-libitum-de-quart-de-poblet-gana-el-certamen-coral-de-la-fira\/"]}]},{"@type":"ImageObject","inLanguage":"es","@id":"https:\/\/www.copealcoy.es\/es\/el-coro-ad-libitum-de-quart-de-poblet-gana-el-certamen-coral-de-la-fira\/#primaryimage","url":"https:\/\/www.copealcoy.es\/wp-content\/uploads\/2015\/11\/1uuurjw0-SlvOzgfYT2EXmieT3x3ESQYESBZnd3CvtE.jpeg","contentUrl":"https:\/\/www.copealcoy.es\/wp-content\/uploads\/2015\/11\/1uuurjw0-SlvOzgfYT2EXmieT3x3ESQYESBZnd3CvtE.jpeg","width":1024,"height":596,"caption":"El Coro Ad Libitum de Quart de Poblet festejando gan\u00f3 el Certamen en 2015"},{"@type":"BreadcrumbList","@id":"https:\/\/www.copealcoy.es\/es\/el-coro-ad-libitum-de-quart-de-poblet-gana-el-certamen-coral-de-la-fira\/#breadcrumb","itemListElement":[{"@type":"ListItem","position":1,"name":"Portada","item":"https:\/\/www.copealcoy.es\/es\/"},{"@type":"ListItem","position":2,"name":"El Coro Ad Libitum de Quart de Poblet gana el Certamen Coral de la Fira"}]},{"@type":"WebSite","@id":"https:\/\/www.copealcoy.es\/es\/#website","url":"https:\/\/www.copealcoy.es\/es\/","name":"COPE Alcoy","description":"Emisora COPE de radio local con emisi\u00f3n online. Pont de Sant Jordi 8-10 03803 Alcoy","potentialAction":[{"@type":"SearchAction","target":{"@type":"EntryPoint","urlTemplate":"https:\/\/www.copealcoy.es\/es\/?s={search_term_string}"},"query-input":{"@type":"PropertyValueSpecification","valueRequired":true,"valueName":"search_term_string"}}],"inLanguage":"es"},{"@type":"Person","@id":"https:\/\/www.copealcoy.es\/es\/#\/schema\/person\/e777c87fa024e57d40170af9df39882c","name":"Cope Alcoy","image":{"@type":"ImageObject","inLanguage":"es","@id":"https:\/\/secure.gravatar.com\/avatar\/bb65d0283347e303893ba14f0692005417c1e0e690a325a4c5d8bb2b3943ee14?s=96&d=mm&r=g","url":"https:\/\/secure.gravatar.com\/avatar\/bb65d0283347e303893ba14f0692005417c1e0e690a325a4c5d8bb2b3943ee14?s=96&d=mm&r=g","contentUrl":"https:\/\/secure.gravatar.com\/avatar\/bb65d0283347e303893ba14f0692005417c1e0e690a325a4c5d8bb2b3943ee14?s=96&d=mm&r=g","caption":"Cope Alcoy"}}]}},"_links":{"self":[{"href":"https:\/\/www.copealcoy.es\/es\/wp-json\/wp\/v2\/posts\/16908","targetHints":{"allow":["GET"]}}],"collection":[{"href":"https:\/\/www.copealcoy.es\/es\/wp-json\/wp\/v2\/posts"}],"about":[{"href":"https:\/\/www.copealcoy.es\/es\/wp-json\/wp\/v2\/types\/post"}],"author":[{"embeddable":true,"href":"https:\/\/www.copealcoy.es\/es\/wp-json\/wp\/v2\/users\/1"}],"replies":[{"embeddable":true,"href":"https:\/\/www.copealcoy.es\/es\/wp-json\/wp\/v2\/comments?post=16908"}],"version-history":[{"count":0,"href":"https:\/\/www.copealcoy.es\/es\/wp-json\/wp\/v2\/posts\/16908\/revisions"}],"wp:featuredmedia":[{"embeddable":true,"href":"https:\/\/www.copealcoy.es\/es\/wp-json\/wp\/v2\/media\/16909"}],"wp:attachment":[{"href":"https:\/\/www.copealcoy.es\/es\/wp-json\/wp\/v2\/media?parent=16908"}],"wp:term":[{"taxonomy":"category","embeddable":true,"href":"https:\/\/www.copealcoy.es\/es\/wp-json\/wp\/v2\/categories?post=16908"},{"taxonomy":"post_tag","embeddable":true,"href":"https:\/\/www.copealcoy.es\/es\/wp-json\/wp\/v2\/tags?post=16908"}],"curies":[{"name":"wp","href":"https:\/\/api.w.org\/{rel}","templated":true}]}}